{"id":677541,"date":"2025-03-07T06:53:00","date_gmt":"2025-03-07T09:52:00","guid":{"rendered":"http:\/\/diario5.com.ar\/?p=677541"},"modified":"2025-03-08T13:49:14","modified_gmt":"2025-03-08T16:49:14","slug":"677541","status":"publish","type":"post","link":"https:\/\/www.diario5.com.ar\/es\/677541\/","title":{"rendered":"\u00bfQu\u00e9 es un contenedor antivand\u00e1lico?"},"content":{"rendered":"<h2 class=\"sub-title-primary\"><\/h2> <p data-pm-slice=\"1 1 []\"><img decoding=\"async\" loading=\"lazy\" class=\"aligncenter size-full wp-image-691149\" src=\"https:\/\/www.diario5.com.ar\/wp-content\/uploads\/2025\/03\/contenedores-antivandalicos-120250307.jpeg\" alt=\"contenedores-antivandalicos-1.jpeg\" width=\"700\" height=\"400\" srcset=\"https:\/\/www.diario5.com.ar\/wp-content\/uploads\/2025\/03\/contenedores-antivandalicos-120250307.jpeg 700w, https:\/\/www.diario5.com.ar\/wp-content\/uploads\/2025\/03\/contenedores-antivandalicos-120250307-300x171.jpeg 300w\" sizes=\"(max-width: 700px) 100vw, 700px\" \/><\/p>\n<p>El Gobierno de la Ciudad de Buenos Aires proyecta instalar unos 7.000 contenedores \u00abantivand\u00e1licos\u00bb en puntos cr\u00edticos para mejorar la higiene urbana. Estos nuevos dispositivos, probados durante enero en los barrios de Retiro y Recoleta, parecen haber dado resultados positivos al reducir la basura diseminada en la v\u00eda p\u00fablica. Y surge la pregunta: \u00bfqu\u00e9 significa, realmente, que un contenedor sea \u00abantivand\u00e1lico\u00bb?<\/p>\n<p>Seg\u00fan la informaci\u00f3n oficial, el t\u00e9rmino se refiere a un dise\u00f1o con un sistema de \u201cbuz\u00f3n\u201d que permite introducir bolsas de residuos pero impide sacarlas. La tapa cuenta con un mecanismo de resorte que asegura su cierre autom\u00e1tico, evitando que la basura quede expuesta. El dise\u00f1o, adem{as, evita el dep\u00f3sito de residuos voluminosos, que suelen da\u00f1ar los contenedores y obstruir los sumideros. De alg\u00fan modo hay que terminar con eso de tirar muebles o electrodom\u00e9sticos a los contenedores<\/p>\n<p>\u00bfEstamos \u00abtecnologizando\u00bb lo que deber\u00eda ser ultra sencillo?<\/p>\n<p>Aunque la innovaci\u00f3n es bienvenida, el uso del t\u00e9rmino \u00abantivand\u00e1lico\u00bb abre una interesante pol\u00e9mica. T\u00e9cnicamente, lo antivand\u00e1lico deber\u00eda apuntar a la prevenci\u00f3n de da\u00f1os intencionales. Es un problema, dado que hay miles de personas que se dedican -lamentablemente- a buscar entre los residuos, alguna cosa de valor que podr\u00eda serles \u00fatil para una venta. En este caso parece estar m\u00e1s vinculado al mal uso cotidiano y no necesariamente al vandalismo en su acepci\u00f3n m\u00e1s directa.<\/p>\n<p>Madrid, Nueva York y Par\u00eds tambi\u00e9n implementaron contenedores con mecanismos de cierre autom\u00e1tico o a pedal, priorizando la higiene y la prevenci\u00f3n de plagas. Existen tambi\u00e9n los contenedores soterrados, que adem\u00e1s de mejorar la est\u00e9tica urbana, dificultan su vandalizaci\u00f3n. Comparado con estas alternativas, el \u00abbuz\u00f3n\u00bb porte\u00f1o podr\u00eda ser un primer paso, aunque limitado en su capacidad de resistencia a un vandalismo m\u00e1s agresivo. Se ver\u00e1 su rendimiento al paso del tiempo.<\/p>\n<p>Tiene l\u00f3gica que la Ciudad busque reducir el impacto visual y sanitario de la basura dispersa. Pero nunca hay que perder de vista que los vecinos cumplan con las pautas de horario de disposici\u00f3n de residuos, de 19.00 a 21.00. Y que tambi\u00e9n hagan uso del servicio de retiro de residuos voluminosos. Es tiempo de que la educaci\u00f3n y la concientizaci\u00f3n ciudadana complementen cualquier innovaci\u00f3n tecnol\u00f3gica.<\/p>\n<p>\u00bfEstamos ante una Soluci\u00f3n real o una medida paliativa?<\/p>\n<p>Los nuevos contenedores parecen ser un avance para ordenar los residuos en la v\u00eda p\u00fablica. No obstante, la efectividad real de la propuesta depender\u00e1 tanto de la durabilidad del dise\u00f1o como del compromiso ciudadano. Desde siempre hablamos del tan mentado cambio cultural. El tratamiento de la basura podr\u00eda ser un cap\u00edtulo. El contenedor donde se deposita es un aporte del Estado. M\u00e1s all\u00e1 de que somos contribuyentes y pagamos impuestos a la Ciudad, tenemos que.<\/p>\n<p>&nbsp;<\/p>\n<p><img decoding=\"async\" loading=\"lazy\" class=\"aligncenter size-full wp-image-691150\" src=\"https:\/\/www.diario5.com.ar\/wp-content\/uploads\/2025\/03\/ar_capital_rosario20250307.jpg\" width=\"700\" height=\"928\" srcset=\"https:\/\/www.diario5.com.ar\/wp-content\/uploads\/2025\/03\/ar_capital_rosario20250307.jpg 700w, https:\/\/www.diario5.com.ar\/wp-content\/uploads\/2025\/03\/ar_capital_rosario20250307-226x300.jpg 226w\" sizes=\"(max-width: 700px) 100vw, 700px\" \/><\/p>\n<p><img decoding=\"async\" loading=\"lazy\" class=\"aligncenter size-full wp-image-691151\" src=\"https:\/\/www.diario5.com.ar\/wp-content\/uploads\/2025\/03\/esquiu20250307.jpg\" width=\"700\" height=\"920\" srcset=\"https:\/\/www.diario5.com.ar\/wp-content\/uploads\/2025\/03\/esquiu20250307.jpg 700w, https:\/\/www.diario5.com.ar\/wp-content\/uploads\/2025\/03\/esquiu20250307-228x300.jpg 228w\" sizes=\"(max-width: 700px) 100vw, 700px\" \/><\/p>\n<p><img decoding=\"async\" loading=\"lazy\" class=\"aligncenter size-full wp-image-691152\" src=\"https:\/\/www.diario5.com.ar\/wp-content\/uploads\/2025\/03\/voz_chaco20250307.jpg\" width=\"700\" height=\"815\" srcset=\"https:\/\/www.diario5.com.ar\/wp-content\/uploads\/2025\/03\/voz_chaco20250307.jpg 700w, https:\/\/www.diario5.com.ar\/wp-content\/uploads\/2025\/03\/voz_chaco20250307-258x300.jpg 258w\" sizes=\"(max-width: 700px) 100vw, 700px\" \/><\/p>\n<p><img decoding=\"async\" loading=\"lazy\" class=\"aligncenter size-full wp-image-691153\" src=\"https:\/\/www.diario5.com.ar\/wp-content\/uploads\/2025\/03\/ar_cronista20250307.jpg\" width=\"700\" height=\"1001\" srcset=\"https:\/\/www.diario5.com.ar\/wp-content\/uploads\/2025\/03\/ar_cronista20250307.jpg 700w, https:\/\/www.diario5.com.ar\/wp-content\/uploads\/2025\/03\/ar_cronista20250307-210x300.jpg 210w\" sizes=\"(max-width: 700px) 100vw, 700px\" \/><\/p>\n<p><img decoding=\"async\" loading=\"lazy\" class=\"aligncenter size-full wp-image-691154\" src=\"https:\/\/www.diario5.com.ar\/wp-content\/uploads\/2025\/03\/ar_eldia20250307.jpg\" width=\"700\" height=\"1008\" srcset=\"https:\/\/www.diario5.com.ar\/wp-content\/uploads\/2025\/03\/ar_eldia20250307.jpg 700w, https:\/\/www.diario5.com.ar\/wp-content\/uploads\/2025\/03\/ar_eldia20250307-208x300.jpg 208w\" sizes=\"(max-width: 700px) 100vw, 700px\" \/><\/p>\n<p><img decoding=\"async\" loading=\"lazy\" class=\"aligncenter size-full wp-image-691155\" src=\"https:\/\/www.diario5.com.ar\/wp-content\/uploads\/2025\/03\/ar_chubut20250307.jpg\" width=\"700\" height=\"896\" srcset=\"https:\/\/www.diario5.com.ar\/wp-content\/uploads\/2025\/03\/ar_chubut20250307.jpg 700w, https:\/\/www.diario5.com.ar\/wp-content\/uploads\/2025\/03\/ar_chubut20250307-234x300.jpg 234w\" sizes=\"(max-width: 700px) 100vw, 700px\" \/><\/p>\n<p><img decoding=\"async\" loading=\"lazy\" class=\"aligncenter size-full wp-image-691156\" src=\"https:\/\/www.diario5.com.ar\/wp-content\/uploads\/2025\/03\/ar_clarin20250307.jpg\" width=\"700\" height=\"977\" srcset=\"https:\/\/www.diario5.com.ar\/wp-content\/uploads\/2025\/03\/ar_clarin20250307.jpg 700w, https:\/\/www.diario5.com.ar\/wp-content\/uploads\/2025\/03\/ar_clarin20250307-215x300.jpg 215w\" sizes=\"(max-width: 700px) 100vw, 700px\" \/><\/p>\n<p><img decoding=\"async\" loading=\"lazy\" class=\"aligncenter size-full wp-image-691157\" src=\"https:\/\/www.diario5.com.ar\/wp-content\/uploads\/2025\/03\/nacion20250307.jpg\" width=\"700\" height=\"1062\" srcset=\"https:\/\/www.diario5.com.ar\/wp-content\/uploads\/2025\/03\/nacion20250307.jpg 700w, https:\/\/www.diario5.com.ar\/wp-content\/uploads\/2025\/03\/nacion20250307-198x300.jpg 198w, https:\/\/www.diario5.com.ar\/wp-content\/uploads\/2025\/03\/nacion20250307-675x1024.jpg 675w\" sizes=\"(max-width: 700px) 100vw, 700px\" \/><\/p>\n<p><img decoding=\"async\" loading=\"lazy\" class=\"aligncenter size-full wp-image-691158\" src=\"https:\/\/www.diario5.com.ar\/wp-content\/uploads\/2025\/03\/ar_ancasti20250307.jpg\" width=\"700\" height=\"942\" srcset=\"https:\/\/www.diario5.com.ar\/wp-content\/uploads\/2025\/03\/ar_ancasti20250307.jpg 700w, https:\/\/www.diario5.com.ar\/wp-content\/uploads\/2025\/03\/ar_ancasti20250307-223x300.jpg 223w\" sizes=\"(max-width: 700px) 100vw, 700px\" \/><\/p>\n<p><img decoding=\"async\" loading=\"lazy\" class=\"aligncenter size-full wp-image-691159\" src=\"https:\/\/www.diario5.com.ar\/wp-content\/uploads\/2025\/03\/ar_rio_negro20250307.jpg\" width=\"700\" height=\"965\" srcset=\"https:\/\/www.diario5.com.ar\/wp-content\/uploads\/2025\/03\/ar_rio_negro20250307.jpg 700w, https:\/\/www.diario5.com.ar\/wp-content\/uploads\/2025\/03\/ar_rio_negro20250307-218x300.jpg 218w\" sizes=\"(max-width: 700px) 100vw, 700px\" \/><\/p>","protected":false},"excerpt":{"rendered":"<p>El Gobierno de la Ciudad de Buenos Aires proyecta instalar unos 7.000 contenedores \u00abantivand\u00e1licos\u00bb en puntos cr\u00edticos para mejorar la higiene urbana. Estos nuevos dispositivos, probados durante enero en los barrios de Retiro y Recoleta, parecen haber dado resultados positivos al reducir la basura diseminada en la v\u00eda p\u00fablica. Y surge la pregunta: \u00bfqu\u00e9 significa, [&hellip;]<\/p>","protected":false},"author":5,"featured_media":691149,"comment_status":"open","ping_status":"open","sticky":false,"template":"","format":"standard","meta":[],"categories":[75,2674,56,98],"tags":[474,630,27,2794,1632,422,1385,2382,1462,1804,2426,2223,1683],"series":[],"_links":{"self":[{"href":"https:\/\/www.diario5.com.ar\/es\/wp-json\/wp\/v2\/posts\/677541"}],"collection":[{"href":"https:\/\/www.diario5.com.ar\/es\/wp-json\/wp\/v2\/posts"}],"about":[{"href":"https:\/\/www.diario5.com.ar\/es\/wp-json\/wp\/v2\/types\/post"}],"author":[{"embeddable":true,"href":"https:\/\/www.diario5.com.ar\/es\/wp-json\/wp\/v2\/users\/5"}],"replies":[{"embeddable":true,"href":"https:\/\/www.diario5.com.ar\/es\/wp-json\/wp\/v2\/comments?post=677541"}],"version-history":[{"count":3,"href":"https:\/\/www.diario5.com.ar\/es\/wp-json\/wp\/v2\/posts\/677541\/revisions"}],"predecessor-version":[{"id":691170,"href":"https:\/\/www.diario5.com.ar\/es\/wp-json\/wp\/v2\/posts\/677541\/revisions\/691170"}],"wp:featuredmedia":[{"embeddable":true,"href":"https:\/\/www.diario5.com.ar\/es\/wp-json\/wp\/v2\/media\/691149"}],"wp:attachment":[{"href":"https:\/\/www.diario5.com.ar\/es\/wp-json\/wp\/v2\/media?parent=677541"}],"wp:term":[{"taxonomy":"category","embeddable":true,"href":"https:\/\/www.diario5.com.ar\/es\/wp-json\/wp\/v2\/categories?post=677541"},{"taxonomy":"post_tag","embeddable":true,"href":"https:\/\/www.diario5.com.ar\/es\/wp-json\/wp\/v2\/tags?post=677541"},{"taxonomy":"series","embeddable":true,"href":"https:\/\/www.diario5.com.ar\/es\/wp-json\/wp\/v2\/series?post=677541"}],"curies":[{"name":"wp","href":"https:\/\/api.w.org\/{rel}","templated":true}]}}