{"id":677540,"date":"2025-03-06T06:11:00","date_gmt":"2025-03-06T09:11:00","guid":{"rendered":"http:\/\/diario5.com.ar\/?p=677540"},"modified":"2025-03-06T06:14:23","modified_gmt":"2025-03-06T09:14:23","slug":"677540","status":"publish","type":"post","link":"https:\/\/www.diario5.com.ar\/es\/677540\/","title":{"rendered":"La Carrera de Miguel"},"content":{"rendered":"<h2 class=\"sub-title-primary\"><\/h2> <p data-start=\"0\" data-end=\"358\"><img decoding=\"async\" loading=\"lazy\" class=\"aligncenter size-full wp-image-691136\" src=\"https:\/\/www.diario5.com.ar\/wp-content\/uploads\/2025\/03\/unnamed-5_120250306.jpg\" width=\"700\" height=\"525\" alt=\"CARRERA DE MIGUEL 2025\" srcset=\"https:\/\/www.diario5.com.ar\/wp-content\/uploads\/2025\/03\/unnamed-5_120250306.jpg 700w, https:\/\/www.diario5.com.ar\/wp-content\/uploads\/2025\/03\/unnamed-5_120250306-300x225.jpg 300w\" sizes=\"(max-width: 700px) 100vw, 700px\" \/><\/p>\n<p data-start=\"0\" data-end=\"358\">Buenos Aires se prepara para la Edici\u00f3n 2025 del evento deportivo que rinde homenaje a Miguel Benancio S\u00e1nchez, atleta y poeta tucumano desaparecido durante la \u00faltima dictadura c\u00edvico-militar en Argentina. Este a\u00f1o, la carrera se llevar\u00e1 a cabo el domingo 16 de marzo a las 08.00 en el barrio de N\u00fa\u00f1ez, en el marco del D\u00eda de la Memoria por la Verdad y la Justicia.<\/p>\n<p data-start=\"392\" data-end=\"1074\">Nacido el 6 de noviembre de 1952 en Bella Vista, Tucum\u00e1n, Miguel S\u00e1nchez se traslad\u00f3 a Buenos Aires a los 17 a\u00f1os. Inicialmente futbolista en las inferiores de Gimnasia y Esgrima de La Plata, encontr\u00f3 su verdadera pasi\u00f3n en el atletismo, feder\u00e1ndose en el Club Atl\u00e9tico Independiente. Particip\u00f3 en tres ocasiones de la tradicional marat\u00f3n de San Silvestre en S\u00e3o Paulo, Brasil. Adem\u00e1s de su carrera deportiva, milit\u00f3 en la Unidad B\u00e1sica de la Juventud Peronista de Villa Espa\u00f1a, Berazategui y realiz\u00f3 trabajos sociales en barrios carenciados. El 8 de enero de 1978, a los 25 a\u00f1os, fue secuestrado en su hogar y contin\u00faa desaparecido hasta hoy.<\/p>\n<p data-start=\"1114\" data-end=\"1593\">La primera edici\u00f3n de la \u00abCarrera de Miguel\u00bb se llev\u00f3 a cabo en Roma el 9 de enero de 2000, impulsada por el periodista italiano Valerio Piccioni tras conocer la historia de S\u00e1nchez. Al a\u00f1o siguiente, en 2001, la competencia se traslad\u00f3 a Argentina, realiz\u00e1ndose en Buenos Aires y posteriormente en diversas ciudades del pa\u00eds. Desde entonces, se ha consolidado como un evento anual que promueve la memoria y la justicia a trav\u00e9s del deporte.<\/p>\n<div class=\"relative inline-flex items-center\"><\/div>\n<p data-start=\"1636\" data-end=\"1701\">A lo largo de los a\u00f1os, la carrera ha tenido momentos destacados:<\/p>\n<ul data-start=\"1703\" data-end=\"2332\">\n<li data-start=\"1703\" data-end=\"1873\">\n<p data-start=\"1705\" data-end=\"1873\"><strong data-start=\"1705\" data-end=\"1713\">2005<\/strong>: Se comenz\u00f3 a correr en Tucum\u00e1n, provincia natal de Miguel, inicialmente en Bella Vista y luego en San Miguel de Tucum\u00e1n.<\/p>\n<\/li>\n<li data-start=\"1703\" data-end=\"1873\">\n<p data-start=\"1877\" data-end=\"2038\"><strong data-start=\"1877\" data-end=\"1885\">2012<\/strong>: En Buenos Aires, la Avenida Cris\u00f3logo Larralde fue renombrada como Avenida Miguel B. S\u00e1nchez, en honor al atleta.<\/p>\n<\/li>\n<li data-start=\"1703\" data-end=\"1873\">\n<p data-start=\"1877\" data-end=\"2038\"><strong data-start=\"2042\" data-end=\"2050\">2013<\/strong>: La copa del Torneo Inicial de f\u00fatbol llev\u00f3 su nombre, destacando su legado en el deporte argentino.<\/p>\n<div class=\"relative inline-flex items-center\"><\/div>\n<\/li>\n<li data-start=\"2191\" data-end=\"2332\">\n<p data-start=\"2193\" data-end=\"2332\"><strong data-start=\"2193\" data-end=\"2201\">2016<\/strong>: La carrera se extendi\u00f3 a Mar del Plata, realiz\u00e1ndose en el corredor saludable de la ciudad.<\/p>\n<div class=\"relative inline-flex items-center\">\n<figure style=\"width: 1028px\" class=\"wp-caption alignnone\"><img decoding=\"async\" loading=\"lazy\" class=\"aligncenter size-full wp-image-691137\" src=\"https:\/\/www.diario5.com.ar\/wp-content\/uploads\/2025\/03\/unnamed-3_220250306.png\" width=\"700\" height=\"715\" alt=\"\" srcset=\"https:\/\/www.diario5.com.ar\/wp-content\/uploads\/2025\/03\/unnamed-3_220250306.png 700w, https:\/\/www.diario5.com.ar\/wp-content\/uploads\/2025\/03\/unnamed-3_220250306-294x300.png 294w\" sizes=\"(max-width: 700px) 100vw, 700px\" \/><figcaption class=\"wp-caption-text\">Kodak Fiesta. Imagen de Miguel S\u00e1nchez tomada con la popular c\u00e1mara en cuyas copias de papel fotogr\u00e1fico quedaba registro del a\u00f1o y mes del revelado.<\/figcaption><\/figure>\n<\/div>\n<\/li>\n<\/ul>\n<p data-start=\"2334\" data-end=\"2365\"><strong data-start=\"2334\" data-end=\"2365\">Edici\u00f3n 2025<\/strong><\/p>\n<p data-start=\"2367\" data-end=\"2420\">Los participantes podr\u00e1n elegir entre dos distancias:<\/p>\n<ul data-start=\"2422\" data-end=\"2719\">\n<li data-start=\"2422\" data-end=\"2498\">\n<p data-start=\"2424\" data-end=\"2498\"><strong data-start=\"2424\" data-end=\"2447\">3 km participativos<\/strong>: Abierta a todo p\u00fablico sin requisitos especiales.<\/p>\n<\/li>\n<li data-start=\"2500\" data-end=\"2719\">\n<p data-start=\"2502\" data-end=\"2719\"><strong data-start=\"2502\" data-end=\"2523\">8 km competitivos<\/strong>: Dividida en categor\u00edas general, personas ciegas, personas con movilidad reducida y personas con otras discapacidades. Para esta distancia, es obligatorio presentar un certificado m\u00e9dico vigente.<\/p>\n<\/li>\n<\/ul>\n<p data-start=\"2721\" data-end=\"3055\">La inscripci\u00f3n es gratuita y se realiza a trav\u00e9s de un formulario en l\u00ednea. Los primeros inscritos recibir\u00e1n un kit que incluye una remera conmemorativa y un n\u00famero identificatorio, que deber\u00e1 exhibirse durante el evento. La entrega de kits se efectuar\u00e1 el d\u00eda de la carrera a partir de las 7:00 am, sujeta a disponibilidad de talles.<\/p>\n<p data-start=\"3057\" data-end=\"3313\">Siempre vale recordarlo: la \u00abCarrera de Miguel\u00bb es m\u00e1s que una competencia deportiva. Hace mucho tiempo que se erigi\u00f3 como un acto de memoria colectiva que mantiene viva -a partir de la figura de Miguel S\u00e1nchez- a todas las personas desaparecidas, reafirmando el compromiso con los derechos humanos y la justicia en la Argentina.<\/p>\n<p><img decoding=\"async\" loading=\"lazy\" class=\"aligncenter size-full wp-image-691138\" src=\"https:\/\/www.diario5.com.ar\/wp-content\/uploads\/2025\/03\/ar_capital_rosario20250306.jpg\" width=\"700\" height=\"930\" srcset=\"https:\/\/www.diario5.com.ar\/wp-content\/uploads\/2025\/03\/ar_capital_rosario20250306.jpg 700w, https:\/\/www.diario5.com.ar\/wp-content\/uploads\/2025\/03\/ar_capital_rosario20250306-226x300.jpg 226w\" sizes=\"(max-width: 700px) 100vw, 700px\" \/><\/p>\n<p><img decoding=\"async\" src=\"https:\/\/img.kiosko.net\/2025\/03\/06\/ar\/ar_nueva_provincia.jpg\" \/><\/p>\n<p><img decoding=\"async\" src=\"https:\/\/img.kiosko.net\/2025\/03\/06\/ar\/ar_duplicado.jpg\" \/><\/p>\n<p><img decoding=\"async\" loading=\"lazy\" class=\"aligncenter size-full wp-image-691139\" src=\"https:\/\/www.diario5.com.ar\/wp-content\/uploads\/2025\/03\/esquiu20250306.jpg\" width=\"700\" height=\"920\" srcset=\"https:\/\/www.diario5.com.ar\/wp-content\/uploads\/2025\/03\/esquiu20250306.jpg 700w, https:\/\/www.diario5.com.ar\/wp-content\/uploads\/2025\/03\/esquiu20250306-228x300.jpg 228w\" sizes=\"(max-width: 700px) 100vw, 700px\" \/><\/p>\n<p><img decoding=\"async\" src=\"https:\/\/img.kiosko.net\/2025\/03\/06\/ar\/ar_diario_norte.jpg\" \/><\/p>\n<p><img decoding=\"async\" src=\"https:\/\/img.kiosko.net\/2025\/03\/06\/ar\/voz_chaco.jpg\" \/><\/p>\n<p><img decoding=\"async\" src=\"https:\/\/img.kiosko.net\/2025\/03\/06\/ar\/ar_diario_madryn.jpg\" \/><\/p>\n<p><img decoding=\"async\" src=\"https:\/\/img.kiosko.net\/2025\/03\/06\/ar\/ar_laprensa.jpg\" \/><\/p>\n<p><img decoding=\"async\" src=\"https:\/\/img.kiosko.net\/2025\/03\/06\/ar\/ar_cronista.jpg\" \/><\/p>\n<p><img decoding=\"async\" src=\"https:\/\/img.kiosko.net\/2025\/03\/06\/ar\/buenosaires_economico.jpg\" \/><\/p>\n<p><img decoding=\"async\" src=\"https:\/\/img.kiosko.net\/2025\/03\/06\/ar\/ar_perfil.jpg\" \/><\/p>\n<p><img decoding=\"async\" loading=\"lazy\" class=\"aligncenter size-full wp-image-691140\" src=\"https:\/\/www.diario5.com.ar\/wp-content\/uploads\/2025\/03\/ar_eldia20250306.jpg\" width=\"700\" height=\"998\" srcset=\"https:\/\/www.diario5.com.ar\/wp-content\/uploads\/2025\/03\/ar_eldia20250306.jpg 700w, https:\/\/www.diario5.com.ar\/wp-content\/uploads\/2025\/03\/ar_eldia20250306-210x300.jpg 210w\" sizes=\"(max-width: 700px) 100vw, 700px\" \/><\/p>\n<p><img decoding=\"async\" src=\"https:\/\/img.kiosko.net\/2025\/03\/06\/ar\/ar_hoy.jpg\" \/><\/p>\n<p><img decoding=\"async\" src=\"https:\/\/img.kiosko.net\/2025\/03\/06\/ar\/ar_democracia.jpg\" \/><\/p>\n<p><img decoding=\"async\" loading=\"lazy\" class=\"aligncenter size-full wp-image-691141\" src=\"https:\/\/www.diario5.com.ar\/wp-content\/uploads\/2025\/03\/ar_chubut20250306.jpg\" width=\"700\" height=\"907\" srcset=\"https:\/\/www.diario5.com.ar\/wp-content\/uploads\/2025\/03\/ar_chubut20250306.jpg 700w, https:\/\/www.diario5.com.ar\/wp-content\/uploads\/2025\/03\/ar_chubut20250306-232x300.jpg 232w\" sizes=\"(max-width: 700px) 100vw, 700px\" \/><\/p>\n<p><img decoding=\"async\" src=\"https:\/\/img.kiosko.net\/2025\/03\/06\/ar\/ar_epoca.jpg\" \/><\/p>\n<p><img decoding=\"async\" src=\"https:\/\/img.kiosko.net\/2025\/03\/06\/ar\/ar_litoral.jpg\" \/><\/p>\n<p><img decoding=\"async\" src=\"https:\/\/img.kiosko.net\/2025\/03\/06\/ar\/ar_heraldo.jpg\" \/><\/p>\n<p><img decoding=\"async\" src=\"https:\/\/img.kiosko.net\/2025\/03\/06\/ar\/ar_manana_formosa.jpg\" \/><\/p>\n<p><img decoding=\"async\" src=\"https:\/\/img.kiosko.net\/2025\/03\/06\/ar\/ar_diario_pampa.jpg\" \/><\/p>\n<p><img decoding=\"async\" src=\"https:\/\/img.kiosko.net\/2025\/03\/06\/ar\/ar_pagina12.jpg\" \/><\/p>\n<p><img decoding=\"async\" src=\"https:\/\/img.kiosko.net\/2025\/03\/06\/ar\/ar_arena.jpg\" \/><\/p>\n<p><img decoding=\"async\" src=\"https:\/\/img.kiosko.net\/2025\/03\/06\/ar\/independiente.jpg\" \/><\/p>\n<p><img decoding=\"async\" src=\"https:\/\/img.kiosko.net\/2025\/03\/06\/ar\/nueva_rioja.jpg\" \/><\/p>\n<p><img decoding=\"async\" src=\"https:\/\/img.kiosko.net\/2025\/03\/06\/ar\/ar_losandes.jpg\" \/><\/p>\n<p><img decoding=\"async\" src=\"https:\/\/img.kiosko.net\/2025\/03\/06\/ar\/ar_tribuno.jpg\" \/><\/p>\n<p><img decoding=\"async\" src=\"https:\/\/img.kiosko.net\/2025\/03\/06\/ar\/lea.jpg\" \/><\/p>\n<p><img decoding=\"async\" src=\"https:\/\/img.kiosko.net\/2025\/03\/06\/ar\/ar_nuevo_diario.jpg\" \/><\/p>\n<p><img decoding=\"async\" src=\"https:\/\/img.kiosko.net\/2025\/03\/06\/ar\/ar_diario_cuyo.jpg\" \/><\/p>\n<p><img decoding=\"async\" src=\"https:\/\/img.kiosko.net\/2025\/03\/06\/ar\/huarpe.jpg\" \/><\/p>\n<p><img decoding=\"async\" src=\"https:\/\/img.kiosko.net\/2025\/03\/06\/ar\/ar_diario_republica.jpg\" \/><\/p>\n<p><img decoding=\"async\" src=\"https:\/\/img.kiosko.net\/2025\/03\/06\/ar\/ar_litoral_sfe.jpg\" \/><\/p>\n<p><img decoding=\"async\" src=\"https:\/\/img.kiosko.net\/2025\/03\/06\/ar\/ciudadano.jpg\" \/><\/p>\n<p><img decoding=\"async\" src=\"https:\/\/img.kiosko.net\/2025\/03\/06\/ar\/ar_mirador_provincial.jpg\" \/><\/p>\n<p><img decoding=\"async\" src=\"https:\/\/img.kiosko.net\/2025\/03\/06\/ar\/ar_gaceta.jpg\" \/><\/p>\n<p><img decoding=\"async\" src=\"https:\/\/img.kiosko.net\/2025\/03\/06\/ar\/ar_cronica.jpg\" \/><\/p>\n<p><img decoding=\"async\" loading=\"lazy\" class=\"aligncenter size-full wp-image-691142\" src=\"https:\/\/www.diario5.com.ar\/wp-content\/uploads\/2025\/03\/ar_clarin20250306.jpg\" width=\"700\" height=\"977\" srcset=\"https:\/\/www.diario5.com.ar\/wp-content\/uploads\/2025\/03\/ar_clarin20250306.jpg 700w, https:\/\/www.diario5.com.ar\/wp-content\/uploads\/2025\/03\/ar_clarin20250306-215x300.jpg 215w\" sizes=\"(max-width: 700px) 100vw, 700px\" \/><\/p>\n<p><img decoding=\"async\" src=\"https:\/\/img.kiosko.net\/2025\/03\/06\/ar\/nacion.jpg\" \/><\/p>\n<p><img decoding=\"async\" src=\"https:\/\/img.kiosko.net\/2025\/03\/06\/ar\/ar_eco.jpg\" \/><\/p>\n<p><img decoding=\"async\" src=\"https:\/\/img.kiosko.net\/2025\/03\/06\/ar\/nuevo_diario.jpg\" \/><\/p>\n<p><img decoding=\"async\" src=\"https:\/\/img.kiosko.net\/2025\/03\/06\/ar\/sureno.jpg\" \/><\/p>\n<p><img decoding=\"async\" src=\"https:\/\/img.kiosko.net\/2025\/03\/06\/ar\/ar_duplicado.jpg\" \/><\/p>\n<p><img decoding=\"async\" src=\"https:\/\/img.kiosko.net\/2025\/03\/06\/ar\/tiempo_sur.jpg\" \/><\/p>\n<p><img decoding=\"async\" src=\"https:\/\/img.kiosko.net\/2025\/03\/06\/ar\/tiempo_argentino.jpg\" \/><\/p>\n<p><img decoding=\"async\" src=\"https:\/\/img.kiosko.net\/2025\/03\/06\/ar\/ar_epoca.jpg\" \/><\/p>\n<p><img decoding=\"async\" src=\"https:\/\/img.kiosko.net\/2025\/03\/06\/ar\/ar_elsol.jpg\" \/><\/p>\n<p><img decoding=\"async\" loading=\"lazy\" class=\"aligncenter size-full wp-image-691143\" src=\"https:\/\/www.diario5.com.ar\/wp-content\/uploads\/2025\/03\/ar_ancasti20250306.jpg\" width=\"700\" height=\"942\" srcset=\"https:\/\/www.diario5.com.ar\/wp-content\/uploads\/2025\/03\/ar_ancasti20250306.jpg 700w, https:\/\/www.diario5.com.ar\/wp-content\/uploads\/2025\/03\/ar_ancasti20250306-223x300.jpg 223w\" sizes=\"(max-width: 700px) 100vw, 700px\" \/><\/p>\n<p><img decoding=\"async\" loading=\"lazy\" class=\"aligncenter size-full wp-image-691144\" src=\"https:\/\/www.diario5.com.ar\/wp-content\/uploads\/2025\/03\/ar_rio_negro20250306.jpg\" width=\"700\" height=\"971\" srcset=\"https:\/\/www.diario5.com.ar\/wp-content\/uploads\/2025\/03\/ar_rio_negro20250306.jpg 700w, https:\/\/www.diario5.com.ar\/wp-content\/uploads\/2025\/03\/ar_rio_negro20250306-216x300.jpg 216w\" sizes=\"(max-width: 700px) 100vw, 700px\" \/><\/p>\n<p><img decoding=\"async\" src=\"https:\/\/img.kiosko.net\/2025\/03\/06\/ar\/ar_03.jpg\" \/><\/p>\n<p><img decoding=\"async\" src=\"https:\/\/img.kiosko.net\/2025\/03\/06\/ar\/ar_04.jpg\" \/><\/p>\n<p><img decoding=\"async\" src=\"https:\/\/img.kiosko.net\/2025\/03\/06\/ar\/ar_05.jpg\" \/><\/p>\n<p>&nbsp;<\/p>","protected":false},"excerpt":{"rendered":"<p>Buenos Aires se prepara para la Edici\u00f3n 2025 del evento deportivo que rinde homenaje a Miguel Benancio S\u00e1nchez, atleta y poeta tucumano desaparecido durante la \u00faltima dictadura c\u00edvico-militar en Argentina. Este a\u00f1o, la carrera se llevar\u00e1 a cabo el domingo 16 de marzo a las 08.00 en el barrio de N\u00fa\u00f1ez, en el marco del [&hellip;]<\/p>","protected":false},"author":5,"featured_media":691136,"comment_status":"open","ping_status":"open","sticky":false,"template":"","format":"standard","meta":[],"categories":[49,2090,56],"tags":[2872,1177,474,125,1297,804,2892,931,936,1246,2671,1393,1869,944],"series":[],"_links":{"self":[{"href":"https:\/\/www.diario5.com.ar\/es\/wp-json\/wp\/v2\/posts\/677540"}],"collection":[{"href":"https:\/\/www.diario5.com.ar\/es\/wp-json\/wp\/v2\/posts"}],"about":[{"href":"https:\/\/www.diario5.com.ar\/es\/wp-json\/wp\/v2\/types\/post"}],"author":[{"embeddable":true,"href":"https:\/\/www.diario5.com.ar\/es\/wp-json\/wp\/v2\/users\/5"}],"replies":[{"embeddable":true,"href":"https:\/\/www.diario5.com.ar\/es\/wp-json\/wp\/v2\/comments?post=677540"}],"version-history":[{"count":3,"href":"https:\/\/www.diario5.com.ar\/es\/wp-json\/wp\/v2\/posts\/677540\/revisions"}],"predecessor-version":[{"id":691125,"href":"https:\/\/www.diario5.com.ar\/es\/wp-json\/wp\/v2\/posts\/677540\/revisions\/691125"}],"wp:featuredmedia":[{"embeddable":true,"href":"https:\/\/www.diario5.com.ar\/es\/wp-json\/wp\/v2\/media\/691136"}],"wp:attachment":[{"href":"https:\/\/www.diario5.com.ar\/es\/wp-json\/wp\/v2\/media?parent=677540"}],"wp:term":[{"taxonomy":"category","embeddable":true,"href":"https:\/\/www.diario5.com.ar\/es\/wp-json\/wp\/v2\/categories?post=677540"},{"taxonomy":"post_tag","embeddable":true,"href":"https:\/\/www.diario5.com.ar\/es\/wp-json\/wp\/v2\/tags?post=677540"},{"taxonomy":"series","embeddable":true,"href":"https:\/\/www.diario5.com.ar\/es\/wp-json\/wp\/v2\/series?post=677540"}],"curies":[{"name":"wp","href":"https:\/\/api.w.org\/{rel}","templated":true}]}}