{"id":677533,"date":"2025-02-27T06:11:00","date_gmt":"2025-02-27T09:11:00","guid":{"rendered":"http:\/\/diario5.com.ar\/?p=677533"},"modified":"2025-02-27T23:36:18","modified_gmt":"2025-02-28T02:36:18","slug":"677533","status":"publish","type":"post","link":"https:\/\/www.diario5.com.ar\/es\/677533\/","title":{"rendered":"La palabra sagrada"},"content":{"rendered":"<h2 class=\"sub-title-primary\">Es como deber\u00eda ser considerada la expresi\u00f3n Solidaridad. Un cartel confeccionado por un vecino o una ciudadana nos abri\u00f3 el camino -una vez m\u00e1s- para dejar en claro d\u00f3nde est\u00e1 parada la sociedad argentina respecto de una de los valores m\u00e1s manoseados de nuestro pa\u00eds. <\/h2> <p><img decoding=\"async\" loading=\"lazy\" class=\"alignnone size-full wp-image-690993\" src=\"https:\/\/www.diario5.com.ar\/wp-content\/uploads\/2025\/02\/aviso_cambio_parada_bondis.jpg\" alt=\"\" width=\"1280\" height=\"720\" srcset=\"https:\/\/www.diario5.com.ar\/wp-content\/uploads\/2025\/02\/aviso_cambio_parada_bondis.jpg 1280w, https:\/\/www.diario5.com.ar\/wp-content\/uploads\/2025\/02\/aviso_cambio_parada_bondis-300x169.jpg 300w, https:\/\/www.diario5.com.ar\/wp-content\/uploads\/2025\/02\/aviso_cambio_parada_bondis-1024x576.jpg 1024w, https:\/\/www.diario5.com.ar\/wp-content\/uploads\/2025\/02\/aviso_cambio_parada_bondis-768x432.jpg 768w\" sizes=\"(max-width: 1280px) 100vw, 1280px\" \/><\/p>\n<p>Nadie oficialmente comunic\u00f3 que tres l\u00edneas de colectivos que circulaban por la calle Tucum\u00e1n en el tramo que va desde el bajo hasta la calle Uruguay dejaron de hacerlo y cambiaron su recorrido. Voluntariamente, alg\u00fan vecino de la zona tom\u00f3 la decisi\u00f3n de pegar un cartel casero para informar a los pasajeros de tal circunstancia.<\/p>\n<p>Si la solidaridad pasa por la acci\u00f3n aislada de un ciudadano o un pu\u00f1ado de ellos y no la encontramos en las autoridades pertinentes, va siendo hora de que abandonemos la jactancia de que tal actitud solidaria es inmanente a nuestra nacionalidad. No calza coherencia que nos autoevaluemos y nos premiemos con la falsa certeza de ser un pueblo solidario, cuando no hay tal reflejo en el terreno de la autoridad.<\/p>\n<p>Siempre queda tela para cortar acerca de la est\u00fapida premisa de una supuesta solidaridad generalizada del pueblo argentino. Tenemos decenas de procesos de <em>mea culpa<\/em> en bloque para reci\u00e9n ver si pasamos el examen sin ser aplazados. Nos atrae mucho m\u00e1s reclamar cuando \u00abalgo feo\u00bb ocurre a partir de alguna acci\u00f3n probablemente condenable de un miembro de la vida pol\u00edtica del pa\u00eds que no nos simpatiza.<\/p>\n<p>Todos\u00a0 sabemos que los comandantes de la Guerra de Malvinas cometieron el imperdonable ninguneo a sus soldados al regresar del frente en junio de 1982. Pero millones nos comimos el sapo. No el de la guerra perdida ni el del nacionalismo herido ni el del orgullo roto. Nos comimos el sapo de bancarnos que humillaran a nuestros combatientes.<\/p>\n<p>&#8211; \u00bfPor qu\u00e9 -pregunta un pelotudo.<\/p>\n<p>&#8211; Porque la inmensa mayor\u00eda puso en primer plano la guerra perdida, el nacionalismo herido y el orgullo roto.<\/p>\n<p>Solidaridad, las pelotas.<\/p>\n<p>Para una cantidad de millones de compatriotas que representaban el gran bloque de la poblaci\u00f3n argenta, la bronca por la derrota termin\u00f3 siendo m\u00e1s fuerte y m\u00e1s abarcativa que la indignaci\u00f3n por quebrar el honor de los que se merec\u00edan que sali\u00e9ramos a pedir por ellos en una manifestaci\u00f3n id\u00e9ntica a la del 5 de abril (la grande, no el 2) en la Plaza de Mayo. Independientemente del asco por los jefes canallas nada sanmartinianos, solidaridad del pueblo cuando las papas quemaron, cero.<\/p>\n<p>\u00bfCu\u00e1l es el porcentaje de personas que no levantan la caca de sus perros? \u00bfAlguien se arriesga a decir que es peque\u00f1o? Muy bien. Aparte de la baja performance solidaria, elevamos nuestro nivel de necedad. \u00bfPor qu\u00e9 carajo se creen algunos porte\u00f1os (aqu\u00ed podemos eximir, sin identificar localidades, por las dudas, a buena parte de los habitantes del pa\u00eds) que en tantas ciudades del mundo las calles est\u00e1n impecables? \u00bfPor la eficiencia del servicio de limpieza? Quien crea eso ser\u00eda mucho m\u00e1s que necio. Ingresar\u00eda en el terreno del cinismo.<\/p>\n<p>Es la idiosincrasia, est\u00fapido.<\/p>\n<p>Todos comprendemos que la Educaci\u00f3n, en su m\u00e1s completo significado, no se refiere s\u00f3lo a la formaci\u00f3n inicial, la ense\u00f1anza media y las carreras acad\u00e9micas. Es un tren que pasa por una estaci\u00f3n previa, llamada <em>Respeto<\/em>. El gran problema es que, para tantos y tantos, el tren no par\u00f3 all\u00ed. Ser\u00eda imposible obtener inclinaciones solidarias de esa gente. M\u00e1s bien, lo opuesto. La Solidaridad es un grado demasiado elevado en la conducta humana como para considerar que podr\u00eda ser alcanzado por un individuo poco proclive a aceptar los derechos ajenos.<\/p>\n<p>Cuando la escuela tiene que ocuparse de ense\u00f1arle a un alumno a respetar a los dem\u00e1s, la carga sobre la estructura educacional del pa\u00eds se hace el doble de pesada. Todos estamos de acuerdo en que el sistema haga lo mejor que pueda. Pero si nos enga\u00f1amos a nosotros mismos, seguiremos en la noria: vivimos en un segmento de la historia en el que los padres presionan a los docentes para que aprueben a sus hijos aunque no hayan alcanzado las metas programadas. Y en algunos casos, hasta los agreden si osan decretar un aplazo.<\/p>\n<p>\u00bfEs, acaso, <em>solidaria<\/em> una sociedad que se confunde cuando toma la decisi\u00f3n de hacer caridad circunstancial?<\/p>\n<p>Luego de tantos a\u00f1os se\u00f1alando a los grandes medios de comunicaci\u00f3n como los responsables de montarse sobre la falacia del \u00abnuestro pueblo es solidario\u00bb, cuando se organizan campa\u00f1as de donaciones, comenzamos a absolverlos porque no pueden decir al aire otra cosa que \u00abnuestra gente es muy solidaria\u00bb. No se dar un balazo en el pie. Son movidas exitosas, con alta recaudaci\u00f3n a favor de personas vulnerables o instituciones m\u00e9dicas que necesitan equipamiento. <em>Una golondrina no hace verano<\/em> no es una frase de la abuela. Aplaudimos las teletones y los soles para los ni\u00f1os. Pero no hay que actuar como los dirigentes que se ufanan de ubicarse a la vanguardia porque inauguraron una canilla para todo un barrio.<\/p>\n<p>La solidaridad real suele ser silenciosa.<\/p>\n<p>Y la ejerce mucha gente.<\/p>\n<p>\u00bfCu\u00e1nto es \u00abMucha gente\u00bb?<\/p>\n<p>Quiz\u00e1s no salgan todos c\u00f3modos en una foto. Pero debemos convencernos que es una minor\u00eda. La lista que no fue escrita en ning\u00fan papel ni est\u00e1 guardada en ninguna base de datos. Y no. No estamos todos. Pero cuando alguien s\u00ed est\u00e1, aunque no sepamos su nombre y aunque no publique sus acciones no figuren en redes sociales, entendemos como valioso pedir un minuto de atenci\u00f3n en medio del baile.<\/p>\n<p>La persona que arm\u00f3 el cartel que dice que indica la nueva parada de los colectivos est\u00e1 en esa lista de las minor\u00edas solidarias, mientras que el funcionario que ten\u00eda la responsabilidad de dar ese aviso a los usuarios, no.<\/p>\n<p>&nbsp;<\/p>\n<p><img decoding=\"async\" loading=\"lazy\" class=\"aligncenter size-full wp-image-691009\" src=\"https:\/\/www.diario5.com.ar\/wp-content\/uploads\/2025\/02\/ar_capital_rosario20250227-1.jpg\" width=\"700\" height=\"939\" srcset=\"https:\/\/www.diario5.com.ar\/wp-content\/uploads\/2025\/02\/ar_capital_rosario20250227-1.jpg 700w, https:\/\/www.diario5.com.ar\/wp-content\/uploads\/2025\/02\/ar_capital_rosario20250227-1-224x300.jpg 224w\" sizes=\"(max-width: 700px) 100vw, 700px\" \/><\/p>\n<p><img decoding=\"async\" loading=\"lazy\" class=\"aligncenter size-full wp-image-691010\" src=\"https:\/\/www.diario5.com.ar\/wp-content\/uploads\/2025\/02\/esquiu20250227-1.jpg\" width=\"700\" height=\"921\" srcset=\"https:\/\/www.diario5.com.ar\/wp-content\/uploads\/2025\/02\/esquiu20250227-1.jpg 700w, https:\/\/www.diario5.com.ar\/wp-content\/uploads\/2025\/02\/esquiu20250227-1-228x300.jpg 228w\" sizes=\"(max-width: 700px) 100vw, 700px\" \/><\/p>\n<p><img decoding=\"async\" loading=\"lazy\" class=\"aligncenter size-full wp-image-691011\" src=\"https:\/\/www.diario5.com.ar\/wp-content\/uploads\/2025\/02\/ar_eldia20250227-1.jpg\" width=\"700\" height=\"1004\" srcset=\"https:\/\/www.diario5.com.ar\/wp-content\/uploads\/2025\/02\/ar_eldia20250227-1.jpg 700w, https:\/\/www.diario5.com.ar\/wp-content\/uploads\/2025\/02\/ar_eldia20250227-1-209x300.jpg 209w\" sizes=\"(max-width: 700px) 100vw, 700px\" \/><\/p>\n<p><img decoding=\"async\" loading=\"lazy\" class=\"aligncenter size-full wp-image-691012\" src=\"https:\/\/www.diario5.com.ar\/wp-content\/uploads\/2025\/02\/ar_hoy20250227-1.jpg\" width=\"700\" height=\"854\" srcset=\"https:\/\/www.diario5.com.ar\/wp-content\/uploads\/2025\/02\/ar_hoy20250227-1.jpg 700w, https:\/\/www.diario5.com.ar\/wp-content\/uploads\/2025\/02\/ar_hoy20250227-1-246x300.jpg 246w\" sizes=\"(max-width: 700px) 100vw, 700px\" \/><\/p>\n<p><img decoding=\"async\" loading=\"lazy\" class=\"aligncenter size-full wp-image-691013\" src=\"https:\/\/www.diario5.com.ar\/wp-content\/uploads\/2025\/02\/ar_chubut20250227-1.jpg\" width=\"700\" height=\"897\" srcset=\"https:\/\/www.diario5.com.ar\/wp-content\/uploads\/2025\/02\/ar_chubut20250227-1.jpg 700w, https:\/\/www.diario5.com.ar\/wp-content\/uploads\/2025\/02\/ar_chubut20250227-1-234x300.jpg 234w\" sizes=\"(max-width: 700px) 100vw, 700px\" \/><\/p>\n<p><img decoding=\"async\" loading=\"lazy\" class=\"aligncenter size-full wp-image-691014\" src=\"https:\/\/www.diario5.com.ar\/wp-content\/uploads\/2025\/02\/ar_clarin20250227-1.jpg\" width=\"700\" height=\"967\" srcset=\"https:\/\/www.diario5.com.ar\/wp-content\/uploads\/2025\/02\/ar_clarin20250227-1.jpg 700w, https:\/\/www.diario5.com.ar\/wp-content\/uploads\/2025\/02\/ar_clarin20250227-1-217x300.jpg 217w\" sizes=\"(max-width: 700px) 100vw, 700px\" \/><\/p>\n<p><img decoding=\"async\" loading=\"lazy\" class=\"aligncenter size-full wp-image-691015\" src=\"https:\/\/www.diario5.com.ar\/wp-content\/uploads\/2025\/02\/ar_rio_negro20250227-1.jpg\" width=\"700\" height=\"983\" srcset=\"https:\/\/www.diario5.com.ar\/wp-content\/uploads\/2025\/02\/ar_rio_negro20250227-1.jpg 700w, https:\/\/www.diario5.com.ar\/wp-content\/uploads\/2025\/02\/ar_rio_negro20250227-1-214x300.jpg 214w\" sizes=\"(max-width: 700px) 100vw, 700px\" \/><\/p>\n<p>&nbsp;<\/p>","protected":false},"excerpt":{"rendered":"<p>Es como deber\u00eda ser considerada la expresi\u00f3n Solidaridad. Un cartel confeccionado por un vecino o una ciudadana nos abri\u00f3 el camino -una vez m\u00e1s- para dejar en claro d\u00f3nde est\u00e1 parada la sociedad argentina respecto de una de los valores m\u00e1s manoseados de nuestro pa\u00eds. Nadie oficialmente comunic\u00f3 que tres l\u00edneas de colectivos que circulaban [&hellip;]<\/p>","protected":false},"author":4,"featured_media":690993,"comment_status":"open","ping_status":"open","sticky":false,"template":"","format":"standard","meta":[],"categories":[75,48,56],"tags":[2503,1999,87,27,1679,1736,2188,265,1864,2719,643,567,944],"series":[],"_links":{"self":[{"href":"https:\/\/www.diario5.com.ar\/es\/wp-json\/wp\/v2\/posts\/677533"}],"collection":[{"href":"https:\/\/www.diario5.com.ar\/es\/wp-json\/wp\/v2\/posts"}],"about":[{"href":"https:\/\/www.diario5.com.ar\/es\/wp-json\/wp\/v2\/types\/post"}],"author":[{"embeddable":true,"href":"https:\/\/www.diario5.com.ar\/es\/wp-json\/wp\/v2\/users\/4"}],"replies":[{"embeddable":true,"href":"https:\/\/www.diario5.com.ar\/es\/wp-json\/wp\/v2\/comments?post=677533"}],"version-history":[{"count":6,"href":"https:\/\/www.diario5.com.ar\/es\/wp-json\/wp\/v2\/posts\/677533\/revisions"}],"predecessor-version":[{"id":691017,"href":"https:\/\/www.diario5.com.ar\/es\/wp-json\/wp\/v2\/posts\/677533\/revisions\/691017"}],"wp:featuredmedia":[{"embeddable":true,"href":"https:\/\/www.diario5.com.ar\/es\/wp-json\/wp\/v2\/media\/690993"}],"wp:attachment":[{"href":"https:\/\/www.diario5.com.ar\/es\/wp-json\/wp\/v2\/media?parent=677533"}],"wp:term":[{"taxonomy":"category","embeddable":true,"href":"https:\/\/www.diario5.com.ar\/es\/wp-json\/wp\/v2\/categories?post=677533"},{"taxonomy":"post_tag","embeddable":true,"href":"https:\/\/www.diario5.com.ar\/es\/wp-json\/wp\/v2\/tags?post=677533"},{"taxonomy":"series","embeddable":true,"href":"https:\/\/www.diario5.com.ar\/es\/wp-json\/wp\/v2\/series?post=677533"}],"curies":[{"name":"wp","href":"https:\/\/api.w.org\/{rel}","templated":true}]}}