{"id":677532,"date":"2025-02-26T06:11:00","date_gmt":"2025-02-26T09:11:00","guid":{"rendered":"http:\/\/diario5.com.ar\/?p=677532"},"modified":"2025-02-26T06:14:12","modified_gmt":"2025-02-26T09:14:12","slug":"677532","status":"publish","type":"post","link":"https:\/\/www.diario5.com.ar\/es\/677532\/","title":{"rendered":"Vivaldi y Piazzolla por el Ensamble Argentum"},"content":{"rendered":"<h2 class=\"sub-title-primary\">El concierto se llamar\u00e1 \"Las ocho estaciones\" y ser\u00e1 el domingo 2 en el Parque Centenario<\/h2> <h3 data-start=\"67\" data-end=\"170\"><img decoding=\"async\" loading=\"lazy\" class=\"aligncenter size-full wp-image-690984\" src=\"https:\/\/www.diario5.com.ar\/wp-content\/uploads\/2025\/02\/Ensamble-Argentum-10Unedited20250226.jpg\" width=\"700\" height=\"466\" alt=\"ensamble argentum\" srcset=\"https:\/\/www.diario5.com.ar\/wp-content\/uploads\/2025\/02\/Ensamble-Argentum-10Unedited20250226.jpg 700w, https:\/\/www.diario5.com.ar\/wp-content\/uploads\/2025\/02\/Ensamble-Argentum-10Unedited20250226-300x200.jpg 300w\" sizes=\"(max-width: 700px) 100vw, 700px\" \/><\/h3>\n<p data-start=\"172\" data-end=\"637\">Si el clima acompa\u00f1a, la noche del domingo 2 de marzo ser\u00e1 una cita imperdible para los amantes de la m\u00fasica en Buenos Aires. A las 20.00, el Ensamble Argentum ofrecer\u00e1 un concierto al aire libre en el Anfiteatro del Parque Centenario con entrada libre, sujeto a la capacidad del recinto. El programa incluir\u00e1 dos obras maestras que dialogan a trav\u00e9s de los siglos: <em data-start=\"538\" data-end=\"561\">Las cuatro estaciones<\/em> de Antonio Vivaldi y <em data-start=\"583\" data-end=\"615\">Las cuatro estaciones porte\u00f1as<\/em> de Astor Piazzolla.<\/p>\n<p data-start=\"694\" data-end=\"1063\">El Ensamble Argentum est\u00e1 integrado por m\u00fasicos de la Orquesta Estable del Teatro Col\u00f3n, la Orquesta Filarm\u00f3nica de Buenos Aires y la Orquesta del Tango de Buenos Aires. La direcci\u00f3n y el viol\u00edn solista estar\u00e1n a cargo del talentoso Sebasti\u00e1n Masci, reconocido tanto por su virtuosismo como por su trabajo en la difusi\u00f3n de la m\u00fasica de c\u00e1mara.<\/p>\n<p data-start=\"1065\" data-end=\"1366\">Desde aquel exitoso debut en mayo de 2024 en el Palacio Paz, la agrupaci\u00f3n se afianz\u00f3 mostrando su versi\u00f3n de <em data-start=\"1148\" data-end=\"1169\">Las ocho estaciones<\/em> en el escenario del Club Sirio Liban\u00e9s, con satisfacci\u00f3n plena del p\u00fablico. Luego de esa fuerte prueba de qu\u00edmica con la audiencia <em>Argentum <\/em>ya program\u00f3s presentaciones en el Teatro Col\u00f3n y el Teatro San Mart\u00edn. La ciudad de Lincoln tambi\u00e9n tendr\u00e1 el privilegio de recibirlos. El ensamble consolida, poco a poco, su presencia en el circuito musical.<\/p>\n<p data-start=\"1368\" data-end=\"1417\">Las de los autores que crearon sus respectivas \u00abEstaciones&#8230;\u00bb son dos bellas visiones del tiempo y la naturaleza. Y cada composici\u00f3n habla por s\u00ed sola acerca del \u00e9xito que tuvieron sus musas.<\/p>\n<p data-start=\"1419\" data-end=\"1813\">El programa propuesto es un juego de contrastes y conexiones entre el barroco veneciano y la modernidad porte\u00f1a. <em data-start=\"1532\" data-end=\"1555\">Las cuatro estaciones<\/em>, compuestas por Vivaldi entre 1716 y 1720, son una de las obras m\u00e1s emblem\u00e1ticas del Barroco y un hito en la historia de la m\u00fasica program\u00e1tica, donde el viol\u00edn solista dialoga con la orquesta para evocar los paisajes y emociones de cada estaci\u00f3n del a\u00f1o.<\/p>\n<p data-start=\"1815\" data-end=\"2242\">M\u00e1s de dos siglos despu\u00e9s, Astor Piazzolla reinterpret\u00f3 la idea de las estaciones en clave tanguera con <em data-start=\"1919\" data-end=\"1951\">Las cuatro estaciones porte\u00f1as<\/em>, compuestas entre 1965 y 1970. Aunque originalmente no fueron concebidas como un ciclo unitario, estas piezas han sido reorganizadas en numerosas versiones para formar un contrapunto moderno a la obra de Vivaldi, integrando los matices del tango con su inconfundible dramatismo y lirismo.<\/p>\n<p data-start=\"2271\" data-end=\"2588\">El Ensamble Argentum est\u00e1 conformado por:<\/p>\n<p data-start=\"2271\" data-end=\"2588\"><br data-start=\"2312\" data-end=\"2315\" \/> Sebasti\u00e1n Masci (viol\u00edn solista y direcci\u00f3n)<br data-start=\"2366\" data-end=\"2369\" \/> Juan Jos\u00e9 Raczkowski y Myrian Gandarillas (violines)<br data-start=\"2428\" data-end=\"2431\" \/> Scott Moore (viola)<br data-start=\"2457\" data-end=\"2460\" \/> Cristina Chiappero (violonchelo)<br data-start=\"2499\" data-end=\"2502\" \/> Marisa Hurtado (contrabajo)<br data-start=\"2536\" data-end=\"2539\" \/> Mar\u00eda Eugenia Marchionni (clave y piano)<\/p>\n<p data-start=\"2590\" data-end=\"2622\">A recordar:<\/p>\n<p data-start=\"2624\" data-end=\"2781\"><strong><\/strong>Anfiteatro del Parque Centenario<br data-start=\"2663\" data-end=\"2666\" \/> Domingo 2 de marzo \u2013 20.00<br data-start=\"2699\" data-end=\"2702\" \/> Entrada libre hasta agotar la capacidad<br data-start=\"2748\" data-end=\"2751\" \/>\u2614 Se suspende por lluvia<\/p>\n<p><!--googleoff: index--><br \/>\n<!--googleon: index--><br \/>\n<img decoding=\"async\" loading=\"lazy\" class=\"aligncenter size-full wp-image-690985\" src=\"https:\/\/www.diario5.com.ar\/wp-content\/uploads\/2025\/02\/ar_capital_rosario20250226.jpg\" width=\"700\" height=\"930\" srcset=\"https:\/\/www.diario5.com.ar\/wp-content\/uploads\/2025\/02\/ar_capital_rosario20250226.jpg 700w, https:\/\/www.diario5.com.ar\/wp-content\/uploads\/2025\/02\/ar_capital_rosario20250226-226x300.jpg 226w\" sizes=\"(max-width: 700px) 100vw, 700px\" \/><\/p>\n<p><img decoding=\"async\" src=\"https:\/\/img.kiosko.net\/2025\/02\/26\/ar\/ar_nueva_provincia.jpg\" \/><\/p>\n<p><img decoding=\"async\" src=\"https:\/\/img.kiosko.net\/2025\/02\/26\/ar\/ar_duplicado.jpg\" \/><\/p>\n<p><img decoding=\"async\" loading=\"lazy\" class=\"aligncenter size-full wp-image-690986\" src=\"https:\/\/www.diario5.com.ar\/wp-content\/uploads\/2025\/02\/esquiu20250226.jpg\" width=\"700\" height=\"920\" srcset=\"https:\/\/www.diario5.com.ar\/wp-content\/uploads\/2025\/02\/esquiu20250226.jpg 700w, https:\/\/www.diario5.com.ar\/wp-content\/uploads\/2025\/02\/esquiu20250226-228x300.jpg 228w\" sizes=\"(max-width: 700px) 100vw, 700px\" \/><\/p>\n<p><img decoding=\"async\" src=\"https:\/\/img.kiosko.net\/2025\/02\/26\/ar\/ar_diario_norte.jpg\" \/><\/p>\n<p><img decoding=\"async\" loading=\"lazy\" class=\"aligncenter size-full wp-image-690987\" src=\"https:\/\/www.diario5.com.ar\/wp-content\/uploads\/2025\/02\/voz_chaco20250226.jpg\" width=\"700\" height=\"869\" srcset=\"https:\/\/www.diario5.com.ar\/wp-content\/uploads\/2025\/02\/voz_chaco20250226.jpg 700w, https:\/\/www.diario5.com.ar\/wp-content\/uploads\/2025\/02\/voz_chaco20250226-242x300.jpg 242w\" sizes=\"(max-width: 700px) 100vw, 700px\" \/><\/p>\n<p><img decoding=\"async\" src=\"https:\/\/img.kiosko.net\/2025\/02\/26\/ar\/ar_diario_madryn.jpg\" \/><\/p>\n<p><img decoding=\"async\" src=\"https:\/\/img.kiosko.net\/2025\/02\/26\/ar\/ar_laprensa.jpg\" \/><\/p>\n<p><img decoding=\"async\" src=\"https:\/\/img.kiosko.net\/2025\/02\/26\/ar\/ar_cronista.jpg\" \/><\/p>\n<p><img decoding=\"async\" src=\"https:\/\/img.kiosko.net\/2025\/02\/26\/ar\/buenosaires_economico.jpg\" \/><\/p>\n<p><img decoding=\"async\" src=\"https:\/\/img.kiosko.net\/2025\/02\/26\/ar\/ar_perfil.jpg\" \/><\/p>\n<p><img decoding=\"async\" loading=\"lazy\" class=\"aligncenter size-full wp-image-690988\" src=\"https:\/\/www.diario5.com.ar\/wp-content\/uploads\/2025\/02\/ar_eldia20250226.jpg\" width=\"700\" height=\"1008\" srcset=\"https:\/\/www.diario5.com.ar\/wp-content\/uploads\/2025\/02\/ar_eldia20250226.jpg 700w, https:\/\/www.diario5.com.ar\/wp-content\/uploads\/2025\/02\/ar_eldia20250226-208x300.jpg 208w\" sizes=\"(max-width: 700px) 100vw, 700px\" \/><\/p>\n<p><img decoding=\"async\" src=\"https:\/\/img.kiosko.net\/2025\/02\/26\/ar\/ar_hoy.jpg\" \/><\/p>\n<p><img decoding=\"async\" src=\"https:\/\/img.kiosko.net\/2025\/02\/26\/ar\/ar_democracia.jpg\" \/><\/p>\n<p><img decoding=\"async\" loading=\"lazy\" class=\"aligncenter size-full wp-image-690989\" src=\"https:\/\/www.diario5.com.ar\/wp-content\/uploads\/2025\/02\/ar_chubut20250226.jpg\" width=\"700\" height=\"902\" srcset=\"https:\/\/www.diario5.com.ar\/wp-content\/uploads\/2025\/02\/ar_chubut20250226.jpg 700w, https:\/\/www.diario5.com.ar\/wp-content\/uploads\/2025\/02\/ar_chubut20250226-233x300.jpg 233w\" sizes=\"(max-width: 700px) 100vw, 700px\" \/><\/p>\n<p><img decoding=\"async\" src=\"https:\/\/img.kiosko.net\/2025\/02\/26\/ar\/ar_epoca.jpg\" \/><\/p>\n<p><img decoding=\"async\" src=\"https:\/\/img.kiosko.net\/2025\/02\/26\/ar\/ar_litoral.jpg\" \/><\/p>\n<p><img decoding=\"async\" src=\"https:\/\/img.kiosko.net\/2025\/02\/26\/ar\/ar_heraldo.jpg\" \/><\/p>\n<p><img decoding=\"async\" src=\"https:\/\/img.kiosko.net\/2025\/02\/26\/ar\/ar_manana_formosa.jpg\" \/><\/p>\n<p><img decoding=\"async\" src=\"https:\/\/img.kiosko.net\/2025\/02\/26\/ar\/ar_diario_pampa.jpg\" \/><\/p>\n<p><img decoding=\"async\" src=\"https:\/\/img.kiosko.net\/2025\/02\/26\/ar\/ar_pagina12.jpg\" \/><\/p>\n<p><img decoding=\"async\" src=\"https:\/\/img.kiosko.net\/2025\/02\/26\/ar\/ar_arena.jpg\" \/><\/p>\n<p><img decoding=\"async\" src=\"https:\/\/img.kiosko.net\/2025\/02\/26\/ar\/independiente.jpg\" \/><\/p>\n<p><img decoding=\"async\" src=\"https:\/\/img.kiosko.net\/2025\/02\/26\/ar\/nueva_rioja.jpg\" \/><\/p>\n<p><img decoding=\"async\" src=\"https:\/\/img.kiosko.net\/2025\/02\/26\/ar\/ar_losandes.jpg\" \/><\/p>\n<p><img decoding=\"async\" src=\"https:\/\/img.kiosko.net\/2025\/02\/26\/ar\/ar_tribuno.jpg\" \/><\/p>\n<p><img decoding=\"async\" src=\"https:\/\/img.kiosko.net\/2025\/02\/26\/ar\/lea.jpg\" \/><\/p>\n<p><img decoding=\"async\" src=\"https:\/\/img.kiosko.net\/2025\/02\/26\/ar\/ar_nuevo_diario.jpg\" \/><\/p>\n<p><img decoding=\"async\" src=\"https:\/\/img.kiosko.net\/2025\/02\/26\/ar\/ar_diario_cuyo.jpg\" \/><\/p>\n<p><img decoding=\"async\" src=\"https:\/\/img.kiosko.net\/2025\/02\/26\/ar\/huarpe.jpg\" \/><\/p>\n<p><img decoding=\"async\" src=\"https:\/\/img.kiosko.net\/2025\/02\/26\/ar\/ar_diario_republica.jpg\" \/><\/p>\n<p><img decoding=\"async\" src=\"https:\/\/img.kiosko.net\/2025\/02\/26\/ar\/ar_litoral_sfe.jpg\" \/><\/p>\n<p><img decoding=\"async\" src=\"https:\/\/img.kiosko.net\/2025\/02\/26\/ar\/ciudadano.jpg\" \/><\/p>\n<p><img decoding=\"async\" src=\"https:\/\/img.kiosko.net\/2025\/02\/26\/ar\/ar_mirador_provincial.jpg\" \/><\/p>\n<p><img decoding=\"async\" src=\"https:\/\/img.kiosko.net\/2025\/02\/26\/ar\/ar_gaceta.jpg\" \/><\/p>\n<p><img decoding=\"async\" src=\"https:\/\/img.kiosko.net\/2025\/02\/26\/ar\/ar_cronica.jpg\" \/><\/p>\n<p><img decoding=\"async\" loading=\"lazy\" class=\"aligncenter size-full wp-image-690990\" src=\"https:\/\/www.diario5.com.ar\/wp-content\/uploads\/2025\/02\/ar_clarin20250226.jpg\" width=\"700\" height=\"977\" srcset=\"https:\/\/www.diario5.com.ar\/wp-content\/uploads\/2025\/02\/ar_clarin20250226.jpg 700w, https:\/\/www.diario5.com.ar\/wp-content\/uploads\/2025\/02\/ar_clarin20250226-215x300.jpg 215w\" sizes=\"(max-width: 700px) 100vw, 700px\" \/><\/p>\n<p><img decoding=\"async\" src=\"https:\/\/img.kiosko.net\/2025\/02\/26\/ar\/nacion.jpg\" \/><\/p>\n<p><img decoding=\"async\" src=\"https:\/\/img.kiosko.net\/2025\/02\/26\/ar\/ar_eco.jpg\" \/><\/p>\n<p><img decoding=\"async\" src=\"https:\/\/img.kiosko.net\/2025\/02\/26\/ar\/nuevo_diario.jpg\" \/><\/p>\n<p><img decoding=\"async\" src=\"https:\/\/img.kiosko.net\/2025\/02\/26\/ar\/sureno.jpg\" \/><\/p>\n<p><img decoding=\"async\" src=\"https:\/\/img.kiosko.net\/2025\/02\/26\/ar\/ar_duplicado.jpg\" \/><\/p>\n<p><img decoding=\"async\" src=\"https:\/\/img.kiosko.net\/2025\/02\/26\/ar\/tiempo_sur.jpg\" \/><\/p>\n<p><img decoding=\"async\" src=\"https:\/\/img.kiosko.net\/2025\/02\/26\/ar\/tiempo_argentino.jpg\" \/><\/p>\n<p><img decoding=\"async\" src=\"https:\/\/img.kiosko.net\/2025\/02\/26\/ar\/ar_epoca.jpg\" \/><\/p>\n<p><img decoding=\"async\" src=\"https:\/\/img.kiosko.net\/2025\/02\/26\/ar\/ar_elsol.jpg\" \/><\/p>\n<p><img decoding=\"async\" src=\"https:\/\/img.kiosko.net\/2025\/02\/26\/ar\/ar_ancasti.jpg\" \/><\/p>\n<p><img decoding=\"async\" loading=\"lazy\" class=\"aligncenter size-full wp-image-690991\" src=\"https:\/\/www.diario5.com.ar\/wp-content\/uploads\/2025\/02\/ar_rio_negro20250226.jpg\" width=\"700\" height=\"974\" srcset=\"https:\/\/www.diario5.com.ar\/wp-content\/uploads\/2025\/02\/ar_rio_negro20250226.jpg 700w, https:\/\/www.diario5.com.ar\/wp-content\/uploads\/2025\/02\/ar_rio_negro20250226-216x300.jpg 216w\" sizes=\"(max-width: 700px) 100vw, 700px\" \/><\/p>\n<p><img decoding=\"async\" src=\"https:\/\/img.kiosko.net\/2025\/02\/26\/ar\/ar_03.jpg\" \/><\/p>\n<p><img decoding=\"async\" src=\"https:\/\/img.kiosko.net\/2025\/02\/26\/ar\/ar_04.jpg\" \/><\/p>\n<p><img decoding=\"async\" src=\"https:\/\/img.kiosko.net\/2025\/02\/26\/ar\/ar_05.jpg\" \/><\/p>\n<p>&nbsp;<\/p>","protected":false},"excerpt":{"rendered":"<p>El concierto se llamar\u00e1 \u00abLas ocho estaciones\u00bb y ser\u00e1 el domingo 2 en el Parque Centenario Si el clima acompa\u00f1a, la noche del domingo 2 de marzo ser\u00e1 una cita imperdible para los amantes de la m\u00fasica en Buenos Aires. A las 20.00, el Ensamble Argentum ofrecer\u00e1 un concierto al aire libre en el Anfiteatro [&hellip;]<\/p>","protected":false},"author":5,"featured_media":690984,"comment_status":"open","ping_status":"open","sticky":false,"template":"","format":"standard","meta":[],"categories":[534,5,16,56],"tags":[1160,474,2043,2387,1774,2341,817,2219,1859,1685],"series":[],"_links":{"self":[{"href":"https:\/\/www.diario5.com.ar\/es\/wp-json\/wp\/v2\/posts\/677532"}],"collection":[{"href":"https:\/\/www.diario5.com.ar\/es\/wp-json\/wp\/v2\/posts"}],"about":[{"href":"https:\/\/www.diario5.com.ar\/es\/wp-json\/wp\/v2\/types\/post"}],"author":[{"embeddable":true,"href":"https:\/\/www.diario5.com.ar\/es\/wp-json\/wp\/v2\/users\/5"}],"replies":[{"embeddable":true,"href":"https:\/\/www.diario5.com.ar\/es\/wp-json\/wp\/v2\/comments?post=677532"}],"version-history":[{"count":1,"href":"https:\/\/www.diario5.com.ar\/es\/wp-json\/wp\/v2\/posts\/677532\/revisions"}],"predecessor-version":[{"id":690980,"href":"https:\/\/www.diario5.com.ar\/es\/wp-json\/wp\/v2\/posts\/677532\/revisions\/690980"}],"wp:featuredmedia":[{"embeddable":true,"href":"https:\/\/www.diario5.com.ar\/es\/wp-json\/wp\/v2\/media\/690984"}],"wp:attachment":[{"href":"https:\/\/www.diario5.com.ar\/es\/wp-json\/wp\/v2\/media?parent=677532"}],"wp:term":[{"taxonomy":"category","embeddable":true,"href":"https:\/\/www.diario5.com.ar\/es\/wp-json\/wp\/v2\/categories?post=677532"},{"taxonomy":"post_tag","embeddable":true,"href":"https:\/\/www.diario5.com.ar\/es\/wp-json\/wp\/v2\/tags?post=677532"},{"taxonomy":"series","embeddable":true,"href":"https:\/\/www.diario5.com.ar\/es\/wp-json\/wp\/v2\/series?post=677532"}],"curies":[{"name":"wp","href":"https:\/\/api.w.org\/{rel}","templated":true}]}}