{"id":677531,"date":"2025-02-25T06:11:00","date_gmt":"2025-02-25T09:11:00","guid":{"rendered":"http:\/\/diario5.com.ar\/?p=677531"},"modified":"2025-02-25T06:13:37","modified_gmt":"2025-02-25T09:13:37","slug":"677531","status":"publish","type":"post","link":"https:\/\/www.diario5.com.ar\/es\/677531\/","title":{"rendered":"El joven m\u00e1s grande"},"content":{"rendered":"<h2 class=\"sub-title-primary\"><\/h2> <p data-pm-slice=\"1 1 []\"><img decoding=\"async\" loading=\"lazy\" class=\"alignnone size-full wp-image-690970\" src=\"https:\/\/www.diario5.com.ar\/wp-content\/uploads\/2025\/02\/san_martin_nino3.jpg\" alt=\"\" width=\"1726\" height=\"1024\" srcset=\"https:\/\/www.diario5.com.ar\/wp-content\/uploads\/2025\/02\/san_martin_nino3.jpg 1726w, https:\/\/www.diario5.com.ar\/wp-content\/uploads\/2025\/02\/san_martin_nino3-300x178.jpg 300w, https:\/\/www.diario5.com.ar\/wp-content\/uploads\/2025\/02\/san_martin_nino3-1024x608.jpg 1024w, https:\/\/www.diario5.com.ar\/wp-content\/uploads\/2025\/02\/san_martin_nino3-768x456.jpg 768w, https:\/\/www.diario5.com.ar\/wp-content\/uploads\/2025\/02\/san_martin_nino3-1536x911.jpg 1536w\" sizes=\"(max-width: 1726px) 100vw, 1726px\" \/><\/p>\n<p data-pm-slice=\"1 1 []\"><img decoding=\"async\" loading=\"lazy\" class=\"alignnone\" src=\"https:\/\/billiken.lat\/wp-content\/uploads\/2021\/08\/Casa-Natal-SM4.jpg\" alt=\"El Museo en Yapey\u00fa que conserva la estructura de la casa natla del general Don Jos\u00e9 de San Mart\u00edn\" width=\"783\" height=\"491\" \/><\/p>\n<p data-pm-slice=\"1 1 []\">Yapey\u00fa, 25 de febrero de 1778. En una casa de adobe, rodeada de naturaleza exuberante, nace un ni\u00f1o que se llevar\u00eda los mejores cap\u00edtulos de los libros de historia. Afuera, la vida en la misi\u00f3n jesu\u00edtica sigue su curso. Ind\u00edgenas guaran\u00edes trabajan la tierra, cosechan yerba mate, fabrican tejidos. Dentro, una madre lo acuna. Una mujer guaran\u00ed, Rosa Guar\u00fa, tambi\u00e9n lo cuida. Algunos dir\u00e1n que fue su verdadera madre, la que le dio amor y lo acompa\u00f1\u00f3 en sus primeros a\u00f1os.<\/p>\n<p>Pero la infancia de Jos\u00e9 Francisco de San Mart\u00edn ser\u00eda breve en su tierra natal.<\/p>\n<p>Dicen que de ni\u00f1o ya mostraba una mirada seria, como si supiera que su destino estaba marcado. Aquel tiempo transcurri\u00f3 entre juegos con los ni\u00f1os guaran\u00edes, lecciones en casa y la observaci\u00f3n atenta de la vida militar de su padre.<\/p>\n<p>En 1781, Don Juan de San Mart\u00edn, recibe un nuevo destino. Hay que partir. Rosa llora y el ni\u00f1o tambi\u00e9n. Le prometen volver. C\u00f3mo es el destino!<\/p>\n<p>Buenos Aires lo recibe con su bullicio colonial. Aunque nada ten\u00eda que ver con Yapey\u00fa, no habr\u00eda tiempo de acostumbrarse a la capital del Virreinato. En 1784, otro viaje, esta vez con un objetivo m\u00e1s definido. Rumbo a Espa\u00f1a. El mar inmenso, la traves\u00eda de cien d\u00edas, las olas golpeando la embarcaci\u00f3n. En C\u00e1diz, la familia toca tierra firme y se instala en M\u00e1laga.<\/p>\n<p>Nuevo hogar, nuevas costumbres. Pero tambi\u00e9n dificultades econ\u00f3micas. Lo poco que ten\u00edan en Buenos Aires debi\u00f3 venderse antes de partir.<\/p>\n<p>Jos\u00e9 es inquieto, curioso. Estudia en la Escuela de las Temporalidades, pero su coraz\u00f3n est\u00e1 en otra parte. A los 11 a\u00f1os, viste el uniforme de cadete del Regimiento de Murcia. Lo llaman \u00abindiano\u00bb por su piel morena y su acento. Se burlan. No importa. Aprieta los dientes y sigue adelante. Pronto demostrar\u00e1 que no es s\u00f3lo un ni\u00f1o de ultramar. En el campo de batalla, empieza a forjarse el hombre que, d\u00e9cadas despu\u00e9s, cambiar\u00eda la historia de un continente.<\/p>\n<p>En Espa\u00f1a, Jos\u00e9 ingres\u00f3 a la academia militar de Murcia con apenas 11 a\u00f1os. La guerra era su escuela y \u00e9l, un alumno aplicado. Observaba, preguntaba, aprend\u00eda. No era un soldado m\u00e1s; era un estratega en formaci\u00f3n. A los 13 ya portaba uniforme y a los 15 entr\u00f3 en combate contra los moros en \u00c1frica. Luego vinieron las batallas contra Napole\u00f3n. Bail\u00e9n, La Albuera, Arjonilla. Espadas que chocaban, disparos que cruzaban el aire. San Mart\u00edn, atento a cada movimiento, grababa en su mente los secretos del arte militar.<\/p>\n<p>Ascendi\u00f3 r\u00e1pido, no s\u00f3lo por su valent\u00eda, sino por su mente afilada. Pero algo dentro de \u00e9l se agitaba. Sab\u00eda que su destino no estaba en la corona espa\u00f1ola. Supo de los movimientos revolucionarios en Am\u00e9rica y la idea de la independencia comenz\u00f3 a arder en su pecho. En 1811, con 33 a\u00f1os y una carrera consolidada en el ej\u00e9rcito espa\u00f1ol, renunci\u00f3 a todo y parti\u00f3 rumbo a Londres. All\u00ed se reuni\u00f3 con compatriotas exiliados. Hablaban de libertad, de una Am\u00e9rica sin cadenas. No hubo dudas. Deb\u00eda regresar.<\/p>\n<p>A los pocos meses, San Mart\u00edn pisaba suelo de las Provincias Unidas del R\u00edo de la Plata. No era el ni\u00f1o de Yapey\u00fa ni el oficial de Espa\u00f1a. Era el hombre que tra\u00eda un plan, una causa y un ej\u00e9rcito por construir.<\/p>\n<p>A\u00f1os despu\u00e9s, el ni\u00f1o de los naranjales se convertir\u00eda en el Libertador. La parte grande de la historia. Hoy es el d\u00eda para recordar a aquel peque\u00f1o de cabellos oscuros corriendo entre los \u00e1rboles, sin imaginar, siquiera, que su nombre quedar\u00eda grabado en la historia.<\/p>\n<p>&nbsp;<\/p>\n<p>&nbsp;<\/p>\n<p>&nbsp;<\/p>\n<p>&nbsp;<\/p>\n<p>&nbsp;<\/p>\n<p><!--googleoff: index--><br \/>\n<!--googleon: index--><br \/>\n<img decoding=\"async\" loading=\"lazy\" class=\"aligncenter size-full wp-image-690972\" src=\"https:\/\/www.diario5.com.ar\/wp-content\/uploads\/2025\/02\/ar_capital_rosario20250225.jpg\" width=\"700\" height=\"930\" srcset=\"https:\/\/www.diario5.com.ar\/wp-content\/uploads\/2025\/02\/ar_capital_rosario20250225.jpg 700w, https:\/\/www.diario5.com.ar\/wp-content\/uploads\/2025\/02\/ar_capital_rosario20250225-226x300.jpg 226w\" sizes=\"(max-width: 700px) 100vw, 700px\" \/><\/p>\n<p><img decoding=\"async\" src=\"https:\/\/img.kiosko.net\/2025\/02\/25\/ar\/ar_nueva_provincia.jpg\" \/><\/p>\n<p><img decoding=\"async\" src=\"https:\/\/img.kiosko.net\/2025\/02\/25\/ar\/ar_duplicado.jpg\" \/><\/p>\n<p><img decoding=\"async\" loading=\"lazy\" class=\"aligncenter size-full wp-image-690973\" src=\"https:\/\/www.diario5.com.ar\/wp-content\/uploads\/2025\/02\/esquiu20250225.jpg\" width=\"700\" height=\"921\" srcset=\"https:\/\/www.diario5.com.ar\/wp-content\/uploads\/2025\/02\/esquiu20250225.jpg 700w, https:\/\/www.diario5.com.ar\/wp-content\/uploads\/2025\/02\/esquiu20250225-228x300.jpg 228w\" sizes=\"(max-width: 700px) 100vw, 700px\" \/><\/p>\n<p><img decoding=\"async\" src=\"https:\/\/img.kiosko.net\/2025\/02\/25\/ar\/ar_diario_norte.jpg\" \/><\/p>\n<p><img decoding=\"async\" loading=\"lazy\" class=\"aligncenter size-full wp-image-690974\" src=\"https:\/\/www.diario5.com.ar\/wp-content\/uploads\/2025\/02\/voz_chaco20250225.jpg\" width=\"700\" height=\"816\" srcset=\"https:\/\/www.diario5.com.ar\/wp-content\/uploads\/2025\/02\/voz_chaco20250225.jpg 700w, https:\/\/www.diario5.com.ar\/wp-content\/uploads\/2025\/02\/voz_chaco20250225-257x300.jpg 257w\" sizes=\"(max-width: 700px) 100vw, 700px\" \/><\/p>\n<p><img decoding=\"async\" src=\"https:\/\/img.kiosko.net\/2025\/02\/25\/ar\/ar_diario_madryn.jpg\" \/><\/p>\n<p><img decoding=\"async\" src=\"https:\/\/img.kiosko.net\/2025\/02\/25\/ar\/ar_laprensa.jpg\" \/><\/p>\n<p><img decoding=\"async\" src=\"https:\/\/img.kiosko.net\/2025\/02\/25\/ar\/ar_cronista.jpg\" \/><\/p>\n<p><img decoding=\"async\" src=\"https:\/\/img.kiosko.net\/2025\/02\/25\/ar\/buenosaires_economico.jpg\" \/><\/p>\n<p><img decoding=\"async\" src=\"https:\/\/img.kiosko.net\/2025\/02\/25\/ar\/ar_perfil.jpg\" \/><\/p>\n<p><img decoding=\"async\" loading=\"lazy\" class=\"aligncenter size-full wp-image-690975\" src=\"https:\/\/www.diario5.com.ar\/wp-content\/uploads\/2025\/02\/ar_eldia20250225.jpg\" width=\"700\" height=\"1025\" srcset=\"https:\/\/www.diario5.com.ar\/wp-content\/uploads\/2025\/02\/ar_eldia20250225.jpg 700w, https:\/\/www.diario5.com.ar\/wp-content\/uploads\/2025\/02\/ar_eldia20250225-205x300.jpg 205w\" sizes=\"(max-width: 700px) 100vw, 700px\" \/><\/p>\n<p><img decoding=\"async\" src=\"https:\/\/img.kiosko.net\/2025\/02\/25\/ar\/ar_hoy.jpg\" \/><\/p>\n<p><img decoding=\"async\" src=\"https:\/\/img.kiosko.net\/2025\/02\/25\/ar\/ar_democracia.jpg\" \/><\/p>\n<p><img decoding=\"async\" loading=\"lazy\" class=\"aligncenter size-full wp-image-690976\" src=\"https:\/\/www.diario5.com.ar\/wp-content\/uploads\/2025\/02\/ar_chubut20250225.jpg\" width=\"700\" height=\"903\" srcset=\"https:\/\/www.diario5.com.ar\/wp-content\/uploads\/2025\/02\/ar_chubut20250225.jpg 700w, https:\/\/www.diario5.com.ar\/wp-content\/uploads\/2025\/02\/ar_chubut20250225-233x300.jpg 233w\" sizes=\"(max-width: 700px) 100vw, 700px\" \/><\/p>\n<p><img decoding=\"async\" src=\"https:\/\/img.kiosko.net\/2025\/02\/25\/ar\/ar_epoca.jpg\" \/><\/p>\n<p><img decoding=\"async\" src=\"https:\/\/img.kiosko.net\/2025\/02\/25\/ar\/ar_litoral.jpg\" \/><\/p>\n<p><img decoding=\"async\" src=\"https:\/\/img.kiosko.net\/2025\/02\/25\/ar\/ar_heraldo.jpg\" \/><\/p>\n<p><img decoding=\"async\" src=\"https:\/\/img.kiosko.net\/2025\/02\/25\/ar\/ar_manana_formosa.jpg\" \/><\/p>\n<p><img decoding=\"async\" src=\"https:\/\/img.kiosko.net\/2025\/02\/25\/ar\/ar_diario_pampa.jpg\" \/><\/p>\n<p><img decoding=\"async\" src=\"https:\/\/img.kiosko.net\/2025\/02\/25\/ar\/ar_pagina12.jpg\" \/><\/p>\n<p><img decoding=\"async\" src=\"https:\/\/img.kiosko.net\/2025\/02\/25\/ar\/ar_arena.jpg\" \/><\/p>\n<p><img decoding=\"async\" src=\"https:\/\/img.kiosko.net\/2025\/02\/25\/ar\/independiente.jpg\" \/><\/p>\n<p><img decoding=\"async\" src=\"https:\/\/img.kiosko.net\/2025\/02\/25\/ar\/nueva_rioja.jpg\" \/><\/p>\n<p><img decoding=\"async\" src=\"https:\/\/img.kiosko.net\/2025\/02\/25\/ar\/ar_losandes.jpg\" \/><\/p>\n<p><img decoding=\"async\" src=\"https:\/\/img.kiosko.net\/2025\/02\/25\/ar\/ar_tribuno.jpg\" \/><\/p>\n<p><img decoding=\"async\" src=\"https:\/\/img.kiosko.net\/2025\/02\/25\/ar\/lea.jpg\" \/><\/p>\n<p><img decoding=\"async\" src=\"https:\/\/img.kiosko.net\/2025\/02\/25\/ar\/ar_nuevo_diario.jpg\" \/><\/p>\n<p><img decoding=\"async\" src=\"https:\/\/img.kiosko.net\/2025\/02\/25\/ar\/ar_diario_cuyo.jpg\" \/><\/p>\n<p><img decoding=\"async\" src=\"https:\/\/img.kiosko.net\/2025\/02\/25\/ar\/huarpe.jpg\" \/><\/p>\n<p><img decoding=\"async\" src=\"https:\/\/img.kiosko.net\/2025\/02\/25\/ar\/ar_diario_republica.jpg\" \/><\/p>\n<p><img decoding=\"async\" src=\"https:\/\/img.kiosko.net\/2025\/02\/25\/ar\/ar_litoral_sfe.jpg\" \/><\/p>\n<p><img decoding=\"async\" src=\"https:\/\/img.kiosko.net\/2025\/02\/25\/ar\/ciudadano.jpg\" \/><\/p>\n<p><img decoding=\"async\" src=\"https:\/\/img.kiosko.net\/2025\/02\/25\/ar\/ar_mirador_provincial.jpg\" \/><\/p>\n<p><img decoding=\"async\" src=\"https:\/\/img.kiosko.net\/2025\/02\/25\/ar\/ar_gaceta.jpg\" \/><\/p>\n<p><img decoding=\"async\" src=\"https:\/\/img.kiosko.net\/2025\/02\/25\/ar\/ar_cronica.jpg\" \/><\/p>\n<p><img decoding=\"async\" loading=\"lazy\" class=\"aligncenter size-full wp-image-690977\" src=\"https:\/\/www.diario5.com.ar\/wp-content\/uploads\/2025\/02\/ar_clarin20250225.jpg\" width=\"700\" height=\"977\" srcset=\"https:\/\/www.diario5.com.ar\/wp-content\/uploads\/2025\/02\/ar_clarin20250225.jpg 700w, https:\/\/www.diario5.com.ar\/wp-content\/uploads\/2025\/02\/ar_clarin20250225-215x300.jpg 215w\" sizes=\"(max-width: 700px) 100vw, 700px\" \/><\/p>\n<p><img decoding=\"async\" src=\"https:\/\/img.kiosko.net\/2025\/02\/25\/ar\/nacion.jpg\" \/><\/p>\n<p><img decoding=\"async\" src=\"https:\/\/img.kiosko.net\/2025\/02\/25\/ar\/ar_eco.jpg\" \/><\/p>\n<p><img decoding=\"async\" src=\"https:\/\/img.kiosko.net\/2025\/02\/25\/ar\/nuevo_diario.jpg\" \/><\/p>\n<p><img decoding=\"async\" src=\"https:\/\/img.kiosko.net\/2025\/02\/25\/ar\/sureno.jpg\" \/><\/p>\n<p><img decoding=\"async\" src=\"https:\/\/img.kiosko.net\/2025\/02\/25\/ar\/ar_duplicado.jpg\" \/><\/p>\n<p><img decoding=\"async\" src=\"https:\/\/img.kiosko.net\/2025\/02\/25\/ar\/tiempo_sur.jpg\" \/><\/p>\n<p><img decoding=\"async\" src=\"https:\/\/img.kiosko.net\/2025\/02\/25\/ar\/tiempo_argentino.jpg\" \/><\/p>\n<p><img decoding=\"async\" src=\"https:\/\/img.kiosko.net\/2025\/02\/25\/ar\/ar_epoca.jpg\" \/><\/p>\n<p><img decoding=\"async\" src=\"https:\/\/img.kiosko.net\/2025\/02\/25\/ar\/ar_elsol.jpg\" \/><\/p>\n<p><img decoding=\"async\" src=\"https:\/\/img.kiosko.net\/2025\/02\/25\/ar\/ar_ancasti.jpg\" \/><\/p>\n<p><img decoding=\"async\" loading=\"lazy\" class=\"aligncenter size-full wp-image-690978\" src=\"https:\/\/www.diario5.com.ar\/wp-content\/uploads\/2025\/02\/ar_rio_negro20250225.jpg\" width=\"700\" height=\"971\" srcset=\"https:\/\/www.diario5.com.ar\/wp-content\/uploads\/2025\/02\/ar_rio_negro20250225.jpg 700w, https:\/\/www.diario5.com.ar\/wp-content\/uploads\/2025\/02\/ar_rio_negro20250225-216x300.jpg 216w\" sizes=\"(max-width: 700px) 100vw, 700px\" \/><\/p>\n<p><img decoding=\"async\" src=\"https:\/\/img.kiosko.net\/2025\/02\/25\/ar\/ar_03.jpg\" \/><\/p>\n<p><img decoding=\"async\" src=\"https:\/\/img.kiosko.net\/2025\/02\/25\/ar\/ar_04.jpg\" \/><\/p>\n<p><img decoding=\"async\" src=\"https:\/\/img.kiosko.net\/2025\/02\/25\/ar\/ar_05.jpg\" \/><\/p>\n<p>&nbsp;<\/p>","protected":false},"excerpt":{"rendered":"<p>Yapey\u00fa, 25 de febrero de 1778. En una casa de adobe, rodeada de naturaleza exuberante, nace un ni\u00f1o que se llevar\u00eda los mejores cap\u00edtulos de los libros de historia. Afuera, la vida en la misi\u00f3n jesu\u00edtica sigue su curso. Ind\u00edgenas guaran\u00edes trabajan la tierra, cosechan yerba mate, fabrican tejidos. Dentro, una madre lo acuna. Una [&hellip;]<\/p>","protected":false},"author":5,"featured_media":690970,"comment_status":"open","ping_status":"open","sticky":false,"template":"","format":"standard","meta":[],"categories":[5,161,56],"tags":[2834,1387,1777,474,2833,2094,931,2829,1803,2831,2832,1869,1874,2828,817,2830],"series":[],"_links":{"self":[{"href":"https:\/\/www.diario5.com.ar\/es\/wp-json\/wp\/v2\/posts\/677531"}],"collection":[{"href":"https:\/\/www.diario5.com.ar\/es\/wp-json\/wp\/v2\/posts"}],"about":[{"href":"https:\/\/www.diario5.com.ar\/es\/wp-json\/wp\/v2\/types\/post"}],"author":[{"embeddable":true,"href":"https:\/\/www.diario5.com.ar\/es\/wp-json\/wp\/v2\/users\/5"}],"replies":[{"embeddable":true,"href":"https:\/\/www.diario5.com.ar\/es\/wp-json\/wp\/v2\/comments?post=677531"}],"version-history":[{"count":4,"href":"https:\/\/www.diario5.com.ar\/es\/wp-json\/wp\/v2\/posts\/677531\/revisions"}],"predecessor-version":[{"id":690967,"href":"https:\/\/www.diario5.com.ar\/es\/wp-json\/wp\/v2\/posts\/677531\/revisions\/690967"}],"wp:featuredmedia":[{"embeddable":true,"href":"https:\/\/www.diario5.com.ar\/es\/wp-json\/wp\/v2\/media\/690970"}],"wp:attachment":[{"href":"https:\/\/www.diario5.com.ar\/es\/wp-json\/wp\/v2\/media?parent=677531"}],"wp:term":[{"taxonomy":"category","embeddable":true,"href":"https:\/\/www.diario5.com.ar\/es\/wp-json\/wp\/v2\/categories?post=677531"},{"taxonomy":"post_tag","embeddable":true,"href":"https:\/\/www.diario5.com.ar\/es\/wp-json\/wp\/v2\/tags?post=677531"},{"taxonomy":"series","embeddable":true,"href":"https:\/\/www.diario5.com.ar\/es\/wp-json\/wp\/v2\/series?post=677531"}],"curies":[{"name":"wp","href":"https:\/\/api.w.org\/{rel}","templated":true}]}}