{"id":677529,"date":"2025-02-23T06:10:00","date_gmt":"2025-02-23T09:10:00","guid":{"rendered":"http:\/\/diario5.com.ar\/?p=677529"},"modified":"2025-02-23T06:13:18","modified_gmt":"2025-02-23T09:13:18","slug":"677529","status":"publish","type":"post","link":"https:\/\/www.diario5.com.ar\/es\/677529\/","title":{"rendered":"Formaci\u00f3n profesional en la industria audiovisual"},"content":{"rendered":"<h2 class=\"sub-title-primary\">Se abren oportunidades para personas con vocaci\u00f3n para el cine y las producciones en video<\/h2> <h3 data-pm-slice=\"1 1 []\"><img decoding=\"async\" loading=\"lazy\" class=\"aligncenter size-full wp-image-690935\" src=\"https:\/\/www.diario5.com.ar\/wp-content\/uploads\/2025\/02\/pexels-caleboquendo-1002477020250223.jpg\" width=\"700\" height=\"423\" alt=\"ba audiovisual\" srcset=\"https:\/\/www.diario5.com.ar\/wp-content\/uploads\/2025\/02\/pexels-caleboquendo-1002477020250223.jpg 700w, https:\/\/www.diario5.com.ar\/wp-content\/uploads\/2025\/02\/pexels-caleboquendo-1002477020250223-300x181.jpg 300w\" sizes=\"(max-width: 700px) 100vw, 700px\" \/><\/h3>\n<p>&nbsp;<\/p>\n<p>La Buenos Aires Film Commission anuncia una nueva serie de capacitaciones destinadas a profesionales del sector audiovisual. Con acceso a expertos y an\u00e1lisis de tendencias de la industria, estos programas buscan aportar herramientas para el desarrollo y la comercializaci\u00f3n de contenidos.<\/p>\n<h4>Programas de Especializaci\u00f3n Profesional<\/h4>\n<p>Luego de un a\u00f1o con m\u00e1s de 5.000 asistentes en distintas instancias formativas, en marzo se lanzan nuevas oportunidades de formaci\u00f3n virtual para profesionales de Iberoam\u00e9rica.<\/p>\n<p><strong>El futuro del contenido: los datos de los expertos<\/strong><\/p>\n<ul data-spread=\"false\">\n<li>Fecha: 6 de marzo<\/li>\n<li>Horario: 11.00 a 14.00 (hora Buenos Aires)<\/li>\n<li>Modalidad: Virtual<\/li>\n<\/ul>\n<p>Este evento abordar\u00e1 los cambios en el entorno digital y ofrecer\u00e1 acceso a m\u00e9tricas del mercado audiovisual. Participar\u00e1n especialistas de plataformas como OMDIA y Parrot Analytics, quienes presentar\u00e1n informaci\u00f3n clave sobre la demanda de contenidos televisivos y de streaming. Se analizar\u00e1 c\u00f3mo el uso de datos influye en la toma de decisiones dentro de la industria.<\/p>\n<p><strong>Inscripci\u00f3n:<\/strong> <a href=\"https:\/\/docs.google.com\/forms\/d\/e\/1FAIpQLSdsqUqpWTfNcUagtTnhyl0t6BdtT6qFcVsTiumHhdeGghQj-g\/viewform\">Formulario de inscripci\u00f3n<\/a><\/p>\n<p><strong>Formaci\u00f3n en Desarrollo, Producci\u00f3n y Comercializaci\u00f3n de Contenidos<\/strong><\/p>\n<ul data-spread=\"false\">\n<li>Fecha: 11 al 13 de marzo<\/li>\n<li>Horario: 11.00 a 13.30 (hora Buenos Aires)<\/li>\n<li>Modalidad: Virtual<\/li>\n<\/ul>\n<p>En colaboraci\u00f3n con GECA, este programa intensivo se enfocar\u00e1 en la creaci\u00f3n, producci\u00f3n y comercializaci\u00f3n de formatos de entretenimiento, ficci\u00f3n y docuseries. Contar\u00e1 con la participaci\u00f3n de especialistas internacionales, quienes analizar\u00e1n las tendencias del mercado y compartir\u00e1n estrategias de distribuci\u00f3n y comercializaci\u00f3n de contenidos.<\/p>\n<p><strong>Inscripci\u00f3n:<\/strong> (Enlace por confirmar)<\/p>\n<h3>Sobre la Buenos Aires Film Commission<\/h3>\n<p>La Buenos Aires Film Commission depende de la Direcci\u00f3n General de Desarrollo Cultural y Creativo del Ministerio de Cultura de la Ciudad de Buenos Aires. Su funci\u00f3n es facilitar la producci\u00f3n audiovisual en la ciudad, promoviendo colaboraciones entre productoras locales e internacionales. Tambi\u00e9n busca posicionar a Buenos Aires como un polo regional atractivo para filmaciones y proyectos audiovisuales de alcance global.<\/p>\n<p>&#8230;&#8230;&#8230;&#8230;<\/p>\n<p><!--googleoff: index--><br \/>\n<!--googleon: index--><br \/>\n<img decoding=\"async\" src=\"https:\/\/img.kiosko.net\/2025\/02\/23\/ar\/ar_capital_rosario.jpg\" \/><\/p>\n<p><img decoding=\"async\" src=\"https:\/\/img.kiosko.net\/2025\/02\/23\/ar\/ar_nueva_provincia.jpg\" \/><\/p>\n<p><img decoding=\"async\" src=\"https:\/\/img.kiosko.net\/2025\/02\/23\/ar\/ar_duplicado.jpg\" \/><\/p>\n<p><img decoding=\"async\" loading=\"lazy\" class=\"aligncenter size-full wp-image-690936\" src=\"https:\/\/www.diario5.com.ar\/wp-content\/uploads\/2025\/02\/esquiu20250223.jpg\" width=\"700\" height=\"920\" srcset=\"https:\/\/www.diario5.com.ar\/wp-content\/uploads\/2025\/02\/esquiu20250223.jpg 700w, https:\/\/www.diario5.com.ar\/wp-content\/uploads\/2025\/02\/esquiu20250223-228x300.jpg 228w\" sizes=\"(max-width: 700px) 100vw, 700px\" \/><\/p>\n<p><img decoding=\"async\" src=\"https:\/\/img.kiosko.net\/2025\/02\/23\/ar\/ar_diario_norte.jpg\" \/><\/p>\n<p><img decoding=\"async\" src=\"https:\/\/img.kiosko.net\/2025\/02\/23\/ar\/voz_chaco.jpg\" \/><\/p>\n<p><img decoding=\"async\" src=\"https:\/\/img.kiosko.net\/2025\/02\/23\/ar\/ar_diario_madryn.jpg\" \/><\/p>\n<p><img decoding=\"async\" src=\"https:\/\/img.kiosko.net\/2025\/02\/23\/ar\/ar_laprensa.jpg\" \/><\/p>\n<p><img decoding=\"async\" src=\"https:\/\/img.kiosko.net\/2025\/02\/23\/ar\/ar_cronista.jpg\" \/><\/p>\n<p><img decoding=\"async\" src=\"https:\/\/img.kiosko.net\/2025\/02\/23\/ar\/buenosaires_economico.jpg\" \/><\/p>\n<p><img decoding=\"async\" src=\"https:\/\/img.kiosko.net\/2025\/02\/23\/ar\/ar_perfil.jpg\" \/><\/p>\n<p><img decoding=\"async\" src=\"https:\/\/img.kiosko.net\/2025\/02\/23\/ar\/ar_eldia.jpg\" \/><\/p>\n<p><img decoding=\"async\" loading=\"lazy\" class=\"aligncenter size-full wp-image-690937\" src=\"https:\/\/www.diario5.com.ar\/wp-content\/uploads\/2025\/02\/ar_hoy20250223.jpg\" width=\"700\" height=\"926\" srcset=\"https:\/\/www.diario5.com.ar\/wp-content\/uploads\/2025\/02\/ar_hoy20250223.jpg 700w, https:\/\/www.diario5.com.ar\/wp-content\/uploads\/2025\/02\/ar_hoy20250223-227x300.jpg 227w\" sizes=\"(max-width: 700px) 100vw, 700px\" \/><\/p>\n<p><img decoding=\"async\" src=\"https:\/\/img.kiosko.net\/2025\/02\/23\/ar\/ar_democracia.jpg\" \/><\/p>\n<p><img decoding=\"async\" loading=\"lazy\" class=\"aligncenter size-full wp-image-690938\" src=\"https:\/\/www.diario5.com.ar\/wp-content\/uploads\/2025\/02\/ar_chubut20250223.jpg\" width=\"700\" height=\"901\" srcset=\"https:\/\/www.diario5.com.ar\/wp-content\/uploads\/2025\/02\/ar_chubut20250223.jpg 700w, https:\/\/www.diario5.com.ar\/wp-content\/uploads\/2025\/02\/ar_chubut20250223-233x300.jpg 233w\" sizes=\"(max-width: 700px) 100vw, 700px\" \/><\/p>\n<p><img decoding=\"async\" src=\"https:\/\/img.kiosko.net\/2025\/02\/23\/ar\/ar_epoca.jpg\" \/><\/p>\n<p><img decoding=\"async\" src=\"https:\/\/img.kiosko.net\/2025\/02\/23\/ar\/ar_litoral.jpg\" \/><\/p>\n<p><img decoding=\"async\" src=\"https:\/\/img.kiosko.net\/2025\/02\/23\/ar\/ar_heraldo.jpg\" \/><\/p>\n<p><img decoding=\"async\" src=\"https:\/\/img.kiosko.net\/2025\/02\/23\/ar\/ar_manana_formosa.jpg\" \/><\/p>\n<p><img decoding=\"async\" src=\"https:\/\/img.kiosko.net\/2025\/02\/23\/ar\/ar_diario_pampa.jpg\" \/><\/p>\n<p><img decoding=\"async\" src=\"https:\/\/img.kiosko.net\/2025\/02\/23\/ar\/ar_pagina12.jpg\" \/><\/p>\n<p><img decoding=\"async\" src=\"https:\/\/img.kiosko.net\/2025\/02\/23\/ar\/ar_arena.jpg\" \/><\/p>\n<p><img decoding=\"async\" src=\"https:\/\/img.kiosko.net\/2025\/02\/23\/ar\/independiente.jpg\" \/><\/p>\n<p><img decoding=\"async\" src=\"https:\/\/img.kiosko.net\/2025\/02\/23\/ar\/nueva_rioja.jpg\" \/><\/p>\n<p><img decoding=\"async\" src=\"https:\/\/img.kiosko.net\/2025\/02\/23\/ar\/ar_losandes.jpg\" \/><\/p>\n<p><img decoding=\"async\" src=\"https:\/\/img.kiosko.net\/2025\/02\/23\/ar\/ar_tribuno.jpg\" \/><\/p>\n<p><img decoding=\"async\" src=\"https:\/\/img.kiosko.net\/2025\/02\/23\/ar\/lea.jpg\" \/><\/p>\n<p><img decoding=\"async\" src=\"https:\/\/img.kiosko.net\/2025\/02\/23\/ar\/ar_nuevo_diario.jpg\" \/><\/p>\n<p><img decoding=\"async\" src=\"https:\/\/img.kiosko.net\/2025\/02\/23\/ar\/ar_diario_cuyo.jpg\" \/><\/p>\n<p><img decoding=\"async\" src=\"https:\/\/img.kiosko.net\/2025\/02\/23\/ar\/huarpe.jpg\" \/><\/p>\n<p><img decoding=\"async\" src=\"https:\/\/img.kiosko.net\/2025\/02\/23\/ar\/ar_diario_republica.jpg\" \/><\/p>\n<p><img decoding=\"async\" src=\"https:\/\/img.kiosko.net\/2025\/02\/23\/ar\/ar_litoral_sfe.jpg\" \/><\/p>\n<p><img decoding=\"async\" src=\"https:\/\/img.kiosko.net\/2025\/02\/23\/ar\/ciudadano.jpg\" \/><\/p>\n<p><img decoding=\"async\" src=\"https:\/\/img.kiosko.net\/2025\/02\/23\/ar\/ar_mirador_provincial.jpg\" \/><\/p>\n<p><img decoding=\"async\" src=\"https:\/\/img.kiosko.net\/2025\/02\/23\/ar\/ar_gaceta.jpg\" \/><\/p>\n<p><img decoding=\"async\" src=\"https:\/\/img.kiosko.net\/2025\/02\/23\/ar\/ar_cronica.jpg\" \/><\/p>\n<p><img decoding=\"async\" loading=\"lazy\" class=\"aligncenter size-full wp-image-690939\" src=\"https:\/\/www.diario5.com.ar\/wp-content\/uploads\/2025\/02\/ar_clarin20250223.jpg\" width=\"700\" height=\"977\" srcset=\"https:\/\/www.diario5.com.ar\/wp-content\/uploads\/2025\/02\/ar_clarin20250223.jpg 700w, https:\/\/www.diario5.com.ar\/wp-content\/uploads\/2025\/02\/ar_clarin20250223-215x300.jpg 215w\" sizes=\"(max-width: 700px) 100vw, 700px\" \/><\/p>\n<p><img decoding=\"async\" src=\"https:\/\/img.kiosko.net\/2025\/02\/23\/ar\/nacion.jpg\" \/><\/p>\n<p><img decoding=\"async\" src=\"https:\/\/img.kiosko.net\/2025\/02\/23\/ar\/ar_eco.jpg\" \/><\/p>\n<p><img decoding=\"async\" src=\"https:\/\/img.kiosko.net\/2025\/02\/23\/ar\/nuevo_diario.jpg\" \/><\/p>\n<p><img decoding=\"async\" src=\"https:\/\/img.kiosko.net\/2025\/02\/23\/ar\/sureno.jpg\" \/><\/p>\n<p><img decoding=\"async\" src=\"https:\/\/img.kiosko.net\/2025\/02\/23\/ar\/ar_duplicado.jpg\" \/><\/p>\n<p><img decoding=\"async\" src=\"https:\/\/img.kiosko.net\/2025\/02\/23\/ar\/tiempo_sur.jpg\" \/><\/p>\n<p><img decoding=\"async\" src=\"https:\/\/img.kiosko.net\/2025\/02\/23\/ar\/tiempo_argentino.jpg\" \/><\/p>\n<p><img decoding=\"async\" src=\"https:\/\/img.kiosko.net\/2025\/02\/23\/ar\/ar_epoca.jpg\" \/><\/p>\n<p><img decoding=\"async\" src=\"https:\/\/img.kiosko.net\/2025\/02\/23\/ar\/ar_elsol.jpg\" \/><\/p>\n<p><img decoding=\"async\" loading=\"lazy\" class=\"aligncenter size-full wp-image-690940\" src=\"https:\/\/www.diario5.com.ar\/wp-content\/uploads\/2025\/02\/ar_ancasti20250223.jpg\" width=\"700\" height=\"942\" srcset=\"https:\/\/www.diario5.com.ar\/wp-content\/uploads\/2025\/02\/ar_ancasti20250223.jpg 700w, https:\/\/www.diario5.com.ar\/wp-content\/uploads\/2025\/02\/ar_ancasti20250223-223x300.jpg 223w\" sizes=\"(max-width: 700px) 100vw, 700px\" \/><\/p>\n<p><img decoding=\"async\" loading=\"lazy\" class=\"aligncenter size-full wp-image-690941\" src=\"https:\/\/www.diario5.com.ar\/wp-content\/uploads\/2025\/02\/ar_rio_negro20250223.jpg\" width=\"700\" height=\"965\" srcset=\"https:\/\/www.diario5.com.ar\/wp-content\/uploads\/2025\/02\/ar_rio_negro20250223.jpg 700w, https:\/\/www.diario5.com.ar\/wp-content\/uploads\/2025\/02\/ar_rio_negro20250223-218x300.jpg 218w\" sizes=\"(max-width: 700px) 100vw, 700px\" \/><\/p>\n<p><img decoding=\"async\" src=\"https:\/\/img.kiosko.net\/2025\/02\/23\/ar\/ar_03.jpg\" \/><\/p>\n<p><img decoding=\"async\" src=\"https:\/\/img.kiosko.net\/2025\/02\/23\/ar\/ar_04.jpg\" \/><\/p>\n<p><img decoding=\"async\" src=\"https:\/\/img.kiosko.net\/2025\/02\/23\/ar\/ar_05.jpg\" \/><\/p>\n<p>&nbsp;<\/p>","protected":false},"excerpt":{"rendered":"<p>Se abren oportunidades para personas con vocaci\u00f3n para el cine y las producciones en video &nbsp; La Buenos Aires Film Commission anuncia una nueva serie de capacitaciones destinadas a profesionales del sector audiovisual. Con acceso a expertos y an\u00e1lisis de tendencias de la industria, estos programas buscan aportar herramientas para el desarrollo y la comercializaci\u00f3n [&hellip;]<\/p>","protected":false},"author":5,"featured_media":690935,"comment_status":"open","ping_status":"open","sticky":false,"template":"","format":"standard","meta":[],"categories":[478,5,26,56],"tags":[474,630,2788,2308],"series":[],"_links":{"self":[{"href":"https:\/\/www.diario5.com.ar\/es\/wp-json\/wp\/v2\/posts\/677529"}],"collection":[{"href":"https:\/\/www.diario5.com.ar\/es\/wp-json\/wp\/v2\/posts"}],"about":[{"href":"https:\/\/www.diario5.com.ar\/es\/wp-json\/wp\/v2\/types\/post"}],"author":[{"embeddable":true,"href":"https:\/\/www.diario5.com.ar\/es\/wp-json\/wp\/v2\/users\/5"}],"replies":[{"embeddable":true,"href":"https:\/\/www.diario5.com.ar\/es\/wp-json\/wp\/v2\/comments?post=677529"}],"version-history":[{"count":2,"href":"https:\/\/www.diario5.com.ar\/es\/wp-json\/wp\/v2\/posts\/677529\/revisions"}],"predecessor-version":[{"id":690924,"href":"https:\/\/www.diario5.com.ar\/es\/wp-json\/wp\/v2\/posts\/677529\/revisions\/690924"}],"wp:featuredmedia":[{"embeddable":true,"href":"https:\/\/www.diario5.com.ar\/es\/wp-json\/wp\/v2\/media\/690935"}],"wp:attachment":[{"href":"https:\/\/www.diario5.com.ar\/es\/wp-json\/wp\/v2\/media?parent=677529"}],"wp:term":[{"taxonomy":"category","embeddable":true,"href":"https:\/\/www.diario5.com.ar\/es\/wp-json\/wp\/v2\/categories?post=677529"},{"taxonomy":"post_tag","embeddable":true,"href":"https:\/\/www.diario5.com.ar\/es\/wp-json\/wp\/v2\/tags?post=677529"},{"taxonomy":"series","embeddable":true,"href":"https:\/\/www.diario5.com.ar\/es\/wp-json\/wp\/v2\/series?post=677529"}],"curies":[{"name":"wp","href":"https:\/\/api.w.org\/{rel}","templated":true}]}}