{"id":677528,"date":"2025-02-22T06:11:00","date_gmt":"2025-02-22T09:11:00","guid":{"rendered":"http:\/\/diario5.com.ar\/?p=677528"},"modified":"2025-10-29T00:34:47","modified_gmt":"2025-10-29T03:34:47","slug":"677528","status":"publish","type":"post","link":"https:\/\/www.diario5.com.ar\/es\/677528\/","title":{"rendered":"Controversia"},"content":{"rendered":"<h2 class=\"sub-title-primary\"> Es por la aprobaci\u00f3n acelerada del proyecto de demolici\u00f3n del Luna Park<\/h2> <p><img decoding=\"async\" src=\"https:\/\/www.diario5.com.ar\/imgtapas\/luna_park2.jpg\" \/><\/p>\n<p class=\"selectable-text copyable-text x15bjb6t x1n2onr6\" dir=\"ltr\"><span class=\"selectable-text copyable-text false\">En una decisi\u00f3n que abri\u00f3 una gran pol\u00e9mica, la Comisi\u00f3n Nacional de Monumentos aprob\u00f3 el proyecto de demolici\u00f3n del ic\u00f3nico estadio Luna Park. La iniciativa, impulsada por el Arzobispado de Buenos Aires y DF Entertainment, ha despertado cr\u00edticas y sospechas debido a la rapidez del proceso.<\/span><\/p>\n<p class=\"selectable-text copyable-text x15bjb6t x1n2onr6\" dir=\"ltr\"><span class=\"selectable-text copyable-text false\">Una norma impide demoler o alterar la estructura original del Luna, declarado Monumento Hist\u00f3rico Nacional en 2007 y ubicado dentro de un \u00c1rea de Protecci\u00f3n Hist\u00f3rica. Este plan aprobado prev\u00e9 aumentar su capacidad en un 53%, pasando de 8.400 a 13.000 espectadores.<\/span><\/p>\n<p class=\"selectable-text copyable-text x15bjb6t x1n2onr6\" dir=\"ltr\"><span class=\"selectable-text copyable-text false\">La concesi\u00f3n del estadio es por 40 a\u00f1os y la empresa le paga un mill\u00f3n de d\u00f3lares anuales de canon al Arzobispado.<\/span><\/p>\n<p class=\"selectable-text copyable-text x15bjb6t x1n2onr6\" dir=\"ltr\"><span class=\"selectable-text copyable-text false\">El proceso de aprobaci\u00f3n se resolvi\u00f3 en dos meses. Tr\u00e1mites similares suelen extenderse por meses o incluso a\u00f1os. Ahora, la decisi\u00f3n final recae en el Gobierno de la Ciudad y -seg\u00fan el contrato de concesi\u00f3n- el propio Papa Francisco.<\/span><\/p>\n<p class=\"selectable-text copyable-text x15bjb6t x1n2onr6\" dir=\"ltr\"><span class=\"selectable-text copyable-text false\">La <em>Fundaci\u00f3n Ciudad<\/em> y la <em>Asociaci\u00f3n Basta de Demoler<\/em> lideran el rechazo a una posible demolici\u00f3n total. Argumentan que el estadio podr\u00eda modernizarse sin comprometer su valor patrimonial ni vulnerar las normativas de protecci\u00f3n hist\u00f3rica.<\/span><\/p>\n<p class=\"selectable-text copyable-text x15bjb6t x1n2onr6\" dir=\"ltr\"><span class=\"selectable-text copyable-text false\">Precisamente, los impulsores de la reforma aseguran que el frente original dise\u00f1ado por el arquitecto K\u00e1lnay, se mantendr\u00e1 intacto.<\/span><\/p>\n<p class=\"selectable-text copyable-text x15bjb6t x1n2onr6\" dir=\"ltr\"><span class=\"selectable-text copyable-text false\">El debate reci\u00e9n comienza.<\/span><\/p>\n<p>&nbsp;<\/p>","protected":false},"excerpt":{"rendered":"<p>Es por la aprobaci\u00f3n acelerada del proyecto de demolici\u00f3n del Luna Park En una decisi\u00f3n que abri\u00f3 una gran pol\u00e9mica, la Comisi\u00f3n Nacional de Monumentos aprob\u00f3 el proyecto de demolici\u00f3n del ic\u00f3nico estadio Luna Park. La iniciativa, impulsada por el Arzobispado de Buenos Aires y DF Entertainment, ha despertado cr\u00edticas y sospechas debido a la [&hellip;]<\/p>","protected":false},"author":5,"featured_media":695179,"comment_status":"open","ping_status":"open","sticky":false,"template":"","format":"standard","meta":[],"categories":[471,482,56,6],"tags":[2800,2798,474,4342,3026,2799,2794,2931,2801,2797,1650,3343,1683],"series":[],"_links":{"self":[{"href":"https:\/\/www.diario5.com.ar\/es\/wp-json\/wp\/v2\/posts\/677528"}],"collection":[{"href":"https:\/\/www.diario5.com.ar\/es\/wp-json\/wp\/v2\/posts"}],"about":[{"href":"https:\/\/www.diario5.com.ar\/es\/wp-json\/wp\/v2\/types\/post"}],"author":[{"embeddable":true,"href":"https:\/\/www.diario5.com.ar\/es\/wp-json\/wp\/v2\/users\/5"}],"replies":[{"embeddable":true,"href":"https:\/\/www.diario5.com.ar\/es\/wp-json\/wp\/v2\/comments?post=677528"}],"version-history":[{"count":6,"href":"https:\/\/www.diario5.com.ar\/es\/wp-json\/wp\/v2\/posts\/677528\/revisions"}],"predecessor-version":[{"id":695178,"href":"https:\/\/www.diario5.com.ar\/es\/wp-json\/wp\/v2\/posts\/677528\/revisions\/695178"}],"wp:featuredmedia":[{"embeddable":true,"href":"https:\/\/www.diario5.com.ar\/es\/wp-json\/wp\/v2\/media\/695179"}],"wp:attachment":[{"href":"https:\/\/www.diario5.com.ar\/es\/wp-json\/wp\/v2\/media?parent=677528"}],"wp:term":[{"taxonomy":"category","embeddable":true,"href":"https:\/\/www.diario5.com.ar\/es\/wp-json\/wp\/v2\/categories?post=677528"},{"taxonomy":"post_tag","embeddable":true,"href":"https:\/\/www.diario5.com.ar\/es\/wp-json\/wp\/v2\/tags?post=677528"},{"taxonomy":"series","embeddable":true,"href":"https:\/\/www.diario5.com.ar\/es\/wp-json\/wp\/v2\/series?post=677528"}],"curies":[{"name":"wp","href":"https:\/\/api.w.org\/{rel}","templated":true}]}}