{"id":677518,"date":"2025-02-12T06:11:00","date_gmt":"2025-02-12T09:11:00","guid":{"rendered":"http:\/\/diario5.com.ar\/?p=677518"},"modified":"2025-02-13T13:27:09","modified_gmt":"2025-02-13T16:27:09","slug":"677518","status":"publish","type":"post","link":"https:\/\/www.diario5.com.ar\/es\/677518\/","title":{"rendered":"Chacabuco"},"content":{"rendered":"<h2 class=\"sub-title-primary\"><\/h2> <p><img decoding=\"async\" loading=\"lazy\" class=\"alignnone size-full wp-image-690823\" src=\"https:\/\/www.diario5.com.ar\/wp-content\/uploads\/2025\/02\/batalla_Chacabuco.jpg\" alt=\"\" width=\"696\" height=\"418\" srcset=\"https:\/\/www.diario5.com.ar\/wp-content\/uploads\/2025\/02\/batalla_Chacabuco.jpg 696w, https:\/\/www.diario5.com.ar\/wp-content\/uploads\/2025\/02\/batalla_Chacabuco-300x180.jpg 300w\" sizes=\"(max-width: 696px) 100vw, 696px\" \/><\/p>\n<p>El 12 de febrero de 1817, la historia sudamericana se inclin\u00f3 hacia la independencia con la monumental Batalla de Chacabuco. Fue un choque de armas resultado de una estrategia pensada con mucha precisi\u00f3n por el General Jos\u00e9 de San Mart\u00edn, quien entend\u00eda que la liberaci\u00f3n de la Provincias Unidas del R\u00edo de la Plata solo ser\u00eda definitiva si Chile y Per\u00fa segu\u00edan el mismo camino.<\/p>\n<p>La traves\u00eda del Ej\u00e9rcito de los Andes fue un empresa tit\u00e1nica. M\u00e1s de cinco mil hombres atravesaron cansadoras monta\u00f1as en un movimiento calculado, divididos en columnas que avanzaban por diferentes pasos. Aparte de internarse entre los miles de recovecos de la cordillera y resolver c\u00f3mo pasar del otro lado, hab\u00eda que hacerlo con rapidez y sigilo, evitando el desgaste extremo y la detecci\u00f3n temprana. Jinetes adelantados se encargaban de la exploraci\u00f3n y la comunicaci\u00f3n, asegurando que la ofensiva no perdiera ritmo.<\/p>\n<p>El campo de batalla estaba a unos 55 kil\u00f3metros de Santiago. All\u00ed, las fuerzas patriotas, con unos dos mil efectivos, se enfrentaron a las tropas realistas comandadas por el coronel Rafael Maroto. San Mart\u00edn organiz\u00f3 un ataque en dos frentes: mientras el general Miguel Estanislao Soler dirig\u00eda la carga principal, O\u2019Higgins avanzaba en una maniobra frontal que, aunque precipitada, termin\u00f3 por desbaratar la resistencia espa\u00f1ola. En pocas horas, la victoria era un hecho.<\/p>\n<p>San Mart\u00edn no era un caudillo de discursos grandilocuentes ni de gestos teatrales. Su liderazgo se basaba en la planificaci\u00f3n meticulosa y en la capacidad de ver m\u00e1s all\u00e1 del horizonte inmediato. Entend\u00eda que una batalla ganada no era suficiente si no se aseguraba la estabilidad del territorio liberado. Su pragmatismo y visi\u00f3n continental fueron clave para que la causa independentista no quedara en manos del azar.<\/p>\n<p>Chacabuco, aparte de convertirse un triunfo militar para la historia, fue el primer gran golpe que marc\u00f3 el principio del fin del dominio espa\u00f1ol en Sudam\u00e9rica. No hubo \u00e9picas declamaciones ni gestos ampulosos, solo la certeza de que la independencia era un camino sin retorno.<\/p>\n<p>Es hermosa la escena de la pel\u00edcula \u00abEL Santo de la Espada\u00bb, de Leopoldo Torre Nilsson, en la que se realiza el brindis de celebraci\u00f3n entre los h\u00e9roes de Chacabuco y las nuevas autoridades chilenas.<\/p>\n<p><img decoding=\"async\" loading=\"lazy\" class=\"aligncenter size-full wp-image-690806\" src=\"https:\/\/www.diario5.com.ar\/wp-content\/uploads\/2025\/02\/ar_capital_rosario20250212.jpg\" width=\"700\" height=\"907\" srcset=\"https:\/\/www.diario5.com.ar\/wp-content\/uploads\/2025\/02\/ar_capital_rosario20250212.jpg 700w, https:\/\/www.diario5.com.ar\/wp-content\/uploads\/2025\/02\/ar_capital_rosario20250212-232x300.jpg 232w\" sizes=\"(max-width: 700px) 100vw, 700px\" \/><\/p>\n<p><img decoding=\"async\" loading=\"lazy\" class=\"aligncenter size-full wp-image-690807\" src=\"https:\/\/www.diario5.com.ar\/wp-content\/uploads\/2025\/02\/esquiu20250212.jpg\" width=\"700\" height=\"920\" srcset=\"https:\/\/www.diario5.com.ar\/wp-content\/uploads\/2025\/02\/esquiu20250212.jpg 700w, https:\/\/www.diario5.com.ar\/wp-content\/uploads\/2025\/02\/esquiu20250212-228x300.jpg 228w\" sizes=\"(max-width: 700px) 100vw, 700px\" \/><\/p>\n<p><img decoding=\"async\" loading=\"lazy\" class=\"aligncenter size-full wp-image-690808\" src=\"https:\/\/www.diario5.com.ar\/wp-content\/uploads\/2025\/02\/voz_chaco20250212.jpg\" width=\"700\" height=\"815\" srcset=\"https:\/\/www.diario5.com.ar\/wp-content\/uploads\/2025\/02\/voz_chaco20250212.jpg 700w, https:\/\/www.diario5.com.ar\/wp-content\/uploads\/2025\/02\/voz_chaco20250212-258x300.jpg 258w\" sizes=\"(max-width: 700px) 100vw, 700px\" \/><\/p>\n<p><img decoding=\"async\" loading=\"lazy\" class=\"aligncenter size-full wp-image-690809\" src=\"https:\/\/www.diario5.com.ar\/wp-content\/uploads\/2025\/02\/ar_eldia20250212.jpg\" width=\"700\" height=\"1008\" srcset=\"https:\/\/www.diario5.com.ar\/wp-content\/uploads\/2025\/02\/ar_eldia20250212.jpg 700w, https:\/\/www.diario5.com.ar\/wp-content\/uploads\/2025\/02\/ar_eldia20250212-208x300.jpg 208w\" sizes=\"(max-width: 700px) 100vw, 700px\" \/><\/p>\n<p><img decoding=\"async\" loading=\"lazy\" class=\"aligncenter size-full wp-image-690810\" src=\"https:\/\/www.diario5.com.ar\/wp-content\/uploads\/2025\/02\/ar_chubut20250212.jpg\" width=\"700\" height=\"905\" srcset=\"https:\/\/www.diario5.com.ar\/wp-content\/uploads\/2025\/02\/ar_chubut20250212.jpg 700w, https:\/\/www.diario5.com.ar\/wp-content\/uploads\/2025\/02\/ar_chubut20250212-232x300.jpg 232w\" sizes=\"(max-width: 700px) 100vw, 700px\" \/><br \/>\n<img decoding=\"async\" loading=\"lazy\" class=\"aligncenter size-full wp-image-690811\" src=\"https:\/\/www.diario5.com.ar\/wp-content\/uploads\/2025\/02\/ar_clarin20250212.jpg\" width=\"700\" height=\"977\" srcset=\"https:\/\/www.diario5.com.ar\/wp-content\/uploads\/2025\/02\/ar_clarin20250212.jpg 700w, https:\/\/www.diario5.com.ar\/wp-content\/uploads\/2025\/02\/ar_clarin20250212-215x300.jpg 215w\" sizes=\"(max-width: 700px) 100vw, 700px\" \/><\/p>\n<p><img decoding=\"async\" loading=\"lazy\" class=\"aligncenter size-full wp-image-690812\" src=\"https:\/\/www.diario5.com.ar\/wp-content\/uploads\/2025\/02\/ar_ancasti20250212.jpg\" width=\"700\" height=\"954\" srcset=\"https:\/\/www.diario5.com.ar\/wp-content\/uploads\/2025\/02\/ar_ancasti20250212.jpg 700w, https:\/\/www.diario5.com.ar\/wp-content\/uploads\/2025\/02\/ar_ancasti20250212-220x300.jpg 220w\" sizes=\"(max-width: 700px) 100vw, 700px\" \/><\/p>\n<p><img decoding=\"async\" loading=\"lazy\" class=\"aligncenter size-full wp-image-690813\" src=\"https:\/\/www.diario5.com.ar\/wp-content\/uploads\/2025\/02\/ar_rio_negro20250212.jpg\" width=\"700\" height=\"975\" srcset=\"https:\/\/www.diario5.com.ar\/wp-content\/uploads\/2025\/02\/ar_rio_negro20250212.jpg 700w, https:\/\/www.diario5.com.ar\/wp-content\/uploads\/2025\/02\/ar_rio_negro20250212-215x300.jpg 215w\" sizes=\"(max-width: 700px) 100vw, 700px\" \/><\/p>","protected":false},"excerpt":{"rendered":"<p>El 12 de febrero de 1817, la historia sudamericana se inclin\u00f3 hacia la independencia con la monumental Batalla de Chacabuco. Fue un choque de armas resultado de una estrategia pensada con mucha precisi\u00f3n por el General Jos\u00e9 de San Mart\u00edn, quien entend\u00eda que la liberaci\u00f3n de la Provincias Unidas del R\u00edo de la Plata solo [&hellip;]<\/p>","protected":false},"author":27,"featured_media":690823,"comment_status":"open","ping_status":"open","sticky":false,"template":"","format":"standard","meta":[],"categories":[5,161,56],"tags":[1891,2094,931,2060,1869,1874,817],"series":[],"_links":{"self":[{"href":"https:\/\/www.diario5.com.ar\/es\/wp-json\/wp\/v2\/posts\/677518"}],"collection":[{"href":"https:\/\/www.diario5.com.ar\/es\/wp-json\/wp\/v2\/posts"}],"about":[{"href":"https:\/\/www.diario5.com.ar\/es\/wp-json\/wp\/v2\/types\/post"}],"author":[{"embeddable":true,"href":"https:\/\/www.diario5.com.ar\/es\/wp-json\/wp\/v2\/users\/27"}],"replies":[{"embeddable":true,"href":"https:\/\/www.diario5.com.ar\/es\/wp-json\/wp\/v2\/comments?post=677518"}],"version-history":[{"count":5,"href":"https:\/\/www.diario5.com.ar\/es\/wp-json\/wp\/v2\/posts\/677518\/revisions"}],"predecessor-version":[{"id":690824,"href":"https:\/\/www.diario5.com.ar\/es\/wp-json\/wp\/v2\/posts\/677518\/revisions\/690824"}],"wp:featuredmedia":[{"embeddable":true,"href":"https:\/\/www.diario5.com.ar\/es\/wp-json\/wp\/v2\/media\/690823"}],"wp:attachment":[{"href":"https:\/\/www.diario5.com.ar\/es\/wp-json\/wp\/v2\/media?parent=677518"}],"wp:term":[{"taxonomy":"category","embeddable":true,"href":"https:\/\/www.diario5.com.ar\/es\/wp-json\/wp\/v2\/categories?post=677518"},{"taxonomy":"post_tag","embeddable":true,"href":"https:\/\/www.diario5.com.ar\/es\/wp-json\/wp\/v2\/tags?post=677518"},{"taxonomy":"series","embeddable":true,"href":"https:\/\/www.diario5.com.ar\/es\/wp-json\/wp\/v2\/series?post=677518"}],"curies":[{"name":"wp","href":"https:\/\/api.w.org\/{rel}","templated":true}]}}