{"id":677514,"date":"2025-02-06T06:11:00","date_gmt":"2025-02-06T09:11:00","guid":{"rendered":"http:\/\/diario5.com.ar\/?p=677514"},"modified":"2025-02-06T23:25:24","modified_gmt":"2025-02-07T02:25:24","slug":"677514","status":"publish","type":"post","link":"https:\/\/www.diario5.com.ar\/es\/677514\/","title":{"rendered":"La excusa perfecta"},"content":{"rendered":"<h2 class=\"sub-title-primary\">Durante los fines de semana de febrero, los Bares Notables de Buenos Aires ser\u00e1n escenario de un recorrido musical por distintas tradiciones del mundo. En el marco del ciclo Cultura de Verano, artistas de gran trayectoria ofrecer\u00e1n espect\u00e1culos que abarcan desde el tango y el folklore argentino hasta la m\u00fasica celta, flamenca y brasiler<\/h2> <p><img decoding=\"async\" loading=\"lazy\" class=\"aligncenter size-full wp-image-690714\" src=\"https:\/\/www.diario5.com.ar\/wp-content\/uploads\/2025\/02\/10792010s20250206.jpg\" width=\"700\" height=\"466\" srcset=\"https:\/\/www.diario5.com.ar\/wp-content\/uploads\/2025\/02\/10792010s20250206.jpg 700w, https:\/\/www.diario5.com.ar\/wp-content\/uploads\/2025\/02\/10792010s20250206-300x200.jpg 300w\" sizes=\"(max-width: 700px) 100vw, 700px\" \/><\/p>\n<p>&nbsp;<\/p>\n<p>El ciclo M\u00fasicas del Mundo comienza a desplegar su abanico de sonidos en los Bares Notables de Buenos Aires, en el marco del programa Cultura de Verano. Este fin de semana es el punto de partida. La propuesta re\u00fane a artistas de jerarqu\u00eda que llevar\u00e1n a cada escenario una muestra de la riqueza musical de distintas culturas.<\/p>\n<p>Ma\u00f1ana, en el Bar Imperio del Hotel Savoy, Ana Mar\u00eda Cores dar\u00e1 inicio al ciclo con un repertorio de tangos, boleros y canciones espa\u00f1olas, en un homenaje a figuras como Tita Merello, Libertad Lamarque y Armando Manzanero que se presume altamente emotivo. Apostamos que Ana Mar\u00eda volver\u00e1 a desplegar ese talento tan aplaudido en comedias musicales: su capacidad de combinar m\u00fasica e interpretaci\u00f3n, con el humor como ingrediente destacado.<\/p>\n<p>En este arranque del ciclo <em>La m\u00fasica del mundo<\/em>, aparte de poder zambullirnos en las recreaciones de Ana Mar\u00eda Cores sobre coplas inmortales de Miguel de Molina, boleros de Mario Clavell o tangos de C\u00e1tulo Castillo, Sebasti\u00e1n Piana, Homero Manzi y An\u00edbal Troilo, estamos ante la excusa perfecta de conocer uno de los imperdibles de Buenos Aires: el Bar Imperio del Savoy.<\/p>\n<p><strong> Viernes 7 de febrero \u2013 20.00<br \/>\nBar Imperio del Hotel Savoy (Callao 181)<\/strong><\/p>\n<p>Y ma\u00f1ana, la cita es en El Viejo Buz\u00f3n, en el barrio de Caballito. A partir de las 21.00, el grupo Beltaine llevar\u00e1 a los presentes por un viaje sonoro de ra\u00edces celtas, con instrumentos tradicionales y arreglos que combinan lo antiguo y lo contempor\u00e1neo.<\/p>\n<p>El ciclo continuar\u00e1 durante todos los fines de semana de febrero, con propuestas que abarcan desde la m\u00fasica brasile\u00f1a hasta el flamenco, el chamam\u00e9 y los cl\u00e1sicos del tango.<\/p>\n<p>Formado por Maru Aponte Tinao, Julia Faletty, Gachi Flores y Santiago P\u00e9rez de Muro, <em>Beltaine<\/em> se inspira en la llegada de la luz, como su nombre sugiere en la tradici\u00f3n celta. Su propuesta combina instrumentos tradicionales y melod\u00edas que evocan antiguas festividades europeas. Una oportunidad \u00fanica para viajar con la m\u00fasica, sin salir de Buenos Aires.<\/p>\n<p><strong>S\u00e1bado 8 de febrero \u2013 21.00<\/strong><br \/>\n<strong>El Viejo Buz\u00f3n (Neuqu\u00e9n 1100, Caballito)<\/strong><\/p>\n<p><!--googleoff: index--><\/p>\n<p><img decoding=\"async\" loading=\"lazy\" class=\"aligncenter size-full wp-image-690715\" src=\"https:\/\/www.diario5.com.ar\/wp-content\/uploads\/2025\/02\/esquiu20250206.jpg\" width=\"700\" height=\"920\" srcset=\"https:\/\/www.diario5.com.ar\/wp-content\/uploads\/2025\/02\/esquiu20250206.jpg 700w, https:\/\/www.diario5.com.ar\/wp-content\/uploads\/2025\/02\/esquiu20250206-228x300.jpg 228w\" sizes=\"(max-width: 700px) 100vw, 700px\" \/><\/p>\n<p><img decoding=\"async\" src=\"https:\/\/img.kiosko.net\/2025\/02\/06\/ar\/ar_diario_norte.jpg\" \/><\/p>\n<p><img decoding=\"async\" loading=\"lazy\" class=\"aligncenter size-full wp-image-690716\" src=\"https:\/\/www.diario5.com.ar\/wp-content\/uploads\/2025\/02\/voz_chaco20250206.jpg\" width=\"700\" height=\"816\" srcset=\"https:\/\/www.diario5.com.ar\/wp-content\/uploads\/2025\/02\/voz_chaco20250206.jpg 700w, https:\/\/www.diario5.com.ar\/wp-content\/uploads\/2025\/02\/voz_chaco20250206-257x300.jpg 257w\" sizes=\"(max-width: 700px) 100vw, 700px\" \/><\/p>\n<p><img decoding=\"async\" loading=\"lazy\" class=\"aligncenter size-full wp-image-690723\" src=\"https:\/\/www.diario5.com.ar\/wp-content\/uploads\/2025\/02\/ar_cronista20250206.jpg\" width=\"700\" height=\"1007\" srcset=\"https:\/\/www.diario5.com.ar\/wp-content\/uploads\/2025\/02\/ar_cronista20250206.jpg 700w, https:\/\/www.diario5.com.ar\/wp-content\/uploads\/2025\/02\/ar_cronista20250206-209x300.jpg 209w\" sizes=\"(max-width: 700px) 100vw, 700px\" \/><\/p>\n<p><img decoding=\"async\" loading=\"lazy\" class=\"aligncenter size-full wp-image-690724\" src=\"https:\/\/www.diario5.com.ar\/wp-content\/uploads\/2025\/02\/ar_eldia20250206.jpg\" width=\"700\" height=\"1004\" srcset=\"https:\/\/www.diario5.com.ar\/wp-content\/uploads\/2025\/02\/ar_eldia20250206.jpg 700w, https:\/\/www.diario5.com.ar\/wp-content\/uploads\/2025\/02\/ar_eldia20250206-209x300.jpg 209w\" sizes=\"(max-width: 700px) 100vw, 700px\" \/><\/p>\n<p><img decoding=\"async\" loading=\"lazy\" class=\"aligncenter size-full wp-image-690718\" src=\"https:\/\/www.diario5.com.ar\/wp-content\/uploads\/2025\/02\/ar_chubut20250206.jpg\" width=\"700\" height=\"901\" srcset=\"https:\/\/www.diario5.com.ar\/wp-content\/uploads\/2025\/02\/ar_chubut20250206.jpg 700w, https:\/\/www.diario5.com.ar\/wp-content\/uploads\/2025\/02\/ar_chubut20250206-233x300.jpg 233w\" sizes=\"(max-width: 700px) 100vw, 700px\" \/><\/p>\n<p><img decoding=\"async\" loading=\"lazy\" class=\"aligncenter size-full wp-image-690725\" src=\"https:\/\/www.diario5.com.ar\/wp-content\/uploads\/2025\/02\/ar_litoral_sfe20250206.jpg\" width=\"700\" height=\"923\" srcset=\"https:\/\/www.diario5.com.ar\/wp-content\/uploads\/2025\/02\/ar_litoral_sfe20250206.jpg 700w, https:\/\/www.diario5.com.ar\/wp-content\/uploads\/2025\/02\/ar_litoral_sfe20250206-228x300.jpg 228w\" sizes=\"(max-width: 700px) 100vw, 700px\" \/><\/p>\n<p><img decoding=\"async\" src=\"https:\/\/img.kiosko.net\/2025\/02\/06\/ar\/ciudadano.jpg\" \/><\/p>\n<p><img decoding=\"async\" loading=\"lazy\" class=\"aligncenter size-full wp-image-690726\" src=\"https:\/\/www.diario5.com.ar\/wp-content\/uploads\/2025\/02\/ar_mirador_provincial20250206.jpg\" width=\"700\" height=\"939\" srcset=\"https:\/\/www.diario5.com.ar\/wp-content\/uploads\/2025\/02\/ar_mirador_provincial20250206.jpg 700w, https:\/\/www.diario5.com.ar\/wp-content\/uploads\/2025\/02\/ar_mirador_provincial20250206-224x300.jpg 224w\" sizes=\"(max-width: 700px) 100vw, 700px\" \/><\/p>\n<p><img decoding=\"async\" loading=\"lazy\" class=\"aligncenter size-full wp-image-690719\" src=\"https:\/\/www.diario5.com.ar\/wp-content\/uploads\/2025\/02\/ar_clarin20250206.jpg\" width=\"700\" height=\"977\" srcset=\"https:\/\/www.diario5.com.ar\/wp-content\/uploads\/2025\/02\/ar_clarin20250206.jpg 700w, https:\/\/www.diario5.com.ar\/wp-content\/uploads\/2025\/02\/ar_clarin20250206-215x300.jpg 215w\" sizes=\"(max-width: 700px) 100vw, 700px\" \/><\/p>\n<p><img decoding=\"async\" loading=\"lazy\" class=\"aligncenter size-full wp-image-690727\" src=\"https:\/\/www.diario5.com.ar\/wp-content\/uploads\/2025\/02\/nacion20250206.jpg\" width=\"699\" height=\"1052\" srcset=\"https:\/\/www.diario5.com.ar\/wp-content\/uploads\/2025\/02\/nacion20250206.jpg 699w, https:\/\/www.diario5.com.ar\/wp-content\/uploads\/2025\/02\/nacion20250206-199x300.jpg 199w, https:\/\/www.diario5.com.ar\/wp-content\/uploads\/2025\/02\/nacion20250206-680x1024.jpg 680w\" sizes=\"(max-width: 699px) 100vw, 699px\" \/><\/p>\n<p><img decoding=\"async\" loading=\"lazy\" class=\"aligncenter size-full wp-image-690720\" src=\"https:\/\/www.diario5.com.ar\/wp-content\/uploads\/2025\/02\/ar_ancasti20250206.jpg\" width=\"700\" height=\"949\" srcset=\"https:\/\/www.diario5.com.ar\/wp-content\/uploads\/2025\/02\/ar_ancasti20250206.jpg 700w, https:\/\/www.diario5.com.ar\/wp-content\/uploads\/2025\/02\/ar_ancasti20250206-221x300.jpg 221w\" sizes=\"(max-width: 700px) 100vw, 700px\" \/><\/p>\n<p><img decoding=\"async\" loading=\"lazy\" class=\"aligncenter size-full wp-image-690721\" src=\"https:\/\/www.diario5.com.ar\/wp-content\/uploads\/2025\/02\/ar_rio_negro20250206.jpg\" width=\"700\" height=\"969\" srcset=\"https:\/\/www.diario5.com.ar\/wp-content\/uploads\/2025\/02\/ar_rio_negro20250206.jpg 700w, https:\/\/www.diario5.com.ar\/wp-content\/uploads\/2025\/02\/ar_rio_negro20250206-217x300.jpg 217w\" sizes=\"(max-width: 700px) 100vw, 700px\" \/><\/p>\n<p>&nbsp;<\/p>","protected":false},"excerpt":{"rendered":"<p>Durante los fines de semana de febrero, los Bares Notables de Buenos Aires ser\u00e1n escenario de un recorrido musical por distintas tradiciones del mundo. En el marco del ciclo Cultura de Verano, artistas de gran trayectoria ofrecer\u00e1n espect\u00e1culos que abarcan desde el tango y el folklore argentino hasta la m\u00fasica celta, flamenca y brasiler &nbsp; [&hellip;]<\/p>","protected":false},"author":1,"featured_media":690714,"comment_status":"open","ping_status":"open","sticky":false,"template":"","format":"standard","meta":[],"categories":[5,16,56],"tags":[2765,317,2771,2764,2755,2756,2767,2761,474,2708,2753,1283,2196,2766,1126,2770,1845,318,2754,286,2769,2759,2763,2757,2768,2758,1774,2772,401,1843,2760,2762],"series":[],"_links":{"self":[{"href":"https:\/\/www.diario5.com.ar\/es\/wp-json\/wp\/v2\/posts\/677514"}],"collection":[{"href":"https:\/\/www.diario5.com.ar\/es\/wp-json\/wp\/v2\/posts"}],"about":[{"href":"https:\/\/www.diario5.com.ar\/es\/wp-json\/wp\/v2\/types\/post"}],"author":[{"embeddable":true,"href":"https:\/\/www.diario5.com.ar\/es\/wp-json\/wp\/v2\/users\/1"}],"replies":[{"embeddable":true,"href":"https:\/\/www.diario5.com.ar\/es\/wp-json\/wp\/v2\/comments?post=677514"}],"version-history":[{"count":6,"href":"https:\/\/www.diario5.com.ar\/es\/wp-json\/wp\/v2\/posts\/677514\/revisions"}],"predecessor-version":[{"id":690728,"href":"https:\/\/www.diario5.com.ar\/es\/wp-json\/wp\/v2\/posts\/677514\/revisions\/690728"}],"wp:featuredmedia":[{"embeddable":true,"href":"https:\/\/www.diario5.com.ar\/es\/wp-json\/wp\/v2\/media\/690714"}],"wp:attachment":[{"href":"https:\/\/www.diario5.com.ar\/es\/wp-json\/wp\/v2\/media?parent=677514"}],"wp:term":[{"taxonomy":"category","embeddable":true,"href":"https:\/\/www.diario5.com.ar\/es\/wp-json\/wp\/v2\/categories?post=677514"},{"taxonomy":"post_tag","embeddable":true,"href":"https:\/\/www.diario5.com.ar\/es\/wp-json\/wp\/v2\/tags?post=677514"},{"taxonomy":"series","embeddable":true,"href":"https:\/\/www.diario5.com.ar\/es\/wp-json\/wp\/v2\/series?post=677514"}],"curies":[{"name":"wp","href":"https:\/\/api.w.org\/{rel}","templated":true}]}}