{"id":677509,"date":"2025-02-03T06:11:00","date_gmt":"2025-02-03T09:11:00","guid":{"rendered":"http:\/\/diario5.com.ar\/?p=677509"},"modified":"2025-02-04T13:25:48","modified_gmt":"2025-02-04T16:25:48","slug":"677509","status":"publish","type":"post","link":"https:\/\/www.diario5.com.ar\/es\/677509\/","title":{"rendered":"Taser y Byrna"},"content":{"rendered":"<h2 class=\"sub-title-primary\">\u00a1Ahora resulta que algunos comienzan a entender que una Taser no es una tarta M60!<\/h2> <p data-pm-slice=\"1 1 []\"><img decoding=\"async\" loading=\"lazy\" class=\"aligncenter size-full wp-image-690653\" src=\"https:\/\/www.diario5.com.ar\/wp-content\/uploads\/2025\/02\/WhatsApp-Image-2025-01-31-at-14.34.58-120250203.jpeg\" alt=\"Foto\" width=\"700\" height=\"467\" srcset=\"https:\/\/www.diario5.com.ar\/wp-content\/uploads\/2025\/02\/WhatsApp-Image-2025-01-31-at-14.34.58-120250203.jpeg 700w, https:\/\/www.diario5.com.ar\/wp-content\/uploads\/2025\/02\/WhatsApp-Image-2025-01-31-at-14.34.58-120250203-300x200.jpeg 300w\" sizes=\"(max-width: 700px) 100vw, 700px\" \/><\/p>\n<p data-pm-slice=\"1 1 []\">A ver, los iluminados del teclado, \u00bfse acuerdan cuando chillaban porque la yuta iba a andar electrocutando gente como si fuera Darth Vader? Bueno, les cuento: las Taser no s\u00f3lo  funcaron, sino que terminaron salvando vidas. Y ahora esos mismos que se floreaban en modo activista de cafecito se callan la boca o, peor a\u00fan, siguen llorando.<\/p>\n<p>Porque claro, si la poli saca el fierro y se defiende, \u00abes una barbaridad\u00bb. Pero si no hace nada, \u00ab\u00bfd\u00f3nde est\u00e1 la polic\u00eda?\u00bb. Y cuando le dan una herramienta intermedia, como las Taser, que sirven para neutralizar sin boletear a nadie, tampoco les gusta. Decisi\u00f3n, cumpas, que la hipocres\u00eda les chorrea.<\/p>\n<p>El yeite es que la Poli de la Ciudad viene laburando con estas armas de baja letalidad y los resultados pintan clar\u00edsimos. La Taser inmoviliza al peligroso de turno sin poner en riesgo al resto. \u00bfEjemplos? De sobra. Como la loquita en Ciudad Oculta que quer\u00eda mandar al otro barrio al hijo y a la pareja con un cuchillo. La polic\u00eda us\u00f3 la Taser, la fren\u00f3 en seco y, gracias a eso, el pibe pudo ser atendido en el hospital. \u00bfQu\u00e9 quer\u00edan, que esperaran a que los matara primero?<\/p>\n<p>Encima, cada vez que un agente desenfunda la Taser, se activa una c\u00e1mara que manda la se\u00f1al en vivo al Centro de Monitoreo. No hay chamuyo posible: todo queda registrado, sin margen para la saraza. Las Byrna son otras pistolas BL. Tambi\u00e9n sirven para frenar a los infumables de turno sin armar bolonquis mayores. Pero seguro que en unos meses aparece otro gur\u00fa a decir que tampoco hay que usarlas.<\/p>\n<p>As\u00ed que, mis amigos champions de la moral selectiva, ah\u00ed lo tienen: las Taser no s\u00f3lo  son efectivas de posta, sino que evitaron tragedias. Y la pr\u00f3xima vez que craneen cuestionarlas, acu\u00e9rdense de que sin estas \u00abmalvadas\u00bb armas de baja letalidad, habr\u00eda m\u00e1s v\u00edctimas y menos delincuentes neutralizados.<\/p>\n<p>Ahora \u00bfqu\u00e9 onda este bardo?<\/p>\n<div class=\"flex-shrink-0 flex flex-col relative items-end\">\n<div class=\"pt-0\">\n<div class=\"gizmo-bot-avatar flex h-8 w-8 items-center justify-center overflow-hidden rounded-full\">\n<div class=\"relative p-1 rounded-sm flex items-center justify-center bg-token-main-surface-primary text-token-text-primary h-8 w-8\">Es que en un encuentro que tuvo m\u00e1s aplausos que un gol en el descuento, el gobierno reuni\u00f3 a los muchachos de la PC para agradecerles por el laburo con las Taser.<\/div>\n<div><\/div>\n<div class=\"relative p-1 rounded-sm flex items-center justify-center bg-token-main-surface-primary text-token-text-primary h-8 w-8\">Obviamente, el capanga mayor, Jorge Macri, no se guard\u00f3 nada: \u201cHoy nadie pone en duda el uso de armas de baja letalidad. Y esa fue una discusi\u00f3n pol\u00edtica que dimos nosotros\u201d, tir\u00f3, mientras destacaba que los oficiales ahora tienen m\u00e1s herramientas para bancarse la inseguridad.<\/div>\n<\/div>\n<\/div>\n<\/div>\n<div class=\"group\/conversation-turn relative flex w-full min-w-0 flex-col agent-turn\">\n<div class=\"flex-col gap-1 md:gap-3\">\n<div class=\"flex max-w-full flex-col flex-grow\">\n<div class=\"min-h-8 text-message flex w-full flex-col items-end gap-2 whitespace-normal break-words text-start [.text-message+&amp;]:mt-5\" dir=\"auto\" data-message-author-role=\"assistant\" data-message-id=\"85e01214-799b-4ed5-ba6d-1f49e78f6bfa\" data-message-model-slug=\"gpt-4o\">\n<div class=\"flex w-full flex-col gap-1 empty:hidden first:pt-[3px]\">\n<div class=\"markdown prose w-full break-words dark:prose-invert light\">\n<p>Fue en el Punto Seguro del Parque 3 de Febrero. Y estaban, claro, los capos de Seguridad: ministro Waldo Wolff y secretario Ezequiel Daglio, todos pulgar en alto con el resultado de la movida. Repasaron acciones con Taser que evitaron <em>pater quilombus<\/em>. Lo m\u00e1s fuerte fue esa rosca en Ciudad Oculta. Hay que pensarlo, loco: la cana evit\u00f3 que una tipa le hiciera un desastre a su propio hijo! En otras \u00e9pocas, ese mambo pod\u00eda haber terminado en drama mal. Tragedia, por ah\u00ed. Hoy, con la Taser, asunto resuelto sin heridos de gravedad ni lamentos innecesarios.<\/p>\n<p>Ya se sabe que la pol\u00edtica no es un rumor. Macri, Wolff, Daglio y los oficiales, a la posteridad en foto. Pero m\u00e1s all\u00e1 de la imagen, qued\u00f3 claro que la polic\u00eda porte\u00f1a legitima a diario un nuevo recurso de laburo sin que los llorones de siempre tengan excusas para quejarse.<\/p>\n<\/div>\n<\/div>\n<\/div>\n<\/div>\n<\/div>\n<\/div>\n<p><!--googleoff: index--><\/p>\n<p><img decoding=\"async\" loading=\"lazy\" class=\"aligncenter size-full wp-image-690654\" src=\"https:\/\/www.diario5.com.ar\/wp-content\/uploads\/2025\/02\/esquiu20250203.jpg\" width=\"700\" height=\"920\" srcset=\"https:\/\/www.diario5.com.ar\/wp-content\/uploads\/2025\/02\/esquiu20250203.jpg 700w, https:\/\/www.diario5.com.ar\/wp-content\/uploads\/2025\/02\/esquiu20250203-228x300.jpg 228w\" sizes=\"(max-width: 700px) 100vw, 700px\" \/><\/p>\n<p><img decoding=\"async\" loading=\"lazy\" class=\"aligncenter size-full wp-image-690655\" src=\"https:\/\/www.diario5.com.ar\/wp-content\/uploads\/2025\/02\/voz_chaco20250203.jpg\" width=\"700\" height=\"816\" srcset=\"https:\/\/www.diario5.com.ar\/wp-content\/uploads\/2025\/02\/voz_chaco20250203.jpg 700w, https:\/\/www.diario5.com.ar\/wp-content\/uploads\/2025\/02\/voz_chaco20250203-257x300.jpg 257w\" sizes=\"(max-width: 700px) 100vw, 700px\" \/><\/p>\n<p><img decoding=\"async\" loading=\"lazy\" class=\"aligncenter size-full wp-image-690671\" src=\"https:\/\/www.diario5.com.ar\/wp-content\/uploads\/2025\/02\/ar_cronista20250204.jpg\" width=\"700\" height=\"1000\" srcset=\"https:\/\/www.diario5.com.ar\/wp-content\/uploads\/2025\/02\/ar_cronista20250204.jpg 700w, https:\/\/www.diario5.com.ar\/wp-content\/uploads\/2025\/02\/ar_cronista20250204-210x300.jpg 210w\" sizes=\"(max-width: 700px) 100vw, 700px\" \/><\/p>\n<p><img decoding=\"async\" loading=\"lazy\" class=\"aligncenter size-full wp-image-690656\" src=\"https:\/\/www.diario5.com.ar\/wp-content\/uploads\/2025\/02\/ar_eldia20250203.jpg\" width=\"700\" height=\"1010\" srcset=\"https:\/\/www.diario5.com.ar\/wp-content\/uploads\/2025\/02\/ar_eldia20250203.jpg 700w, https:\/\/www.diario5.com.ar\/wp-content\/uploads\/2025\/02\/ar_eldia20250203-208x300.jpg 208w\" sizes=\"(max-width: 700px) 100vw, 700px\" \/><\/p>\n<p><img decoding=\"async\" loading=\"lazy\" class=\"aligncenter size-full wp-image-690657\" src=\"https:\/\/www.diario5.com.ar\/wp-content\/uploads\/2025\/02\/ar_chubut20250203.jpg\" width=\"700\" height=\"896\" srcset=\"https:\/\/www.diario5.com.ar\/wp-content\/uploads\/2025\/02\/ar_chubut20250203.jpg 700w, https:\/\/www.diario5.com.ar\/wp-content\/uploads\/2025\/02\/ar_chubut20250203-234x300.jpg 234w\" sizes=\"(max-width: 700px) 100vw, 700px\" \/><\/p>\n<p><img decoding=\"async\" loading=\"lazy\" class=\"aligncenter size-full wp-image-690672\" src=\"https:\/\/www.diario5.com.ar\/wp-content\/uploads\/2025\/02\/ar_litoral_sfe20250204.jpg\" width=\"700\" height=\"923\" srcset=\"https:\/\/www.diario5.com.ar\/wp-content\/uploads\/2025\/02\/ar_litoral_sfe20250204.jpg 700w, https:\/\/www.diario5.com.ar\/wp-content\/uploads\/2025\/02\/ar_litoral_sfe20250204-228x300.jpg 228w\" sizes=\"(max-width: 700px) 100vw, 700px\" \/><\/p>\n<p><img decoding=\"async\" loading=\"lazy\" class=\"aligncenter size-full wp-image-690673\" src=\"https:\/\/www.diario5.com.ar\/wp-content\/uploads\/2025\/02\/ar_mirador_provincial20250204.jpg\" width=\"700\" height=\"939\" srcset=\"https:\/\/www.diario5.com.ar\/wp-content\/uploads\/2025\/02\/ar_mirador_provincial20250204.jpg 700w, https:\/\/www.diario5.com.ar\/wp-content\/uploads\/2025\/02\/ar_mirador_provincial20250204-224x300.jpg 224w\" sizes=\"(max-width: 700px) 100vw, 700px\" \/><\/p>\n<p><img decoding=\"async\" loading=\"lazy\" class=\"aligncenter size-full wp-image-690658\" src=\"https:\/\/www.diario5.com.ar\/wp-content\/uploads\/2025\/02\/ar_clarin20250203.jpg\" width=\"700\" height=\"977\" srcset=\"https:\/\/www.diario5.com.ar\/wp-content\/uploads\/2025\/02\/ar_clarin20250203.jpg 700w, https:\/\/www.diario5.com.ar\/wp-content\/uploads\/2025\/02\/ar_clarin20250203-215x300.jpg 215w\" sizes=\"(max-width: 700px) 100vw, 700px\" \/><\/p>\n<p><img decoding=\"async\" loading=\"lazy\" class=\"aligncenter size-full wp-image-690674\" src=\"https:\/\/www.diario5.com.ar\/wp-content\/uploads\/2025\/02\/nacion20250204.jpg\" width=\"700\" height=\"1065\" srcset=\"https:\/\/www.diario5.com.ar\/wp-content\/uploads\/2025\/02\/nacion20250204.jpg 700w, https:\/\/www.diario5.com.ar\/wp-content\/uploads\/2025\/02\/nacion20250204-197x300.jpg 197w, https:\/\/www.diario5.com.ar\/wp-content\/uploads\/2025\/02\/nacion20250204-673x1024.jpg 673w\" sizes=\"(max-width: 700px) 100vw, 700px\" \/><\/p>\n<p>&nbsp;<\/p>\n<p><img decoding=\"async\" loading=\"lazy\" class=\"aligncenter size-full wp-image-690659\" src=\"https:\/\/www.diario5.com.ar\/wp-content\/uploads\/2025\/02\/ar_ancasti20250203.jpg\" width=\"700\" height=\"949\" srcset=\"https:\/\/www.diario5.com.ar\/wp-content\/uploads\/2025\/02\/ar_ancasti20250203.jpg 700w, https:\/\/www.diario5.com.ar\/wp-content\/uploads\/2025\/02\/ar_ancasti20250203-221x300.jpg 221w\" sizes=\"(max-width: 700px) 100vw, 700px\" \/><\/p>\n<p><img decoding=\"async\" loading=\"lazy\" class=\"aligncenter size-full wp-image-690660\" src=\"https:\/\/www.diario5.com.ar\/wp-content\/uploads\/2025\/02\/ar_rio_negro20250203.jpg\" width=\"700\" height=\"940\" srcset=\"https:\/\/www.diario5.com.ar\/wp-content\/uploads\/2025\/02\/ar_rio_negro20250203.jpg 700w, https:\/\/www.diario5.com.ar\/wp-content\/uploads\/2025\/02\/ar_rio_negro20250203-223x300.jpg 223w\" sizes=\"(max-width: 700px) 100vw, 700px\" \/><\/p>","protected":false},"excerpt":{"rendered":"<p>\u00a1Ahora resulta que algunos comienzan a entender que una Taser no es una tarta M60! A ver, los iluminados del teclado, \u00bfse acuerdan cuando chillaban porque la yuta iba a andar electrocutando gente como si fuera Darth Vader? Bueno, les cuento: las Taser no s\u00f3lo funcaron, sino que terminaron salvando vidas. Y ahora esos mismos [&hellip;]<\/p>","protected":false},"author":22,"featured_media":690653,"comment_status":"open","ping_status":"open","sticky":false,"template":"","format":"standard","meta":[],"categories":[673,28,56],"tags":[2743,2739,2737,2740,2741,2749,2745,2744,2748,2733,2735,2467,1094,982,362,1860,2736,2747,2382,684,2742,2148,546,537,2738,2723,2746,2734],"series":[],"_links":{"self":[{"href":"https:\/\/www.diario5.com.ar\/es\/wp-json\/wp\/v2\/posts\/677509"}],"collection":[{"href":"https:\/\/www.diario5.com.ar\/es\/wp-json\/wp\/v2\/posts"}],"about":[{"href":"https:\/\/www.diario5.com.ar\/es\/wp-json\/wp\/v2\/types\/post"}],"author":[{"embeddable":true,"href":"https:\/\/www.diario5.com.ar\/es\/wp-json\/wp\/v2\/users\/22"}],"replies":[{"embeddable":true,"href":"https:\/\/www.diario5.com.ar\/es\/wp-json\/wp\/v2\/comments?post=677509"}],"version-history":[{"count":5,"href":"https:\/\/www.diario5.com.ar\/es\/wp-json\/wp\/v2\/posts\/677509\/revisions"}],"predecessor-version":[{"id":690675,"href":"https:\/\/www.diario5.com.ar\/es\/wp-json\/wp\/v2\/posts\/677509\/revisions\/690675"}],"wp:featuredmedia":[{"embeddable":true,"href":"https:\/\/www.diario5.com.ar\/es\/wp-json\/wp\/v2\/media\/690653"}],"wp:attachment":[{"href":"https:\/\/www.diario5.com.ar\/es\/wp-json\/wp\/v2\/media?parent=677509"}],"wp:term":[{"taxonomy":"category","embeddable":true,"href":"https:\/\/www.diario5.com.ar\/es\/wp-json\/wp\/v2\/categories?post=677509"},{"taxonomy":"post_tag","embeddable":true,"href":"https:\/\/www.diario5.com.ar\/es\/wp-json\/wp\/v2\/tags?post=677509"},{"taxonomy":"series","embeddable":true,"href":"https:\/\/www.diario5.com.ar\/es\/wp-json\/wp\/v2\/series?post=677509"}],"curies":[{"name":"wp","href":"https:\/\/api.w.org\/{rel}","templated":true}]}}