{"id":677506,"date":"2025-01-31T06:11:00","date_gmt":"2025-01-31T09:11:00","guid":{"rendered":"http:\/\/diario5.com.ar\/?p=677506"},"modified":"2025-01-31T06:13:18","modified_gmt":"2025-01-31T09:13:18","slug":"677506","status":"publish","type":"post","link":"https:\/\/www.diario5.com.ar\/es\/677506\/","title":{"rendered":"Cinco ferias especiales porte\u00f1as: Agenda"},"content":{"rendered":"<h2 class=\"sub-title-primary\"><\/h2> <p data-pm-slice=\"1 1 []\"><img decoding=\"async\" loading=\"lazy\" class=\"aligncenter size-full wp-image-690608\" src=\"https:\/\/www.diario5.com.ar\/wp-content\/uploads\/2025\/01\/sabe-la-tierra20250131.jpeg\" width=\"700\" height=\"400\" srcset=\"https:\/\/www.diario5.com.ar\/wp-content\/uploads\/2025\/01\/sabe-la-tierra20250131.jpeg 700w, https:\/\/www.diario5.com.ar\/wp-content\/uploads\/2025\/01\/sabe-la-tierra20250131-300x171.jpeg 300w\" sizes=\"(max-width: 700px) 100vw, 700px\" \/><\/p>\n<p>Algunas personas se han convertido en clientela permanente. Aut\u00e9nticos \u00abhabitu\u00e9s\u00bb. Vecinos y visitantes de Buenos Aires tendr\u00e1n la oportunidad de conseguir productos de cinco ferias especiales con amplia variedad de propuestas gastron\u00f3micas, artesanales y de productos saludables. Se arman en distintos puntos de la ciudad.<\/p>\n<h3><strong>Nuevos Sabores en los Parques de Verano<\/strong><\/h3>\n<p>Gastron\u00f3mica.<\/p>\n<p>Todo al aire libre.<\/p>\n<p>Contin\u00faa hasta el 16 de febrero en los Parques de Verano de Parque de los Ni\u00f1os, en Nu\u00f1ez ubicados (Av. Cantilo y Av. General Paz) y Parque de la Ciudad, Villa Soldati (Av. Cruz 4000).<\/p>\n<p>Funciona de 10 a 20.<\/p>\n<p>Es parte de las actividades de Verano en la Ciudad, con entrada libre y gratuita. Siempre se suspende por lluvia. En cada parque hay cuatro puestos gastron\u00f3micos con opciones variadas: en el Parque de los Ni\u00f1os se podr\u00e1n degustar arepas, waffles, cupcakes y teque\u00f1os venezolanos, crepes dulces y salados, panchos, pizza y meriendas especiales. En el Parque de la Ciudad, la oferta incluir\u00e1 helados, pizza, panchos, sandwiches de pernil, carne y pollo y teque\u00f1os. Se aceptan pagos en efectivo, Mercado Pago y, en algunos puestos, tarjetas de d\u00e9bito.<\/p>\n<h3><strong>BA Market en Saavedra<\/strong><\/h3>\n<p>La feria de productos saludables y t\u00edpicos llega al Parque Saavedra (Garc\u00eda del R\u00edo y Conde) este viernes y s\u00e1bado, de 17 a 24.<\/p>\n<p>Tambi\u00e9n es abierta, gratuita y si llueve se suspende.<\/p>\n<p>Son 45 puestos con alimentos listos para consumir en modalidad \u00abtake away\u00bb. Adem\u00e1s, aceites, cereales, especias, frutos secos, verduras, bebidas sin alcohol, hongos, infusiones, legumbres, l\u00e1cteos, panificados, mermeladas, plantas arom\u00e1ticas y comidas t\u00edpicas argentinas.<\/p>\n<p><img decoding=\"async\" loading=\"lazy\" class=\"aligncenter size-full wp-image-690609\" src=\"https:\/\/www.diario5.com.ar\/wp-content\/uploads\/2025\/01\/4d546901182eb1e98c3af6f831f13ea840a734c420250131.jpg\" width=\"700\" height=\"400\" srcset=\"https:\/\/www.diario5.com.ar\/wp-content\/uploads\/2025\/01\/4d546901182eb1e98c3af6f831f13ea840a734c420250131.jpg 700w, https:\/\/www.diario5.com.ar\/wp-content\/uploads\/2025\/01\/4d546901182eb1e98c3af6f831f13ea840a734c420250131-300x171.jpg 300w\" sizes=\"(max-width: 700px) 100vw, 700px\" \/><\/p>\n<h3><strong>Feria Voces del Sur en Barracas<\/strong><\/h3>\n<p>Se realizar\u00e1 este s\u00e1bado en Plaza Colombia (Av. Montes de Oca y Pinz\u00f3n) de 16 a 21.<\/p>\n<p>Con m\u00e1s de 50 puestos de productos de almac\u00e9n, bazar, indumentaria, calzado, perfumer\u00eda, lencer\u00eda, juguetes y artesan\u00edas, esta feria busca fomentar el desarrollo comercial del barrio y apoyar los emprendimientos de vecinos y vecinas.<\/p>\n<p>Tambi\u00e9 puede suspenderse por lluvia. Los feriantes aceptan pagos con <em>Mercado Pago, efectivo y tarjetas de cr\u00e9dito o d\u00e9bito<\/em>. Esta feria surgi\u00f3 durante la pandemia y ha continuado con ediciones itinerantes en distintas plazas y parques de la ciudad.<\/p>\n<h3><strong>Feria Migrante: celebraci\u00f3n de la cultura venezolana<\/strong><\/h3>\n<p>Esta feria arranc\u00f3 como una acci\u00f3n de interculturalidad e la inclusi\u00f3n. Hoy, los stands que exhiben productos t\u00edpicos venezolanos ganaron mayor inter\u00e9s en Buenos Aires.<\/p>\n<p>Se podr\u00e1 visitar hoy en \u00abNoches en la Comuna 12\u00bb (Holmberg 2548, Coghlan) de 18.30 a 22, ma\u00f1ana, s\u00e1bado y el domingo 2 de febrero en Parque Rivadavia (Av. Rivadavia 4950, Caballito) de 15 a 22.<\/p>\n<p>Naturalmente, de acceso libre y gratuito y se suspende por lluvia. Entre los productos gastron\u00f3micos disponibles se destacan teque\u00f1os, arepas, pan de jam\u00f3n, pan andino, cachapas, golfeados, patacones, licuados frutales y postres como tres leches y torta de pi\u00f1a. Tambi\u00e9n habr\u00e1 artesan\u00edas y objetos tradicionales.<\/p>\n<h3><strong>Sabe la Tierra: productos saludables en distintos puntos de la Ciudad<\/strong><\/h3>\n<p>La feria itinerante de alimentos saludables y dise\u00f1o sustentable ofrecer\u00e1 sus productos este fin de semana en diversos barrios:<\/p>\n<ul data-spread=\"false\">\n<li><strong>Viernes<\/strong>: Parque Rivadavia (Av. Rivadavia 4950) de 15 a 21.<\/li>\n<li><strong>S\u00e1bado<\/strong>: Plaza Arenales (Mercedes y Nueva York) de 15 a 21.<\/li>\n<li><strong>Domingo<\/strong>: Plaza Irlanda (Av. Gaona y Segu\u00ed) de 8 a 14, Parque Saavedra (Garc\u00eda del R\u00edo 3300) de 8 a 14 y Parque Las Heras (French y Av. Cnel. D\u00edaz) de 15 a 20.<\/li>\n<\/ul>\n<p>Se podr\u00e1 acceder a frutas y verduras agroecol\u00f3gicas, panificados y reposter\u00eda integral, quesos artesanales, huevos de campo, miel, aceites, jugos naturales, productos macrobi\u00f3ticos y sin TACC, adem\u00e1s de cosm\u00e9tica natural y objetos de dise\u00f1o realizados con material reciclado. Se aceptan pagos con Mercado Pago y tarjetas de d\u00e9bito.<\/p>\n<p><!--googleoff: index--><br \/>\n<!--googleon: index--><br \/>\n<img decoding=\"async\" src=\"https:\/\/img.kiosko.net\/2025\/01\/31\/ar\/ar_capital_rosario.jpg\" \/><\/p>\n<p><img decoding=\"async\" src=\"https:\/\/img.kiosko.net\/2025\/01\/31\/ar\/ar_nueva_provincia.jpg\" \/><\/p>\n<p><img decoding=\"async\" src=\"https:\/\/img.kiosko.net\/2025\/01\/31\/ar\/ar_duplicado.jpg\" \/><\/p>\n<p><img decoding=\"async\" loading=\"lazy\" class=\"aligncenter size-full wp-image-690610\" src=\"https:\/\/www.diario5.com.ar\/wp-content\/uploads\/2025\/01\/esquiu20250131.jpg\" width=\"700\" height=\"920\" srcset=\"https:\/\/www.diario5.com.ar\/wp-content\/uploads\/2025\/01\/esquiu20250131.jpg 700w, https:\/\/www.diario5.com.ar\/wp-content\/uploads\/2025\/01\/esquiu20250131-228x300.jpg 228w\" sizes=\"(max-width: 700px) 100vw, 700px\" \/><\/p>\n<p><img decoding=\"async\" src=\"https:\/\/img.kiosko.net\/2025\/01\/31\/ar\/ar_diario_norte.jpg\" \/><\/p>\n<p><img decoding=\"async\" loading=\"lazy\" class=\"aligncenter size-full wp-image-690611\" src=\"https:\/\/www.diario5.com.ar\/wp-content\/uploads\/2025\/01\/voz_chaco20250131.jpg\" width=\"700\" height=\"816\" srcset=\"https:\/\/www.diario5.com.ar\/wp-content\/uploads\/2025\/01\/voz_chaco20250131.jpg 700w, https:\/\/www.diario5.com.ar\/wp-content\/uploads\/2025\/01\/voz_chaco20250131-257x300.jpg 257w\" sizes=\"(max-width: 700px) 100vw, 700px\" \/><\/p>\n<p><img decoding=\"async\" src=\"https:\/\/img.kiosko.net\/2025\/01\/31\/ar\/ar_diario_madryn.jpg\" \/><\/p>\n<p><img decoding=\"async\" src=\"https:\/\/img.kiosko.net\/2025\/01\/31\/ar\/ar_laprensa.jpg\" \/><\/p>\n<p><img decoding=\"async\" src=\"https:\/\/img.kiosko.net\/2025\/01\/31\/ar\/ar_cronista.jpg\" \/><\/p>\n<p><img decoding=\"async\" src=\"https:\/\/img.kiosko.net\/2025\/01\/31\/ar\/buenosaires_economico.jpg\" \/><\/p>\n<p><img decoding=\"async\" src=\"https:\/\/img.kiosko.net\/2025\/01\/31\/ar\/ar_perfil.jpg\" \/><\/p>\n<p><img decoding=\"async\" loading=\"lazy\" class=\"aligncenter size-full wp-image-690612\" src=\"https:\/\/www.diario5.com.ar\/wp-content\/uploads\/2025\/01\/ar_eldia20250131.jpg\" width=\"700\" height=\"1004\" srcset=\"https:\/\/www.diario5.com.ar\/wp-content\/uploads\/2025\/01\/ar_eldia20250131.jpg 700w, https:\/\/www.diario5.com.ar\/wp-content\/uploads\/2025\/01\/ar_eldia20250131-209x300.jpg 209w\" sizes=\"(max-width: 700px) 100vw, 700px\" \/><\/p>\n<p><img decoding=\"async\" loading=\"lazy\" class=\"aligncenter size-full wp-image-690613\" src=\"https:\/\/www.diario5.com.ar\/wp-content\/uploads\/2025\/01\/ar_hoy20250131.jpg\" width=\"700\" height=\"923\" srcset=\"https:\/\/www.diario5.com.ar\/wp-content\/uploads\/2025\/01\/ar_hoy20250131.jpg 700w, https:\/\/www.diario5.com.ar\/wp-content\/uploads\/2025\/01\/ar_hoy20250131-228x300.jpg 228w\" sizes=\"(max-width: 700px) 100vw, 700px\" \/><\/p>\n<p><img decoding=\"async\" src=\"https:\/\/img.kiosko.net\/2025\/01\/31\/ar\/ar_democracia.jpg\" \/><\/p>\n<p><img decoding=\"async\" loading=\"lazy\" class=\"aligncenter size-full wp-image-690614\" src=\"https:\/\/www.diario5.com.ar\/wp-content\/uploads\/2025\/01\/ar_chubut20250131.jpg\" width=\"700\" height=\"902\" srcset=\"https:\/\/www.diario5.com.ar\/wp-content\/uploads\/2025\/01\/ar_chubut20250131.jpg 700w, https:\/\/www.diario5.com.ar\/wp-content\/uploads\/2025\/01\/ar_chubut20250131-233x300.jpg 233w\" sizes=\"(max-width: 700px) 100vw, 700px\" \/><\/p>\n<p><img decoding=\"async\" src=\"https:\/\/img.kiosko.net\/2025\/01\/31\/ar\/ar_epoca.jpg\" \/><\/p>\n<p><img decoding=\"async\" src=\"https:\/\/img.kiosko.net\/2025\/01\/31\/ar\/ar_litoral.jpg\" \/><\/p>\n<p><img decoding=\"async\" src=\"https:\/\/img.kiosko.net\/2025\/01\/31\/ar\/ar_heraldo.jpg\" \/><\/p>\n<p><img decoding=\"async\" src=\"https:\/\/img.kiosko.net\/2025\/01\/31\/ar\/ar_manana_formosa.jpg\" \/><\/p>\n<p><img decoding=\"async\" src=\"https:\/\/img.kiosko.net\/2025\/01\/31\/ar\/ar_diario_pampa.jpg\" \/><\/p>\n<p><img decoding=\"async\" src=\"https:\/\/img.kiosko.net\/2025\/01\/31\/ar\/ar_pagina12.jpg\" \/><\/p>\n<p><img decoding=\"async\" src=\"https:\/\/img.kiosko.net\/2025\/01\/31\/ar\/ar_arena.jpg\" \/><\/p>\n<p><img decoding=\"async\" src=\"https:\/\/img.kiosko.net\/2025\/01\/31\/ar\/independiente.jpg\" \/><\/p>\n<p><img decoding=\"async\" src=\"https:\/\/img.kiosko.net\/2025\/01\/31\/ar\/nueva_rioja.jpg\" \/><\/p>\n<p><img decoding=\"async\" src=\"https:\/\/img.kiosko.net\/2025\/01\/31\/ar\/ar_losandes.jpg\" \/><\/p>\n<p><img decoding=\"async\" src=\"https:\/\/img.kiosko.net\/2025\/01\/31\/ar\/ar_tribuno.jpg\" \/><\/p>\n<p><img decoding=\"async\" src=\"https:\/\/img.kiosko.net\/2025\/01\/31\/ar\/lea.jpg\" \/><\/p>\n<p><img decoding=\"async\" src=\"https:\/\/img.kiosko.net\/2025\/01\/31\/ar\/ar_nuevo_diario.jpg\" \/><\/p>\n<p><img decoding=\"async\" src=\"https:\/\/img.kiosko.net\/2025\/01\/31\/ar\/ar_diario_cuyo.jpg\" \/><\/p>\n<p><img decoding=\"async\" src=\"https:\/\/img.kiosko.net\/2025\/01\/31\/ar\/huarpe.jpg\" \/><\/p>\n<p><img decoding=\"async\" src=\"https:\/\/img.kiosko.net\/2025\/01\/31\/ar\/ar_diario_republica.jpg\" \/><\/p>\n<p><img decoding=\"async\" src=\"https:\/\/img.kiosko.net\/2025\/01\/31\/ar\/ar_litoral_sfe.jpg\" \/><\/p>\n<p><img decoding=\"async\" src=\"https:\/\/img.kiosko.net\/2025\/01\/31\/ar\/ciudadano.jpg\" \/><\/p>\n<p><img decoding=\"async\" src=\"https:\/\/img.kiosko.net\/2025\/01\/31\/ar\/ar_mirador_provincial.jpg\" \/><\/p>\n<p><img decoding=\"async\" src=\"https:\/\/img.kiosko.net\/2025\/01\/31\/ar\/ar_gaceta.jpg\" \/><\/p>\n<p><img decoding=\"async\" src=\"https:\/\/img.kiosko.net\/2025\/01\/31\/ar\/ar_cronica.jpg\" \/><\/p>\n<p><img decoding=\"async\" loading=\"lazy\" class=\"aligncenter size-full wp-image-690615\" src=\"https:\/\/www.diario5.com.ar\/wp-content\/uploads\/2025\/01\/ar_clarin20250131.jpg\" width=\"700\" height=\"977\" srcset=\"https:\/\/www.diario5.com.ar\/wp-content\/uploads\/2025\/01\/ar_clarin20250131.jpg 700w, https:\/\/www.diario5.com.ar\/wp-content\/uploads\/2025\/01\/ar_clarin20250131-215x300.jpg 215w\" sizes=\"(max-width: 700px) 100vw, 700px\" \/><\/p>\n<p><img decoding=\"async\" src=\"https:\/\/img.kiosko.net\/2025\/01\/31\/ar\/nacion.jpg\" \/><\/p>\n<p><img decoding=\"async\" src=\"https:\/\/img.kiosko.net\/2025\/01\/31\/ar\/ar_eco.jpg\" \/><\/p>\n<p><img decoding=\"async\" src=\"https:\/\/img.kiosko.net\/2025\/01\/31\/ar\/nuevo_diario.jpg\" \/><\/p>\n<p><img decoding=\"async\" src=\"https:\/\/img.kiosko.net\/2025\/01\/31\/ar\/sureno.jpg\" \/><\/p>\n<p><img decoding=\"async\" src=\"https:\/\/img.kiosko.net\/2025\/01\/31\/ar\/ar_duplicado.jpg\" \/><\/p>\n<p><img decoding=\"async\" src=\"https:\/\/img.kiosko.net\/2025\/01\/31\/ar\/tiempo_sur.jpg\" \/><\/p>\n<p><img decoding=\"async\" src=\"https:\/\/img.kiosko.net\/2025\/01\/31\/ar\/tiempo_argentino.jpg\" \/><\/p>\n<p><img decoding=\"async\" src=\"https:\/\/img.kiosko.net\/2025\/01\/31\/ar\/ar_epoca.jpg\" \/><\/p>\n<p><img decoding=\"async\" src=\"https:\/\/img.kiosko.net\/2025\/01\/31\/ar\/ar_elsol.jpg\" \/><\/p>\n<p><img decoding=\"async\" src=\"https:\/\/img.kiosko.net\/2025\/01\/31\/ar\/ar_ancasti.jpg\" \/><\/p>\n<p><img decoding=\"async\" loading=\"lazy\" class=\"aligncenter size-full wp-image-690616\" src=\"https:\/\/www.diario5.com.ar\/wp-content\/uploads\/2025\/01\/ar_rio_negro20250131.jpg\" width=\"700\" height=\"964\" srcset=\"https:\/\/www.diario5.com.ar\/wp-content\/uploads\/2025\/01\/ar_rio_negro20250131.jpg 700w, https:\/\/www.diario5.com.ar\/wp-content\/uploads\/2025\/01\/ar_rio_negro20250131-218x300.jpg 218w\" sizes=\"(max-width: 700px) 100vw, 700px\" \/><\/p>\n<p><img decoding=\"async\" src=\"https:\/\/img.kiosko.net\/2025\/01\/31\/ar\/ar_03.jpg\" \/><\/p>\n<p><img decoding=\"async\" src=\"https:\/\/img.kiosko.net\/2025\/01\/31\/ar\/ar_04.jpg\" \/><\/p>\n<p><img decoding=\"async\" src=\"https:\/\/img.kiosko.net\/2025\/01\/31\/ar\/ar_05.jpg\" \/><\/p>\n<p>&nbsp;<\/p>","protected":false},"excerpt":{"rendered":"<p>Algunas personas se han convertido en clientela permanente. Aut\u00e9nticos \u00abhabitu\u00e9s\u00bb. Vecinos y visitantes de Buenos Aires tendr\u00e1n la oportunidad de conseguir productos de cinco ferias especiales con amplia variedad de propuestas gastron\u00f3micas, artesanales y de productos saludables. Se arman en distintos puntos de la ciudad. Nuevos Sabores en los Parques de Verano Gastron\u00f3mica. Todo al [&hellip;]<\/p>","protected":false},"author":5,"featured_media":690608,"comment_status":"open","ping_status":"open","sticky":false,"template":"","format":"standard","meta":[],"categories":[2722,482,56],"tags":[154,474,2708,2402,803,279,1462,1625,2494,274,884,2401,2219,1430],"series":[],"_links":{"self":[{"href":"https:\/\/www.diario5.com.ar\/es\/wp-json\/wp\/v2\/posts\/677506"}],"collection":[{"href":"https:\/\/www.diario5.com.ar\/es\/wp-json\/wp\/v2\/posts"}],"about":[{"href":"https:\/\/www.diario5.com.ar\/es\/wp-json\/wp\/v2\/types\/post"}],"author":[{"embeddable":true,"href":"https:\/\/www.diario5.com.ar\/es\/wp-json\/wp\/v2\/users\/5"}],"replies":[{"embeddable":true,"href":"https:\/\/www.diario5.com.ar\/es\/wp-json\/wp\/v2\/comments?post=677506"}],"version-history":[{"count":2,"href":"https:\/\/www.diario5.com.ar\/es\/wp-json\/wp\/v2\/posts\/677506\/revisions"}],"predecessor-version":[{"id":690585,"href":"https:\/\/www.diario5.com.ar\/es\/wp-json\/wp\/v2\/posts\/677506\/revisions\/690585"}],"wp:featuredmedia":[{"embeddable":true,"href":"https:\/\/www.diario5.com.ar\/es\/wp-json\/wp\/v2\/media\/690608"}],"wp:attachment":[{"href":"https:\/\/www.diario5.com.ar\/es\/wp-json\/wp\/v2\/media?parent=677506"}],"wp:term":[{"taxonomy":"category","embeddable":true,"href":"https:\/\/www.diario5.com.ar\/es\/wp-json\/wp\/v2\/categories?post=677506"},{"taxonomy":"post_tag","embeddable":true,"href":"https:\/\/www.diario5.com.ar\/es\/wp-json\/wp\/v2\/tags?post=677506"},{"taxonomy":"series","embeddable":true,"href":"https:\/\/www.diario5.com.ar\/es\/wp-json\/wp\/v2\/series?post=677506"}],"curies":[{"name":"wp","href":"https:\/\/api.w.org\/{rel}","templated":true}]}}