{"id":677505,"date":"2025-01-30T06:11:00","date_gmt":"2025-01-30T09:11:00","guid":{"rendered":"http:\/\/diario5.com.ar\/?p=677505"},"modified":"2025-01-30T06:13:19","modified_gmt":"2025-01-30T09:13:19","slug":"677505","status":"publish","type":"post","link":"https:\/\/www.diario5.com.ar\/es\/677505\/","title":{"rendered":"Educaci\u00f3n: Anuncian Inversi\u00f3n"},"content":{"rendered":"<h2 class=\"sub-title-primary\">Se destinar\u00e1n m\u00e1s de $146 mil millones para infraestructura y equipamiento en escuelas. <\/h2> <p><img decoding=\"async\" loading=\"lazy\" class=\"alignnone size-full wp-image-690582\" src=\"https:\/\/www.diario5.com.ar\/wp-content\/uploads\/2025\/01\/escritorio_escolar_d5.jpg\" alt=\"\" width=\"1525\" height=\"612\" srcset=\"https:\/\/www.diario5.com.ar\/wp-content\/uploads\/2025\/01\/escritorio_escolar_d5.jpg 1525w, https:\/\/www.diario5.com.ar\/wp-content\/uploads\/2025\/01\/escritorio_escolar_d5-300x120.jpg 300w, https:\/\/www.diario5.com.ar\/wp-content\/uploads\/2025\/01\/escritorio_escolar_d5-1024x411.jpg 1024w, https:\/\/www.diario5.com.ar\/wp-content\/uploads\/2025\/01\/escritorio_escolar_d5-768x308.jpg 768w\" sizes=\"(max-width: 1525px) 100vw, 1525px\" \/><\/p>\n<p>El Gobierno de la Ciudad anunci\u00f3 una inversi\u00f3n de $146.600 millones destinada a la mejora del sistema educativo porte\u00f1o. Se llevar\u00e1n a cabo m\u00e1s de 600 obras de infraestructura en las escuelas, se reforzar\u00e1 la entrega de materiales y equipamiento tecnol\u00f3gico y se ampliar\u00e1 la asistencia a las cooperadoras escolares. La educaci\u00f3n, que representa el 20,1% del presupuesto total de la Ciudad, se proyecta como el \u00e1rea con mayor inversi\u00f3n en 2024.<\/p>\n<p>En el \u00e1rea de Infraestructura escolar, \u00a0se realizar\u00e1n 627 obras a lo largo del a\u00f1o, de las cuales 300 ya est\u00e1n en marcha. Se finalizar\u00e1 la construcci\u00f3n de dos nuevos edificios en Barracas: la Escuela T\u00e9cnica N\u00ba 15 y la Escuela Estaci\u00f3n Buenos Aires. Adem\u00e1s, 14 escuelas primarias y 9 jardines de infantes pasar\u00e1n de jornada simple a jornada completa.<\/p>\n<p>Un punto importante parece ser el apoyo a cooperadoras escolares.\u00a0Aumentar\u00e1n un 43% las transferencias del Fondo \u00danico Descentralizado de Educaci\u00f3n (FUDE), alcanzando los $3.000 millones para 833 cooperadoras.<\/p>\n<p>Se prev\u00e9 una entrega de kits escolares, En estos c\u00e1lcuos, \u00a0m\u00e1s de 134.000 alumnos recibir\u00e1n materiales espec\u00edficos bajo el programa \u201cYo Amo Aprender\u201d. Tambi\u00e9n se distribuir\u00e1n 203.328 manuales de estudio y 152.331 libros de ingl\u00e9s para nivel primario.<\/p>\n<p>El dossier de presupuesto Formaci\u00f3n docente, para la cual ser\u00e1 necesario fortalecer programas de ense\u00f1anza en Lengua y Matem\u00e1tica, adem\u00e1s de la implementaci\u00f3n del nuevo Dise\u00f1o Curricular de Primaria.<\/p>\n<p>Finalmente -y de alta jerarqu\u00eda en las prioridades- la Tecnolog\u00eda en el aula es parte de lo que parece ser que est\u00e1 pensando la administraci\u00f3n Jorge Macri: Anuncian la distribuci\u00f3n de 58.000 netbooks y tablets a trav\u00e9s del Plan Sarmiento y se instalar\u00e1n 350 pantallas interactivas en escuelas secundarias. Tambi\u00e9n se renovar\u00e1n 12.000 netbooks por obsolescencia.<\/p>\n<p><img decoding=\"async\" loading=\"lazy\" class=\"aligncenter size-full wp-image-690586\" src=\"https:\/\/www.diario5.com.ar\/wp-content\/uploads\/2025\/01\/WhatsApp-Image-2025-01-29-at-9.23.34-AM20250130.jpeg\" width=\"700\" height=\"466\" alt=\"Anuncios de Jorge Macri sobre Educaci\u00f3n.\" srcset=\"https:\/\/www.diario5.com.ar\/wp-content\/uploads\/2025\/01\/WhatsApp-Image-2025-01-29-at-9.23.34-AM20250130.jpeg 700w, https:\/\/www.diario5.com.ar\/wp-content\/uploads\/2025\/01\/WhatsApp-Image-2025-01-29-at-9.23.34-AM20250130-300x200.jpeg 300w\" sizes=\"(max-width: 700px) 100vw, 700px\" \/><\/p>\n<p><!--googleoff: index--><br \/>\n<!--googleon: index--><br \/>\n<img decoding=\"async\" src=\"https:\/\/img.kiosko.net\/2025\/01\/30\/ar\/ar_capital_rosario.jpg\" \/><\/p>\n<p><img decoding=\"async\" src=\"https:\/\/img.kiosko.net\/2025\/01\/30\/ar\/ar_nueva_provincia.jpg\" \/><\/p>\n<p><img decoding=\"async\" src=\"https:\/\/img.kiosko.net\/2025\/01\/30\/ar\/ar_duplicado.jpg\" \/><\/p>\n<p><img decoding=\"async\" loading=\"lazy\" class=\"aligncenter size-full wp-image-690587\" src=\"https:\/\/www.diario5.com.ar\/wp-content\/uploads\/2025\/01\/esquiu20250130.jpg\" width=\"700\" height=\"920\" srcset=\"https:\/\/www.diario5.com.ar\/wp-content\/uploads\/2025\/01\/esquiu20250130.jpg 700w, https:\/\/www.diario5.com.ar\/wp-content\/uploads\/2025\/01\/esquiu20250130-228x300.jpg 228w\" sizes=\"(max-width: 700px) 100vw, 700px\" \/><\/p>\n<p><img decoding=\"async\" src=\"https:\/\/img.kiosko.net\/2025\/01\/30\/ar\/ar_diario_norte.jpg\" \/><\/p>\n<p><img decoding=\"async\" loading=\"lazy\" class=\"aligncenter size-full wp-image-690588\" src=\"https:\/\/www.diario5.com.ar\/wp-content\/uploads\/2025\/01\/voz_chaco20250130.jpg\" width=\"700\" height=\"816\" srcset=\"https:\/\/www.diario5.com.ar\/wp-content\/uploads\/2025\/01\/voz_chaco20250130.jpg 700w, https:\/\/www.diario5.com.ar\/wp-content\/uploads\/2025\/01\/voz_chaco20250130-257x300.jpg 257w\" sizes=\"(max-width: 700px) 100vw, 700px\" \/><\/p>\n<p><img decoding=\"async\" src=\"https:\/\/img.kiosko.net\/2025\/01\/30\/ar\/ar_diario_madryn.jpg\" \/><\/p>\n<p><img decoding=\"async\" src=\"https:\/\/img.kiosko.net\/2025\/01\/30\/ar\/ar_laprensa.jpg\" \/><\/p>\n<p><img decoding=\"async\" src=\"https:\/\/img.kiosko.net\/2025\/01\/30\/ar\/ar_cronista.jpg\" \/><\/p>\n<p><img decoding=\"async\" src=\"https:\/\/img.kiosko.net\/2025\/01\/30\/ar\/buenosaires_economico.jpg\" \/><\/p>\n<p><img decoding=\"async\" src=\"https:\/\/img.kiosko.net\/2025\/01\/30\/ar\/ar_perfil.jpg\" \/><\/p>\n<p><img decoding=\"async\" src=\"https:\/\/img.kiosko.net\/2025\/01\/30\/ar\/ar_eldia.jpg\" \/><\/p>\n<p><img decoding=\"async\" loading=\"lazy\" class=\"aligncenter size-full wp-image-690589\" src=\"https:\/\/www.diario5.com.ar\/wp-content\/uploads\/2025\/01\/ar_hoy20250130.jpg\" width=\"700\" height=\"913\" srcset=\"https:\/\/www.diario5.com.ar\/wp-content\/uploads\/2025\/01\/ar_hoy20250130.jpg 700w, https:\/\/www.diario5.com.ar\/wp-content\/uploads\/2025\/01\/ar_hoy20250130-230x300.jpg 230w\" sizes=\"(max-width: 700px) 100vw, 700px\" \/><\/p>\n<p><img decoding=\"async\" src=\"https:\/\/img.kiosko.net\/2025\/01\/30\/ar\/ar_democracia.jpg\" \/><\/p>\n<p><img decoding=\"async\" loading=\"lazy\" class=\"aligncenter size-full wp-image-690590\" src=\"https:\/\/www.diario5.com.ar\/wp-content\/uploads\/2025\/01\/ar_chubut20250130.jpg\" width=\"700\" height=\"896\" srcset=\"https:\/\/www.diario5.com.ar\/wp-content\/uploads\/2025\/01\/ar_chubut20250130.jpg 700w, https:\/\/www.diario5.com.ar\/wp-content\/uploads\/2025\/01\/ar_chubut20250130-234x300.jpg 234w\" sizes=\"(max-width: 700px) 100vw, 700px\" \/><\/p>\n<p><img decoding=\"async\" src=\"https:\/\/img.kiosko.net\/2025\/01\/30\/ar\/ar_epoca.jpg\" \/><\/p>\n<p><img decoding=\"async\" src=\"https:\/\/img.kiosko.net\/2025\/01\/30\/ar\/ar_litoral.jpg\" \/><\/p>\n<p><img decoding=\"async\" src=\"https:\/\/img.kiosko.net\/2025\/01\/30\/ar\/ar_heraldo.jpg\" \/><\/p>\n<p><img decoding=\"async\" src=\"https:\/\/img.kiosko.net\/2025\/01\/30\/ar\/ar_manana_formosa.jpg\" \/><\/p>\n<p><img decoding=\"async\" src=\"https:\/\/img.kiosko.net\/2025\/01\/30\/ar\/ar_diario_pampa.jpg\" \/><\/p>\n<p><img decoding=\"async\" src=\"https:\/\/img.kiosko.net\/2025\/01\/30\/ar\/ar_pagina12.jpg\" \/><\/p>\n<p><img decoding=\"async\" src=\"https:\/\/img.kiosko.net\/2025\/01\/30\/ar\/ar_arena.jpg\" \/><\/p>\n<p><img decoding=\"async\" src=\"https:\/\/img.kiosko.net\/2025\/01\/30\/ar\/independiente.jpg\" \/><\/p>\n<p><img decoding=\"async\" src=\"https:\/\/img.kiosko.net\/2025\/01\/30\/ar\/nueva_rioja.jpg\" \/><\/p>\n<p><img decoding=\"async\" src=\"https:\/\/img.kiosko.net\/2025\/01\/30\/ar\/ar_losandes.jpg\" \/><\/p>\n<p><img decoding=\"async\" src=\"https:\/\/img.kiosko.net\/2025\/01\/30\/ar\/ar_tribuno.jpg\" \/><\/p>\n<p><img decoding=\"async\" src=\"https:\/\/img.kiosko.net\/2025\/01\/30\/ar\/lea.jpg\" \/><\/p>\n<p><img decoding=\"async\" src=\"https:\/\/img.kiosko.net\/2025\/01\/30\/ar\/ar_nuevo_diario.jpg\" \/><\/p>\n<p><img decoding=\"async\" src=\"https:\/\/img.kiosko.net\/2025\/01\/30\/ar\/ar_diario_cuyo.jpg\" \/><\/p>\n<p><img decoding=\"async\" src=\"https:\/\/img.kiosko.net\/2025\/01\/30\/ar\/huarpe.jpg\" \/><\/p>\n<p><img decoding=\"async\" src=\"https:\/\/img.kiosko.net\/2025\/01\/30\/ar\/ar_diario_republica.jpg\" \/><\/p>\n<p><img decoding=\"async\" src=\"https:\/\/img.kiosko.net\/2025\/01\/30\/ar\/ar_litoral_sfe.jpg\" \/><\/p>\n<p><img decoding=\"async\" src=\"https:\/\/img.kiosko.net\/2025\/01\/30\/ar\/ciudadano.jpg\" \/><\/p>\n<p><img decoding=\"async\" src=\"https:\/\/img.kiosko.net\/2025\/01\/30\/ar\/ar_mirador_provincial.jpg\" \/><\/p>\n<p><img decoding=\"async\" src=\"https:\/\/img.kiosko.net\/2025\/01\/30\/ar\/ar_gaceta.jpg\" \/><\/p>\n<p><img decoding=\"async\" src=\"https:\/\/img.kiosko.net\/2025\/01\/30\/ar\/ar_cronica.jpg\" \/><\/p>\n<p><img decoding=\"async\" loading=\"lazy\" class=\"aligncenter size-full wp-image-690591\" src=\"https:\/\/www.diario5.com.ar\/wp-content\/uploads\/2025\/01\/ar_clarin20250130.jpg\" width=\"700\" height=\"977\" srcset=\"https:\/\/www.diario5.com.ar\/wp-content\/uploads\/2025\/01\/ar_clarin20250130.jpg 700w, https:\/\/www.diario5.com.ar\/wp-content\/uploads\/2025\/01\/ar_clarin20250130-215x300.jpg 215w\" sizes=\"(max-width: 700px) 100vw, 700px\" \/><\/p>\n<p><img decoding=\"async\" src=\"https:\/\/img.kiosko.net\/2025\/01\/30\/ar\/nacion.jpg\" \/><\/p>\n<p><img decoding=\"async\" src=\"https:\/\/img.kiosko.net\/2025\/01\/30\/ar\/ar_eco.jpg\" \/><\/p>\n<p><img decoding=\"async\" src=\"https:\/\/img.kiosko.net\/2025\/01\/30\/ar\/nuevo_diario.jpg\" \/><\/p>\n<p><img decoding=\"async\" src=\"https:\/\/img.kiosko.net\/2025\/01\/30\/ar\/sureno.jpg\" \/><\/p>\n<p><img decoding=\"async\" src=\"https:\/\/img.kiosko.net\/2025\/01\/30\/ar\/ar_duplicado.jpg\" \/><\/p>\n<p><img decoding=\"async\" src=\"https:\/\/img.kiosko.net\/2025\/01\/30\/ar\/tiempo_sur.jpg\" \/><\/p>\n<p><img decoding=\"async\" src=\"https:\/\/img.kiosko.net\/2025\/01\/30\/ar\/tiempo_argentino.jpg\" \/><\/p>\n<p><img decoding=\"async\" src=\"https:\/\/img.kiosko.net\/2025\/01\/30\/ar\/ar_epoca.jpg\" \/><\/p>\n<p><img decoding=\"async\" src=\"https:\/\/img.kiosko.net\/2025\/01\/30\/ar\/ar_elsol.jpg\" \/><\/p>\n<p><img decoding=\"async\" loading=\"lazy\" class=\"aligncenter size-full wp-image-690592\" src=\"https:\/\/www.diario5.com.ar\/wp-content\/uploads\/2025\/01\/ar_ancasti20250130.jpg\" width=\"700\" height=\"941\" srcset=\"https:\/\/www.diario5.com.ar\/wp-content\/uploads\/2025\/01\/ar_ancasti20250130.jpg 700w, https:\/\/www.diario5.com.ar\/wp-content\/uploads\/2025\/01\/ar_ancasti20250130-223x300.jpg 223w\" sizes=\"(max-width: 700px) 100vw, 700px\" \/><\/p>\n<p><img decoding=\"async\" loading=\"lazy\" class=\"aligncenter size-full wp-image-690593\" src=\"https:\/\/www.diario5.com.ar\/wp-content\/uploads\/2025\/01\/ar_rio_negro20250130.jpg\" width=\"700\" height=\"972\" srcset=\"https:\/\/www.diario5.com.ar\/wp-content\/uploads\/2025\/01\/ar_rio_negro20250130.jpg 700w, https:\/\/www.diario5.com.ar\/wp-content\/uploads\/2025\/01\/ar_rio_negro20250130-216x300.jpg 216w\" sizes=\"(max-width: 700px) 100vw, 700px\" \/><\/p>\n<p><img decoding=\"async\" src=\"https:\/\/img.kiosko.net\/2025\/01\/30\/ar\/ar_03.jpg\" \/><\/p>\n<p><img decoding=\"async\" src=\"https:\/\/img.kiosko.net\/2025\/01\/30\/ar\/ar_04.jpg\" \/><\/p>\n<p><img decoding=\"async\" src=\"https:\/\/img.kiosko.net\/2025\/01\/30\/ar\/ar_05.jpg\" \/><\/p>\n<p>&nbsp;<\/p>","protected":false},"excerpt":{"rendered":"<p>Se destinar\u00e1n m\u00e1s de $146 mil millones para infraestructura y equipamiento en escuelas. El Gobierno de la Ciudad anunci\u00f3 una inversi\u00f3n de $146.600 millones destinada a la mejora del sistema educativo porte\u00f1o. Se llevar\u00e1n a cabo m\u00e1s de 600 obras de infraestructura en las escuelas, se reforzar\u00e1 la entrega de materiales y equipamiento tecnol\u00f3gico y [&hellip;]<\/p>","protected":false},"author":5,"featured_media":690582,"comment_status":"open","ping_status":"open","sticky":false,"template":"","format":"standard","meta":[],"categories":[26,56],"tags":[1160,474,27,2114,2117,624,982,2339,885],"series":[],"_links":{"self":[{"href":"https:\/\/www.diario5.com.ar\/es\/wp-json\/wp\/v2\/posts\/677505"}],"collection":[{"href":"https:\/\/www.diario5.com.ar\/es\/wp-json\/wp\/v2\/posts"}],"about":[{"href":"https:\/\/www.diario5.com.ar\/es\/wp-json\/wp\/v2\/types\/post"}],"author":[{"embeddable":true,"href":"https:\/\/www.diario5.com.ar\/es\/wp-json\/wp\/v2\/users\/5"}],"replies":[{"embeddable":true,"href":"https:\/\/www.diario5.com.ar\/es\/wp-json\/wp\/v2\/comments?post=677505"}],"version-history":[{"count":2,"href":"https:\/\/www.diario5.com.ar\/es\/wp-json\/wp\/v2\/posts\/677505\/revisions"}],"predecessor-version":[{"id":690581,"href":"https:\/\/www.diario5.com.ar\/es\/wp-json\/wp\/v2\/posts\/677505\/revisions\/690581"}],"wp:featuredmedia":[{"embeddable":true,"href":"https:\/\/www.diario5.com.ar\/es\/wp-json\/wp\/v2\/media\/690582"}],"wp:attachment":[{"href":"https:\/\/www.diario5.com.ar\/es\/wp-json\/wp\/v2\/media?parent=677505"}],"wp:term":[{"taxonomy":"category","embeddable":true,"href":"https:\/\/www.diario5.com.ar\/es\/wp-json\/wp\/v2\/categories?post=677505"},{"taxonomy":"post_tag","embeddable":true,"href":"https:\/\/www.diario5.com.ar\/es\/wp-json\/wp\/v2\/tags?post=677505"},{"taxonomy":"series","embeddable":true,"href":"https:\/\/www.diario5.com.ar\/es\/wp-json\/wp\/v2\/series?post=677505"}],"curies":[{"name":"wp","href":"https:\/\/api.w.org\/{rel}","templated":true}]}}