{"id":677504,"date":"2025-01-29T06:11:00","date_gmt":"2025-01-29T09:11:00","guid":{"rendered":"http:\/\/diario5.com.ar\/?p=677504"},"modified":"2025-01-29T06:13:02","modified_gmt":"2025-01-29T09:13:02","slug":"677504","status":"publish","type":"post","link":"https:\/\/www.diario5.com.ar\/es\/677504\/","title":{"rendered":"Nuevos paisajes"},"content":{"rendered":"<h2 class=\"sub-title-primary\"><\/h2> <p><img decoding=\"async\" loading=\"lazy\" class=\"alignnone size-full wp-image-690552\" src=\"https:\/\/www.diario5.com.ar\/wp-content\/uploads\/2025\/01\/transporte_publico_2024_d5.jpg\" alt=\"\" width=\"1999\" height=\"1333\" srcset=\"https:\/\/www.diario5.com.ar\/wp-content\/uploads\/2025\/01\/transporte_publico_2024_d5.jpg 1999w, https:\/\/www.diario5.com.ar\/wp-content\/uploads\/2025\/01\/transporte_publico_2024_d5-300x200.jpg 300w, https:\/\/www.diario5.com.ar\/wp-content\/uploads\/2025\/01\/transporte_publico_2024_d5-1024x683.jpg 1024w, https:\/\/www.diario5.com.ar\/wp-content\/uploads\/2025\/01\/transporte_publico_2024_d5-768x512.jpg 768w, https:\/\/www.diario5.com.ar\/wp-content\/uploads\/2025\/01\/transporte_publico_2024_d5-1536x1024.jpg 1536w\" sizes=\"(max-width: 1999px) 100vw, 1999px\" \/><\/p>\n<p>&nbsp;<\/p>\n<p>&nbsp;<\/p>\n<p>&nbsp;<\/p>\n<p>&nbsp;<\/p>\n<p>La Ciudad de Buenos Aires present\u00f3 un ambicioso Sistema Integrado de Movilidad Urbana, una iniciativa que busca modernizar, hacer m\u00e1s eficiente y promover la sustentabilidad en los medios de transporte porte\u00f1os. Este proyecto incluye mejoras significativas en la red de subtes, avances en la electromovilidad con la llegada de buses el\u00e9ctricos y un plan de ordenamiento del tr\u00e1nsito que apunta a reorganizar el espacio urbano.<\/p>\n<p>Seg\u00fan datos oficiales, en la Ciudad se realizan diariamente 7,9 millones de viajes, de los cuales casi la mitad son en transporte p\u00fablico. Este volumen exige una gesti\u00f3n estrat\u00e9gica para garantizar una movilidad eficiente y sustentable, explic\u00f3 el ministro de Infraestructura, Pablo Bereciartua. \u00abCon estas medidas, estamos marcando un hito fundamental para mejorar la movilidad en la ciudad de Buenos Aires\u00bb, afirm\u00f3.<\/p>\n<p>Uno de los ejes principales es la renovaci\u00f3n de la red de subtes, con una inversi\u00f3n de 370 millones de d\u00f3lares para adquirir 174 nuevos vagones para la l\u00ednea B y otros 40 para las l\u00edneas A y C. Las unidades, equipadas con aire acondicionado, beneficiar\u00e1n directamente a unos 470.000 pasajeros diarios. Adem\u00e1s, se modernizan estaciones y se impulsan obras de accesibilidad, incluyendo la instalaci\u00f3n de ascensores y escaleras mec\u00e1nicas.<\/p>\n<p>La transici\u00f3n hacia la electromovilidad tambi\u00e9n ocupa un lugar destacado en el plan. La primera l\u00ednea de colectivos el\u00e9ctricos conectar\u00e1 Plaza San Mart\u00edn con Parque Lezama, con 12 unidades fabricadas en China. Estas nuevas incorporaciones no s\u00f3lo reducen la emisi\u00f3n de gases contaminantes, sino que adem\u00e1s son silenciosas. El proyecto contempla una flota conducida exclusivamente por mujeres y estima transportar a 500.000 personas al a\u00f1o.<\/p>\n<p>En paralelo, el Gobierno porte\u00f1o asumi\u00f3 la gesti\u00f3n de 31 l\u00edneas de colectivo exclusivas de la Ciudad, modernizando su flota y reduciendo su antig\u00fcedad promedio a menos de 10 a\u00f1os. Tambi\u00e9n se instalaron m\u00e1s de 6.500 c\u00e1maras de seguridad y se activaron sistemas multipago, incluyendo el uso de tarjetas NFC, que ya acumulan m\u00e1s de dos millones de transacciones.<\/p>\n<p>El ordenamiento del tr\u00e1nsito es otro pilar del sistema. Las \u00e1reas de estacionamiento medido se expandir\u00e1n para fomentar la rotaci\u00f3n vehicular, mientras avanzan obras como la extensi\u00f3n de las colectoras de la autopista Dellepiane y la creaci\u00f3n de un biocorredor verde en sus laterales. A esto se suman nuevos pasos bajo nivel en Caballito y Villa Luro, esenciales para reducir siniestros y agilizar el tr\u00e1nsito.<\/p>\n<p>Con esta iniciativa, la Ciudad busca consolidar un modelo de movilidad que responda a las demandas del presente y las necesidades del futuro, integrando tecnolog\u00eda, sustentabilidad y eficiencia en el transporte p\u00fablico y privado.<\/p>\n<p><!--googleoff: index--><br \/>\n<!--googleon: index--><br \/>\n<img decoding=\"async\" src=\"https:\/\/img.kiosko.net\/2025\/01\/29\/ar\/ar_capital_rosario.jpg\" \/><\/p>\n<p><img decoding=\"async\" src=\"https:\/\/img.kiosko.net\/2025\/01\/29\/ar\/ar_nueva_provincia.jpg\" \/><\/p>\n<p><img decoding=\"async\" src=\"https:\/\/img.kiosko.net\/2025\/01\/29\/ar\/ar_duplicado.jpg\" \/><\/p>\n<p><img decoding=\"async\" loading=\"lazy\" class=\"aligncenter size-full wp-image-690572\" src=\"https:\/\/www.diario5.com.ar\/wp-content\/uploads\/2025\/01\/esquiu20250129.jpg\" width=\"700\" height=\"920\" srcset=\"https:\/\/www.diario5.com.ar\/wp-content\/uploads\/2025\/01\/esquiu20250129.jpg 700w, https:\/\/www.diario5.com.ar\/wp-content\/uploads\/2025\/01\/esquiu20250129-228x300.jpg 228w\" sizes=\"(max-width: 700px) 100vw, 700px\" \/><\/p>\n<p><img decoding=\"async\" src=\"https:\/\/img.kiosko.net\/2025\/01\/29\/ar\/ar_diario_norte.jpg\" \/><\/p>\n<p><img decoding=\"async\" loading=\"lazy\" class=\"aligncenter size-full wp-image-690573\" src=\"https:\/\/www.diario5.com.ar\/wp-content\/uploads\/2025\/01\/voz_chaco20250129.jpg\" width=\"700\" height=\"816\" srcset=\"https:\/\/www.diario5.com.ar\/wp-content\/uploads\/2025\/01\/voz_chaco20250129.jpg 700w, https:\/\/www.diario5.com.ar\/wp-content\/uploads\/2025\/01\/voz_chaco20250129-257x300.jpg 257w\" sizes=\"(max-width: 700px) 100vw, 700px\" \/><\/p>\n<p><img decoding=\"async\" src=\"https:\/\/img.kiosko.net\/2025\/01\/29\/ar\/ar_diario_madryn.jpg\" \/><\/p>\n<p><img decoding=\"async\" src=\"https:\/\/img.kiosko.net\/2025\/01\/29\/ar\/ar_laprensa.jpg\" \/><\/p>\n<p><img decoding=\"async\" src=\"https:\/\/img.kiosko.net\/2025\/01\/29\/ar\/ar_cronista.jpg\" \/><\/p>\n<p><img decoding=\"async\" src=\"https:\/\/img.kiosko.net\/2025\/01\/29\/ar\/buenosaires_economico.jpg\" \/><\/p>\n<p><img decoding=\"async\" src=\"https:\/\/img.kiosko.net\/2025\/01\/29\/ar\/ar_perfil.jpg\" \/><\/p>\n<p><img decoding=\"async\" loading=\"lazy\" class=\"aligncenter size-full wp-image-690574\" src=\"https:\/\/www.diario5.com.ar\/wp-content\/uploads\/2025\/01\/ar_eldia20250129.jpg\" width=\"700\" height=\"1008\" srcset=\"https:\/\/www.diario5.com.ar\/wp-content\/uploads\/2025\/01\/ar_eldia20250129.jpg 700w, https:\/\/www.diario5.com.ar\/wp-content\/uploads\/2025\/01\/ar_eldia20250129-208x300.jpg 208w\" sizes=\"(max-width: 700px) 100vw, 700px\" \/><\/p>\n<p><img decoding=\"async\" src=\"https:\/\/img.kiosko.net\/2025\/01\/29\/ar\/ar_hoy.jpg\" \/><\/p>\n<p><img decoding=\"async\" src=\"https:\/\/img.kiosko.net\/2025\/01\/29\/ar\/ar_democracia.jpg\" \/><\/p>\n<p><img decoding=\"async\" loading=\"lazy\" class=\"aligncenter size-full wp-image-690575\" src=\"https:\/\/www.diario5.com.ar\/wp-content\/uploads\/2025\/01\/ar_chubut20250129.jpg\" width=\"700\" height=\"896\" srcset=\"https:\/\/www.diario5.com.ar\/wp-content\/uploads\/2025\/01\/ar_chubut20250129.jpg 700w, https:\/\/www.diario5.com.ar\/wp-content\/uploads\/2025\/01\/ar_chubut20250129-234x300.jpg 234w\" sizes=\"(max-width: 700px) 100vw, 700px\" \/><\/p>\n<p><img decoding=\"async\" src=\"https:\/\/img.kiosko.net\/2025\/01\/29\/ar\/ar_epoca.jpg\" \/><\/p>\n<p><img decoding=\"async\" src=\"https:\/\/img.kiosko.net\/2025\/01\/29\/ar\/ar_litoral.jpg\" \/><\/p>\n<p><img decoding=\"async\" src=\"https:\/\/img.kiosko.net\/2025\/01\/29\/ar\/ar_heraldo.jpg\" \/><\/p>\n<p><img decoding=\"async\" src=\"https:\/\/img.kiosko.net\/2025\/01\/29\/ar\/ar_manana_formosa.jpg\" \/><\/p>\n<p><img decoding=\"async\" src=\"https:\/\/img.kiosko.net\/2025\/01\/29\/ar\/ar_diario_pampa.jpg\" \/><\/p>\n<p><img decoding=\"async\" src=\"https:\/\/img.kiosko.net\/2025\/01\/29\/ar\/ar_pagina12.jpg\" \/><\/p>\n<p><img decoding=\"async\" src=\"https:\/\/img.kiosko.net\/2025\/01\/29\/ar\/ar_arena.jpg\" \/><\/p>\n<p><img decoding=\"async\" src=\"https:\/\/img.kiosko.net\/2025\/01\/29\/ar\/independiente.jpg\" \/><\/p>\n<p><img decoding=\"async\" src=\"https:\/\/img.kiosko.net\/2025\/01\/29\/ar\/nueva_rioja.jpg\" \/><\/p>\n<p><img decoding=\"async\" src=\"https:\/\/img.kiosko.net\/2025\/01\/29\/ar\/ar_losandes.jpg\" \/><\/p>\n<p><img decoding=\"async\" src=\"https:\/\/img.kiosko.net\/2025\/01\/29\/ar\/ar_tribuno.jpg\" \/><\/p>\n<p><img decoding=\"async\" src=\"https:\/\/img.kiosko.net\/2025\/01\/29\/ar\/lea.jpg\" \/><\/p>\n<p><img decoding=\"async\" src=\"https:\/\/img.kiosko.net\/2025\/01\/29\/ar\/ar_nuevo_diario.jpg\" \/><\/p>\n<p><img decoding=\"async\" src=\"https:\/\/img.kiosko.net\/2025\/01\/29\/ar\/ar_diario_cuyo.jpg\" \/><\/p>\n<p><img decoding=\"async\" src=\"https:\/\/img.kiosko.net\/2025\/01\/29\/ar\/huarpe.jpg\" \/><\/p>\n<p><img decoding=\"async\" src=\"https:\/\/img.kiosko.net\/2025\/01\/29\/ar\/ar_diario_republica.jpg\" \/><\/p>\n<p><img decoding=\"async\" src=\"https:\/\/img.kiosko.net\/2025\/01\/29\/ar\/ar_litoral_sfe.jpg\" \/><\/p>\n<p><img decoding=\"async\" src=\"https:\/\/img.kiosko.net\/2025\/01\/29\/ar\/ciudadano.jpg\" \/><\/p>\n<p><img decoding=\"async\" src=\"https:\/\/img.kiosko.net\/2025\/01\/29\/ar\/ar_mirador_provincial.jpg\" \/><\/p>\n<p><img decoding=\"async\" src=\"https:\/\/img.kiosko.net\/2025\/01\/29\/ar\/ar_gaceta.jpg\" \/><\/p>\n<p><img decoding=\"async\" src=\"https:\/\/img.kiosko.net\/2025\/01\/29\/ar\/ar_cronica.jpg\" \/><\/p>\n<p><img decoding=\"async\" loading=\"lazy\" class=\"aligncenter size-full wp-image-690576\" src=\"https:\/\/www.diario5.com.ar\/wp-content\/uploads\/2025\/01\/ar_clarin20250129.jpg\" width=\"700\" height=\"977\" srcset=\"https:\/\/www.diario5.com.ar\/wp-content\/uploads\/2025\/01\/ar_clarin20250129.jpg 700w, https:\/\/www.diario5.com.ar\/wp-content\/uploads\/2025\/01\/ar_clarin20250129-215x300.jpg 215w\" sizes=\"(max-width: 700px) 100vw, 700px\" \/><\/p>\n<p><img decoding=\"async\" src=\"https:\/\/img.kiosko.net\/2025\/01\/29\/ar\/nacion.jpg\" \/><\/p>\n<p><img decoding=\"async\" src=\"https:\/\/img.kiosko.net\/2025\/01\/29\/ar\/ar_eco.jpg\" \/><\/p>\n<p><img decoding=\"async\" src=\"https:\/\/img.kiosko.net\/2025\/01\/29\/ar\/nuevo_diario.jpg\" \/><\/p>\n<p><img decoding=\"async\" src=\"https:\/\/img.kiosko.net\/2025\/01\/29\/ar\/sureno.jpg\" \/><\/p>\n<p><img decoding=\"async\" src=\"https:\/\/img.kiosko.net\/2025\/01\/29\/ar\/ar_duplicado.jpg\" \/><\/p>\n<p><img decoding=\"async\" src=\"https:\/\/img.kiosko.net\/2025\/01\/29\/ar\/tiempo_sur.jpg\" \/><\/p>\n<p><img decoding=\"async\" src=\"https:\/\/img.kiosko.net\/2025\/01\/29\/ar\/tiempo_argentino.jpg\" \/><\/p>\n<p><img decoding=\"async\" src=\"https:\/\/img.kiosko.net\/2025\/01\/29\/ar\/ar_epoca.jpg\" \/><\/p>\n<p><img decoding=\"async\" src=\"https:\/\/img.kiosko.net\/2025\/01\/29\/ar\/ar_elsol.jpg\" \/><\/p>\n<p><img decoding=\"async\" loading=\"lazy\" class=\"aligncenter size-full wp-image-690577\" src=\"https:\/\/www.diario5.com.ar\/wp-content\/uploads\/2025\/01\/ar_ancasti20250129.jpg\" width=\"700\" height=\"929\" srcset=\"https:\/\/www.diario5.com.ar\/wp-content\/uploads\/2025\/01\/ar_ancasti20250129.jpg 700w, https:\/\/www.diario5.com.ar\/wp-content\/uploads\/2025\/01\/ar_ancasti20250129-226x300.jpg 226w\" sizes=\"(max-width: 700px) 100vw, 700px\" \/><\/p>\n<p><img decoding=\"async\" loading=\"lazy\" class=\"aligncenter size-full wp-image-690578\" src=\"https:\/\/www.diario5.com.ar\/wp-content\/uploads\/2025\/01\/ar_rio_negro20250129.jpg\" width=\"700\" height=\"974\" srcset=\"https:\/\/www.diario5.com.ar\/wp-content\/uploads\/2025\/01\/ar_rio_negro20250129.jpg 700w, https:\/\/www.diario5.com.ar\/wp-content\/uploads\/2025\/01\/ar_rio_negro20250129-216x300.jpg 216w\" sizes=\"(max-width: 700px) 100vw, 700px\" \/><\/p>\n<p><img decoding=\"async\" src=\"https:\/\/img.kiosko.net\/2025\/01\/29\/ar\/ar_03.jpg\" \/><\/p>\n<p><img decoding=\"async\" src=\"https:\/\/img.kiosko.net\/2025\/01\/29\/ar\/ar_04.jpg\" \/><\/p>\n<p><img decoding=\"async\" src=\"https:\/\/img.kiosko.net\/2025\/01\/29\/ar\/ar_05.jpg\" \/><\/p>\n<p>&nbsp;<\/p>","protected":false},"excerpt":{"rendered":"<p>&nbsp; &nbsp; &nbsp; &nbsp; La Ciudad de Buenos Aires present\u00f3 un ambicioso Sistema Integrado de Movilidad Urbana, una iniciativa que busca modernizar, hacer m\u00e1s eficiente y promover la sustentabilidad en los medios de transporte porte\u00f1os. Este proyecto incluye mejoras significativas en la red de subtes, avances en la electromovilidad con la llegada de buses el\u00e9ctricos [&hellip;]<\/p>","protected":false},"author":5,"featured_media":690552,"comment_status":"open","ping_status":"open","sticky":false,"template":"","format":"standard","meta":[],"categories":[2406,2395,56,25],"tags":[2718,2713,2711,2709,2710,474,2708,2712,2714,630,87,1491,2703,2715,2387,2117,2704,2716,2721,2671,2374,2394,1593,2706,2719,2707,2717,817,537,2705,928,2720,929,1459,1713],"series":[],"_links":{"self":[{"href":"https:\/\/www.diario5.com.ar\/es\/wp-json\/wp\/v2\/posts\/677504"}],"collection":[{"href":"https:\/\/www.diario5.com.ar\/es\/wp-json\/wp\/v2\/posts"}],"about":[{"href":"https:\/\/www.diario5.com.ar\/es\/wp-json\/wp\/v2\/types\/post"}],"author":[{"embeddable":true,"href":"https:\/\/www.diario5.com.ar\/es\/wp-json\/wp\/v2\/users\/5"}],"replies":[{"embeddable":true,"href":"https:\/\/www.diario5.com.ar\/es\/wp-json\/wp\/v2\/comments?post=677504"}],"version-history":[{"count":3,"href":"https:\/\/www.diario5.com.ar\/es\/wp-json\/wp\/v2\/posts\/677504\/revisions"}],"predecessor-version":[{"id":690553,"href":"https:\/\/www.diario5.com.ar\/es\/wp-json\/wp\/v2\/posts\/677504\/revisions\/690553"}],"wp:featuredmedia":[{"embeddable":true,"href":"https:\/\/www.diario5.com.ar\/es\/wp-json\/wp\/v2\/media\/690552"}],"wp:attachment":[{"href":"https:\/\/www.diario5.com.ar\/es\/wp-json\/wp\/v2\/media?parent=677504"}],"wp:term":[{"taxonomy":"category","embeddable":true,"href":"https:\/\/www.diario5.com.ar\/es\/wp-json\/wp\/v2\/categories?post=677504"},{"taxonomy":"post_tag","embeddable":true,"href":"https:\/\/www.diario5.com.ar\/es\/wp-json\/wp\/v2\/tags?post=677504"},{"taxonomy":"series","embeddable":true,"href":"https:\/\/www.diario5.com.ar\/es\/wp-json\/wp\/v2\/series?post=677504"}],"curies":[{"name":"wp","href":"https:\/\/api.w.org\/{rel}","templated":true}]}}