{"id":677502,"date":"2025-01-27T06:11:00","date_gmt":"2025-01-27T09:11:00","guid":{"rendered":"http:\/\/diario5.com.ar\/?p=677502"},"modified":"2025-01-27T17:09:17","modified_gmt":"2025-01-27T20:09:17","slug":"677502","status":"publish","type":"post","link":"https:\/\/www.diario5.com.ar\/es\/677502\/","title":{"rendered":"Orden visual o confusi\u00f3n"},"content":{"rendered":"<h2 class=\"sub-title-primary\">\u00bfNo ser\u00e1n demasiados colores mezclados? \u00bfO es que el azul de los laterales de los colectivos uniformar\u00e1n los coches de tal modo que van a parecer todos iguales?<\/h2> <p><img decoding=\"async\" loading=\"lazy\" class=\"alignnone size-full wp-image-690541\" src=\"https:\/\/www.diario5.com.ar\/wp-content\/uploads\/2025\/01\/bondi_GCBA3.jpg\" alt=\"\" width=\"690\" height=\"447\" srcset=\"https:\/\/www.diario5.com.ar\/wp-content\/uploads\/2025\/01\/bondi_GCBA3.jpg 690w, https:\/\/www.diario5.com.ar\/wp-content\/uploads\/2025\/01\/bondi_GCBA3-300x194.jpg 300w\" sizes=\"(max-width: 690px) 100vw, 690px\" \/><\/p>\n<p>Se desconoce c\u00f3mo quedar\u00e1 el paisaje que ofrecer\u00e1n los \u00f3mnibus urbanos cuando se establezca de manera definitiva el cambio que se anuncia con las l\u00edneas que s\u00f3lo circulan dentro de los l\u00edmites de la Ciudad de Buenos Aires.<\/p>\n<p>De lo que m\u00e1s se habla en la ciudad y en los medios de comunicaci\u00f3n es de que las unidades tendr\u00e1n una nueva identificaci\u00f3n con fileteado porte\u00f1o que, por un lado puede ser le\u00eddo como un gui\u00f1o a la tradici\u00f3n cultural de la Ciudad, pero que los laterales sean uniformes con un ploteado en azul parece abrir espacio a las confusiones.<\/p>\n<p>Ya hay colectivos con ese cambio y algunas l\u00edneas parecen haber conseguido que s\u00f3lo el lateral delantero tenga ese \u00ablook\u00bb, mientras que de la puerta del medio hacia atr\u00e1s conserve los colores originales de la l\u00ednea.<\/p>\n<p>Hay quienes dicen que dentro de seis meses los abroquelamientos de colectivos en los lugares de alta circulaci\u00f3n de l\u00edneas conformar\u00e1n un mamarracho callejero. Otros, en cambio, entienden que -tarde o temprano- se generar\u00e1 una suerte de \u00abgrieta\u00bb, m\u00e1s o menos discriminatoria\u00bb, en la mirada de la poblaci\u00f3n sobre cualquier problema que pudiera suscitarse tanto con las l\u00edneas \u00abexclusivas\u00bb de la Ciudad como con las \u00abinterurbanas\u00bb.<\/p>\n<p>Enti\u00e9ndase que este tipo de diferenciaciones de identificaci\u00f3n de los bondis puede dejar abierta la opci\u00f3n a pol\u00e9micas comerciales entre las empresas de transporte y chicanas pol\u00edticas entre las administraciones de la Ciudad y la Provincia de Buenos Aires, en casos de accidentes, seguridad o delitos varios en el \u00e1mbito del transporte. Un choque cualquiera entre dos l\u00edneas \u00abno hermanadas\u00bb -m\u00e1s all\u00e1 de que las compa\u00f1\u00edas de seguro involucradas hagan bien su cobertura- disparar\u00e1 discusiones que podr\u00edan llegar a abrir conflictos no esperados.<\/p>\n<p>Que las intenciones sean buenas no siempre evita que ciertos \u00abremedios\u00bb aceleren enfermedades. Se espera que el nuevo sistema de ploteo de colectivos apunte a un orden mayor para que la poblaci\u00f3n viaje con comodidad y que los transportes que debe abordar no le depare a nadie sobresaltos ni stress, al notar que los bondis -aparte de tener absolutamente desordenadas sus paradas en la mayor\u00eda de los puntos de circulaci\u00f3n que no son Metrob\u00fas- encima, vienen con problemas de identificaci\u00f3n.<\/p>\n<p>&nbsp;<\/p>\n<p>&nbsp;<\/p>\n<p><img decoding=\"async\" loading=\"lazy\" class=\"aligncenter size-full wp-image-690528\" src=\"https:\/\/www.diario5.com.ar\/wp-content\/uploads\/2025\/01\/esquiu20250127.jpg\" width=\"700\" height=\"924\" srcset=\"https:\/\/www.diario5.com.ar\/wp-content\/uploads\/2025\/01\/esquiu20250127.jpg 700w, https:\/\/www.diario5.com.ar\/wp-content\/uploads\/2025\/01\/esquiu20250127-227x300.jpg 227w\" sizes=\"(max-width: 700px) 100vw, 700px\" \/><\/p>\n<p><img decoding=\"async\" loading=\"lazy\" class=\"aligncenter size-full wp-image-690529\" src=\"https:\/\/www.diario5.com.ar\/wp-content\/uploads\/2025\/01\/voz_chaco20250127.jpg\" width=\"700\" height=\"816\" srcset=\"https:\/\/www.diario5.com.ar\/wp-content\/uploads\/2025\/01\/voz_chaco20250127.jpg 700w, https:\/\/www.diario5.com.ar\/wp-content\/uploads\/2025\/01\/voz_chaco20250127-257x300.jpg 257w\" sizes=\"(max-width: 700px) 100vw, 700px\" \/><\/p>\n<p><img decoding=\"async\" loading=\"lazy\" class=\"aligncenter size-full wp-image-690535\" src=\"https:\/\/www.diario5.com.ar\/wp-content\/uploads\/2025\/01\/ar_cronista20250127.jpg\" width=\"700\" height=\"998\" srcset=\"https:\/\/www.diario5.com.ar\/wp-content\/uploads\/2025\/01\/ar_cronista20250127.jpg 700w, https:\/\/www.diario5.com.ar\/wp-content\/uploads\/2025\/01\/ar_cronista20250127-210x300.jpg 210w\" sizes=\"(max-width: 700px) 100vw, 700px\" \/><\/p>\n<p><img decoding=\"async\" loading=\"lazy\" class=\"aligncenter size-full wp-image-690536\" src=\"https:\/\/www.diario5.com.ar\/wp-content\/uploads\/2025\/01\/ar_eldia20250127.jpg\" width=\"700\" height=\"1004\" srcset=\"https:\/\/www.diario5.com.ar\/wp-content\/uploads\/2025\/01\/ar_eldia20250127.jpg 700w, https:\/\/www.diario5.com.ar\/wp-content\/uploads\/2025\/01\/ar_eldia20250127-209x300.jpg 209w\" sizes=\"(max-width: 700px) 100vw, 700px\" \/><\/p>\n<p><img decoding=\"async\" loading=\"lazy\" class=\"aligncenter size-full wp-image-690530\" src=\"https:\/\/www.diario5.com.ar\/wp-content\/uploads\/2025\/01\/ar_chubut20250127.jpg\" width=\"700\" height=\"905\" srcset=\"https:\/\/www.diario5.com.ar\/wp-content\/uploads\/2025\/01\/ar_chubut20250127.jpg 700w, https:\/\/www.diario5.com.ar\/wp-content\/uploads\/2025\/01\/ar_chubut20250127-232x300.jpg 232w\" sizes=\"(max-width: 700px) 100vw, 700px\" \/><\/p>\n<p><img decoding=\"async\" loading=\"lazy\" class=\"aligncenter size-full wp-image-690537\" src=\"https:\/\/www.diario5.com.ar\/wp-content\/uploads\/2025\/01\/ar_litoral_sfe20250127.jpg\" width=\"700\" height=\"923\" srcset=\"https:\/\/www.diario5.com.ar\/wp-content\/uploads\/2025\/01\/ar_litoral_sfe20250127.jpg 700w, https:\/\/www.diario5.com.ar\/wp-content\/uploads\/2025\/01\/ar_litoral_sfe20250127-228x300.jpg 228w\" sizes=\"(max-width: 700px) 100vw, 700px\" \/><\/p>\n<p><img decoding=\"async\" loading=\"lazy\" class=\"aligncenter size-full wp-image-690538\" src=\"https:\/\/www.diario5.com.ar\/wp-content\/uploads\/2025\/01\/ar_mirador_provincial20250127.jpg\" width=\"700\" height=\"939\" srcset=\"https:\/\/www.diario5.com.ar\/wp-content\/uploads\/2025\/01\/ar_mirador_provincial20250127.jpg 700w, https:\/\/www.diario5.com.ar\/wp-content\/uploads\/2025\/01\/ar_mirador_provincial20250127-224x300.jpg 224w\" sizes=\"(max-width: 700px) 100vw, 700px\" \/><\/p>\n<p><img decoding=\"async\" loading=\"lazy\" class=\"aligncenter size-full wp-image-690531\" src=\"https:\/\/www.diario5.com.ar\/wp-content\/uploads\/2025\/01\/ar_clarin20250127.jpg\" width=\"700\" height=\"977\" srcset=\"https:\/\/www.diario5.com.ar\/wp-content\/uploads\/2025\/01\/ar_clarin20250127.jpg 700w, https:\/\/www.diario5.com.ar\/wp-content\/uploads\/2025\/01\/ar_clarin20250127-215x300.jpg 215w\" sizes=\"(max-width: 700px) 100vw, 700px\" \/><\/p>\n<p><img decoding=\"async\" loading=\"lazy\" class=\"aligncenter size-full wp-image-690539\" src=\"https:\/\/www.diario5.com.ar\/wp-content\/uploads\/2025\/01\/nacion20250127.jpg\" width=\"700\" height=\"1062\" srcset=\"https:\/\/www.diario5.com.ar\/wp-content\/uploads\/2025\/01\/nacion20250127.jpg 700w, https:\/\/www.diario5.com.ar\/wp-content\/uploads\/2025\/01\/nacion20250127-198x300.jpg 198w, https:\/\/www.diario5.com.ar\/wp-content\/uploads\/2025\/01\/nacion20250127-675x1024.jpg 675w\" sizes=\"(max-width: 700px) 100vw, 700px\" \/><\/p>\n<p><img decoding=\"async\" loading=\"lazy\" class=\"aligncenter size-full wp-image-690532\" src=\"https:\/\/www.diario5.com.ar\/wp-content\/uploads\/2025\/01\/ar_ancasti20250127.jpg\" width=\"700\" height=\"942\" srcset=\"https:\/\/www.diario5.com.ar\/wp-content\/uploads\/2025\/01\/ar_ancasti20250127.jpg 700w, https:\/\/www.diario5.com.ar\/wp-content\/uploads\/2025\/01\/ar_ancasti20250127-223x300.jpg 223w\" sizes=\"(max-width: 700px) 100vw, 700px\" \/><\/p>\n<p><img decoding=\"async\" loading=\"lazy\" class=\"aligncenter size-full wp-image-690533\" src=\"https:\/\/www.diario5.com.ar\/wp-content\/uploads\/2025\/01\/ar_rio_negro20250127.jpg\" width=\"700\" height=\"979\" srcset=\"https:\/\/www.diario5.com.ar\/wp-content\/uploads\/2025\/01\/ar_rio_negro20250127.jpg 700w, https:\/\/www.diario5.com.ar\/wp-content\/uploads\/2025\/01\/ar_rio_negro20250127-215x300.jpg 215w\" sizes=\"(max-width: 700px) 100vw, 700px\" \/><\/p>\n<p>&nbsp;<\/p>","protected":false},"excerpt":{"rendered":"<p>\u00bfNo ser\u00e1n demasiados colores mezclados? \u00bfO es que el azul de los laterales de los colectivos uniformar\u00e1n los coches de tal modo que van a parecer todos iguales? Se desconoce c\u00f3mo quedar\u00e1 el paisaje que ofrecer\u00e1n los \u00f3mnibus urbanos cuando se establezca de manera definitiva el cambio que se anuncia con las l\u00edneas que s\u00f3lo [&hellip;]<\/p>","protected":false},"author":9,"featured_media":690541,"comment_status":"open","ping_status":"open","sticky":false,"template":"","format":"standard","meta":[],"categories":[75,482,2406,56,25],"tags":[474,630,87,1826,331,1864,1907,537],"series":[],"_links":{"self":[{"href":"https:\/\/www.diario5.com.ar\/es\/wp-json\/wp\/v2\/posts\/677502"}],"collection":[{"href":"https:\/\/www.diario5.com.ar\/es\/wp-json\/wp\/v2\/posts"}],"about":[{"href":"https:\/\/www.diario5.com.ar\/es\/wp-json\/wp\/v2\/types\/post"}],"author":[{"embeddable":true,"href":"https:\/\/www.diario5.com.ar\/es\/wp-json\/wp\/v2\/users\/9"}],"replies":[{"embeddable":true,"href":"https:\/\/www.diario5.com.ar\/es\/wp-json\/wp\/v2\/comments?post=677502"}],"version-history":[{"count":6,"href":"https:\/\/www.diario5.com.ar\/es\/wp-json\/wp\/v2\/posts\/677502\/revisions"}],"predecessor-version":[{"id":690542,"href":"https:\/\/www.diario5.com.ar\/es\/wp-json\/wp\/v2\/posts\/677502\/revisions\/690542"}],"wp:featuredmedia":[{"embeddable":true,"href":"https:\/\/www.diario5.com.ar\/es\/wp-json\/wp\/v2\/media\/690541"}],"wp:attachment":[{"href":"https:\/\/www.diario5.com.ar\/es\/wp-json\/wp\/v2\/media?parent=677502"}],"wp:term":[{"taxonomy":"category","embeddable":true,"href":"https:\/\/www.diario5.com.ar\/es\/wp-json\/wp\/v2\/categories?post=677502"},{"taxonomy":"post_tag","embeddable":true,"href":"https:\/\/www.diario5.com.ar\/es\/wp-json\/wp\/v2\/tags?post=677502"},{"taxonomy":"series","embeddable":true,"href":"https:\/\/www.diario5.com.ar\/es\/wp-json\/wp\/v2\/series?post=677502"}],"curies":[{"name":"wp","href":"https:\/\/api.w.org\/{rel}","templated":true}]}}