{"id":677495,"date":"2025-01-20T06:11:00","date_gmt":"2025-01-20T09:11:00","guid":{"rendered":"http:\/\/diario5.com.ar\/?p=677495"},"modified":"2025-01-20T06:14:11","modified_gmt":"2025-01-20T09:14:11","slug":"677495","status":"publish","type":"post","link":"https:\/\/www.diario5.com.ar\/es\/677495\/","title":{"rendered":"Generadores en CABA"},"content":{"rendered":"<h2 class=\"sub-title-primary\">Donde hay una necesidad por motivos de salud, ante el calor y los cortes de luz, el GCBA los provee. Pero para tener un generador en la vereda o la acera y que provea electricidad a un inmueble, debe realizarse una gesti\u00f3n para autorizar su uso.<\/h2> <p><!--googleoff: index--><\/p>\n<div class=\"flex-shrink-0 flex flex-col relative items-end\">\n<div>\n<div class=\"pt-0\">\n<div class=\"gizmo-bot-avatar flex h-8 w-8 items-center justify-center overflow-hidden rounded-full\">\n<div class=\"relative p-1 rounded-sm flex items-center justify-center bg-token-main-surface-primary text-token-text-primary h-8 w-8\"><img decoding=\"async\" loading=\"lazy\" class=\"aligncenter size-full wp-image-690393\" src=\"https:\/\/www.diario5.com.ar\/wp-content\/uploads\/2025\/01\/cfIg_qXSm_720x0__120250120.jpg\" width=\"700\" height=\"466\" alt=\"Cr\u00e9dito por Foto: Juano Tesone \/ Clar\u00edn\" srcset=\"https:\/\/www.diario5.com.ar\/wp-content\/uploads\/2025\/01\/cfIg_qXSm_720x0__120250120.jpg 700w, https:\/\/www.diario5.com.ar\/wp-content\/uploads\/2025\/01\/cfIg_qXSm_720x0__120250120-300x200.jpg 300w\" sizes=\"(max-width: 700px) 100vw, 700px\" \/><\/div>\n<\/div>\n<\/div>\n<\/div>\n<\/div>\n<div class=\"group\/conversation-turn relative flex w-full min-w-0 flex-col agent-turn\">\n<div class=\"flex-col gap-1 md:gap-3\">\n<div class=\"flex max-w-full flex-col flex-grow\">\n<div class=\"min-h-8 text-message flex w-full flex-col items-end gap-2 whitespace-normal break-words text-start [.text-message+&amp;]:mt-5\" dir=\"auto\" data-message-author-role=\"assistant\" data-message-id=\"94544003-21bc-4d5e-8323-27cc0b5ddb23\" data-message-model-slug=\"gpt-4o\">\n<div class=\"flex w-full flex-col gap-1 empty:hidden first:pt-[3px]\">\n<div class=\"markdown prose w-full break-words dark:prose-invert light\">\n<p>La Ciudad de Buenos Aires implementa operativos especiales para asistir a los vecinos afectados por los cortes de luz, agravados por las altas temperaturas. Las acciones incluyen la entrega de agua, instalaci\u00f3n de grupos electr\u00f3genos en edificios para abastecer tanques y permitir la carga de celulares. Una vez restablecido el suministro en un lugar, los equipos son desplazados a otras zonas afectadas.<\/p>\n<p>Hasta ahora, se han atendido 47 solicitudes a trav\u00e9s de las l\u00edneas 103 y 111, gestionadas por el Centro \u00danico de Coordinaci\u00f3n y Control (CUCC). Estas intervenciones incluyen asistencia a electrodependientes, rescates en ascensores realizados por los Bomberos, llenado de tanques de agua en edificios y apoyo a geri\u00e1tricos. Tambi\u00e9n se realiza un monitoreo constante de las personas electrodependientes registradas para garantizar la operatividad de sus equipos m\u00e9dicos y coordinar derivaciones en caso de emergencia.<\/p>\n<p>El viernes se distribuy\u00f3 agua en puntos estrat\u00e9gicos de diversas comunas y el s\u00e1bado los operativos continuar\u00e1n seg\u00fan la evoluci\u00f3n del mapa de cortes. Adem\u00e1s, el Gobierno de la Ciudad inst\u00f3 a EDESUR y al ENRE a tomar medidas urgentes para restablecer el servicio el\u00e9ctrico, que ha afectado a m\u00e1s de 19.000 vecinos hasta este viernes. En una carta firmada por Nicol\u00e1s Zaballa, se advirti\u00f3 sobre posibles acciones administrativas y judiciales ante la prolongaci\u00f3n de las interrupciones.<\/p>\n<p>Laura Alonso, vocera del Gobierno porte\u00f1o, subray\u00f3 que, aunque los equipos municipales est\u00e1n trabajando para mitigar los efectos de la crisis, la responsabilidad principal recae en EDESUR y el ENRE. Adem\u00e1s, destac\u00f3 la instalaci\u00f3n de postas de hidrataci\u00f3n, asistencia t\u00e9cnica y grupos electr\u00f3genos para acompa\u00f1ar a los vecinos en esta situaci\u00f3n cr\u00edtica.<\/p>\n<p>Para instalar generadores el\u00e9ctricos en la v\u00eda p\u00fablica dentro de la Ciudad Aut\u00f3noma de Buenos Aires, es obligatorio gestionar un Permiso de Uso ante la Direcci\u00f3n General de Permisos y Ferias, conforme a la normativa vigente. Se debe presentar una nota de solicitud que incluya el nombre, apellido, tel\u00e9fono y correo electr\u00f3nico del solicitante, junto con la constancia de inscripci\u00f3n al monotributo vigente otorgada por la AFIP. Tambi\u00e9n es imprescindible una p\u00f3liza de seguro de Responsabilidad Civil por un monto m\u00ednimo de $20.000.000 (o su valor actualizado), que contemple un endoso como co-asegurado a favor del Gobierno de la Ciudad, sin restricciones y una cl\u00e1usula de no repetici\u00f3n que renuncie expresamente a acciones contra el Gobierno de la Ciudad, sus funcionarios o empleados.<\/p>\n<p>Adicionalmente, se requiere un informe t\u00e9cnico realizado por un profesional competente, que detalle las medidas y dimensiones del grupo electr\u00f3geno, adem\u00e1s de un certificado de encomienda profesional y un croquis del lugar de emplazamiento. Estos requisitos garantizan que las instalaciones cumplan con las normas de seguridad y resguarden tanto a los vecinos como a la infraestructura urbana.<\/p>\n<p>&nbsp;<\/p>\n<\/div>\n<\/div>\n<\/div>\n<\/div>\n<\/div>\n<\/div>\n<p><!--googleon: index--><br \/>\n<img decoding=\"async\" loading=\"lazy\" class=\"aligncenter size-full wp-image-690394\" src=\"https:\/\/www.diario5.com.ar\/wp-content\/uploads\/2025\/01\/ar_capital_rosario20250120.jpg\" width=\"700\" height=\"929\" srcset=\"https:\/\/www.diario5.com.ar\/wp-content\/uploads\/2025\/01\/ar_capital_rosario20250120.jpg 700w, https:\/\/www.diario5.com.ar\/wp-content\/uploads\/2025\/01\/ar_capital_rosario20250120-226x300.jpg 226w\" sizes=\"(max-width: 700px) 100vw, 700px\" \/><\/p>\n<p><img decoding=\"async\" src=\"https:\/\/img.kiosko.net\/2025\/01\/20\/ar\/ar_nueva_provincia.jpg\" \/><\/p>\n<p><img decoding=\"async\" src=\"https:\/\/img.kiosko.net\/2025\/01\/20\/ar\/ar_duplicado.jpg\" \/><\/p>\n<p><img decoding=\"async\" loading=\"lazy\" class=\"aligncenter size-full wp-image-690395\" src=\"https:\/\/www.diario5.com.ar\/wp-content\/uploads\/2025\/01\/esquiu20250120.jpg\" width=\"700\" height=\"920\" srcset=\"https:\/\/www.diario5.com.ar\/wp-content\/uploads\/2025\/01\/esquiu20250120.jpg 700w, https:\/\/www.diario5.com.ar\/wp-content\/uploads\/2025\/01\/esquiu20250120-228x300.jpg 228w\" sizes=\"(max-width: 700px) 100vw, 700px\" \/><\/p>\n<p><img decoding=\"async\" src=\"https:\/\/img.kiosko.net\/2025\/01\/20\/ar\/ar_diario_norte.jpg\" \/><\/p>\n<p><img decoding=\"async\" loading=\"lazy\" class=\"aligncenter size-full wp-image-690396\" src=\"https:\/\/www.diario5.com.ar\/wp-content\/uploads\/2025\/01\/voz_chaco20250120.jpg\" width=\"700\" height=\"816\" srcset=\"https:\/\/www.diario5.com.ar\/wp-content\/uploads\/2025\/01\/voz_chaco20250120.jpg 700w, https:\/\/www.diario5.com.ar\/wp-content\/uploads\/2025\/01\/voz_chaco20250120-257x300.jpg 257w\" sizes=\"(max-width: 700px) 100vw, 700px\" \/><\/p>\n<p><img decoding=\"async\" src=\"https:\/\/img.kiosko.net\/2025\/01\/20\/ar\/ar_diario_madryn.jpg\" \/><\/p>\n<p><img decoding=\"async\" src=\"https:\/\/img.kiosko.net\/2025\/01\/20\/ar\/ar_laprensa.jpg\" \/><\/p>\n<p><img decoding=\"async\" src=\"https:\/\/img.kiosko.net\/2025\/01\/20\/ar\/ar_cronista.jpg\" \/><\/p>\n<p><img decoding=\"async\" src=\"https:\/\/img.kiosko.net\/2025\/01\/20\/ar\/buenosaires_economico.jpg\" \/><\/p>\n<p><img decoding=\"async\" src=\"https:\/\/img.kiosko.net\/2025\/01\/20\/ar\/ar_perfil.jpg\" \/><\/p>\n<p><img decoding=\"async\" loading=\"lazy\" class=\"aligncenter size-full wp-image-690397\" src=\"https:\/\/www.diario5.com.ar\/wp-content\/uploads\/2025\/01\/ar_eldia20250120.jpg\" width=\"700\" height=\"1009\" srcset=\"https:\/\/www.diario5.com.ar\/wp-content\/uploads\/2025\/01\/ar_eldia20250120.jpg 700w, https:\/\/www.diario5.com.ar\/wp-content\/uploads\/2025\/01\/ar_eldia20250120-208x300.jpg 208w\" sizes=\"(max-width: 700px) 100vw, 700px\" \/><\/p>\n<p><img decoding=\"async\" loading=\"lazy\" class=\"aligncenter size-full wp-image-690398\" src=\"https:\/\/www.diario5.com.ar\/wp-content\/uploads\/2025\/01\/ar_hoy20250120.jpg\" width=\"700\" height=\"899\" srcset=\"https:\/\/www.diario5.com.ar\/wp-content\/uploads\/2025\/01\/ar_hoy20250120.jpg 700w, https:\/\/www.diario5.com.ar\/wp-content\/uploads\/2025\/01\/ar_hoy20250120-234x300.jpg 234w\" sizes=\"(max-width: 700px) 100vw, 700px\" \/><\/p>\n<p><img decoding=\"async\" src=\"https:\/\/img.kiosko.net\/2025\/01\/20\/ar\/ar_democracia.jpg\" \/><\/p>\n<p><img decoding=\"async\" loading=\"lazy\" class=\"aligncenter size-full wp-image-690399\" src=\"https:\/\/www.diario5.com.ar\/wp-content\/uploads\/2025\/01\/ar_chubut20250120.jpg\" width=\"700\" height=\"896\" srcset=\"https:\/\/www.diario5.com.ar\/wp-content\/uploads\/2025\/01\/ar_chubut20250120.jpg 700w, https:\/\/www.diario5.com.ar\/wp-content\/uploads\/2025\/01\/ar_chubut20250120-234x300.jpg 234w\" sizes=\"(max-width: 700px) 100vw, 700px\" \/><\/p>\n<p><img decoding=\"async\" src=\"https:\/\/img.kiosko.net\/2025\/01\/20\/ar\/ar_epoca.jpg\" \/><\/p>\n<p><img decoding=\"async\" src=\"https:\/\/img.kiosko.net\/2025\/01\/20\/ar\/ar_litoral.jpg\" \/><\/p>\n<p><img decoding=\"async\" src=\"https:\/\/img.kiosko.net\/2025\/01\/20\/ar\/ar_heraldo.jpg\" \/><\/p>\n<p><img decoding=\"async\" src=\"https:\/\/img.kiosko.net\/2025\/01\/20\/ar\/ar_manana_formosa.jpg\" \/><\/p>\n<p><img decoding=\"async\" src=\"https:\/\/img.kiosko.net\/2025\/01\/20\/ar\/ar_diario_pampa.jpg\" \/><\/p>\n<p><img decoding=\"async\" src=\"https:\/\/img.kiosko.net\/2025\/01\/20\/ar\/ar_pagina12.jpg\" \/><\/p>\n<p><img decoding=\"async\" src=\"https:\/\/img.kiosko.net\/2025\/01\/20\/ar\/ar_arena.jpg\" \/><\/p>\n<p><img decoding=\"async\" src=\"https:\/\/img.kiosko.net\/2025\/01\/20\/ar\/independiente.jpg\" \/><\/p>\n<p><img decoding=\"async\" src=\"https:\/\/img.kiosko.net\/2025\/01\/20\/ar\/nueva_rioja.jpg\" \/><\/p>\n<p><img decoding=\"async\" src=\"https:\/\/img.kiosko.net\/2025\/01\/20\/ar\/ar_losandes.jpg\" \/><\/p>\n<p><img decoding=\"async\" src=\"https:\/\/img.kiosko.net\/2025\/01\/20\/ar\/ar_tribuno.jpg\" \/><\/p>\n<p><img decoding=\"async\" src=\"https:\/\/img.kiosko.net\/2025\/01\/20\/ar\/lea.jpg\" \/><\/p>\n<p><img decoding=\"async\" src=\"https:\/\/img.kiosko.net\/2025\/01\/20\/ar\/ar_nuevo_diario.jpg\" \/><\/p>\n<p><img decoding=\"async\" src=\"https:\/\/img.kiosko.net\/2025\/01\/20\/ar\/ar_diario_cuyo.jpg\" \/><\/p>\n<p><img decoding=\"async\" src=\"https:\/\/img.kiosko.net\/2025\/01\/20\/ar\/huarpe.jpg\" \/><\/p>\n<p><img decoding=\"async\" src=\"https:\/\/img.kiosko.net\/2025\/01\/20\/ar\/ar_diario_republica.jpg\" \/><\/p>\n<p><img decoding=\"async\" src=\"https:\/\/img.kiosko.net\/2025\/01\/20\/ar\/ar_litoral_sfe.jpg\" \/><\/p>\n<p><img decoding=\"async\" src=\"https:\/\/img.kiosko.net\/2025\/01\/20\/ar\/ciudadano.jpg\" \/><\/p>\n<p><img decoding=\"async\" src=\"https:\/\/img.kiosko.net\/2025\/01\/20\/ar\/ar_mirador_provincial.jpg\" \/><\/p>\n<p><img decoding=\"async\" src=\"https:\/\/img.kiosko.net\/2025\/01\/20\/ar\/ar_gaceta.jpg\" \/><\/p>\n<p><img decoding=\"async\" src=\"https:\/\/img.kiosko.net\/2025\/01\/20\/ar\/ar_cronica.jpg\" \/><\/p>\n<p><img decoding=\"async\" loading=\"lazy\" class=\"aligncenter size-full wp-image-690400\" src=\"https:\/\/www.diario5.com.ar\/wp-content\/uploads\/2025\/01\/ar_clarin20250120.jpg\" width=\"700\" height=\"977\" srcset=\"https:\/\/www.diario5.com.ar\/wp-content\/uploads\/2025\/01\/ar_clarin20250120.jpg 700w, https:\/\/www.diario5.com.ar\/wp-content\/uploads\/2025\/01\/ar_clarin20250120-215x300.jpg 215w\" sizes=\"(max-width: 700px) 100vw, 700px\" \/><\/p>\n<p><img decoding=\"async\" src=\"https:\/\/img.kiosko.net\/2025\/01\/20\/ar\/nacion.jpg\" \/><\/p>\n<p><img decoding=\"async\" src=\"https:\/\/img.kiosko.net\/2025\/01\/20\/ar\/ar_eco.jpg\" \/><\/p>\n<p><img decoding=\"async\" src=\"https:\/\/img.kiosko.net\/2025\/01\/20\/ar\/nuevo_diario.jpg\" \/><\/p>\n<p><img decoding=\"async\" src=\"https:\/\/img.kiosko.net\/2025\/01\/20\/ar\/sureno.jpg\" \/><\/p>\n<p><img decoding=\"async\" src=\"https:\/\/img.kiosko.net\/2025\/01\/20\/ar\/ar_duplicado.jpg\" \/><\/p>\n<p><img decoding=\"async\" src=\"https:\/\/img.kiosko.net\/2025\/01\/20\/ar\/tiempo_sur.jpg\" \/><\/p>\n<p><img decoding=\"async\" src=\"https:\/\/img.kiosko.net\/2025\/01\/20\/ar\/tiempo_argentino.jpg\" \/><\/p>\n<p><img decoding=\"async\" src=\"https:\/\/img.kiosko.net\/2025\/01\/20\/ar\/ar_epoca.jpg\" \/><\/p>\n<p><img decoding=\"async\" src=\"https:\/\/img.kiosko.net\/2025\/01\/20\/ar\/ar_elsol.jpg\" \/><\/p>\n<p><img decoding=\"async\" loading=\"lazy\" class=\"aligncenter size-full wp-image-690401\" src=\"https:\/\/www.diario5.com.ar\/wp-content\/uploads\/2025\/01\/ar_ancasti20250120.jpg\" width=\"700\" height=\"949\" srcset=\"https:\/\/www.diario5.com.ar\/wp-content\/uploads\/2025\/01\/ar_ancasti20250120.jpg 700w, https:\/\/www.diario5.com.ar\/wp-content\/uploads\/2025\/01\/ar_ancasti20250120-221x300.jpg 221w\" sizes=\"(max-width: 700px) 100vw, 700px\" \/><\/p>\n<p><img decoding=\"async\" loading=\"lazy\" class=\"aligncenter size-full wp-image-690402\" src=\"https:\/\/www.diario5.com.ar\/wp-content\/uploads\/2025\/01\/ar_rio_negro20250120.jpg\" width=\"700\" height=\"964\" srcset=\"https:\/\/www.diario5.com.ar\/wp-content\/uploads\/2025\/01\/ar_rio_negro20250120.jpg 700w, https:\/\/www.diario5.com.ar\/wp-content\/uploads\/2025\/01\/ar_rio_negro20250120-218x300.jpg 218w\" sizes=\"(max-width: 700px) 100vw, 700px\" \/><\/p>\n<p><img decoding=\"async\" src=\"https:\/\/img.kiosko.net\/2025\/01\/20\/ar\/ar_03.jpg\" \/><\/p>\n<p><img decoding=\"async\" src=\"https:\/\/img.kiosko.net\/2025\/01\/20\/ar\/ar_04.jpg\" \/><\/p>\n<p><img decoding=\"async\" src=\"https:\/\/img.kiosko.net\/2025\/01\/20\/ar\/ar_05.jpg\" \/><\/p>\n<p>Cr\u00e9dito por Foto: Juano Tesone \/ Clar\u00edn<\/p>","protected":false},"excerpt":{"rendered":"<p>Donde hay una necesidad por motivos de salud, ante el calor y los cortes de luz, el GCBA los provee. Pero para tener un generador en la vereda o la acera y que provea electricidad a un inmueble, debe realizarse una gesti\u00f3n para autorizar su uso. La Ciudad de Buenos Aires implementa operativos especiales para [&hellip;]<\/p>","protected":false},"author":5,"featured_media":690393,"comment_status":"open","ping_status":"open","sticky":false,"template":"","format":"standard","meta":[],"categories":[52,56,754],"tags":[126,2625,1992,474,2375,2019,630,1588,1827,123,537,1683],"series":[],"_links":{"self":[{"href":"https:\/\/www.diario5.com.ar\/es\/wp-json\/wp\/v2\/posts\/677495"}],"collection":[{"href":"https:\/\/www.diario5.com.ar\/es\/wp-json\/wp\/v2\/posts"}],"about":[{"href":"https:\/\/www.diario5.com.ar\/es\/wp-json\/wp\/v2\/types\/post"}],"author":[{"embeddable":true,"href":"https:\/\/www.diario5.com.ar\/es\/wp-json\/wp\/v2\/users\/5"}],"replies":[{"embeddable":true,"href":"https:\/\/www.diario5.com.ar\/es\/wp-json\/wp\/v2\/comments?post=677495"}],"version-history":[{"count":6,"href":"https:\/\/www.diario5.com.ar\/es\/wp-json\/wp\/v2\/posts\/677495\/revisions"}],"predecessor-version":[{"id":690383,"href":"https:\/\/www.diario5.com.ar\/es\/wp-json\/wp\/v2\/posts\/677495\/revisions\/690383"}],"wp:featuredmedia":[{"embeddable":true,"href":"https:\/\/www.diario5.com.ar\/es\/wp-json\/wp\/v2\/media\/690393"}],"wp:attachment":[{"href":"https:\/\/www.diario5.com.ar\/es\/wp-json\/wp\/v2\/media?parent=677495"}],"wp:term":[{"taxonomy":"category","embeddable":true,"href":"https:\/\/www.diario5.com.ar\/es\/wp-json\/wp\/v2\/categories?post=677495"},{"taxonomy":"post_tag","embeddable":true,"href":"https:\/\/www.diario5.com.ar\/es\/wp-json\/wp\/v2\/tags?post=677495"},{"taxonomy":"series","embeddable":true,"href":"https:\/\/www.diario5.com.ar\/es\/wp-json\/wp\/v2\/series?post=677495"}],"curies":[{"name":"wp","href":"https:\/\/api.w.org\/{rel}","templated":true}]}}