{"id":677475,"date":"2024-12-11T06:11:00","date_gmt":"2024-12-11T09:11:00","guid":{"rendered":"http:\/\/diario5.com.ar\/?p=677475"},"modified":"2025-01-04T01:44:55","modified_gmt":"2025-01-04T04:44:55","slug":"677475","status":"publish","type":"post","link":"https:\/\/www.diario5.com.ar\/es\/677475\/","title":{"rendered":"Comenzando a finalizar"},"content":{"rendered":"<h2 class=\"sub-title-primary\">Diario 5 cierra otra temporada satisfactoria<\/h2> <p><img decoding=\"async\" loading=\"lazy\"  src=\"https:\/\/www.diario5.com.ar\/wp-content\/uploads\/2023\/12\/d5_logo_0420231219.jpg\" alt=\"\" width=\"93\" height=\"57\" \/><\/div>\n<p>Nos centramos en la cobertura de noticias y eventos de la Ciudad de Buenos Aires. Nuestro contenido abarca diversas tem\u00e1ticas, incluyendo salud, cultura, medio ambiente y sociedad. Al notar un crecimiento de las secciones dedicadas a columnas de opini\u00f3n, servicios y tapas de diarios argentinos, felicitamos a nuestros equipos que, a\u00f1o a a\u00f1o, sorprenden con sus estrategias y f\u00f3rmulas de trabajo para el desarrollo del portal.<\/p>\n<p>Desde las demandas veraniegas de salud, como golpes de calor y deshidrataci\u00f3n, enfermedades gastrointestinales y quemaduras solares., pasando por los eventos culturales porte\u00f1os, como lo fue- hace 24 horas- la referencia a la interpretaci\u00f3n de la Misa Criolla en Mataderos,\u00a0 hasta las cuestiones urbanas relacionadas con el medio ambiente y la infraestructura de la ciudad.<\/p>\n<p>Para poder informar sobre la amplia gama de asuntos relevantes para los residentes y visitantes de Buenos Aires, los equipos de Producci\u00f3n Period\u00edstica organizan con eficiencia plena a cronistas y redactores, fot\u00f3grafos y editores de im\u00e1genes. Un team de alta jerarqu\u00eda en el medio edita, establece formatos y publica el contenido final.<\/p>\n<p>En 20 d\u00edas estaremos iniciando una etapa muy importante en diario.<\/p>\n<p>Y queremos adelantar parte de nuestros agradecimientos a nuestros equipos de trabajo.<\/p>","protected":false},"excerpt":{"rendered":"<p>Diario 5 cierra otra temporada satisfactoria Nos centramos en la cobertura de noticias y eventos de la Ciudad de Buenos Aires. Nuestro contenido abarca diversas tem\u00e1ticas, incluyendo salud, cultura, medio ambiente y sociedad. Al notar un crecimiento de las secciones dedicadas a columnas de opini\u00f3n, servicios y tapas de diarios argentinos, felicitamos a nuestros equipos [&hellip;]<\/p>","protected":false},"author":27,"featured_media":683533,"comment_status":"open","ping_status":"open","sticky":false,"template":"","format":"standard","meta":[],"categories":[487],"tags":[474,1145,630,124,1491,2063,1236,17,1685],"series":[],"_links":{"self":[{"href":"https:\/\/www.diario5.com.ar\/es\/wp-json\/wp\/v2\/posts\/677475"}],"collection":[{"href":"https:\/\/www.diario5.com.ar\/es\/wp-json\/wp\/v2\/posts"}],"about":[{"href":"https:\/\/www.diario5.com.ar\/es\/wp-json\/wp\/v2\/types\/post"}],"author":[{"embeddable":true,"href":"https:\/\/www.diario5.com.ar\/es\/wp-json\/wp\/v2\/users\/27"}],"replies":[{"embeddable":true,"href":"https:\/\/www.diario5.com.ar\/es\/wp-json\/wp\/v2\/comments?post=677475"}],"version-history":[{"count":3,"href":"https:\/\/www.diario5.com.ar\/es\/wp-json\/wp\/v2\/posts\/677475\/revisions"}],"predecessor-version":[{"id":690115,"href":"https:\/\/www.diario5.com.ar\/es\/wp-json\/wp\/v2\/posts\/677475\/revisions\/690115"}],"wp:featuredmedia":[{"embeddable":true,"href":"https:\/\/www.diario5.com.ar\/es\/wp-json\/wp\/v2\/media\/683533"}],"wp:attachment":[{"href":"https:\/\/www.diario5.com.ar\/es\/wp-json\/wp\/v2\/media?parent=677475"}],"wp:term":[{"taxonomy":"category","embeddable":true,"href":"https:\/\/www.diario5.com.ar\/es\/wp-json\/wp\/v2\/categories?post=677475"},{"taxonomy":"post_tag","embeddable":true,"href":"https:\/\/www.diario5.com.ar\/es\/wp-json\/wp\/v2\/tags?post=677475"},{"taxonomy":"series","embeddable":true,"href":"https:\/\/www.diario5.com.ar\/es\/wp-json\/wp\/v2\/series?post=677475"}],"curies":[{"name":"wp","href":"https:\/\/api.w.org\/{rel}","templated":true}]}}