{"id":677470,"date":"2024-12-26T06:11:00","date_gmt":"2024-12-26T09:11:00","guid":{"rendered":"http:\/\/diario5.com.ar\/?p=677470"},"modified":"2024-12-26T06:14:07","modified_gmt":"2024-12-26T09:14:07","slug":"677470","status":"publish","type":"post","link":"https:\/\/www.diario5.com.ar\/es\/677470\/","title":{"rendered":"\u00bfCrece la Conciencia ambiental?"},"content":{"rendered":"<h2 class=\"sub-title-primary\">En las grandes ciudades, la convivencia con el medio ambiente no puede pasar de manera inadvertida para ninguna autoridad, cualquiera sea su escala.<\/h2> <p><img decoding=\"async\" loading=\"lazy\" class=\"alignnone size-full wp-image-689995\" src=\"https:\/\/www.diario5.com.ar\/wp-content\/uploads\/2024\/12\/obelisco_selva.jpg\" alt=\"\" width=\"1361\" height=\"877\" srcset=\"https:\/\/www.diario5.com.ar\/wp-content\/uploads\/2024\/12\/obelisco_selva.jpg 1361w, https:\/\/www.diario5.com.ar\/wp-content\/uploads\/2024\/12\/obelisco_selva-300x193.jpg 300w, https:\/\/www.diario5.com.ar\/wp-content\/uploads\/2024\/12\/obelisco_selva-1024x660.jpg 1024w, https:\/\/www.diario5.com.ar\/wp-content\/uploads\/2024\/12\/obelisco_selva-768x495.jpg 768w\" sizes=\"(max-width: 1361px) 100vw, 1361px\" \/><\/p>\n<p>Comenzando por la calidad del aire, el smog y las emisiones de veh\u00edculos son problemas serios en grandes urbes. Buenos Aires viene presentando mejoras, al tener cada vez m\u00e1s diferenciados los caminos de los veh\u00edculos por su peso. El di\u00f3xido de carbono (CO\u2082) y las part\u00edculas finas generan riesgos de salud, desde enfermedades respiratorias hasta cardiovasculares. En Buenos Aires, se impulsan programas como el transporte p\u00fablico el\u00e9ctrico para mitigar la contaminaci\u00f3n: Se consideran cinco ejes estrat\u00e9gicos:<\/p>\n<ul>\n<li style=\"list-style-type: none\">\n<ul>\n<li>Buenos Aires Aut\u00f3noma, Descentralizada y Participativa<\/li>\n<li>Buenos Aires Accesible, Equitativa e Inclusiva<\/li>\n<li>Buenos Aires Ecol\u00f3gica<\/li>\n<li>Buenos Aires Metropolitana<\/li>\n<li>Buenos Aires Competitiva<\/li>\n<\/ul>\n<\/li>\n<\/ul>\n<p>Siempre hay que tomar en cuenta que la basura mal gestionada crea focos de contaminaci\u00f3n y aumenta el impacto ambiental. La separaci\u00f3n en origen y el reciclaje siguen proceso de desarrollo en muchas ciudades y Buenos Aires no est\u00e1 tan mal posicionada en esa concientizaci\u00f3n.<\/p>\n<p>En cuando al acceso al agua potable y su uso eficiente, sabemos que nos introducimos en uno de los problemas cr\u00edticos de la ciudades en el mundo entero. Aqu\u00ed la capital argentina, donde las obras de los arroyos Maldonado y Cild\u00e1\u00f1ez ya no sufren las hist\u00f3ricas inundaciones de manera tan severa. Puede decirse que BA se diferencia de algunas urbes de gran dimensi\u00f3n en la regi\u00f3n, donde la oleada de lluvias intensas, agravadas por el cambio clim\u00e1tico, generan inundaciones en \u00e1reas urbanas mal planificadas.<\/p>\n<p>Respecto del consumo de energ\u00eda el\u00e9ctrica, la dependencia de fuentes no renovables para abastecer la demanda urbana sigue siendo un obst\u00e1culo. Todos los centros urbanos deben aumentar la eficiencia energ\u00e9tica y usar energ\u00edas renovables. Una parte del presupuesto de una ciudad, hoy, debe incluir incentivos para instalar paneles solares en viviendas y edificios.<\/p>\n<p>Una reducci\u00f3n de \u00e1reas verdes en una ciudad gigante puede llegar a ser un desprop\u00f3sito que aparee cierto peligro. Nunca es buena idea construir donde hay un parque, una plaza o un \u00e1rea libre. Afecta tanto al ecosistema como al bienestar humano. Siempre es preferible preservar estas zonas que resultan pulmones urbanos y refugios para la fauna. Por eso, cualquier proyecto de reforestaci\u00f3n urbana y parques verticales debe ser tratado, discutido y bien analizado, tanto por los gobiernos como por las organizaciones y fuerzas vivas de la sociedad.<\/p>\n<p>\u00bfQu\u00e9 m\u00e1s cuidar? La Movilidad sustentable, las ciclov\u00edas, los veh\u00edculos el\u00e9ctricos, el transporte p\u00fablico eficiente, los veh\u00edculos compartidos, los materiales de construcci\u00f3n sostenibles (el calor las infraestructuras) y evitar la contaminaci\u00f3n sonora por el tr\u00e1nsito, la construcci\u00f3n y la actividad nocturna, que afectan la salud mental y el descanso.<\/p>\n<p>&nbsp;<\/p>\n<p><!--googleoff: index--><br \/>\n<!--googleon: index--><br \/>\n<img decoding=\"async\" loading=\"lazy\" class=\"aligncenter size-full wp-image-689997\" src=\"https:\/\/www.diario5.com.ar\/wp-content\/uploads\/2024\/12\/ar_capital_rosario20241226.jpg\" width=\"700\" height=\"913\" srcset=\"https:\/\/www.diario5.com.ar\/wp-content\/uploads\/2024\/12\/ar_capital_rosario20241226.jpg 700w, https:\/\/www.diario5.com.ar\/wp-content\/uploads\/2024\/12\/ar_capital_rosario20241226-230x300.jpg 230w\" sizes=\"(max-width: 700px) 100vw, 700px\" \/><\/p>\n<p><img decoding=\"async\" src=\"https:\/\/img.kiosko.net\/2024\/12\/26\/ar\/ar_nueva_provincia.jpg\" \/><\/p>\n<p><img decoding=\"async\" src=\"https:\/\/img.kiosko.net\/2024\/12\/26\/ar\/ar_duplicado.jpg\" \/><\/p>\n<p><img decoding=\"async\" src=\"https:\/\/img.kiosko.net\/2024\/12\/26\/ar\/esquiu.jpg\" \/><\/p>\n<p><img decoding=\"async\" src=\"https:\/\/img.kiosko.net\/2024\/12\/26\/ar\/ar_diario_norte.jpg\" \/><\/p>\n<p><img decoding=\"async\" loading=\"lazy\" class=\"aligncenter size-full wp-image-689998\" src=\"https:\/\/www.diario5.com.ar\/wp-content\/uploads\/2024\/12\/voz_chaco20241226.jpg\" width=\"700\" height=\"816\" srcset=\"https:\/\/www.diario5.com.ar\/wp-content\/uploads\/2024\/12\/voz_chaco20241226.jpg 700w, https:\/\/www.diario5.com.ar\/wp-content\/uploads\/2024\/12\/voz_chaco20241226-257x300.jpg 257w\" sizes=\"(max-width: 700px) 100vw, 700px\" \/><\/p>\n<p><img decoding=\"async\" src=\"https:\/\/img.kiosko.net\/2024\/12\/26\/ar\/ar_diario_madryn.jpg\" \/><\/p>\n<p><img decoding=\"async\" src=\"https:\/\/img.kiosko.net\/2024\/12\/26\/ar\/ar_laprensa.jpg\" \/><\/p>\n<p><img decoding=\"async\" src=\"https:\/\/img.kiosko.net\/2024\/12\/26\/ar\/ar_cronista.jpg\" \/><\/p>\n<p><img decoding=\"async\" src=\"https:\/\/img.kiosko.net\/2024\/12\/26\/ar\/buenosaires_economico.jpg\" \/><\/p>\n<p><img decoding=\"async\" src=\"https:\/\/img.kiosko.net\/2024\/12\/26\/ar\/ar_perfil.jpg\" \/><\/p>\n<p><img decoding=\"async\" loading=\"lazy\" class=\"aligncenter size-full wp-image-689999\" src=\"https:\/\/www.diario5.com.ar\/wp-content\/uploads\/2024\/12\/ar_eldia20241226.jpg\" width=\"700\" height=\"1008\" srcset=\"https:\/\/www.diario5.com.ar\/wp-content\/uploads\/2024\/12\/ar_eldia20241226.jpg 700w, https:\/\/www.diario5.com.ar\/wp-content\/uploads\/2024\/12\/ar_eldia20241226-208x300.jpg 208w\" sizes=\"(max-width: 700px) 100vw, 700px\" \/><\/p>\n<p><img decoding=\"async\" src=\"https:\/\/img.kiosko.net\/2024\/12\/26\/ar\/ar_hoy.jpg\" \/><\/p>\n<p><img decoding=\"async\" src=\"https:\/\/img.kiosko.net\/2024\/12\/26\/ar\/ar_democracia.jpg\" \/><\/p>\n<p><img decoding=\"async\" loading=\"lazy\" class=\"aligncenter size-full wp-image-690000\" src=\"https:\/\/www.diario5.com.ar\/wp-content\/uploads\/2024\/12\/ar_chubut20241226.jpg\" width=\"700\" height=\"896\" srcset=\"https:\/\/www.diario5.com.ar\/wp-content\/uploads\/2024\/12\/ar_chubut20241226.jpg 700w, https:\/\/www.diario5.com.ar\/wp-content\/uploads\/2024\/12\/ar_chubut20241226-234x300.jpg 234w\" sizes=\"(max-width: 700px) 100vw, 700px\" \/><\/p>\n<p><img decoding=\"async\" src=\"https:\/\/img.kiosko.net\/2024\/12\/26\/ar\/ar_epoca.jpg\" \/><\/p>\n<p><img decoding=\"async\" src=\"https:\/\/img.kiosko.net\/2024\/12\/26\/ar\/ar_litoral.jpg\" \/><\/p>\n<p><img decoding=\"async\" src=\"https:\/\/img.kiosko.net\/2024\/12\/26\/ar\/ar_heraldo.jpg\" \/><\/p>\n<p><img decoding=\"async\" src=\"https:\/\/img.kiosko.net\/2024\/12\/26\/ar\/ar_manana_formosa.jpg\" \/><\/p>\n<p><img decoding=\"async\" src=\"https:\/\/img.kiosko.net\/2024\/12\/26\/ar\/ar_diario_pampa.jpg\" \/><\/p>\n<p><img decoding=\"async\" src=\"https:\/\/img.kiosko.net\/2024\/12\/26\/ar\/ar_pagina12.jpg\" \/><\/p>\n<p><img decoding=\"async\" src=\"https:\/\/img.kiosko.net\/2024\/12\/26\/ar\/ar_arena.jpg\" \/><\/p>\n<p><img decoding=\"async\" src=\"https:\/\/img.kiosko.net\/2024\/12\/26\/ar\/independiente.jpg\" \/><\/p>\n<p><img decoding=\"async\" src=\"https:\/\/img.kiosko.net\/2024\/12\/26\/ar\/nueva_rioja.jpg\" \/><\/p>\n<p><img decoding=\"async\" src=\"https:\/\/img.kiosko.net\/2024\/12\/26\/ar\/ar_losandes.jpg\" \/><\/p>\n<p><img decoding=\"async\" src=\"https:\/\/img.kiosko.net\/2024\/12\/26\/ar\/ar_tribuno.jpg\" \/><\/p>\n<p><img decoding=\"async\" src=\"https:\/\/img.kiosko.net\/2024\/12\/26\/ar\/lea.jpg\" \/><\/p>\n<p><img decoding=\"async\" src=\"https:\/\/img.kiosko.net\/2024\/12\/26\/ar\/ar_nuevo_diario.jpg\" \/><\/p>\n<p><img decoding=\"async\" src=\"https:\/\/img.kiosko.net\/2024\/12\/26\/ar\/ar_diario_cuyo.jpg\" \/><\/p>\n<p><img decoding=\"async\" src=\"https:\/\/img.kiosko.net\/2024\/12\/26\/ar\/huarpe.jpg\" \/><\/p>\n<p><img decoding=\"async\" src=\"https:\/\/img.kiosko.net\/2024\/12\/26\/ar\/ar_diario_republica.jpg\" \/><\/p>\n<p><img decoding=\"async\" src=\"https:\/\/img.kiosko.net\/2024\/12\/26\/ar\/ar_litoral_sfe.jpg\" \/><\/p>\n<p><img decoding=\"async\" src=\"https:\/\/img.kiosko.net\/2024\/12\/26\/ar\/ciudadano.jpg\" \/><\/p>\n<p><img decoding=\"async\" src=\"https:\/\/img.kiosko.net\/2024\/12\/26\/ar\/ar_mirador_provincial.jpg\" \/><\/p>\n<p><img decoding=\"async\" src=\"https:\/\/img.kiosko.net\/2024\/12\/26\/ar\/ar_gaceta.jpg\" \/><\/p>\n<p><img decoding=\"async\" src=\"https:\/\/img.kiosko.net\/2024\/12\/26\/ar\/ar_cronica.jpg\" \/><\/p>\n<p><img decoding=\"async\" src=\"https:\/\/img.kiosko.net\/2024\/12\/26\/ar\/ar_clarin.jpg\" \/><\/p>\n<p><img decoding=\"async\" src=\"https:\/\/img.kiosko.net\/2024\/12\/26\/ar\/nacion.jpg\" \/><\/p>\n<p><img decoding=\"async\" src=\"https:\/\/img.kiosko.net\/2024\/12\/26\/ar\/ar_eco.jpg\" \/><\/p>\n<p><img decoding=\"async\" src=\"https:\/\/img.kiosko.net\/2024\/12\/26\/ar\/nuevo_diario.jpg\" \/><\/p>\n<p><img decoding=\"async\" src=\"https:\/\/img.kiosko.net\/2024\/12\/26\/ar\/sureno.jpg\" \/><\/p>\n<p><img decoding=\"async\" src=\"https:\/\/img.kiosko.net\/2024\/12\/26\/ar\/ar_duplicado.jpg\" \/><\/p>\n<p><img decoding=\"async\" src=\"https:\/\/img.kiosko.net\/2024\/12\/26\/ar\/tiempo_sur.jpg\" \/><\/p>\n<p><img decoding=\"async\" src=\"https:\/\/img.kiosko.net\/2024\/12\/26\/ar\/tiempo_argentino.jpg\" \/><\/p>\n<p><img decoding=\"async\" src=\"https:\/\/img.kiosko.net\/2024\/12\/26\/ar\/ar_epoca.jpg\" \/><\/p>\n<p><img decoding=\"async\" src=\"https:\/\/img.kiosko.net\/2024\/12\/26\/ar\/ar_elsol.jpg\" \/><\/p>\n<p><img decoding=\"async\" loading=\"lazy\" class=\"aligncenter size-full wp-image-690001\" src=\"https:\/\/www.diario5.com.ar\/wp-content\/uploads\/2024\/12\/ar_ancasti20241226.jpg\" width=\"700\" height=\"942\" srcset=\"https:\/\/www.diario5.com.ar\/wp-content\/uploads\/2024\/12\/ar_ancasti20241226.jpg 700w, https:\/\/www.diario5.com.ar\/wp-content\/uploads\/2024\/12\/ar_ancasti20241226-223x300.jpg 223w\" sizes=\"(max-width: 700px) 100vw, 700px\" \/><\/p>\n<p><img decoding=\"async\" src=\"https:\/\/img.kiosko.net\/2024\/12\/26\/ar\/ar_rio_negro.jpg\" \/><\/p>\n<p><img decoding=\"async\" src=\"https:\/\/img.kiosko.net\/2024\/12\/26\/ar\/ar_03.jpg\" \/><\/p>\n<p><img decoding=\"async\" src=\"https:\/\/img.kiosko.net\/2024\/12\/26\/ar\/ar_04.jpg\" \/><\/p>\n<p><img decoding=\"async\" src=\"https:\/\/img.kiosko.net\/2024\/12\/26\/ar\/ar_05.jpg\" \/><\/p>\n<p>&nbsp;<\/p>","protected":false},"excerpt":{"rendered":"<p>En las grandes ciudades, la convivencia con el medio ambiente no puede pasar de manera inadvertida para ninguna autoridad, cualquiera sea su escala. Comenzando por la calidad del aire, el smog y las emisiones de veh\u00edculos son problemas serios en grandes urbes. Buenos Aires viene presentando mejoras, al tener cada vez m\u00e1s diferenciados los caminos [&hellip;]<\/p>","protected":false},"author":5,"featured_media":689995,"comment_status":"open","ping_status":"open","sticky":false,"template":"","format":"standard","meta":[],"categories":[1795,2006,471,95,2062,56],"tags":[126,1271,1177,474,1145,1152,778,524,526,2021,929,1792,2112],"series":[],"_links":{"self":[{"href":"https:\/\/www.diario5.com.ar\/es\/wp-json\/wp\/v2\/posts\/677470"}],"collection":[{"href":"https:\/\/www.diario5.com.ar\/es\/wp-json\/wp\/v2\/posts"}],"about":[{"href":"https:\/\/www.diario5.com.ar\/es\/wp-json\/wp\/v2\/types\/post"}],"author":[{"embeddable":true,"href":"https:\/\/www.diario5.com.ar\/es\/wp-json\/wp\/v2\/users\/5"}],"replies":[{"embeddable":true,"href":"https:\/\/www.diario5.com.ar\/es\/wp-json\/wp\/v2\/comments?post=677470"}],"version-history":[{"count":4,"href":"https:\/\/www.diario5.com.ar\/es\/wp-json\/wp\/v2\/posts\/677470\/revisions"}],"predecessor-version":[{"id":689996,"href":"https:\/\/www.diario5.com.ar\/es\/wp-json\/wp\/v2\/posts\/677470\/revisions\/689996"}],"wp:featuredmedia":[{"embeddable":true,"href":"https:\/\/www.diario5.com.ar\/es\/wp-json\/wp\/v2\/media\/689995"}],"wp:attachment":[{"href":"https:\/\/www.diario5.com.ar\/es\/wp-json\/wp\/v2\/media?parent=677470"}],"wp:term":[{"taxonomy":"category","embeddable":true,"href":"https:\/\/www.diario5.com.ar\/es\/wp-json\/wp\/v2\/categories?post=677470"},{"taxonomy":"post_tag","embeddable":true,"href":"https:\/\/www.diario5.com.ar\/es\/wp-json\/wp\/v2\/tags?post=677470"},{"taxonomy":"series","embeddable":true,"href":"https:\/\/www.diario5.com.ar\/es\/wp-json\/wp\/v2\/series?post=677470"}],"curies":[{"name":"wp","href":"https:\/\/api.w.org\/{rel}","templated":true}]}}