{"id":677467,"date":"2024-12-23T06:11:00","date_gmt":"2024-12-23T09:11:00","guid":{"rendered":"http:\/\/diario5.com.ar\/?p=677467"},"modified":"2024-12-23T06:13:13","modified_gmt":"2024-12-23T09:13:13","slug":"677467","status":"publish","type":"post","link":"https:\/\/www.diario5.com.ar\/es\/677467\/","title":{"rendered":"D\u00eda del Viajero Paciente"},"content":{"rendered":"<h2 class=\"sub-title-primary\"><\/h2> <p>Miles de personas viajan para reunirse con familiares y amigos en v\u00edsperas de Navidad. El plazo de entre 40 y 20 horas antes de la cena navide\u00f1a refleja el tiempo que estos viajeros necesitan para llegar a sus destinos, realizar compras finales o preparativos antes del encuentro familiar programado.<\/p>\n<p>Trenes, micro\u00f3mnibus y aviones van saturados en esta fecha.<\/p>\n<p>Por otro lado, el transporte p\u00fablico dentro de las grandes ciudades como Buenos Aires tambi\u00e9n aumenta, con personas que realizan los \u00faltimos tr\u00e1mites o ya quieren llegar a las terminales o los aeropuertos.<\/p>\n<p>S\u00ed, como ya es un tema que comocemos por haber sido tratado con anterioridad por Diario 5, estamos recordando que hay una fecha que resulta ser el D\u00eda de Mayor Movimiento en el Transporte P\u00fablico en la Argentina: Hoy, 23 de Diciembre.<\/p>\n<blockquote class=\"wp-embedded-content\" data-secret=\"hsCp43sicJ\"><p><a href=\"https:\/\/www.diario5.com.ar\/es\/676102\/\">La locura de la Terminal<\/a><\/p><\/blockquote>\n<p><iframe class=\"wp-embedded-content\" sandbox=\"allow-scripts\" security=\"restricted\" style=\"position: absolute; clip: rect(1px, 1px, 1px, 1px);\" title=\"\u00abLa locura de la Terminal\u00bb \u2014 Diario 5\" src=\"https:\/\/www.diario5.com.ar\/676102\/embed\/#?secret=Em6CO9Tp4w#?secret=hsCp43sicJ\" data-secret=\"hsCp43sicJ\" width=\"600\" height=\"338\" frameborder=\"0\" marginwidth=\"0\" marginheight=\"0\" scrolling=\"no\"><\/iframe><\/p>\n<p>Y no es algo tan exclusivo de nuestro pa\u00eds. Es la jornada de mayor afluencia de personas que utilizan transporte p\u00fablico terrestre, a\u00e9reo o ferroviario en muchos lugares del mundo. Este fen\u00f3meno se produce entre 40 y 20 horas antes del arranque de la tradicional cena navide\u00f1a, evento central y factor de cohesi\u00f3n anual para millones de familias.<\/p>\n<p>Somos un pa\u00eds donde las distancias entre provincias pueden ser m\u00e1s que extensas. Muchas personas emprenden viajes para reunirse con sus seres queridos. Esto genera un pico en la demanda de autobuses de larga distancia, vuelos nacionales y trenes.<\/p>\n<p>Dentro de las grandes ciudades, como Buenos Aires, el transporte p\u00fablico urbano tambi\u00e9n se ve saturado por quienes realizan compras \u00faltimas, organizan encuentros o necesitan llegar a estaciones y terminales para sus viajes.<\/p>\n<p>Para algunos, a su vez, el inicio del receso de verano coincide con estas fechas, lo que impulsa a\u00fan m\u00e1s el movimiento hacia destinos tur\u00edsticos.<\/p>\n<p>Micros de larga distancia: Las terminales como Retiro experimentan un flujo masivo de pasajeros. Empresas de transporte refuerzan sus servicios con frecuencias adicionales. Los trenes de larga distancia hacia destinos como Rosario, C\u00f3rdoba o Mar del Plata suelen operar a plena capacidad. Ezeiza y Aeroparque, directamente, explotan, tanto por vuelos de cabotaje como los internacionales.<\/p>\n<p>Le preguntamos a Marcelo Zanotti, columnista de nuestra redacci\u00f3n si para casos como el de hoy puede haber recomendaciones v\u00e1lidas para los Viajeros<\/p>\n<p>Marcelo Zanotti:<\/p>\n<ul>\n<li>Son argentinos. Se someter\u00e1n con obediencia y abnegaci\u00f3n a la magna ley de la inclinaci\u00f3n a la anomia, es decir, demostrar con claridad que les importa un carajo cualquier regla que les rompa la pelotas.<\/li>\n<\/ul>\n<p>Pero estamos obligados a recomendar cierta planificaci\u00f3n anticipada. Lo que no se gestion\u00f3 y consigui\u00f3 en los \u00faltimos 10 a 3 d\u00edas, puede llegar a resultar imposible obtenerlo hoy, 23 de diciembre. Por eso, reservar boletos con antelaci\u00f3n es la costumbre m\u00e1s sana que debe adoptar el viajero navide\u00f1o: evita sobresaltos, sobreventas y sobreprecios.<\/p>\n<p>Si es posible evitar horarios pico dentro de la misma ciudad de Buenos Aires, hacerlo. Elegir horarios menos concurridos para desplazarse, puede evitar m\u00e1s de un \u00abgarr\u00f3n\u00bb. Y -ya que estamos- no hacernos los desentendidos con el estado de las unidades del transporte: nunca es redundante ni est\u00e1 de m\u00e1s consultar informaci\u00f3n actualizada sobre servicios y posibles demoras en plataformas oficiales o aplicaciones de transporte.<\/p>\n<p>Segunda pregunta a Zanotti: \u00bfEs un \u00abFen\u00f3meno\u00bb Previsible?<\/p>\n<ul>\n<li>Obvio. Antes del 23 de diciembre est\u00e1n el 22, el 21, el 20 y todos los d\u00edas anteriores. Por supuesto que el movimiento masivo del 23 de diciembre refleja parte de c\u00f3mo somos. La importancia de la Navidad en la cultura argentina tiene que estar en las previsiones de todos nosotros sobre todo si somos los los viajeros en esta fecha. Todo lo que podamos pensar con anticipaci\u00f3n y nos evite pasar por idiotas es bienvenido.<\/li>\n<\/ul>\n<p>Tambi\u00e9n rige en la sociedad la necesidad de saberse acreedora de un transporte eficiente y bien planificado para atender la demanda.<br \/>\nEsta fecha se convierte en una gran examen para comprobar la log\u00edstica que involucra a empresas, usuarios y autoridades. Todos queremos llegar a nuestros encuentros familiares y podemos sobrevivir a las aglomeraciones. Pero que nadie se abuse de la paciencia.<\/p>\n<p>&nbsp;<\/p>\n<p>&nbsp;<\/p>\n<p><img decoding=\"async\" loading=\"lazy\" class=\"aligncenter size-full wp-image-689973\" src=\"https:\/\/www.diario5.com.ar\/wp-content\/uploads\/2024\/12\/ar_capital_rosario20241223.jpg\" width=\"700\" height=\"930\" srcset=\"https:\/\/www.diario5.com.ar\/wp-content\/uploads\/2024\/12\/ar_capital_rosario20241223.jpg 700w, https:\/\/www.diario5.com.ar\/wp-content\/uploads\/2024\/12\/ar_capital_rosario20241223-226x300.jpg 226w\" sizes=\"(max-width: 700px) 100vw, 700px\" \/><\/p>\n<p><img decoding=\"async\" src=\"https:\/\/img.kiosko.net\/2024\/12\/23\/ar\/ar_nueva_provincia.jpg\" \/><\/p>\n<p><img decoding=\"async\" src=\"https:\/\/img.kiosko.net\/2024\/12\/23\/ar\/ar_duplicado.jpg\" \/><\/p>\n<p><img decoding=\"async\" loading=\"lazy\" class=\"aligncenter size-full wp-image-689974\" src=\"https:\/\/www.diario5.com.ar\/wp-content\/uploads\/2024\/12\/esquiu20241223.jpg\" width=\"700\" height=\"920\" srcset=\"https:\/\/www.diario5.com.ar\/wp-content\/uploads\/2024\/12\/esquiu20241223.jpg 700w, https:\/\/www.diario5.com.ar\/wp-content\/uploads\/2024\/12\/esquiu20241223-228x300.jpg 228w\" sizes=\"(max-width: 700px) 100vw, 700px\" \/><\/p>\n<p><img decoding=\"async\" src=\"https:\/\/img.kiosko.net\/2024\/12\/23\/ar\/ar_diario_norte.jpg\" \/><\/p>\n<p><img decoding=\"async\" loading=\"lazy\" class=\"aligncenter size-full wp-image-689975\" src=\"https:\/\/www.diario5.com.ar\/wp-content\/uploads\/2024\/12\/voz_chaco20241223.jpg\" width=\"700\" height=\"816\" srcset=\"https:\/\/www.diario5.com.ar\/wp-content\/uploads\/2024\/12\/voz_chaco20241223.jpg 700w, https:\/\/www.diario5.com.ar\/wp-content\/uploads\/2024\/12\/voz_chaco20241223-257x300.jpg 257w\" sizes=\"(max-width: 700px) 100vw, 700px\" \/><\/p>\n<p><img decoding=\"async\" src=\"https:\/\/img.kiosko.net\/2024\/12\/23\/ar\/ar_diario_madryn.jpg\" \/><\/p>\n<p><img decoding=\"async\" src=\"https:\/\/img.kiosko.net\/2024\/12\/23\/ar\/ar_laprensa.jpg\" \/><\/p>\n<p><img decoding=\"async\" src=\"https:\/\/img.kiosko.net\/2024\/12\/23\/ar\/ar_cronista.jpg\" \/><\/p>\n<p><img decoding=\"async\" src=\"https:\/\/img.kiosko.net\/2024\/12\/23\/ar\/buenosaires_economico.jpg\" \/><\/p>\n<p><img decoding=\"async\" src=\"https:\/\/img.kiosko.net\/2024\/12\/23\/ar\/ar_perfil.jpg\" \/><\/p>\n<p><img decoding=\"async\" loading=\"lazy\" class=\"aligncenter size-full wp-image-689976\" src=\"https:\/\/www.diario5.com.ar\/wp-content\/uploads\/2024\/12\/ar_eldia20241223.jpg\" width=\"700\" height=\"1008\" srcset=\"https:\/\/www.diario5.com.ar\/wp-content\/uploads\/2024\/12\/ar_eldia20241223.jpg 700w, https:\/\/www.diario5.com.ar\/wp-content\/uploads\/2024\/12\/ar_eldia20241223-208x300.jpg 208w\" sizes=\"(max-width: 700px) 100vw, 700px\" \/><\/p>\n<p><img decoding=\"async\" src=\"https:\/\/img.kiosko.net\/2024\/12\/23\/ar\/ar_hoy.jpg\" \/><\/p>\n<p><img decoding=\"async\" src=\"https:\/\/img.kiosko.net\/2024\/12\/23\/ar\/ar_democracia.jpg\" \/><\/p>\n<p><img decoding=\"async\" loading=\"lazy\" class=\"aligncenter size-full wp-image-689977\" src=\"https:\/\/www.diario5.com.ar\/wp-content\/uploads\/2024\/12\/ar_chubut20241223.jpg\" width=\"700\" height=\"906\" srcset=\"https:\/\/www.diario5.com.ar\/wp-content\/uploads\/2024\/12\/ar_chubut20241223.jpg 700w, https:\/\/www.diario5.com.ar\/wp-content\/uploads\/2024\/12\/ar_chubut20241223-232x300.jpg 232w\" sizes=\"(max-width: 700px) 100vw, 700px\" \/><\/p>\n<p><img decoding=\"async\" src=\"https:\/\/img.kiosko.net\/2024\/12\/23\/ar\/ar_epoca.jpg\" \/><\/p>\n<p><img decoding=\"async\" src=\"https:\/\/img.kiosko.net\/2024\/12\/23\/ar\/ar_litoral.jpg\" \/><\/p>\n<p><img decoding=\"async\" src=\"https:\/\/img.kiosko.net\/2024\/12\/23\/ar\/ar_heraldo.jpg\" \/><\/p>\n<p><img decoding=\"async\" src=\"https:\/\/img.kiosko.net\/2024\/12\/23\/ar\/ar_manana_formosa.jpg\" \/><\/p>\n<p><img decoding=\"async\" src=\"https:\/\/img.kiosko.net\/2024\/12\/23\/ar\/ar_diario_pampa.jpg\" \/><\/p>\n<p><img decoding=\"async\" src=\"https:\/\/img.kiosko.net\/2024\/12\/23\/ar\/ar_pagina12.jpg\" \/><\/p>\n<p><img decoding=\"async\" src=\"https:\/\/img.kiosko.net\/2024\/12\/23\/ar\/ar_arena.jpg\" \/><\/p>\n<p><img decoding=\"async\" src=\"https:\/\/img.kiosko.net\/2024\/12\/23\/ar\/independiente.jpg\" \/><\/p>\n<p><img decoding=\"async\" src=\"https:\/\/img.kiosko.net\/2024\/12\/23\/ar\/nueva_rioja.jpg\" \/><\/p>\n<p><img decoding=\"async\" src=\"https:\/\/img.kiosko.net\/2024\/12\/23\/ar\/ar_losandes.jpg\" \/><\/p>\n<p><img decoding=\"async\" src=\"https:\/\/img.kiosko.net\/2024\/12\/23\/ar\/ar_tribuno.jpg\" \/><\/p>\n<p><img decoding=\"async\" src=\"https:\/\/img.kiosko.net\/2024\/12\/23\/ar\/lea.jpg\" \/><\/p>\n<p><img decoding=\"async\" src=\"https:\/\/img.kiosko.net\/2024\/12\/23\/ar\/ar_nuevo_diario.jpg\" \/><\/p>\n<p><img decoding=\"async\" src=\"https:\/\/img.kiosko.net\/2024\/12\/23\/ar\/ar_diario_cuyo.jpg\" \/><\/p>\n<p><img decoding=\"async\" src=\"https:\/\/img.kiosko.net\/2024\/12\/23\/ar\/huarpe.jpg\" \/><\/p>\n<p><img decoding=\"async\" src=\"https:\/\/img.kiosko.net\/2024\/12\/23\/ar\/ar_diario_republica.jpg\" \/><\/p>\n<p><img decoding=\"async\" src=\"https:\/\/img.kiosko.net\/2024\/12\/23\/ar\/ar_litoral_sfe.jpg\" \/><\/p>\n<p><img decoding=\"async\" src=\"https:\/\/img.kiosko.net\/2024\/12\/23\/ar\/ciudadano.jpg\" \/><\/p>\n<p><img decoding=\"async\" src=\"https:\/\/img.kiosko.net\/2024\/12\/23\/ar\/ar_mirador_provincial.jpg\" \/><\/p>\n<p><img decoding=\"async\" src=\"https:\/\/img.kiosko.net\/2024\/12\/23\/ar\/ar_gaceta.jpg\" \/><\/p>\n<p><img decoding=\"async\" src=\"https:\/\/img.kiosko.net\/2024\/12\/23\/ar\/ar_cronica.jpg\" \/><\/p>\n<p><img decoding=\"async\" loading=\"lazy\" class=\"aligncenter size-full wp-image-689978\" src=\"https:\/\/www.diario5.com.ar\/wp-content\/uploads\/2024\/12\/ar_clarin20241223.jpg\" width=\"700\" height=\"977\" srcset=\"https:\/\/www.diario5.com.ar\/wp-content\/uploads\/2024\/12\/ar_clarin20241223.jpg 700w, https:\/\/www.diario5.com.ar\/wp-content\/uploads\/2024\/12\/ar_clarin20241223-215x300.jpg 215w\" sizes=\"(max-width: 700px) 100vw, 700px\" \/><\/p>\n<p><img decoding=\"async\" src=\"https:\/\/img.kiosko.net\/2024\/12\/23\/ar\/nacion.jpg\" \/><\/p>\n<p><img decoding=\"async\" src=\"https:\/\/img.kiosko.net\/2024\/12\/23\/ar\/ar_eco.jpg\" \/><\/p>\n<p><img decoding=\"async\" src=\"https:\/\/img.kiosko.net\/2024\/12\/23\/ar\/nuevo_diario.jpg\" \/><\/p>\n<p><img decoding=\"async\" src=\"https:\/\/img.kiosko.net\/2024\/12\/23\/ar\/sureno.jpg\" \/><\/p>\n<p><img decoding=\"async\" src=\"https:\/\/img.kiosko.net\/2024\/12\/23\/ar\/ar_duplicado.jpg\" \/><\/p>\n<p><img decoding=\"async\" src=\"https:\/\/img.kiosko.net\/2024\/12\/23\/ar\/tiempo_sur.jpg\" \/><\/p>\n<p><img decoding=\"async\" src=\"https:\/\/img.kiosko.net\/2024\/12\/23\/ar\/tiempo_argentino.jpg\" \/><\/p>\n<p><img decoding=\"async\" src=\"https:\/\/img.kiosko.net\/2024\/12\/23\/ar\/ar_epoca.jpg\" \/><\/p>\n<p><img decoding=\"async\" src=\"https:\/\/img.kiosko.net\/2024\/12\/23\/ar\/ar_elsol.jpg\" \/><\/p>\n<p><img decoding=\"async\" loading=\"lazy\" class=\"aligncenter size-full wp-image-689979\" src=\"https:\/\/www.diario5.com.ar\/wp-content\/uploads\/2024\/12\/ar_ancasti20241223.jpg\" width=\"700\" height=\"942\" srcset=\"https:\/\/www.diario5.com.ar\/wp-content\/uploads\/2024\/12\/ar_ancasti20241223.jpg 700w, https:\/\/www.diario5.com.ar\/wp-content\/uploads\/2024\/12\/ar_ancasti20241223-223x300.jpg 223w\" sizes=\"(max-width: 700px) 100vw, 700px\" \/><\/p>\n<p><img decoding=\"async\" src=\"https:\/\/img.kiosko.net\/2024\/12\/23\/ar\/ar_rio_negro.jpg\" \/><\/p>\n<p><img decoding=\"async\" src=\"https:\/\/img.kiosko.net\/2024\/12\/23\/ar\/ar_03.jpg\" \/><\/p>\n<p><img decoding=\"async\" src=\"https:\/\/img.kiosko.net\/2024\/12\/23\/ar\/ar_04.jpg\" \/><\/p>\n<p><img decoding=\"async\" src=\"https:\/\/img.kiosko.net\/2024\/12\/23\/ar\/ar_05.jpg\" \/><\/p>\n<p>&nbsp;<\/p>","protected":false},"excerpt":{"rendered":"<p>Miles de personas viajan para reunirse con familiares y amigos en v\u00edsperas de Navidad. El plazo de entre 40 y 20 horas antes de la cena navide\u00f1a refleja el tiempo que estos viajeros necesitan para llegar a sus destinos, realizar compras finales o preparativos antes del encuentro familiar programado. Trenes, micro\u00f3mnibus y aviones van saturados [&hellip;]<\/p>","protected":false},"author":9,"featured_media":689950,"comment_status":"open","ping_status":"open","sticky":false,"template":"","format":"standard","meta":[],"categories":[2408,2406,56,25,2407,51],"tags":[1684,2404,1177,2409,474,630,934,1283,1370,1826,2387,370,936,1580,1869,1874,2223,941,929],"series":[],"_links":{"self":[{"href":"https:\/\/www.diario5.com.ar\/es\/wp-json\/wp\/v2\/posts\/677467"}],"collection":[{"href":"https:\/\/www.diario5.com.ar\/es\/wp-json\/wp\/v2\/posts"}],"about":[{"href":"https:\/\/www.diario5.com.ar\/es\/wp-json\/wp\/v2\/types\/post"}],"author":[{"embeddable":true,"href":"https:\/\/www.diario5.com.ar\/es\/wp-json\/wp\/v2\/users\/9"}],"replies":[{"embeddable":true,"href":"https:\/\/www.diario5.com.ar\/es\/wp-json\/wp\/v2\/comments?post=677467"}],"version-history":[{"count":3,"href":"https:\/\/www.diario5.com.ar\/es\/wp-json\/wp\/v2\/posts\/677467\/revisions"}],"predecessor-version":[{"id":689949,"href":"https:\/\/www.diario5.com.ar\/es\/wp-json\/wp\/v2\/posts\/677467\/revisions\/689949"}],"wp:featuredmedia":[{"embeddable":true,"href":"https:\/\/www.diario5.com.ar\/es\/wp-json\/wp\/v2\/media\/689950"}],"wp:attachment":[{"href":"https:\/\/www.diario5.com.ar\/es\/wp-json\/wp\/v2\/media?parent=677467"}],"wp:term":[{"taxonomy":"category","embeddable":true,"href":"https:\/\/www.diario5.com.ar\/es\/wp-json\/wp\/v2\/categories?post=677467"},{"taxonomy":"post_tag","embeddable":true,"href":"https:\/\/www.diario5.com.ar\/es\/wp-json\/wp\/v2\/tags?post=677467"},{"taxonomy":"series","embeddable":true,"href":"https:\/\/www.diario5.com.ar\/es\/wp-json\/wp\/v2\/series?post=677467"}],"curies":[{"name":"wp","href":"https:\/\/api.w.org\/{rel}","templated":true}]}}