{"id":677466,"date":"2024-12-22T06:11:00","date_gmt":"2024-12-22T09:11:00","guid":{"rendered":"http:\/\/diario5.com.ar\/?p=677466"},"modified":"2024-12-22T06:13:10","modified_gmt":"2024-12-22T09:13:10","slug":"677466","status":"publish","type":"post","link":"https:\/\/www.diario5.com.ar\/es\/677466\/","title":{"rendered":"Nuevo Pase con CUD y SUBE"},"content":{"rendered":"<h2 class=\"sub-title-primary\"><\/h2> <p><img decoding=\"async\" loading=\"lazy\" class=\"alignnone size-full wp-image-689931\" src=\"https:\/\/www.diario5.com.ar\/wp-content\/uploads\/2024\/12\/CUD-SUBE.jpg\" alt=\"\" width=\"2124\" height=\"1304\" srcset=\"https:\/\/www.diario5.com.ar\/wp-content\/uploads\/2024\/12\/CUD-SUBE.jpg 2124w, https:\/\/www.diario5.com.ar\/wp-content\/uploads\/2024\/12\/CUD-SUBE-300x184.jpg 300w, https:\/\/www.diario5.com.ar\/wp-content\/uploads\/2024\/12\/CUD-SUBE-1024x629.jpg 1024w, https:\/\/www.diario5.com.ar\/wp-content\/uploads\/2024\/12\/CUD-SUBE-768x472.jpg 768w, https:\/\/www.diario5.com.ar\/wp-content\/uploads\/2024\/12\/CUD-SUBE-1536x943.jpg 1536w, https:\/\/www.diario5.com.ar\/wp-content\/uploads\/2024\/12\/CUD-SUBE-2048x1257.jpg 2048w\" sizes=\"(max-width: 2124px) 100vw, 2124px\" \/><\/p>\n<p>Por fin, el nuevo Pase al Subte para Personas con Discapacidad, se integra con la tarjeta SUBE .<\/p>\n<p>Est\u00e1 destinado a personas no videntes y poseedores del Certificado \u00danico de Discapacidad (CUD).<\/p>\n<p>Durante la transici\u00f3n, el pase actual seguir\u00e1 siendo v\u00e1lido.<\/p>\n<p>Pero pronto toda el que viaje en transporte p\u00fablico deber\u00e1 tener (como m\u00ednimo) una tarjeta SUBE registrada a su nombre.<\/p>\n<p>El pase es exclusivo para el titular. Cualquier abuso puede llevar a la suspensi\u00f3n del beneficio (lo cual ser\u00eda sacarla bastante barata) .<\/p>\n<p>Se gestiona en la web de EMOVA (emova.com.ar)<\/p>\n<p>\u00bfQu\u00e9 cambia esto? Muchas cosas a favor del ordenamiento. Pero la m\u00e1s importante es que los pases libres, hoy, no registran el viaje de ese pasajero.\u00a0Si ocurriera un accidente, para las compa\u00f1\u00edas de seguros los \u00fanicos reconocidos ser\u00e1n quienes tengan el viaje registrado en su cuenta SUBE<\/p>\n<p><!--googleoff: index--><br \/>\n<!--googleon: index--><br \/>\n<img decoding=\"async\" loading=\"lazy\" class=\"aligncenter size-full wp-image-689964\" src=\"https:\/\/www.diario5.com.ar\/wp-content\/uploads\/2024\/12\/ar_capital_rosario20241222.jpg\" width=\"700\" height=\"931\" srcset=\"https:\/\/www.diario5.com.ar\/wp-content\/uploads\/2024\/12\/ar_capital_rosario20241222.jpg 700w, https:\/\/www.diario5.com.ar\/wp-content\/uploads\/2024\/12\/ar_capital_rosario20241222-226x300.jpg 226w\" sizes=\"(max-width: 700px) 100vw, 700px\" \/><\/p>\n<p><img decoding=\"async\" src=\"https:\/\/img.kiosko.net\/2024\/12\/22\/ar\/ar_nueva_provincia.jpg\" \/><\/p>\n<p><img decoding=\"async\" src=\"https:\/\/img.kiosko.net\/2024\/12\/22\/ar\/ar_duplicado.jpg\" \/><\/p>\n<p><img decoding=\"async\" loading=\"lazy\" class=\"aligncenter size-full wp-image-689965\" src=\"https:\/\/www.diario5.com.ar\/wp-content\/uploads\/2024\/12\/esquiu20241222.jpg\" width=\"700\" height=\"920\" srcset=\"https:\/\/www.diario5.com.ar\/wp-content\/uploads\/2024\/12\/esquiu20241222.jpg 700w, https:\/\/www.diario5.com.ar\/wp-content\/uploads\/2024\/12\/esquiu20241222-228x300.jpg 228w\" sizes=\"(max-width: 700px) 100vw, 700px\" \/><\/p>\n<p><img decoding=\"async\" src=\"https:\/\/img.kiosko.net\/2024\/12\/22\/ar\/ar_diario_norte.jpg\" \/><\/p>\n<p><img decoding=\"async\" loading=\"lazy\" class=\"aligncenter size-full wp-image-689966\" src=\"https:\/\/www.diario5.com.ar\/wp-content\/uploads\/2024\/12\/voz_chaco20241222.jpg\" width=\"700\" height=\"852\" srcset=\"https:\/\/www.diario5.com.ar\/wp-content\/uploads\/2024\/12\/voz_chaco20241222.jpg 700w, https:\/\/www.diario5.com.ar\/wp-content\/uploads\/2024\/12\/voz_chaco20241222-246x300.jpg 246w\" sizes=\"(max-width: 700px) 100vw, 700px\" \/><\/p>\n<p><img decoding=\"async\" src=\"https:\/\/img.kiosko.net\/2024\/12\/22\/ar\/ar_diario_madryn.jpg\" \/><\/p>\n<p><img decoding=\"async\" src=\"https:\/\/img.kiosko.net\/2024\/12\/22\/ar\/ar_laprensa.jpg\" \/><\/p>\n<p><img decoding=\"async\" src=\"https:\/\/img.kiosko.net\/2024\/12\/22\/ar\/ar_cronista.jpg\" \/><\/p>\n<p><img decoding=\"async\" src=\"https:\/\/img.kiosko.net\/2024\/12\/22\/ar\/buenosaires_economico.jpg\" \/><\/p>\n<p><img decoding=\"async\" src=\"https:\/\/img.kiosko.net\/2024\/12\/22\/ar\/ar_perfil.jpg\" \/><\/p>\n<p><img decoding=\"async\" loading=\"lazy\" class=\"aligncenter size-full wp-image-689967\" src=\"https:\/\/www.diario5.com.ar\/wp-content\/uploads\/2024\/12\/ar_eldia20241222.jpg\" width=\"700\" height=\"1008\" srcset=\"https:\/\/www.diario5.com.ar\/wp-content\/uploads\/2024\/12\/ar_eldia20241222.jpg 700w, https:\/\/www.diario5.com.ar\/wp-content\/uploads\/2024\/12\/ar_eldia20241222-208x300.jpg 208w\" sizes=\"(max-width: 700px) 100vw, 700px\" \/><\/p>\n<p><img decoding=\"async\" loading=\"lazy\" class=\"aligncenter size-full wp-image-689968\" src=\"https:\/\/www.diario5.com.ar\/wp-content\/uploads\/2024\/12\/ar_hoy20241222.jpg\" width=\"700\" height=\"881\" srcset=\"https:\/\/www.diario5.com.ar\/wp-content\/uploads\/2024\/12\/ar_hoy20241222.jpg 700w, https:\/\/www.diario5.com.ar\/wp-content\/uploads\/2024\/12\/ar_hoy20241222-238x300.jpg 238w\" sizes=\"(max-width: 700px) 100vw, 700px\" \/><\/p>\n<p><img decoding=\"async\" src=\"https:\/\/img.kiosko.net\/2024\/12\/22\/ar\/ar_democracia.jpg\" \/><\/p>\n<p><img decoding=\"async\" loading=\"lazy\" class=\"aligncenter size-full wp-image-689969\" src=\"https:\/\/www.diario5.com.ar\/wp-content\/uploads\/2024\/12\/ar_chubut20241222.jpg\" width=\"700\" height=\"895\" srcset=\"https:\/\/www.diario5.com.ar\/wp-content\/uploads\/2024\/12\/ar_chubut20241222.jpg 700w, https:\/\/www.diario5.com.ar\/wp-content\/uploads\/2024\/12\/ar_chubut20241222-235x300.jpg 235w\" sizes=\"(max-width: 700px) 100vw, 700px\" \/><\/p>\n<p><img decoding=\"async\" src=\"https:\/\/img.kiosko.net\/2024\/12\/22\/ar\/ar_epoca.jpg\" \/><\/p>\n<p><img decoding=\"async\" src=\"https:\/\/img.kiosko.net\/2024\/12\/22\/ar\/ar_litoral.jpg\" \/><\/p>\n<p><img decoding=\"async\" src=\"https:\/\/img.kiosko.net\/2024\/12\/22\/ar\/ar_heraldo.jpg\" \/><\/p>\n<p><img decoding=\"async\" src=\"https:\/\/img.kiosko.net\/2024\/12\/22\/ar\/ar_manana_formosa.jpg\" \/><\/p>\n<p><img decoding=\"async\" src=\"https:\/\/img.kiosko.net\/2024\/12\/22\/ar\/ar_diario_pampa.jpg\" \/><\/p>\n<p><img decoding=\"async\" src=\"https:\/\/img.kiosko.net\/2024\/12\/22\/ar\/ar_pagina12.jpg\" \/><\/p>\n<p><img decoding=\"async\" src=\"https:\/\/img.kiosko.net\/2024\/12\/22\/ar\/ar_arena.jpg\" \/><\/p>\n<p><img decoding=\"async\" src=\"https:\/\/img.kiosko.net\/2024\/12\/22\/ar\/independiente.jpg\" \/><\/p>\n<p><img decoding=\"async\" src=\"https:\/\/img.kiosko.net\/2024\/12\/22\/ar\/nueva_rioja.jpg\" \/><\/p>\n<p><img decoding=\"async\" src=\"https:\/\/img.kiosko.net\/2024\/12\/22\/ar\/ar_losandes.jpg\" \/><\/p>\n<p><img decoding=\"async\" src=\"https:\/\/img.kiosko.net\/2024\/12\/22\/ar\/ar_tribuno.jpg\" \/><\/p>\n<p><img decoding=\"async\" src=\"https:\/\/img.kiosko.net\/2024\/12\/22\/ar\/lea.jpg\" \/><\/p>\n<p><img decoding=\"async\" src=\"https:\/\/img.kiosko.net\/2024\/12\/22\/ar\/ar_nuevo_diario.jpg\" \/><\/p>\n<p><img decoding=\"async\" src=\"https:\/\/img.kiosko.net\/2024\/12\/22\/ar\/ar_diario_cuyo.jpg\" \/><\/p>\n<p><img decoding=\"async\" src=\"https:\/\/img.kiosko.net\/2024\/12\/22\/ar\/huarpe.jpg\" \/><\/p>\n<p><img decoding=\"async\" src=\"https:\/\/img.kiosko.net\/2024\/12\/22\/ar\/ar_diario_republica.jpg\" \/><\/p>\n<p><img decoding=\"async\" src=\"https:\/\/img.kiosko.net\/2024\/12\/22\/ar\/ar_litoral_sfe.jpg\" \/><\/p>\n<p><img decoding=\"async\" src=\"https:\/\/img.kiosko.net\/2024\/12\/22\/ar\/ciudadano.jpg\" \/><\/p>\n<p><img decoding=\"async\" src=\"https:\/\/img.kiosko.net\/2024\/12\/22\/ar\/ar_mirador_provincial.jpg\" \/><\/p>\n<p><img decoding=\"async\" src=\"https:\/\/img.kiosko.net\/2024\/12\/22\/ar\/ar_gaceta.jpg\" \/><\/p>\n<p><img decoding=\"async\" src=\"https:\/\/img.kiosko.net\/2024\/12\/22\/ar\/ar_cronica.jpg\" \/><\/p>\n<p><img decoding=\"async\" loading=\"lazy\" class=\"aligncenter size-full wp-image-689970\" src=\"https:\/\/www.diario5.com.ar\/wp-content\/uploads\/2024\/12\/ar_clarin20241222.jpg\" width=\"700\" height=\"977\" srcset=\"https:\/\/www.diario5.com.ar\/wp-content\/uploads\/2024\/12\/ar_clarin20241222.jpg 700w, https:\/\/www.diario5.com.ar\/wp-content\/uploads\/2024\/12\/ar_clarin20241222-215x300.jpg 215w\" sizes=\"(max-width: 700px) 100vw, 700px\" \/><\/p>\n<p><img decoding=\"async\" src=\"https:\/\/img.kiosko.net\/2024\/12\/22\/ar\/nacion.jpg\" \/><\/p>\n<p><img decoding=\"async\" src=\"https:\/\/img.kiosko.net\/2024\/12\/22\/ar\/ar_eco.jpg\" \/><\/p>\n<p><img decoding=\"async\" src=\"https:\/\/img.kiosko.net\/2024\/12\/22\/ar\/nuevo_diario.jpg\" \/><\/p>\n<p><img decoding=\"async\" src=\"https:\/\/img.kiosko.net\/2024\/12\/22\/ar\/sureno.jpg\" \/><\/p>\n<p><img decoding=\"async\" src=\"https:\/\/img.kiosko.net\/2024\/12\/22\/ar\/ar_duplicado.jpg\" \/><\/p>\n<p><img decoding=\"async\" src=\"https:\/\/img.kiosko.net\/2024\/12\/22\/ar\/tiempo_sur.jpg\" \/><\/p>\n<p><img decoding=\"async\" src=\"https:\/\/img.kiosko.net\/2024\/12\/22\/ar\/tiempo_argentino.jpg\" \/><\/p>\n<p><img decoding=\"async\" src=\"https:\/\/img.kiosko.net\/2024\/12\/22\/ar\/ar_epoca.jpg\" \/><\/p>\n<p><img decoding=\"async\" src=\"https:\/\/img.kiosko.net\/2024\/12\/22\/ar\/ar_elsol.jpg\" \/><\/p>\n<p><img decoding=\"async\" loading=\"lazy\" class=\"aligncenter size-full wp-image-689971\" src=\"https:\/\/www.diario5.com.ar\/wp-content\/uploads\/2024\/12\/ar_ancasti20241222.jpg\" width=\"700\" height=\"941\" srcset=\"https:\/\/www.diario5.com.ar\/wp-content\/uploads\/2024\/12\/ar_ancasti20241222.jpg 700w, https:\/\/www.diario5.com.ar\/wp-content\/uploads\/2024\/12\/ar_ancasti20241222-223x300.jpg 223w\" sizes=\"(max-width: 700px) 100vw, 700px\" \/><\/p>\n<p><img decoding=\"async\" src=\"https:\/\/img.kiosko.net\/2024\/12\/22\/ar\/ar_rio_negro.jpg\" \/><\/p>\n<p><img decoding=\"async\" src=\"https:\/\/img.kiosko.net\/2024\/12\/22\/ar\/ar_03.jpg\" \/><\/p>\n<p><img decoding=\"async\" src=\"https:\/\/img.kiosko.net\/2024\/12\/22\/ar\/ar_04.jpg\" \/><\/p>\n<p><img decoding=\"async\" src=\"https:\/\/img.kiosko.net\/2024\/12\/22\/ar\/ar_05.jpg\" \/><\/p>\n<p>&nbsp;<\/p>","protected":false},"excerpt":{"rendered":"<p>Por fin, el nuevo Pase al Subte para Personas con Discapacidad, se integra con la tarjeta SUBE . Est\u00e1 destinado a personas no videntes y poseedores del Certificado \u00danico de Discapacidad (CUD). Durante la transici\u00f3n, el pase actual seguir\u00e1 siendo v\u00e1lido. Pero pronto toda el que viaje en transporte p\u00fablico deber\u00e1 tener (como m\u00ednimo) una [&hellip;]<\/p>","protected":false},"author":12,"featured_media":689931,"comment_status":"open","ping_status":"open","sticky":false,"template":"","format":"standard","meta":[],"categories":[3,52,2395,56,25],"tags":[329,928,2391,929],"series":[],"_links":{"self":[{"href":"https:\/\/www.diario5.com.ar\/es\/wp-json\/wp\/v2\/posts\/677466"}],"collection":[{"href":"https:\/\/www.diario5.com.ar\/es\/wp-json\/wp\/v2\/posts"}],"about":[{"href":"https:\/\/www.diario5.com.ar\/es\/wp-json\/wp\/v2\/types\/post"}],"author":[{"embeddable":true,"href":"https:\/\/www.diario5.com.ar\/es\/wp-json\/wp\/v2\/users\/12"}],"replies":[{"embeddable":true,"href":"https:\/\/www.diario5.com.ar\/es\/wp-json\/wp\/v2\/comments?post=677466"}],"version-history":[{"count":2,"href":"https:\/\/www.diario5.com.ar\/es\/wp-json\/wp\/v2\/posts\/677466\/revisions"}],"predecessor-version":[{"id":689932,"href":"https:\/\/www.diario5.com.ar\/es\/wp-json\/wp\/v2\/posts\/677466\/revisions\/689932"}],"wp:featuredmedia":[{"embeddable":true,"href":"https:\/\/www.diario5.com.ar\/es\/wp-json\/wp\/v2\/media\/689931"}],"wp:attachment":[{"href":"https:\/\/www.diario5.com.ar\/es\/wp-json\/wp\/v2\/media?parent=677466"}],"wp:term":[{"taxonomy":"category","embeddable":true,"href":"https:\/\/www.diario5.com.ar\/es\/wp-json\/wp\/v2\/categories?post=677466"},{"taxonomy":"post_tag","embeddable":true,"href":"https:\/\/www.diario5.com.ar\/es\/wp-json\/wp\/v2\/tags?post=677466"},{"taxonomy":"series","embeddable":true,"href":"https:\/\/www.diario5.com.ar\/es\/wp-json\/wp\/v2\/series?post=677466"}],"curies":[{"name":"wp","href":"https:\/\/api.w.org\/{rel}","templated":true}]}}