{"id":677462,"date":"2024-12-18T06:11:00","date_gmt":"2024-12-18T09:11:00","guid":{"rendered":"http:\/\/diario5.com.ar\/?p=677462"},"modified":"2024-12-18T06:13:30","modified_gmt":"2024-12-18T09:13:30","slug":"677462","status":"publish","type":"post","link":"https:\/\/www.diario5.com.ar\/es\/677462\/","title":{"rendered":"Asuntos verdes pendientes"},"content":{"rendered":"<h2 class=\"sub-title-primary\"><\/h2> <p><img decoding=\"async\" loading=\"lazy\" class=\"aligncenter size-full wp-image-689895\" src=\"https:\/\/www.diario5.com.ar\/wp-content\/uploads\/2024\/12\/8fb3646f9c2d0177333322eaae89141371c59c6620241218.jpg\" width=\"700\" height=\"463\" srcset=\"https:\/\/www.diario5.com.ar\/wp-content\/uploads\/2024\/12\/8fb3646f9c2d0177333322eaae89141371c59c6620241218.jpg 700w, https:\/\/www.diario5.com.ar\/wp-content\/uploads\/2024\/12\/8fb3646f9c2d0177333322eaae89141371c59c6620241218-300x198.jpg 300w\" sizes=\"(max-width: 700px) 100vw, 700px\" \/><\/p>\n<p>En una ciudad inmensa como Buenos Aires, equilibrar la conservaci\u00f3n de los \u00e1rboles hist\u00f3ricos con la necesidad de sumar espacios verdes, exige una planificaci\u00f3n que asuma la complejidad del paisaje urbano. Las arboledas a\u00f1osas, patrimonio natural porte\u00f1o, adem\u00e1s de embellecer calles y avenidas, equilibran el ambiente al aportar sombra y ox\u00edgeno. Pero en muchos casos, sus ra\u00edces imponentes ya generan serios problemas al romper veredas y afectar las estructuras de frentes de propiedades.<\/p>\n<p>Si tomamos en cuenta que la Ciudad de Buenos Aires ya tiene censado al arbolado urbano con la clasificaci\u00f3n de las especies y el estado de cada ejemplar ya evaluado, el primer paso ya est\u00e1 cumplido. No todos los \u00e1rboles representan el mismo impacto; algunos pueden conservarse con cuidados espec\u00edficos, mientras que otros, m\u00e1s invasivos, deben ser reemplazados por especies m\u00e1s adecuadas. Esta sustituci\u00f3n no significa perder verde, sino optar por \u00e1rboles de ra\u00edces menos agresivas que puedan convivir con las infraestructuras urbanas sin da\u00f1arlas.<\/p>\n<p>Ahora bien, sabemos que la ciudad debe seguir mirando hacia sus barrios menos forestados y aprovechar los terrenos subutilizados para crear nuevos espacios verdes. Por eso la importancia de la instalaci\u00f3n de plazas peque\u00f1as, parques lineales y jardines comunitarios en \u00e1reas residuales o en desuso puede extender la presencia del verde sin necesidad de grandes intervenciones.<\/p>\n<p>Y aparte del gobierno, nosotros: la incorporaci\u00f3n de vegetaci\u00f3n en terrazas, muros y estructuras verticales tambi\u00e9n es una alternativa nada desde\u00f1able para ampliar las superficies verdes sin ocupar terreno adicional.<\/p>\n<p>\u00bfQu\u00e9 soluciones t\u00e9cnicas puede haber para la convivencia entre naturaleza y urbanidad?<\/p>\n<p><strong>La m\u00e1s incre\u00edblemente adecuada es el montaje de veredas permeables y sistemas de contenci\u00f3n subterr\u00e1nea para ra\u00edces.<\/strong> Esta instalaci\u00f3n permite guiar el crecimiento de \u00e1rboles, evitar da\u00f1os, mejorar la absorci\u00f3n de agua y prevenir anegamientos. Estas infraestructuras, junto con el redise\u00f1o de bulevares y canteros m\u00e1s amplios, pueden armonizar la relaci\u00f3n entre \u00e1rboles y pavimento.<\/p>\n<p>El paso siguiente es equilibrar el arbolado en toda la ciudad. Las zonas m\u00e1s afectadas por ra\u00edces invasivas no pueden ser las \u00fanicas en recibir intervenciones, ya que existen barrios que a\u00fan carecen de suficiente presencia arb\u00f3rea.<\/p>\n<p>La din\u00e1mica ecol\u00f3gica actual obliga a las administraciones de las grande ciudades como la nuestra a que las pol\u00edticas p\u00fablicas para la distribuci\u00f3n equitativa de los espacios verdes sea un tema abierto permanente. Todos queremos que los puntos que nos afectan m\u00e1s de cerca sea la prioridad. S\u00ed deben serlo las nuevas plantaciones en \u00e1reas que lo necesitan.<\/p>\n<p>La participaci\u00f3n de los vecinos es fundamental en este proceso. La planificaci\u00f3n urbana debe contemplar las necesidades de quienes transitan y habitan la ciudad, generando programas de educaci\u00f3n ambiental y fomentando la creaci\u00f3n de espacios verdes comunitarios donde los ciudadanos puedan involucrarse directamente en su cuidado.<\/p>\n<p>Est\u00e1 claro que no puede existir una \u00abgrieta\u00bb para elegir entre \u00e1rboles y veredas, sino repensar permanentemente la ciudad desde una perspectiva que respete el patrimonio natural\u00a0 y permita un desarrollo urbano sostenible. Ya podemos marcar en la agenda 2025 algunos temas ecol\u00f3gicos importantes<\/p>\n<p><!--googleoff: index--><br \/>\n<!--googleon: index--><br \/>\n<img decoding=\"async\" loading=\"lazy\" class=\"aligncenter size-full wp-image-689896\" src=\"https:\/\/www.diario5.com.ar\/wp-content\/uploads\/2024\/12\/ar_capital_rosario20241218.jpg\" width=\"700\" height=\"930\" srcset=\"https:\/\/www.diario5.com.ar\/wp-content\/uploads\/2024\/12\/ar_capital_rosario20241218.jpg 700w, https:\/\/www.diario5.com.ar\/wp-content\/uploads\/2024\/12\/ar_capital_rosario20241218-226x300.jpg 226w\" sizes=\"(max-width: 700px) 100vw, 700px\" \/><\/p>\n<p><img decoding=\"async\" src=\"https:\/\/img.kiosko.net\/2024\/12\/18\/ar\/ar_nueva_provincia.jpg\" \/><\/p>\n<p><img decoding=\"async\" src=\"https:\/\/img.kiosko.net\/2024\/12\/18\/ar\/ar_duplicado.jpg\" \/><\/p>\n<p><img decoding=\"async\" loading=\"lazy\" class=\"aligncenter size-full wp-image-689897\" src=\"https:\/\/www.diario5.com.ar\/wp-content\/uploads\/2024\/12\/esquiu20241218.jpg\" width=\"700\" height=\"920\" srcset=\"https:\/\/www.diario5.com.ar\/wp-content\/uploads\/2024\/12\/esquiu20241218.jpg 700w, https:\/\/www.diario5.com.ar\/wp-content\/uploads\/2024\/12\/esquiu20241218-228x300.jpg 228w\" sizes=\"(max-width: 700px) 100vw, 700px\" \/><\/p>\n<p><img decoding=\"async\" src=\"https:\/\/img.kiosko.net\/2024\/12\/18\/ar\/ar_diario_norte.jpg\" \/><\/p>\n<p><img decoding=\"async\" loading=\"lazy\" class=\"aligncenter size-full wp-image-689898\" src=\"https:\/\/www.diario5.com.ar\/wp-content\/uploads\/2024\/12\/voz_chaco20241218.jpg\" width=\"700\" height=\"816\" srcset=\"https:\/\/www.diario5.com.ar\/wp-content\/uploads\/2024\/12\/voz_chaco20241218.jpg 700w, https:\/\/www.diario5.com.ar\/wp-content\/uploads\/2024\/12\/voz_chaco20241218-257x300.jpg 257w\" sizes=\"(max-width: 700px) 100vw, 700px\" \/><\/p>\n<p><img decoding=\"async\" src=\"https:\/\/img.kiosko.net\/2024\/12\/18\/ar\/ar_diario_madryn.jpg\" \/><\/p>\n<p><img decoding=\"async\" src=\"https:\/\/img.kiosko.net\/2024\/12\/18\/ar\/ar_laprensa.jpg\" \/><\/p>\n<p><img decoding=\"async\" src=\"https:\/\/img.kiosko.net\/2024\/12\/18\/ar\/ar_cronista.jpg\" \/><\/p>\n<p><img decoding=\"async\" src=\"https:\/\/img.kiosko.net\/2024\/12\/18\/ar\/buenosaires_economico.jpg\" \/><\/p>\n<p><img decoding=\"async\" src=\"https:\/\/img.kiosko.net\/2024\/12\/18\/ar\/ar_perfil.jpg\" \/><\/p>\n<p><img decoding=\"async\" loading=\"lazy\" class=\"aligncenter size-full wp-image-689899\" src=\"https:\/\/www.diario5.com.ar\/wp-content\/uploads\/2024\/12\/ar_eldia20241218.jpg\" width=\"700\" height=\"1008\" srcset=\"https:\/\/www.diario5.com.ar\/wp-content\/uploads\/2024\/12\/ar_eldia20241218.jpg 700w, https:\/\/www.diario5.com.ar\/wp-content\/uploads\/2024\/12\/ar_eldia20241218-208x300.jpg 208w\" sizes=\"(max-width: 700px) 100vw, 700px\" \/><\/p>\n<p><img decoding=\"async\" src=\"https:\/\/img.kiosko.net\/2024\/12\/18\/ar\/ar_hoy.jpg\" \/><\/p>\n<p><img decoding=\"async\" src=\"https:\/\/img.kiosko.net\/2024\/12\/18\/ar\/ar_democracia.jpg\" \/><\/p>\n<p><img decoding=\"async\" loading=\"lazy\" class=\"aligncenter size-full wp-image-689900\" src=\"https:\/\/www.diario5.com.ar\/wp-content\/uploads\/2024\/12\/ar_chubut20241218.jpg\" width=\"700\" height=\"902\" srcset=\"https:\/\/www.diario5.com.ar\/wp-content\/uploads\/2024\/12\/ar_chubut20241218.jpg 700w, https:\/\/www.diario5.com.ar\/wp-content\/uploads\/2024\/12\/ar_chubut20241218-233x300.jpg 233w\" sizes=\"(max-width: 700px) 100vw, 700px\" \/><\/p>\n<p><img decoding=\"async\" src=\"https:\/\/img.kiosko.net\/2024\/12\/18\/ar\/ar_epoca.jpg\" \/><\/p>\n<p><img decoding=\"async\" src=\"https:\/\/img.kiosko.net\/2024\/12\/18\/ar\/ar_litoral.jpg\" \/><\/p>\n<p><img decoding=\"async\" src=\"https:\/\/img.kiosko.net\/2024\/12\/18\/ar\/ar_heraldo.jpg\" \/><\/p>\n<p><img decoding=\"async\" src=\"https:\/\/img.kiosko.net\/2024\/12\/18\/ar\/ar_manana_formosa.jpg\" \/><\/p>\n<p><img decoding=\"async\" src=\"https:\/\/img.kiosko.net\/2024\/12\/18\/ar\/ar_diario_pampa.jpg\" \/><\/p>\n<p><img decoding=\"async\" src=\"https:\/\/img.kiosko.net\/2024\/12\/18\/ar\/ar_pagina12.jpg\" \/><\/p>\n<p><img decoding=\"async\" src=\"https:\/\/img.kiosko.net\/2024\/12\/18\/ar\/ar_arena.jpg\" \/><\/p>\n<p><img decoding=\"async\" src=\"https:\/\/img.kiosko.net\/2024\/12\/18\/ar\/independiente.jpg\" \/><\/p>\n<p><img decoding=\"async\" src=\"https:\/\/img.kiosko.net\/2024\/12\/18\/ar\/nueva_rioja.jpg\" \/><\/p>\n<p><img decoding=\"async\" src=\"https:\/\/img.kiosko.net\/2024\/12\/18\/ar\/ar_losandes.jpg\" \/><\/p>\n<p><img decoding=\"async\" src=\"https:\/\/img.kiosko.net\/2024\/12\/18\/ar\/ar_tribuno.jpg\" \/><\/p>\n<p><img decoding=\"async\" src=\"https:\/\/img.kiosko.net\/2024\/12\/18\/ar\/lea.jpg\" \/><\/p>\n<p><img decoding=\"async\" src=\"https:\/\/img.kiosko.net\/2024\/12\/18\/ar\/ar_nuevo_diario.jpg\" \/><\/p>\n<p><img decoding=\"async\" src=\"https:\/\/img.kiosko.net\/2024\/12\/18\/ar\/ar_diario_cuyo.jpg\" \/><\/p>\n<p><img decoding=\"async\" src=\"https:\/\/img.kiosko.net\/2024\/12\/18\/ar\/huarpe.jpg\" \/><\/p>\n<p><img decoding=\"async\" src=\"https:\/\/img.kiosko.net\/2024\/12\/18\/ar\/ar_diario_republica.jpg\" \/><\/p>\n<p><img decoding=\"async\" src=\"https:\/\/img.kiosko.net\/2024\/12\/18\/ar\/ar_litoral_sfe.jpg\" \/><\/p>\n<p><img decoding=\"async\" src=\"https:\/\/img.kiosko.net\/2024\/12\/18\/ar\/ciudadano.jpg\" \/><\/p>\n<p><img decoding=\"async\" src=\"https:\/\/img.kiosko.net\/2024\/12\/18\/ar\/ar_mirador_provincial.jpg\" \/><\/p>\n<p><img decoding=\"async\" src=\"https:\/\/img.kiosko.net\/2024\/12\/18\/ar\/ar_gaceta.jpg\" \/><\/p>\n<p><img decoding=\"async\" src=\"https:\/\/img.kiosko.net\/2024\/12\/18\/ar\/ar_cronica.jpg\" \/><\/p>\n<p><img decoding=\"async\" loading=\"lazy\" class=\"aligncenter size-full wp-image-689901\" src=\"https:\/\/www.diario5.com.ar\/wp-content\/uploads\/2024\/12\/ar_clarin20241218.jpg\" width=\"700\" height=\"977\" srcset=\"https:\/\/www.diario5.com.ar\/wp-content\/uploads\/2024\/12\/ar_clarin20241218.jpg 700w, https:\/\/www.diario5.com.ar\/wp-content\/uploads\/2024\/12\/ar_clarin20241218-215x300.jpg 215w\" sizes=\"(max-width: 700px) 100vw, 700px\" \/><\/p>\n<p><img decoding=\"async\" src=\"https:\/\/img.kiosko.net\/2024\/12\/18\/ar\/nacion.jpg\" \/><\/p>\n<p><img decoding=\"async\" src=\"https:\/\/img.kiosko.net\/2024\/12\/18\/ar\/ar_eco.jpg\" \/><\/p>\n<p><img decoding=\"async\" src=\"https:\/\/img.kiosko.net\/2024\/12\/18\/ar\/nuevo_diario.jpg\" \/><\/p>\n<p><img decoding=\"async\" src=\"https:\/\/img.kiosko.net\/2024\/12\/18\/ar\/sureno.jpg\" \/><\/p>\n<p><img decoding=\"async\" src=\"https:\/\/img.kiosko.net\/2024\/12\/18\/ar\/ar_duplicado.jpg\" \/><\/p>\n<p><img decoding=\"async\" src=\"https:\/\/img.kiosko.net\/2024\/12\/18\/ar\/tiempo_sur.jpg\" \/><\/p>\n<p><img decoding=\"async\" src=\"https:\/\/img.kiosko.net\/2024\/12\/18\/ar\/tiempo_argentino.jpg\" \/><\/p>\n<p><img decoding=\"async\" src=\"https:\/\/img.kiosko.net\/2024\/12\/18\/ar\/ar_epoca.jpg\" \/><\/p>\n<p><img decoding=\"async\" src=\"https:\/\/img.kiosko.net\/2024\/12\/18\/ar\/ar_elsol.jpg\" \/><\/p>\n<p><img decoding=\"async\" loading=\"lazy\" class=\"aligncenter size-full wp-image-689902\" src=\"https:\/\/www.diario5.com.ar\/wp-content\/uploads\/2024\/12\/ar_ancasti20241218.jpg\" width=\"700\" height=\"949\" srcset=\"https:\/\/www.diario5.com.ar\/wp-content\/uploads\/2024\/12\/ar_ancasti20241218.jpg 700w, https:\/\/www.diario5.com.ar\/wp-content\/uploads\/2024\/12\/ar_ancasti20241218-221x300.jpg 221w\" sizes=\"(max-width: 700px) 100vw, 700px\" \/><\/p>\n<p><img decoding=\"async\" src=\"https:\/\/img.kiosko.net\/2024\/12\/18\/ar\/ar_rio_negro.jpg\" \/><\/p>\n<p><img decoding=\"async\" src=\"https:\/\/img.kiosko.net\/2024\/12\/18\/ar\/ar_03.jpg\" \/><\/p>\n<p><img decoding=\"async\" src=\"https:\/\/img.kiosko.net\/2024\/12\/18\/ar\/ar_04.jpg\" \/><\/p>\n<p><img decoding=\"async\" src=\"https:\/\/img.kiosko.net\/2024\/12\/18\/ar\/ar_05.jpg\" \/><\/p>\n<p>&nbsp;<\/p>","protected":false},"excerpt":{"rendered":"<p>En una ciudad inmensa como Buenos Aires, equilibrar la conservaci\u00f3n de los \u00e1rboles hist\u00f3ricos con la necesidad de sumar espacios verdes, exige una planificaci\u00f3n que asuma la complejidad del paisaje urbano. Las arboledas a\u00f1osas, patrimonio natural porte\u00f1o, adem\u00e1s de embellecer calles y avenidas, equilibran el ambiente al aportar sombra y ox\u00edgeno. Pero en muchos casos, [&hellip;]<\/p>","protected":false},"author":27,"featured_media":689895,"comment_status":"open","ping_status":"open","sticky":false,"template":"","format":"standard","meta":[],"categories":[1795,95,56],"tags":[126,474,630,778,27,1370,2115,275,1459],"series":[],"_links":{"self":[{"href":"https:\/\/www.diario5.com.ar\/es\/wp-json\/wp\/v2\/posts\/677462"}],"collection":[{"href":"https:\/\/www.diario5.com.ar\/es\/wp-json\/wp\/v2\/posts"}],"about":[{"href":"https:\/\/www.diario5.com.ar\/es\/wp-json\/wp\/v2\/types\/post"}],"author":[{"embeddable":true,"href":"https:\/\/www.diario5.com.ar\/es\/wp-json\/wp\/v2\/users\/27"}],"replies":[{"embeddable":true,"href":"https:\/\/www.diario5.com.ar\/es\/wp-json\/wp\/v2\/comments?post=677462"}],"version-history":[{"count":2,"href":"https:\/\/www.diario5.com.ar\/es\/wp-json\/wp\/v2\/posts\/677462\/revisions"}],"predecessor-version":[{"id":689893,"href":"https:\/\/www.diario5.com.ar\/es\/wp-json\/wp\/v2\/posts\/677462\/revisions\/689893"}],"wp:featuredmedia":[{"embeddable":true,"href":"https:\/\/www.diario5.com.ar\/es\/wp-json\/wp\/v2\/media\/689895"}],"wp:attachment":[{"href":"https:\/\/www.diario5.com.ar\/es\/wp-json\/wp\/v2\/media?parent=677462"}],"wp:term":[{"taxonomy":"category","embeddable":true,"href":"https:\/\/www.diario5.com.ar\/es\/wp-json\/wp\/v2\/categories?post=677462"},{"taxonomy":"post_tag","embeddable":true,"href":"https:\/\/www.diario5.com.ar\/es\/wp-json\/wp\/v2\/tags?post=677462"},{"taxonomy":"series","embeddable":true,"href":"https:\/\/www.diario5.com.ar\/es\/wp-json\/wp\/v2\/series?post=677462"}],"curies":[{"name":"wp","href":"https:\/\/api.w.org\/{rel}","templated":true}]}}