{"id":677455,"date":"2024-12-11T06:11:00","date_gmt":"2024-12-11T09:11:00","guid":{"rendered":"http:\/\/diario5.com.ar\/?p=677455"},"modified":"2024-12-15T12:28:15","modified_gmt":"2024-12-15T15:28:15","slug":"677455","status":"publish","type":"post","link":"https:\/\/www.diario5.com.ar\/es\/677455\/","title":{"rendered":"Integrar el Tango a la Educaci\u00f3n"},"content":{"rendered":"<h2 class=\"sub-title-primary\">El tango como veh\u00edculo cultural es considerado siempre un puente hacia la historia. Hoy es su d\u00eda. Y es parte de una identidad, la nuestra, muy reconocida en el mundo.<\/h2> <p><img decoding=\"async\" loading=\"lazy\" class=\"alignnone size-full wp-image-689807\" src=\"https:\/\/www.diario5.com.ar\/wp-content\/uploads\/2024\/12\/tango_aula2.jpg\" alt=\"\" width=\"900\" height=\"506\" srcset=\"https:\/\/www.diario5.com.ar\/wp-content\/uploads\/2024\/12\/tango_aula2.jpg 900w, https:\/\/www.diario5.com.ar\/wp-content\/uploads\/2024\/12\/tango_aula2-300x169.jpg 300w, https:\/\/www.diario5.com.ar\/wp-content\/uploads\/2024\/12\/tango_aula2-768x432.jpg 768w\" sizes=\"(max-width: 900px) 100vw, 900px\" \/><\/p>\n<p>\u00bfPuede el tango ser la llave para elevar el nivel cultural de las generaciones futuras de la Argentina?<\/p>\n<p>Tomando en cuenta que llevamos unos 30 a\u00f1os de constante renovaci\u00f3n de m\u00fasicos dedicados al gran g\u00e9nero musical de Buenos Aires m\u00e1s toda una ola de nuevos bailarines, bien podemos entender que incorporar su estudio como materia alternativa le dar\u00eda a la educaci\u00f3n del pa\u00eds un arma importante.<\/p>\n<p>El tango, como expresi\u00f3n cultural profundamente arraigada en la historia y el esp\u00edritu argentino, tiene el potencial de desempe\u00f1ar un papel mayor en la formaci\u00f3n cultural de las generaciones futuras. Es mucho m\u00e1s que un g\u00e9nero musical. Demostr\u00f3 ser manifestaci\u00f3n art\u00edstica que engloba danza, poes\u00eda, identidad y memoria colectiva. Requiere ser promovido con visi\u00f3n y responsabilidad. Podr\u00eda convertirse en una herramienta que fortalezca el sentido de pertenencia porque compitiendo con las paup\u00e9rrimas expresiones art\u00edsticas del momento, arrasa. El efecto de elevar el nivel cultural y generar espacios de di\u00e1logo intergeneracional se conseguir\u00eda sin obst\u00e1culos.<\/p>\n<p>El tango cuenta la historia del pa\u00eds en su lenguaje m\u00e1s \u00edntimo. Habla de las migraciones, los barrios, las penas y alegr\u00edas de la clase trabajadora y de una Buenos Aires que se expandi\u00f3 junto a su m\u00fasica. Su letra es poes\u00eda urbana, con un uso del lunfardo y de met\u00e1foras que invitan a conocer nuestra lengua con mayor profundidad.<\/p>\n<p>Promover el tango en las escuelas y espacios culturales no se trata solo de ense\u00f1ar a bailar o a tocar el bandone\u00f3n, sino tambi\u00e9n de inculcar valores como la disciplina, el respeto y la creatividad. El aprendizaje de esta expresi\u00f3n requiere escucha activa, comprensi\u00f3n del tiempo y del otro, elementos fundamentales para el desarrollo personal y social.<\/p>\n<p>El tango es un patrimonio cultural inmaterial de la humanidad declarado por la UNESCO. Muchos pa\u00edses lo valoran, lo estudian y lo disfrutan. Entonces, \u00bfpor qu\u00e9 no otorgarle en la Argentina la centralidad que merece en los planes culturales y educativos? Podr\u00eda actuar como un faro cultural para las generaciones futuras, incentivando la valoraci\u00f3n de lo propio y proyect\u00e1ndolo hacia el mundo.<\/p>\n<p>\u00bfQu\u00e9 falta para que el tango sea \u00abla llave\u00bb?<\/p>\n<ul>\n<li>Una mayor inserci\u00f3n en pol\u00edticas culturales y educativas. El tango deber\u00eda ser una materia transversal en el aprendizaje art\u00edstico y literario de las escuelas argentinas.<\/li>\n<li>Programas de acceso gratuito a clases de m\u00fasica, baile y poes\u00eda tanguera para j\u00f3venes en barrios populares.<\/li>\n<li>Mayor espacio en medios de comunicaci\u00f3n y plataformas digitales, donde los j\u00f3venes suelen consumir cultura.<\/li>\n<li>Si el tango se presenta como algo vivo, <strong>no como una reliquia<\/strong>, podr\u00eda transformarse en un movimiento cultural capaz de educar, emocionar y elevar el esp\u00edritu de las nuevas generaciones. Dejar de considerarlo solo como \u00abnostalgia\u00bb y proyectarlo como una fuente de creaci\u00f3n y orgullo nacional es la clave. Al fin y al cabo, como dec\u00eda Disc\u00e9polo, \u00abel tango es un pensamiento triste que se baila\u00bb, pero tambi\u00e9n puede ser un camino alegre para un futuro m\u00e1s culto y unido.<\/li>\n<\/ul>\n<p>No ser\u00eda la primera vez que se comprueba la capacidad del tango para conectar a j\u00f3venes con adultos mayores a trav\u00e9s de sus historias, sus composiciones y su baile.<\/p>\n<p><em>Una historia extraordinaria es la narrada por Juan Carlos Baglietto, quien confiesa haberle dicho -all\u00e1 por los a\u00f1os &#8217;80- al mism\u00edsimo Osvaldo Pugliese que \u00e9l (Baglietto) nunca hab\u00eda logrado &#8216;conectar&#8217; con el tango. La respuesta del creador de \u00abLa Yumba\u00bb fue: \u00abTe espero a los 40\u00bb. Hoy, el rosarino lleva m\u00e1s de 30 a\u00f1os incorporando bell\u00edsimos tangos a su repertorio.<\/em><\/p>\n<p>Las orquestas contempor\u00e1neas, como las nuevas versiones del tango fusi\u00f3n o electr\u00f3nico, pueden tender puentes para que las generaciones m\u00e1s j\u00f3venes se sientan atra\u00eddas por este legado y, desde all\u00ed, descubrir sus ra\u00edces m\u00e1s tradicionales.<\/p>\n<p>&nbsp;<\/p>\n<p><img decoding=\"async\" loading=\"lazy\" class=\"aligncenter size-full wp-image-689809\" src=\"https:\/\/www.diario5.com.ar\/wp-content\/uploads\/2024\/12\/ar_capital_rosario20241211.jpg\" width=\"700\" height=\"935\" srcset=\"https:\/\/www.diario5.com.ar\/wp-content\/uploads\/2024\/12\/ar_capital_rosario20241211.jpg 700w, https:\/\/www.diario5.com.ar\/wp-content\/uploads\/2024\/12\/ar_capital_rosario20241211-225x300.jpg 225w\" sizes=\"(max-width: 700px) 100vw, 700px\" \/><\/p>\n<p><img decoding=\"async\" loading=\"lazy\" class=\"aligncenter size-full wp-image-689810\" src=\"https:\/\/www.diario5.com.ar\/wp-content\/uploads\/2024\/12\/esquiu20241211.jpg\" width=\"700\" height=\"920\" srcset=\"https:\/\/www.diario5.com.ar\/wp-content\/uploads\/2024\/12\/esquiu20241211.jpg 700w, https:\/\/www.diario5.com.ar\/wp-content\/uploads\/2024\/12\/esquiu20241211-228x300.jpg 228w\" sizes=\"(max-width: 700px) 100vw, 700px\" \/><\/p>\n<p><img decoding=\"async\" loading=\"lazy\" class=\"aligncenter size-full wp-image-689811\" src=\"https:\/\/www.diario5.com.ar\/wp-content\/uploads\/2024\/12\/voz_chaco20241211.jpg\" width=\"700\" height=\"816\" srcset=\"https:\/\/www.diario5.com.ar\/wp-content\/uploads\/2024\/12\/voz_chaco20241211.jpg 700w, https:\/\/www.diario5.com.ar\/wp-content\/uploads\/2024\/12\/voz_chaco20241211-257x300.jpg 257w\" sizes=\"(max-width: 700px) 100vw, 700px\" \/><\/p>\n<p><img decoding=\"async\" loading=\"lazy\" class=\"aligncenter size-full wp-image-689812\" src=\"https:\/\/www.diario5.com.ar\/wp-content\/uploads\/2024\/12\/ar_chubut20241211.jpg\" width=\"700\" height=\"896\" srcset=\"https:\/\/www.diario5.com.ar\/wp-content\/uploads\/2024\/12\/ar_chubut20241211.jpg 700w, https:\/\/www.diario5.com.ar\/wp-content\/uploads\/2024\/12\/ar_chubut20241211-234x300.jpg 234w\" sizes=\"(max-width: 700px) 100vw, 700px\" \/><\/p>\n<p><img decoding=\"async\" loading=\"lazy\" class=\"aligncenter size-full wp-image-689813\" src=\"https:\/\/www.diario5.com.ar\/wp-content\/uploads\/2024\/12\/ar_clarin20241211.jpg\" width=\"700\" height=\"977\" srcset=\"https:\/\/www.diario5.com.ar\/wp-content\/uploads\/2024\/12\/ar_clarin20241211.jpg 700w, https:\/\/www.diario5.com.ar\/wp-content\/uploads\/2024\/12\/ar_clarin20241211-215x300.jpg 215w\" sizes=\"(max-width: 700px) 100vw, 700px\" \/><\/p>\n<p><img decoding=\"async\" loading=\"lazy\" class=\"aligncenter size-full wp-image-689814\" src=\"https:\/\/www.diario5.com.ar\/wp-content\/uploads\/2024\/12\/ar_ancasti20241211.jpg\" width=\"700\" height=\"950\" srcset=\"https:\/\/www.diario5.com.ar\/wp-content\/uploads\/2024\/12\/ar_ancasti20241211.jpg 700w, https:\/\/www.diario5.com.ar\/wp-content\/uploads\/2024\/12\/ar_ancasti20241211-221x300.jpg 221w\" sizes=\"(max-width: 700px) 100vw, 700px\" \/><\/p>\n<p><img decoding=\"async\" loading=\"lazy\" class=\"aligncenter size-full wp-image-689815\" src=\"https:\/\/www.diario5.com.ar\/wp-content\/uploads\/2024\/12\/ar_rio_negro20241211.jpg\" width=\"700\" height=\"967\" srcset=\"https:\/\/www.diario5.com.ar\/wp-content\/uploads\/2024\/12\/ar_rio_negro20241211.jpg 700w, https:\/\/www.diario5.com.ar\/wp-content\/uploads\/2024\/12\/ar_rio_negro20241211-217x300.jpg 217w\" sizes=\"(max-width: 700px) 100vw, 700px\" \/><\/p>\n<p>&gt;<\/p>\n<p>&nbsp;<\/p>","protected":false},"excerpt":{"rendered":"<p>El tango como veh\u00edculo cultural es considerado siempre un puente hacia la historia. Hoy es su d\u00eda. Y es parte de una identidad, la nuestra, muy reconocida en el mundo. \u00bfPuede el tango ser la llave para elevar el nivel cultural de las generaciones futuras de la Argentina? Tomando en cuenta que llevamos unos 30 [&hellip;]<\/p>","protected":false},"author":9,"featured_media":689807,"comment_status":"open","ping_status":"open","sticky":false,"template":"","format":"standard","meta":[],"categories":[5,26,16,1785,56],"tags":[1177,474,1775,1839,27,2114,1284,194,1864,1246,1774,1769],"series":[],"_links":{"self":[{"href":"https:\/\/www.diario5.com.ar\/es\/wp-json\/wp\/v2\/posts\/677455"}],"collection":[{"href":"https:\/\/www.diario5.com.ar\/es\/wp-json\/wp\/v2\/posts"}],"about":[{"href":"https:\/\/www.diario5.com.ar\/es\/wp-json\/wp\/v2\/types\/post"}],"author":[{"embeddable":true,"href":"https:\/\/www.diario5.com.ar\/es\/wp-json\/wp\/v2\/users\/9"}],"replies":[{"embeddable":true,"href":"https:\/\/www.diario5.com.ar\/es\/wp-json\/wp\/v2\/comments?post=677455"}],"version-history":[{"count":5,"href":"https:\/\/www.diario5.com.ar\/es\/wp-json\/wp\/v2\/posts\/677455\/revisions"}],"predecessor-version":[{"id":689861,"href":"https:\/\/www.diario5.com.ar\/es\/wp-json\/wp\/v2\/posts\/677455\/revisions\/689861"}],"wp:featuredmedia":[{"embeddable":true,"href":"https:\/\/www.diario5.com.ar\/es\/wp-json\/wp\/v2\/media\/689807"}],"wp:attachment":[{"href":"https:\/\/www.diario5.com.ar\/es\/wp-json\/wp\/v2\/media?parent=677455"}],"wp:term":[{"taxonomy":"category","embeddable":true,"href":"https:\/\/www.diario5.com.ar\/es\/wp-json\/wp\/v2\/categories?post=677455"},{"taxonomy":"post_tag","embeddable":true,"href":"https:\/\/www.diario5.com.ar\/es\/wp-json\/wp\/v2\/tags?post=677455"},{"taxonomy":"series","embeddable":true,"href":"https:\/\/www.diario5.com.ar\/es\/wp-json\/wp\/v2\/series?post=677455"}],"curies":[{"name":"wp","href":"https:\/\/api.w.org\/{rel}","templated":true}]}}