{"id":677448,"date":"2024-12-04T06:11:00","date_gmt":"2024-12-04T09:11:00","guid":{"rendered":"http:\/\/diario5.com.ar\/?p=677448"},"modified":"2024-12-04T06:14:00","modified_gmt":"2024-12-04T09:14:00","slug":"677448","status":"publish","type":"post","link":"https:\/\/www.diario5.com.ar\/es\/677448\/","title":{"rendered":"Inscripciones 2025: Un mes m\u00e1s"},"content":{"rendered":"<h2 class=\"sub-title-primary\"><\/h2> <article class=\"w-full scroll-mb-[var(--thread-trailing-height,150px)] text-token-text-primary focus-visible:outline-2 focus-visible:outline-offset-[-4px]\" dir=\"auto\" data-testid=\"conversation-turn-59\" data-scroll-anchor=\"false\">\n<div class=\"m-auto text-base py-[18px] px-3 md:px-4 w-full md:px-5 lg:px-4 xl:px-5\">\n<div class=\"mx-auto flex flex-1 gap-4 text-base md:gap-5 lg:gap-6 md:max-w-3xl lg:max-w-[40rem] xl:max-w-[48rem]\">\n<div class=\"group\/conversation-turn relative flex w-full min-w-0 flex-col agent-turn\">\n<div class=\"flex-col gap-1 md:gap-3\">\n<div class=\"flex max-w-full flex-col flex-grow\">\n<div class=\"min-h-8 text-message flex w-full flex-col items-end gap-2 whitespace-normal break-words [.text-message+&amp;]:mt-5\" dir=\"auto\" data-message-author-role=\"assistant\" data-message-id=\"79fd3b38-7a77-4dd6-92c6-312ec70ff5ff\" data-message-model-slug=\"gpt-4o\">\n<div class=\"flex w-full flex-col gap-1 empty:hidden first:pt-[3px]\">\n<div class=\"markdown prose w-full break-words dark:prose-invert light\"><\/div>\n<\/div>\n<\/div>\n<\/div>\n<\/div>\n<\/div>\n<\/div>\n<\/div>\n<\/article>\n<article class=\"w-full scroll-mb-[var(--thread-trailing-height,150px)] text-token-text-primary focus-visible:outline-2 focus-visible:outline-offset-[-4px]\" dir=\"auto\" data-testid=\"conversation-turn-61\" data-scroll-anchor=\"true\">\n<div class=\"m-auto text-base py-[18px] px-3 md:px-4 w-full md:px-5 lg:px-4 xl:px-5\">\n<div class=\"mx-auto flex flex-1 gap-4 text-base md:gap-5 lg:gap-6 md:max-w-3xl lg:max-w-[40rem] xl:max-w-[48rem]\">\n<div class=\"group\/conversation-turn relative flex w-full min-w-0 flex-col agent-turn\">\n<div class=\"flex-col gap-1 md:gap-3\">\n<div class=\"flex max-w-full flex-col flex-grow\">\n<div class=\"min-h-8 text-message flex w-full flex-col items-end gap-2 whitespace-normal break-words [.text-message+&amp;]:mt-5\" dir=\"auto\" data-message-author-role=\"assistant\" data-message-id=\"f341ab66-b8e5-40a7-87c3-935bc90c3dab\" data-message-model-slug=\"gpt-4o\">\n<div class=\"flex w-full flex-col gap-1 empty:hidden first:pt-[3px]\">\n<div class=\"markdown prose w-full break-words dark:prose-invert light\">\n<figure style=\"width: 980px\" class=\"wp-caption alignnone\"><img decoding=\"async\" loading=\"lazy\" src=\"https:\/\/www.diario5.com.ar\/img\/escuelas_CABA.jpg\" alt=\"\" width=\"980\" height=\"560\" \/><figcaption class=\"wp-caption-text\">Mapa con las escuelas de la Ciudad de Buenos Aires<\/figcaption><\/figure>\n<p>Hasta el 12 de enero de 2025, las familias pueden realizar la preinscripci\u00f3n para el ciclo lectivo de a\u00f1o pr\u00f3ximo. Es una etapa complementaria de inscripci\u00f3n a las escuelas estatales de la Ciudad de Buenos Aires, siempre destinada a alumnos que inicien su escolaridad, cambien de nivel educativo o provengan de instituciones privadas o de otras jurisdicciones. Este proceso incluye los niveles Inicial, Primario y Secundario, adem\u00e1s de las modalidades de Educaci\u00f3n Especial y Educaci\u00f3n para Adultos y Adolescentes, que no tienen fecha l\u00edmite para anotarse.<\/p>\n<p>El tr\u00e1mite puede realizarse en l\u00ednea, por tel\u00e9fono o de manera presencial. Quienes opten por la v\u00eda online deben ingresar a <a href=\"https:\/\/www.buenosaires.gob.ar\/InscripcionEscolar\" target=\"_new\" rel=\"noopener\">buenosaires.gob.ar\/InscripcionEscolar<\/a>. Tambi\u00e9n es posible consultar al 0800-333-3382 de lunes a viernes, de 8.00 a 20.00. Para la atenci\u00f3n presencial, es necesario solicitar un turno previo en los puntos habilitados.<\/p>\n<p>Una vez preinscriptos, los estudiantes deben completar el control documental antes del 15 de enero de 2025, presentando la documentaci\u00f3n que respalde los datos cargados en el sistema. Este paso puede realizarse tanto en l\u00ednea como en forma presencial.<\/p>\n<p>El portal oficial ofrece informaci\u00f3n detallada sobre la oferta educativa de la Ciudad, con acceso a datos de las escuelas, programas acad\u00e9micos y recorridos virtuales de los establecimientos. Adem\u00e1s, los interesados pueden encontrar tutoriales con instrucciones claras y preguntas frecuentes para facilitar el proceso.<\/p>\n<p>Este per\u00edodo de inscripci\u00f3n marca una oportunidad clave para que las familias accedan a una educaci\u00f3n inclusiva, diversa y de calidad, con opciones para todos los niveles y necesidades educativas.<\/p>\n<\/div>\n<\/div>\n<\/div>\n<\/div>\n<\/div>\n<\/div>\n<\/div>\n<\/div>\n<\/article>\n<p><!--googleon: index--><br \/>\n<img decoding=\"async\" loading=\"lazy\" class=\"aligncenter size-full wp-image-689724\" src=\"https:\/\/www.diario5.com.ar\/wp-content\/uploads\/2024\/12\/ar_capital_rosario20241204.jpg\" width=\"700\" height=\"930\" srcset=\"https:\/\/www.diario5.com.ar\/wp-content\/uploads\/2024\/12\/ar_capital_rosario20241204.jpg 700w, https:\/\/www.diario5.com.ar\/wp-content\/uploads\/2024\/12\/ar_capital_rosario20241204-226x300.jpg 226w\" sizes=\"(max-width: 700px) 100vw, 700px\" \/><\/p>\n<p><img decoding=\"async\" src=\"https:\/\/img.kiosko.net\/2024\/12\/04\/ar\/ar_nueva_provincia.jpg\" \/><\/p>\n<p><img decoding=\"async\" src=\"https:\/\/img.kiosko.net\/2024\/12\/04\/ar\/ar_duplicado.jpg\" \/><\/p>\n<p><img decoding=\"async\" loading=\"lazy\" class=\"aligncenter size-full wp-image-689725\" src=\"https:\/\/www.diario5.com.ar\/wp-content\/uploads\/2024\/12\/esquiu20241204.jpg\" width=\"700\" height=\"924\" srcset=\"https:\/\/www.diario5.com.ar\/wp-content\/uploads\/2024\/12\/esquiu20241204.jpg 700w, https:\/\/www.diario5.com.ar\/wp-content\/uploads\/2024\/12\/esquiu20241204-227x300.jpg 227w\" sizes=\"(max-width: 700px) 100vw, 700px\" \/><\/p>\n<p><img decoding=\"async\" src=\"https:\/\/img.kiosko.net\/2024\/12\/04\/ar\/ar_diario_norte.jpg\" \/><\/p>\n<p><img decoding=\"async\" loading=\"lazy\" class=\"aligncenter size-full wp-image-689726\" src=\"https:\/\/www.diario5.com.ar\/wp-content\/uploads\/2024\/12\/voz_chaco20241204.jpg\" width=\"700\" height=\"816\" srcset=\"https:\/\/www.diario5.com.ar\/wp-content\/uploads\/2024\/12\/voz_chaco20241204.jpg 700w, https:\/\/www.diario5.com.ar\/wp-content\/uploads\/2024\/12\/voz_chaco20241204-257x300.jpg 257w\" sizes=\"(max-width: 700px) 100vw, 700px\" \/><\/p>\n<p><img decoding=\"async\" src=\"https:\/\/img.kiosko.net\/2024\/12\/04\/ar\/ar_diario_madryn.jpg\" \/><\/p>\n<p><img decoding=\"async\" src=\"https:\/\/img.kiosko.net\/2024\/12\/04\/ar\/ar_laprensa.jpg\" \/><\/p>\n<p><img decoding=\"async\" src=\"https:\/\/img.kiosko.net\/2024\/12\/04\/ar\/ar_cronista.jpg\" \/><\/p>\n<p><img decoding=\"async\" src=\"https:\/\/img.kiosko.net\/2024\/12\/04\/ar\/buenosaires_economico.jpg\" \/><\/p>\n<p><img decoding=\"async\" src=\"https:\/\/img.kiosko.net\/2024\/12\/04\/ar\/ar_perfil.jpg\" \/><\/p>\n<p><img decoding=\"async\" loading=\"lazy\" class=\"aligncenter size-full wp-image-689727\" src=\"https:\/\/www.diario5.com.ar\/wp-content\/uploads\/2024\/12\/ar_eldia20241204.jpg\" width=\"700\" height=\"1009\" srcset=\"https:\/\/www.diario5.com.ar\/wp-content\/uploads\/2024\/12\/ar_eldia20241204.jpg 700w, https:\/\/www.diario5.com.ar\/wp-content\/uploads\/2024\/12\/ar_eldia20241204-208x300.jpg 208w\" sizes=\"(max-width: 700px) 100vw, 700px\" \/><\/p>\n<p><img decoding=\"async\" src=\"https:\/\/img.kiosko.net\/2024\/12\/04\/ar\/ar_hoy.jpg\" \/><\/p>\n<p><img decoding=\"async\" src=\"https:\/\/img.kiosko.net\/2024\/12\/04\/ar\/ar_democracia.jpg\" \/><\/p>\n<p><img decoding=\"async\" loading=\"lazy\" class=\"aligncenter size-full wp-image-689728\" src=\"https:\/\/www.diario5.com.ar\/wp-content\/uploads\/2024\/12\/ar_chubut20241204.jpg\" width=\"700\" height=\"896\" srcset=\"https:\/\/www.diario5.com.ar\/wp-content\/uploads\/2024\/12\/ar_chubut20241204.jpg 700w, https:\/\/www.diario5.com.ar\/wp-content\/uploads\/2024\/12\/ar_chubut20241204-234x300.jpg 234w\" sizes=\"(max-width: 700px) 100vw, 700px\" \/><\/p>\n<p><img decoding=\"async\" src=\"https:\/\/img.kiosko.net\/2024\/12\/04\/ar\/ar_epoca.jpg\" \/><\/p>\n<p><img decoding=\"async\" src=\"https:\/\/img.kiosko.net\/2024\/12\/04\/ar\/ar_litoral.jpg\" \/><\/p>\n<p><img decoding=\"async\" src=\"https:\/\/img.kiosko.net\/2024\/12\/04\/ar\/ar_heraldo.jpg\" \/><\/p>\n<p><img decoding=\"async\" src=\"https:\/\/img.kiosko.net\/2024\/12\/04\/ar\/ar_manana_formosa.jpg\" \/><\/p>\n<p><img decoding=\"async\" src=\"https:\/\/img.kiosko.net\/2024\/12\/04\/ar\/ar_diario_pampa.jpg\" \/><\/p>\n<p><img decoding=\"async\" src=\"https:\/\/img.kiosko.net\/2024\/12\/04\/ar\/ar_pagina12.jpg\" \/><\/p>\n<p><img decoding=\"async\" src=\"https:\/\/img.kiosko.net\/2024\/12\/04\/ar\/ar_arena.jpg\" \/><\/p>\n<p><img decoding=\"async\" src=\"https:\/\/img.kiosko.net\/2024\/12\/04\/ar\/independiente.jpg\" \/><\/p>\n<p><img decoding=\"async\" src=\"https:\/\/img.kiosko.net\/2024\/12\/04\/ar\/nueva_rioja.jpg\" \/><\/p>\n<p><img decoding=\"async\" src=\"https:\/\/img.kiosko.net\/2024\/12\/04\/ar\/ar_losandes.jpg\" \/><\/p>\n<p><img decoding=\"async\" src=\"https:\/\/img.kiosko.net\/2024\/12\/04\/ar\/ar_tribuno.jpg\" \/><\/p>\n<p><img decoding=\"async\" src=\"https:\/\/img.kiosko.net\/2024\/12\/04\/ar\/lea.jpg\" \/><\/p>\n<p><img decoding=\"async\" src=\"https:\/\/img.kiosko.net\/2024\/12\/04\/ar\/ar_nuevo_diario.jpg\" \/><\/p>\n<p><img decoding=\"async\" src=\"https:\/\/img.kiosko.net\/2024\/12\/04\/ar\/ar_diario_cuyo.jpg\" \/><\/p>\n<p><img decoding=\"async\" src=\"https:\/\/img.kiosko.net\/2024\/12\/04\/ar\/huarpe.jpg\" \/><\/p>\n<p><img decoding=\"async\" src=\"https:\/\/img.kiosko.net\/2024\/12\/04\/ar\/ar_diario_republica.jpg\" \/><\/p>\n<p><img decoding=\"async\" src=\"https:\/\/img.kiosko.net\/2024\/12\/04\/ar\/ar_litoral_sfe.jpg\" \/><\/p>\n<p><img decoding=\"async\" src=\"https:\/\/img.kiosko.net\/2024\/12\/04\/ar\/ciudadano.jpg\" \/><\/p>\n<p><img decoding=\"async\" src=\"https:\/\/img.kiosko.net\/2024\/12\/04\/ar\/ar_mirador_provincial.jpg\" \/><\/p>\n<p><img decoding=\"async\" src=\"https:\/\/img.kiosko.net\/2024\/12\/04\/ar\/ar_gaceta.jpg\" \/><\/p>\n<p><img decoding=\"async\" src=\"https:\/\/img.kiosko.net\/2024\/12\/04\/ar\/ar_cronica.jpg\" \/><\/p>\n<p><img decoding=\"async\" loading=\"lazy\" class=\"aligncenter size-full wp-image-689729\" src=\"https:\/\/www.diario5.com.ar\/wp-content\/uploads\/2024\/12\/ar_clarin20241204.jpg\" width=\"700\" height=\"977\" srcset=\"https:\/\/www.diario5.com.ar\/wp-content\/uploads\/2024\/12\/ar_clarin20241204.jpg 700w, https:\/\/www.diario5.com.ar\/wp-content\/uploads\/2024\/12\/ar_clarin20241204-215x300.jpg 215w\" sizes=\"(max-width: 700px) 100vw, 700px\" \/><\/p>\n<p><img decoding=\"async\" src=\"https:\/\/img.kiosko.net\/2024\/12\/04\/ar\/nacion.jpg\" \/><\/p>\n<p><img decoding=\"async\" src=\"https:\/\/img.kiosko.net\/2024\/12\/04\/ar\/ar_eco.jpg\" \/><\/p>\n<p><img decoding=\"async\" src=\"https:\/\/img.kiosko.net\/2024\/12\/04\/ar\/nuevo_diario.jpg\" \/><\/p>\n<p><img decoding=\"async\" src=\"https:\/\/img.kiosko.net\/2024\/12\/04\/ar\/sureno.jpg\" \/><\/p>\n<p><img decoding=\"async\" src=\"https:\/\/img.kiosko.net\/2024\/12\/04\/ar\/ar_duplicado.jpg\" \/><\/p>\n<p><img decoding=\"async\" src=\"https:\/\/img.kiosko.net\/2024\/12\/04\/ar\/tiempo_sur.jpg\" \/><\/p>\n<p><img decoding=\"async\" src=\"https:\/\/img.kiosko.net\/2024\/12\/04\/ar\/tiempo_argentino.jpg\" \/><\/p>\n<p><img decoding=\"async\" src=\"https:\/\/img.kiosko.net\/2024\/12\/04\/ar\/ar_epoca.jpg\" \/><\/p>\n<p><img decoding=\"async\" src=\"https:\/\/img.kiosko.net\/2024\/12\/04\/ar\/ar_elsol.jpg\" \/><\/p>\n<p><img decoding=\"async\" loading=\"lazy\" class=\"aligncenter size-full wp-image-689730\" src=\"https:\/\/www.diario5.com.ar\/wp-content\/uploads\/2024\/12\/ar_ancasti20241204.jpg\" width=\"700\" height=\"942\" srcset=\"https:\/\/www.diario5.com.ar\/wp-content\/uploads\/2024\/12\/ar_ancasti20241204.jpg 700w, https:\/\/www.diario5.com.ar\/wp-content\/uploads\/2024\/12\/ar_ancasti20241204-223x300.jpg 223w\" sizes=\"(max-width: 700px) 100vw, 700px\" \/><\/p>\n<p><img decoding=\"async\" loading=\"lazy\" class=\"aligncenter size-full wp-image-689731\" src=\"https:\/\/www.diario5.com.ar\/wp-content\/uploads\/2024\/12\/ar_rio_negro20241204.jpg\" width=\"700\" height=\"970\" srcset=\"https:\/\/www.diario5.com.ar\/wp-content\/uploads\/2024\/12\/ar_rio_negro20241204.jpg 700w, https:\/\/www.diario5.com.ar\/wp-content\/uploads\/2024\/12\/ar_rio_negro20241204-216x300.jpg 216w\" sizes=\"(max-width: 700px) 100vw, 700px\" \/><\/p>\n<p><img decoding=\"async\" src=\"https:\/\/img.kiosko.net\/2024\/12\/04\/ar\/ar_03.jpg\" \/><\/p>\n<p><img decoding=\"async\" src=\"https:\/\/img.kiosko.net\/2024\/12\/04\/ar\/ar_04.jpg\" \/><\/p>\n<p><img decoding=\"async\" src=\"https:\/\/img.kiosko.net\/2024\/12\/04\/ar\/ar_05.jpg\" \/><\/p>\n<p>&nbsp;<\/p>","protected":false},"excerpt":{"rendered":"<p>Hasta el 12 de enero de 2025, las familias pueden realizar la preinscripci\u00f3n para el ciclo lectivo de a\u00f1o pr\u00f3ximo. Es una etapa complementaria de inscripci\u00f3n a las escuelas estatales de la Ciudad de Buenos Aires, siempre destinada a alumnos que inicien su escolaridad, cambien de nivel educativo o provengan de instituciones privadas o de [&hellip;]<\/p>","protected":false},"author":12,"featured_media":689723,"comment_status":"open","ping_status":"open","sticky":false,"template":"","format":"standard","meta":[],"categories":[26,7,56],"tags":[506,474,630,27,2344,2114,1042,1236],"series":[],"_links":{"self":[{"href":"https:\/\/www.diario5.com.ar\/es\/wp-json\/wp\/v2\/posts\/677448"}],"collection":[{"href":"https:\/\/www.diario5.com.ar\/es\/wp-json\/wp\/v2\/posts"}],"about":[{"href":"https:\/\/www.diario5.com.ar\/es\/wp-json\/wp\/v2\/types\/post"}],"author":[{"embeddable":true,"href":"https:\/\/www.diario5.com.ar\/es\/wp-json\/wp\/v2\/users\/12"}],"replies":[{"embeddable":true,"href":"https:\/\/www.diario5.com.ar\/es\/wp-json\/wp\/v2\/comments?post=677448"}],"version-history":[{"count":3,"href":"https:\/\/www.diario5.com.ar\/es\/wp-json\/wp\/v2\/posts\/677448\/revisions"}],"predecessor-version":[{"id":689722,"href":"https:\/\/www.diario5.com.ar\/es\/wp-json\/wp\/v2\/posts\/677448\/revisions\/689722"}],"wp:featuredmedia":[{"embeddable":true,"href":"https:\/\/www.diario5.com.ar\/es\/wp-json\/wp\/v2\/media\/689723"}],"wp:attachment":[{"href":"https:\/\/www.diario5.com.ar\/es\/wp-json\/wp\/v2\/media?parent=677448"}],"wp:term":[{"taxonomy":"category","embeddable":true,"href":"https:\/\/www.diario5.com.ar\/es\/wp-json\/wp\/v2\/categories?post=677448"},{"taxonomy":"post_tag","embeddable":true,"href":"https:\/\/www.diario5.com.ar\/es\/wp-json\/wp\/v2\/tags?post=677448"},{"taxonomy":"series","embeddable":true,"href":"https:\/\/www.diario5.com.ar\/es\/wp-json\/wp\/v2\/series?post=677448"}],"curies":[{"name":"wp","href":"https:\/\/api.w.org\/{rel}","templated":true}]}}