{"id":677440,"date":"2024-11-26T06:11:00","date_gmt":"2024-11-26T09:11:00","guid":{"rendered":"http:\/\/diario5.com.ar\/?p=677440"},"modified":"2024-12-03T15:30:15","modified_gmt":"2024-12-03T18:30:15","slug":"677440","status":"publish","type":"post","link":"https:\/\/www.diario5.com.ar\/es\/677440\/","title":{"rendered":"Don Julio"},"content":{"rendered":"<h2 class=\"sub-title-primary\">Alcanzamos hoy los 60 a\u00f1os sin \"El Var\u00f3n del Tango\"<\/h2> <p><img decoding=\"async\" loading=\"lazy\" class=\"alignnone size-full wp-image-689580\" src=\"https:\/\/www.diario5.com.ar\/wp-content\/uploads\/2024\/11\/julio_sosa_puerto_d5.jpg\" alt=\"\" width=\"1101\" height=\"736\" srcset=\"https:\/\/www.diario5.com.ar\/wp-content\/uploads\/2024\/11\/julio_sosa_puerto_d5.jpg 1101w, https:\/\/www.diario5.com.ar\/wp-content\/uploads\/2024\/11\/julio_sosa_puerto_d5-300x201.jpg 300w, https:\/\/www.diario5.com.ar\/wp-content\/uploads\/2024\/11\/julio_sosa_puerto_d5-1024x685.jpg 1024w, https:\/\/www.diario5.com.ar\/wp-content\/uploads\/2024\/11\/julio_sosa_puerto_d5-768x513.jpg 768w\" sizes=\"(max-width: 1101px) 100vw, 1101px\" \/><\/p>\n<p>&nbsp;<\/p>\n<p>Fue una de las figuras m\u00e1s populares del g\u00e9nero. Naci\u00f3 en Las Piedras, Uruguay, en 1926. El hombre supo transformar su origen humilde en la base de una carrera que lo catapult\u00f3 al estrellato en Buenos Aires y lo consolid\u00f3 como una leyenda de la m\u00fasica popular argentina. Se cumplen seis d\u00e9cadas del tr\u00e1gico fallecimiento de Julio Sosa.<\/p>\n<p>Fue due\u00f1o de un talento cultivado entre la pobreza. Hijo de un pe\u00f3n de campo y una lavandera, Julio enfrent\u00f3 la adversidad desde muy joven. Entre changas y esfuerzos, encontr\u00f3 en la m\u00fasica una salida y un prop\u00f3sito. Su voz profunda y su estilo inconfundible lo llevaron a integrar orquestas en Uruguay, como las de Carlos Gilardoni y Luis Caruso, donde dio sus primeros pasos como vocalista.<\/p>\n<p>En 1949, Sosa cruz\u00f3 el R\u00edo de la Plata y se estableci\u00f3 en Buenos Aires, ciudad que lo recibir\u00eda como uno de los grandes \u00edconos del tango. Su paso por las orquestas de Francini-Pontier, Francisco Rotundo y Armando Pontier marc\u00f3 su carrera, dejando grabaciones inolvidables como <em>Cambalache<\/em>, <em>Al mundo le falta un tornillo<\/em> y <em>Tengo miedo<\/em>. Su etapa solista, junto al bandoneonista Leopoldo Federico, consolid\u00f3 su lugar en el coraz\u00f3n del p\u00fablico con interpretaciones memorables como <em>Nada<\/em> y <em>Qu\u00e9 falta que me hac\u00e9s<\/em>.<\/p>\n<p>En 1960, Sosa public\u00f3 su \u00fanico libro, <em>Dos horas antes del alba<\/em>, un compendio de reflexiones que mostraba su faceta m\u00e1s introspectiva. Aunque la m\u00fasica fue su gran amor, tambi\u00e9n incursion\u00f3 en el cine, participando en la pel\u00edcula <em>Buenas noches, Buenos Aires<\/em> (1964), dirigida por Hugo del Carril.<\/p>\n<p>La madrugada del 25 de noviembre de 1964, mientras conduc\u00eda su autom\u00f3vil, Sosa sufri\u00f3 un accidente en la intersecci\u00f3n de Avenida Figueroa Alcorta y Mariscal Castilla, en Buenos Aires. Gravemente herido, fue trasladado al Sanatorio Anchorena, donde falleci\u00f3 al d\u00eda siguiente a los 38 a\u00f1os. Su muerte conmocion\u00f3 a miles de fan\u00e1ticos, quienes lo despidieron en un multitudinario velatorio que tuvo que trasladarse al Luna Park debido a la enorme afluencia de personas.<\/p>\n<p>Julio Sosa dej\u00f3 una huella imborrable en la historia del tango. Su apodo, \u00abEl Var\u00f3n del Tango\u00bb, refleja no s\u00f3lo su potente voz, sino tambi\u00e9n su porte y carisma, que lo distinguieron como un artista \u00fanico. Hoy, a 60 a\u00f1os de su partida, sus interpretaciones siguen resonando como s\u00edmbolo de un g\u00e9nero que supo capturar la esencia del esp\u00edritu rioplatense.<\/p>\n<p>Muchos j\u00f3venes se inclinan por se\u00f1alar a su estudiado vozarr\u00f3n como el s\u00edmbolo del tango, incluso por encima de la voz de Carlos Gardel, a quien descartan de sus playlists, dada la diferencia t\u00e9cnica de las grabaciones de ambos cantores, donde las de Sosa prevalecen en la aceptaci\u00f3n de los o\u00eddos de quienes no se muestran dispuestos a disimular la incompletud de fidelidad sonora que presentan las grabaciones gardelianas, que provienen de entre los a\u00f1os 1920 y 1935.<\/p>\n<p>&nbsp;<\/p>\n<p><!--googleoff: index--><br \/>\n<!--googleon: index--><br \/>\n<img decoding=\"async\" loading=\"lazy\" class=\"aligncenter size-full wp-image-689628\" src=\"https:\/\/www.diario5.com.ar\/wp-content\/uploads\/2024\/11\/ar_capital_rosario20241126.jpg\" width=\"700\" height=\"935\" srcset=\"https:\/\/www.diario5.com.ar\/wp-content\/uploads\/2024\/11\/ar_capital_rosario20241126.jpg 700w, https:\/\/www.diario5.com.ar\/wp-content\/uploads\/2024\/11\/ar_capital_rosario20241126-225x300.jpg 225w\" sizes=\"(max-width: 700px) 100vw, 700px\" \/><\/p>\n<p><img decoding=\"async\" loading=\"lazy\" class=\"aligncenter size-full wp-image-689629\" src=\"https:\/\/www.diario5.com.ar\/wp-content\/uploads\/2024\/11\/esquiu20241126.jpg\" width=\"700\" height=\"920\" srcset=\"https:\/\/www.diario5.com.ar\/wp-content\/uploads\/2024\/11\/esquiu20241126.jpg 700w, https:\/\/www.diario5.com.ar\/wp-content\/uploads\/2024\/11\/esquiu20241126-228x300.jpg 228w\" sizes=\"(max-width: 700px) 100vw, 700px\" \/><\/p>\n<p><img decoding=\"async\" loading=\"lazy\" class=\"aligncenter size-full wp-image-689630\" src=\"https:\/\/www.diario5.com.ar\/wp-content\/uploads\/2024\/11\/voz_chaco20241126.jpg\" width=\"700\" height=\"816\" srcset=\"https:\/\/www.diario5.com.ar\/wp-content\/uploads\/2024\/11\/voz_chaco20241126.jpg 700w, https:\/\/www.diario5.com.ar\/wp-content\/uploads\/2024\/11\/voz_chaco20241126-257x300.jpg 257w\" sizes=\"(max-width: 700px) 100vw, 700px\" \/><\/p>\n<p><img decoding=\"async\" loading=\"lazy\" class=\"aligncenter size-full wp-image-689631\" src=\"https:\/\/www.diario5.com.ar\/wp-content\/uploads\/2024\/11\/ar_eldia20241126.jpg\" width=\"700\" height=\"1008\" srcset=\"https:\/\/www.diario5.com.ar\/wp-content\/uploads\/2024\/11\/ar_eldia20241126.jpg 700w, https:\/\/www.diario5.com.ar\/wp-content\/uploads\/2024\/11\/ar_eldia20241126-208x300.jpg 208w\" sizes=\"(max-width: 700px) 100vw, 700px\" \/><\/p>\n<p><img decoding=\"async\" loading=\"lazy\" class=\"aligncenter size-full wp-image-689632\" src=\"https:\/\/www.diario5.com.ar\/wp-content\/uploads\/2024\/11\/ar_hoy20241126.jpg\" width=\"700\" height=\"897\" srcset=\"https:\/\/www.diario5.com.ar\/wp-content\/uploads\/2024\/11\/ar_hoy20241126.jpg 700w, https:\/\/www.diario5.com.ar\/wp-content\/uploads\/2024\/11\/ar_hoy20241126-234x300.jpg 234w\" sizes=\"(max-width: 700px) 100vw, 700px\" \/><\/p>\n<p><img decoding=\"async\" loading=\"lazy\" class=\"aligncenter size-full wp-image-689633\" src=\"https:\/\/www.diario5.com.ar\/wp-content\/uploads\/2024\/11\/ar_chubut20241126.jpg\" width=\"700\" height=\"902\" srcset=\"https:\/\/www.diario5.com.ar\/wp-content\/uploads\/2024\/11\/ar_chubut20241126.jpg 700w, https:\/\/www.diario5.com.ar\/wp-content\/uploads\/2024\/11\/ar_chubut20241126-233x300.jpg 233w\" sizes=\"(max-width: 700px) 100vw, 700px\" \/><\/p>\n<p><img decoding=\"async\" loading=\"lazy\" class=\"aligncenter size-full wp-image-689634\" src=\"https:\/\/www.diario5.com.ar\/wp-content\/uploads\/2024\/11\/ar_clarin20241126.jpg\" width=\"700\" height=\"977\" srcset=\"https:\/\/www.diario5.com.ar\/wp-content\/uploads\/2024\/11\/ar_clarin20241126.jpg 700w, https:\/\/www.diario5.com.ar\/wp-content\/uploads\/2024\/11\/ar_clarin20241126-215x300.jpg 215w\" sizes=\"(max-width: 700px) 100vw, 700px\" \/><\/p>\n<p><img decoding=\"async\" loading=\"lazy\" class=\"aligncenter size-full wp-image-689635\" src=\"https:\/\/www.diario5.com.ar\/wp-content\/uploads\/2024\/11\/ar_ancasti20241126.jpg\" width=\"700\" height=\"949\" srcset=\"https:\/\/www.diario5.com.ar\/wp-content\/uploads\/2024\/11\/ar_ancasti20241126.jpg 700w, https:\/\/www.diario5.com.ar\/wp-content\/uploads\/2024\/11\/ar_ancasti20241126-221x300.jpg 221w\" sizes=\"(max-width: 700px) 100vw, 700px\" \/><\/p>\n<p><img decoding=\"async\" loading=\"lazy\" class=\"aligncenter size-full wp-image-689636\" src=\"https:\/\/www.diario5.com.ar\/wp-content\/uploads\/2024\/11\/ar_rio_negro20241126.jpg\" width=\"700\" height=\"955\" srcset=\"https:\/\/www.diario5.com.ar\/wp-content\/uploads\/2024\/11\/ar_rio_negro20241126.jpg 700w, https:\/\/www.diario5.com.ar\/wp-content\/uploads\/2024\/11\/ar_rio_negro20241126-220x300.jpg 220w\" sizes=\"(max-width: 700px) 100vw, 700px\" \/><\/p>","protected":false},"excerpt":{"rendered":"<p>Alcanzamos hoy los 60 a\u00f1os sin \u00abEl Var\u00f3n del Tango\u00bb &nbsp; Fue una de las figuras m\u00e1s populares del g\u00e9nero. Naci\u00f3 en Las Piedras, Uruguay, en 1926. El hombre supo transformar su origen humilde en la base de una carrera que lo catapult\u00f3 al estrellato en Buenos Aires y lo consolid\u00f3 como una leyenda de [&hellip;]<\/p>","protected":false},"author":5,"featured_media":689580,"comment_status":"open","ping_status":"open","sticky":false,"template":"","format":"standard","meta":[],"categories":[44,16,1785,56],"tags":[1177,870,2331,474,630,2236,505,85,931,2330,2329,1774,1869,2327,567,2328,1683],"series":[],"_links":{"self":[{"href":"https:\/\/www.diario5.com.ar\/es\/wp-json\/wp\/v2\/posts\/677440"}],"collection":[{"href":"https:\/\/www.diario5.com.ar\/es\/wp-json\/wp\/v2\/posts"}],"about":[{"href":"https:\/\/www.diario5.com.ar\/es\/wp-json\/wp\/v2\/types\/post"}],"author":[{"embeddable":true,"href":"https:\/\/www.diario5.com.ar\/es\/wp-json\/wp\/v2\/users\/5"}],"replies":[{"embeddable":true,"href":"https:\/\/www.diario5.com.ar\/es\/wp-json\/wp\/v2\/comments?post=677440"}],"version-history":[{"count":5,"href":"https:\/\/www.diario5.com.ar\/es\/wp-json\/wp\/v2\/posts\/677440\/revisions"}],"predecessor-version":[{"id":689719,"href":"https:\/\/www.diario5.com.ar\/es\/wp-json\/wp\/v2\/posts\/677440\/revisions\/689719"}],"wp:featuredmedia":[{"embeddable":true,"href":"https:\/\/www.diario5.com.ar\/es\/wp-json\/wp\/v2\/media\/689580"}],"wp:attachment":[{"href":"https:\/\/www.diario5.com.ar\/es\/wp-json\/wp\/v2\/media?parent=677440"}],"wp:term":[{"taxonomy":"category","embeddable":true,"href":"https:\/\/www.diario5.com.ar\/es\/wp-json\/wp\/v2\/categories?post=677440"},{"taxonomy":"post_tag","embeddable":true,"href":"https:\/\/www.diario5.com.ar\/es\/wp-json\/wp\/v2\/tags?post=677440"},{"taxonomy":"series","embeddable":true,"href":"https:\/\/www.diario5.com.ar\/es\/wp-json\/wp\/v2\/series?post=677440"}],"curies":[{"name":"wp","href":"https:\/\/api.w.org\/{rel}","templated":true}]}}