{"id":677438,"date":"2024-11-24T06:11:00","date_gmt":"2024-11-24T09:11:00","guid":{"rendered":"http:\/\/diario5.com.ar\/?p=677438"},"modified":"2024-11-24T06:14:14","modified_gmt":"2024-11-24T09:14:14","slug":"677438","status":"publish","type":"post","link":"https:\/\/www.diario5.com.ar\/es\/677438\/","title":{"rendered":"Ganadoras del Premio Lola Mora"},"content":{"rendered":"<h2 class=\"sub-title-primary\"><\/h2> <div class=\"flex-shrink-0 flex flex-col relative items-end\">\n<div>\n<div class=\"pt-0\">\n<div class=\"gizmo-bot-avatar flex h-8 w-8 items-center justify-center overflow-hidden rounded-full\">\n<div class=\"relative p-1 rounded-sm flex items-center justify-center bg-token-main-surface-primary text-token-text-primary h-8 w-8\"><img decoding=\"async\" loading=\"lazy\" class=\"aligncenter size-full wp-image-689607\" src=\"https:\/\/www.diario5.com.ar\/wp-content\/uploads\/2024\/11\/IMG_768620241124.jpg\" width=\"700\" height=\"400\" alt=\"Ganadoras Lola Mora 2024\" srcset=\"https:\/\/www.diario5.com.ar\/wp-content\/uploads\/2024\/11\/IMG_768620241124.jpg 700w, https:\/\/www.diario5.com.ar\/wp-content\/uploads\/2024\/11\/IMG_768620241124-300x171.jpg 300w\" sizes=\"(max-width: 700px) 100vw, 700px\" \/><\/div>\n<\/div>\n<\/div>\n<\/div>\n<\/div>\n<div class=\"group\/conversation-turn relative flex w-full min-w-0 flex-col agent-turn\">\n<div class=\"flex-col gap-1 md:gap-3\">\n<div class=\"flex max-w-full flex-col flex-grow\">\n<div class=\"min-h-8 text-message flex w-full flex-col items-end gap-2 whitespace-normal break-words [.text-message+&amp;]:mt-5\" dir=\"auto\" data-message-author-role=\"assistant\" data-message-id=\"4021995f-a0a6-4e0f-9576-394be5d52429\" data-message-model-slug=\"gpt-4o\">\n<div class=\"flex w-full flex-col gap-1 empty:hidden first:pt-[3px]\">\n<div class=\"markdown prose w-full break-words dark:prose-invert light\">\n<p>El Teatro Regio fue escenario de la entrega de los <strong>Premios Lola Mora 2024<\/strong>, donde se reconoci\u00f3 a figuras destacadas que, a trav\u00e9s de su trabajo en medios de comunicaci\u00f3n, promovieron la igualdad de g\u00e9nero y oportunidades para las mujeres durante 2023. Entre las galardonadas, Mar\u00eda O&#8217;Donnell fue reconocida por su labor period\u00edstica en radio, mientras que Gisela Busaniche recibi\u00f3 el premio en televisi\u00f3n. Sof\u00eda Mart\u00ednez fue distinguida en el \u00e1mbito deportivo y Luciana Rubinska como mejor conductora. Tambi\u00e9n se destacaron Hinde Pomeraniec en gr\u00e1fica y Dolores Fonzi como directora de <em>Blondi<\/em>, premiada como la mejor pel\u00edcula del a\u00f1o.<\/p>\n<p>Luciana Geuna, periodista de investigaci\u00f3n en TN, recibi\u00f3 el premio por su compromiso con la informaci\u00f3n rigurosa y el tratamiento responsable de temas sensibles, consolid\u00e1ndose como una voz relevante en los medios. Otras ganadoras incluyeron a Mar\u00eda Florencia Freijo como creadora de contenido en redes sociales y a Pilar Dibujito como mejor ilustradora. Tambi\u00e9n se otorgaron distinciones a \u00abDuquesas\u00bb, un programa de streaming de Luzu TV y al podcast <em>Las Pibas Dicen<\/em>. En el \u00e1mbito de la publicidad, se premi\u00f3 la campa\u00f1a \u00abPosters\u00bb de YPF, mientras que la categor\u00eda de bien p\u00fablico destac\u00f3 a \u00abEl arte del autoexamen\u00bb de MACMA.<\/p>\n<p>Se entregaron menciones especiales, como el reconocimiento a la <em>Red de Editoras de G\u00e9nero<\/em> por su trabajo en la visibilizaci\u00f3n y prevenci\u00f3n de la violencia digital hacia mujeres con voz p\u00fablica, galard\u00f3n otorgado por agencias internacionales como UNICEF, ONU Mujeres y PNUD. La ceremonia tambi\u00e9n destac\u00f3 a Radio UTEDYC en la categor\u00eda revelaci\u00f3n y a Eglis Giovanelli con un premio a la trayectoria. M\u00e1s de 16.000 personas participaron en la votaci\u00f3n p\u00fablica, que se realiz\u00f3 en l\u00ednea y en sedes comunales, reflejando el inter\u00e9s ciudadano por esta celebraci\u00f3n.<\/p>\n<p>Carolina Barone, subsecretaria de la Mujer, subray\u00f3 el aporte de las premiadas a una representaci\u00f3n m\u00e1s equitativa de las mujeres en los medios, resaltando su esfuerzo en contextos desafiantes. \u00abQueremos que esta ceremonia sea un momento de encuentro y celebraci\u00f3n para reconocerlas\u00bb, expres\u00f3. El evento reafirm\u00f3 el compromiso de los Premios Lola Mora con la construcci\u00f3n de una imagen positiva de las mujeres, promoviendo un trato justo en todas las formas de representaci\u00f3n medi\u00e1tica.<\/p>\n<\/div>\n<\/div>\n<\/div>\n<\/div>\n<\/div>\n<\/div>\n<p>El Lola Mora es un reconocimiento organizado por el GCBA a trav\u00e9s de su Direcci\u00f3n General de la Mujer. Se estableci\u00f3 en 2000 y se otorga anualmente para distinguir a quienes promueven una imagen positiva de las mujeres en los medios de comunicaci\u00f3n, abordando temas de g\u00e9nero desde una perspectiva inclusiva y respetuosa.<\/p>\n<p>El galard\u00f3n lleva el nombre de una pionera en el arte y la escultura en Argentina y busca visibilizar la igualdad de g\u00e9nero a trav\u00e9s de producciones period\u00edsticas, audiovisuales y culturales. Televisi\u00f3n, radio, medios digitales, gr\u00e1fica y campa\u00f1as de bien p\u00fablico son los rubros que m\u00e1s atraen al p\u00fablico. El jurado est\u00e1 compuesto por especialistas de diversas disciplinas, instituciones y organizaciones de la sociedad civil.<\/p>\n<p>El premio fomenta la participaci\u00f3n ciudadana mediante una votaci\u00f3n online, permitiendo al p\u00fablico elegir ganadores en varias categor\u00edas. Este enfoque democratiza el reconocimiento y promueve un compromiso colectivo con la igualdad de g\u00e9nero y la comunicaci\u00f3n responsable. Es un evento significativo para destacar los esfuerzos hacia una sociedad m\u00e1s equitativa y justa<\/p>\n<p><!--googleoff: index--><br \/>\n<!--googleon: index--><br \/>\n<img decoding=\"async\" loading=\"lazy\" class=\"aligncenter size-full wp-image-689608\" src=\"https:\/\/www.diario5.com.ar\/wp-content\/uploads\/2024\/11\/ar_capital_rosario20241124.jpg\" width=\"700\" height=\"951\" srcset=\"https:\/\/www.diario5.com.ar\/wp-content\/uploads\/2024\/11\/ar_capital_rosario20241124.jpg 700w, https:\/\/www.diario5.com.ar\/wp-content\/uploads\/2024\/11\/ar_capital_rosario20241124-221x300.jpg 221w\" sizes=\"(max-width: 700px) 100vw, 700px\" \/><\/p>\n<p><img decoding=\"async\" src=\"https:\/\/img.kiosko.net\/2024\/11\/24\/ar\/ar_nueva_provincia.jpg\" \/><\/p>\n<p><img decoding=\"async\" src=\"https:\/\/img.kiosko.net\/2024\/11\/24\/ar\/ar_duplicado.jpg\" \/><\/p>\n<p><img decoding=\"async\" loading=\"lazy\" class=\"aligncenter size-full wp-image-689609\" src=\"https:\/\/www.diario5.com.ar\/wp-content\/uploads\/2024\/11\/esquiu20241124.jpg\" width=\"700\" height=\"920\" srcset=\"https:\/\/www.diario5.com.ar\/wp-content\/uploads\/2024\/11\/esquiu20241124.jpg 700w, https:\/\/www.diario5.com.ar\/wp-content\/uploads\/2024\/11\/esquiu20241124-228x300.jpg 228w\" sizes=\"(max-width: 700px) 100vw, 700px\" \/><\/p>\n<p><img decoding=\"async\" src=\"https:\/\/img.kiosko.net\/2024\/11\/24\/ar\/ar_diario_norte.jpg\" \/><\/p>\n<p><img decoding=\"async\" loading=\"lazy\" class=\"aligncenter size-full wp-image-689610\" src=\"https:\/\/www.diario5.com.ar\/wp-content\/uploads\/2024\/11\/voz_chaco20241124.jpg\" width=\"700\" height=\"816\" srcset=\"https:\/\/www.diario5.com.ar\/wp-content\/uploads\/2024\/11\/voz_chaco20241124.jpg 700w, https:\/\/www.diario5.com.ar\/wp-content\/uploads\/2024\/11\/voz_chaco20241124-257x300.jpg 257w\" sizes=\"(max-width: 700px) 100vw, 700px\" \/><\/p>\n<p><img decoding=\"async\" src=\"https:\/\/img.kiosko.net\/2024\/11\/24\/ar\/ar_diario_madryn.jpg\" \/><\/p>\n<p><img decoding=\"async\" src=\"https:\/\/img.kiosko.net\/2024\/11\/24\/ar\/ar_laprensa.jpg\" \/><\/p>\n<p><img decoding=\"async\" src=\"https:\/\/img.kiosko.net\/2024\/11\/24\/ar\/ar_cronista.jpg\" \/><\/p>\n<p><img decoding=\"async\" src=\"https:\/\/img.kiosko.net\/2024\/11\/24\/ar\/buenosaires_economico.jpg\" \/><\/p>\n<p><img decoding=\"async\" src=\"https:\/\/img.kiosko.net\/2024\/11\/24\/ar\/ar_perfil.jpg\" \/><\/p>\n<p><img decoding=\"async\" loading=\"lazy\" class=\"aligncenter size-full wp-image-689611\" src=\"https:\/\/www.diario5.com.ar\/wp-content\/uploads\/2024\/11\/ar_eldia20241124.jpg\" width=\"700\" height=\"1002\" srcset=\"https:\/\/www.diario5.com.ar\/wp-content\/uploads\/2024\/11\/ar_eldia20241124.jpg 700w, https:\/\/www.diario5.com.ar\/wp-content\/uploads\/2024\/11\/ar_eldia20241124-210x300.jpg 210w\" sizes=\"(max-width: 700px) 100vw, 700px\" \/><\/p>\n<p><img decoding=\"async\" loading=\"lazy\" class=\"aligncenter size-full wp-image-689612\" src=\"https:\/\/www.diario5.com.ar\/wp-content\/uploads\/2024\/11\/ar_hoy20241124.jpg\" width=\"700\" height=\"925\" srcset=\"https:\/\/www.diario5.com.ar\/wp-content\/uploads\/2024\/11\/ar_hoy20241124.jpg 700w, https:\/\/www.diario5.com.ar\/wp-content\/uploads\/2024\/11\/ar_hoy20241124-227x300.jpg 227w\" sizes=\"(max-width: 700px) 100vw, 700px\" \/><\/p>\n<p><img decoding=\"async\" src=\"https:\/\/img.kiosko.net\/2024\/11\/24\/ar\/ar_democracia.jpg\" \/><\/p>\n<p><img decoding=\"async\" loading=\"lazy\" class=\"aligncenter size-full wp-image-689613\" src=\"https:\/\/www.diario5.com.ar\/wp-content\/uploads\/2024\/11\/ar_chubut20241124.jpg\" width=\"700\" height=\"896\" srcset=\"https:\/\/www.diario5.com.ar\/wp-content\/uploads\/2024\/11\/ar_chubut20241124.jpg 700w, https:\/\/www.diario5.com.ar\/wp-content\/uploads\/2024\/11\/ar_chubut20241124-234x300.jpg 234w\" sizes=\"(max-width: 700px) 100vw, 700px\" \/><\/p>\n<p><img decoding=\"async\" src=\"https:\/\/img.kiosko.net\/2024\/11\/24\/ar\/ar_epoca.jpg\" \/><\/p>\n<p><img decoding=\"async\" src=\"https:\/\/img.kiosko.net\/2024\/11\/24\/ar\/ar_litoral.jpg\" \/><\/p>\n<p><img decoding=\"async\" src=\"https:\/\/img.kiosko.net\/2024\/11\/24\/ar\/ar_heraldo.jpg\" \/><\/p>\n<p><img decoding=\"async\" src=\"https:\/\/img.kiosko.net\/2024\/11\/24\/ar\/ar_manana_formosa.jpg\" \/><\/p>\n<p><img decoding=\"async\" src=\"https:\/\/img.kiosko.net\/2024\/11\/24\/ar\/ar_diario_pampa.jpg\" \/><\/p>\n<p><img decoding=\"async\" src=\"https:\/\/img.kiosko.net\/2024\/11\/24\/ar\/ar_pagina12.jpg\" \/><\/p>\n<p><img decoding=\"async\" src=\"https:\/\/img.kiosko.net\/2024\/11\/24\/ar\/ar_arena.jpg\" \/><\/p>\n<p><img decoding=\"async\" src=\"https:\/\/img.kiosko.net\/2024\/11\/24\/ar\/independiente.jpg\" \/><\/p>\n<p><img decoding=\"async\" src=\"https:\/\/img.kiosko.net\/2024\/11\/24\/ar\/nueva_rioja.jpg\" \/><\/p>\n<p><img decoding=\"async\" src=\"https:\/\/img.kiosko.net\/2024\/11\/24\/ar\/ar_losandes.jpg\" \/><\/p>\n<p><img decoding=\"async\" src=\"https:\/\/img.kiosko.net\/2024\/11\/24\/ar\/ar_tribuno.jpg\" \/><\/p>\n<p><img decoding=\"async\" src=\"https:\/\/img.kiosko.net\/2024\/11\/24\/ar\/lea.jpg\" \/><\/p>\n<p><img decoding=\"async\" src=\"https:\/\/img.kiosko.net\/2024\/11\/24\/ar\/ar_nuevo_diario.jpg\" \/><\/p>\n<p><img decoding=\"async\" src=\"https:\/\/img.kiosko.net\/2024\/11\/24\/ar\/ar_diario_cuyo.jpg\" \/><\/p>\n<p><img decoding=\"async\" src=\"https:\/\/img.kiosko.net\/2024\/11\/24\/ar\/huarpe.jpg\" \/><\/p>\n<p><img decoding=\"async\" src=\"https:\/\/img.kiosko.net\/2024\/11\/24\/ar\/ar_diario_republica.jpg\" \/><\/p>\n<p><img decoding=\"async\" src=\"https:\/\/img.kiosko.net\/2024\/11\/24\/ar\/ar_litoral_sfe.jpg\" \/><\/p>\n<p><img decoding=\"async\" src=\"https:\/\/img.kiosko.net\/2024\/11\/24\/ar\/ciudadano.jpg\" \/><\/p>\n<p><img decoding=\"async\" src=\"https:\/\/img.kiosko.net\/2024\/11\/24\/ar\/ar_mirador_provincial.jpg\" \/><\/p>\n<p><img decoding=\"async\" src=\"https:\/\/img.kiosko.net\/2024\/11\/24\/ar\/ar_gaceta.jpg\" \/><\/p>\n<p><img decoding=\"async\" src=\"https:\/\/img.kiosko.net\/2024\/11\/24\/ar\/ar_cronica.jpg\" \/><\/p>\n<p><img decoding=\"async\" loading=\"lazy\" class=\"aligncenter size-full wp-image-689614\" src=\"https:\/\/www.diario5.com.ar\/wp-content\/uploads\/2024\/11\/ar_clarin20241124.jpg\" width=\"700\" height=\"977\" srcset=\"https:\/\/www.diario5.com.ar\/wp-content\/uploads\/2024\/11\/ar_clarin20241124.jpg 700w, https:\/\/www.diario5.com.ar\/wp-content\/uploads\/2024\/11\/ar_clarin20241124-215x300.jpg 215w\" sizes=\"(max-width: 700px) 100vw, 700px\" \/><\/p>\n<p><img decoding=\"async\" src=\"https:\/\/img.kiosko.net\/2024\/11\/24\/ar\/nacion.jpg\" \/><\/p>\n<p><img decoding=\"async\" src=\"https:\/\/img.kiosko.net\/2024\/11\/24\/ar\/ar_eco.jpg\" \/><\/p>\n<p><img decoding=\"async\" src=\"https:\/\/img.kiosko.net\/2024\/11\/24\/ar\/nuevo_diario.jpg\" \/><\/p>\n<p><img decoding=\"async\" src=\"https:\/\/img.kiosko.net\/2024\/11\/24\/ar\/sureno.jpg\" \/><\/p>\n<p><img decoding=\"async\" src=\"https:\/\/img.kiosko.net\/2024\/11\/24\/ar\/ar_duplicado.jpg\" \/><\/p>\n<p><img decoding=\"async\" src=\"https:\/\/img.kiosko.net\/2024\/11\/24\/ar\/tiempo_sur.jpg\" \/><\/p>\n<p><img decoding=\"async\" src=\"https:\/\/img.kiosko.net\/2024\/11\/24\/ar\/tiempo_argentino.jpg\" \/><\/p>\n<p><img decoding=\"async\" src=\"https:\/\/img.kiosko.net\/2024\/11\/24\/ar\/ar_epoca.jpg\" \/><\/p>\n<p><img decoding=\"async\" src=\"https:\/\/img.kiosko.net\/2024\/11\/24\/ar\/ar_elsol.jpg\" \/><\/p>\n<p><img decoding=\"async\" loading=\"lazy\" class=\"aligncenter size-full wp-image-689615\" src=\"https:\/\/www.diario5.com.ar\/wp-content\/uploads\/2024\/11\/ar_ancasti20241124.jpg\" width=\"700\" height=\"942\" srcset=\"https:\/\/www.diario5.com.ar\/wp-content\/uploads\/2024\/11\/ar_ancasti20241124.jpg 700w, https:\/\/www.diario5.com.ar\/wp-content\/uploads\/2024\/11\/ar_ancasti20241124-223x300.jpg 223w\" sizes=\"(max-width: 700px) 100vw, 700px\" \/><\/p>\n<p><img decoding=\"async\" loading=\"lazy\" class=\"aligncenter size-full wp-image-689616\" src=\"https:\/\/www.diario5.com.ar\/wp-content\/uploads\/2024\/11\/ar_rio_negro20241124.jpg\" width=\"700\" height=\"954\" srcset=\"https:\/\/www.diario5.com.ar\/wp-content\/uploads\/2024\/11\/ar_rio_negro20241124.jpg 700w, https:\/\/www.diario5.com.ar\/wp-content\/uploads\/2024\/11\/ar_rio_negro20241124-220x300.jpg 220w\" sizes=\"(max-width: 700px) 100vw, 700px\" \/><\/p>\n<p><img decoding=\"async\" src=\"https:\/\/img.kiosko.net\/2024\/11\/24\/ar\/ar_03.jpg\" \/><\/p>\n<p><img decoding=\"async\" src=\"https:\/\/img.kiosko.net\/2024\/11\/24\/ar\/ar_04.jpg\" \/><\/p>\n<p><img decoding=\"async\" src=\"https:\/\/img.kiosko.net\/2024\/11\/24\/ar\/ar_05.jpg\" \/><\/p>\n<p>&nbsp;<\/p>","protected":false},"excerpt":{"rendered":"<p>El Teatro Regio fue escenario de la entrega de los Premios Lola Mora 2024, donde se reconoci\u00f3 a figuras destacadas que, a trav\u00e9s de su trabajo en medios de comunicaci\u00f3n, promovieron la igualdad de g\u00e9nero y oportunidades para las mujeres durante 2023. Entre las galardonadas, Mar\u00eda O&#8217;Donnell fue reconocida por su labor period\u00edstica en radio, [&hellip;]<\/p>","protected":false},"author":12,"featured_media":689607,"comment_status":"open","ping_status":"open","sticky":false,"template":"","format":"standard","meta":[],"categories":[2119,52,56],"tags":[1160,1177,1777,1999,630,2304,2314,1631,2299,2301,1315,1210,2305,2300,2312,2307,2303,1864,2069,2315,2306,2310,2316,2309,2298,993,2313,567,2302,2308,1859,1685,763,2311],"series":[],"_links":{"self":[{"href":"https:\/\/www.diario5.com.ar\/es\/wp-json\/wp\/v2\/posts\/677438"}],"collection":[{"href":"https:\/\/www.diario5.com.ar\/es\/wp-json\/wp\/v2\/posts"}],"about":[{"href":"https:\/\/www.diario5.com.ar\/es\/wp-json\/wp\/v2\/types\/post"}],"author":[{"embeddable":true,"href":"https:\/\/www.diario5.com.ar\/es\/wp-json\/wp\/v2\/users\/12"}],"replies":[{"embeddable":true,"href":"https:\/\/www.diario5.com.ar\/es\/wp-json\/wp\/v2\/comments?post=677438"}],"version-history":[{"count":3,"href":"https:\/\/www.diario5.com.ar\/es\/wp-json\/wp\/v2\/posts\/677438\/revisions"}],"predecessor-version":[{"id":689556,"href":"https:\/\/www.diario5.com.ar\/es\/wp-json\/wp\/v2\/posts\/677438\/revisions\/689556"}],"wp:featuredmedia":[{"embeddable":true,"href":"https:\/\/www.diario5.com.ar\/es\/wp-json\/wp\/v2\/media\/689607"}],"wp:attachment":[{"href":"https:\/\/www.diario5.com.ar\/es\/wp-json\/wp\/v2\/media?parent=677438"}],"wp:term":[{"taxonomy":"category","embeddable":true,"href":"https:\/\/www.diario5.com.ar\/es\/wp-json\/wp\/v2\/categories?post=677438"},{"taxonomy":"post_tag","embeddable":true,"href":"https:\/\/www.diario5.com.ar\/es\/wp-json\/wp\/v2\/tags?post=677438"},{"taxonomy":"series","embeddable":true,"href":"https:\/\/www.diario5.com.ar\/es\/wp-json\/wp\/v2\/series?post=677438"}],"curies":[{"name":"wp","href":"https:\/\/api.w.org\/{rel}","templated":true}]}}