{"id":677430,"date":"2024-11-16T06:11:00","date_gmt":"2024-11-16T09:11:00","guid":{"rendered":"http:\/\/diario5.com.ar\/?p=677430"},"modified":"2024-11-16T16:16:15","modified_gmt":"2024-11-16T19:16:15","slug":"677430","status":"publish","type":"post","link":"https:\/\/www.diario5.com.ar\/es\/677430\/","title":{"rendered":"Carrera de Mozos y Camareras"},"content":{"rendered":"<h2 class=\"sub-title-primary\">Uno de los evento-competencias m\u00e1s divertidos que se hayan creado a nivel urbano, vuelve esta tarde a la Ciudad de Buenos Aires. Como es costumbre, recorrer\u00e1 la Avenida de Mayo.<\/h2> <div class=\"flex-shrink-0 flex flex-col relative items-end\">\n<div>\n<div class=\"pt-0\">\n<div class=\"gizmo-bot-avatar flex h-8 w-8 items-center justify-center overflow-hidden rounded-full\">\n<div><img decoding=\"async\" loading=\"lazy\" class=\"aligncenter size-full wp-image-689466\" src=\"https:\/\/www.diario5.com.ar\/wp-content\/uploads\/2024\/11\/mozos-carrera20241116.jpg\" width=\"700\" height=\"465\" srcset=\"https:\/\/www.diario5.com.ar\/wp-content\/uploads\/2024\/11\/mozos-carrera20241116.jpg 700w, https:\/\/www.diario5.com.ar\/wp-content\/uploads\/2024\/11\/mozos-carrera20241116-300x199.jpg 300w\" sizes=\"(max-width: 700px) 100vw, 700px\" \/><\/div>\n<div class=\"relative p-1 rounded-sm flex items-center justify-center bg-token-main-surface-primary text-token-text-primary h-8 w-8\">Hoy a las 15.00, la Ciudad de Buenos Aires recibe la ya tradicional y pintorescas <em>Carrera de Mozos y Camareras<\/em>. Este evento, organizado por la Asociaci\u00f3n de Patrocinadores del Turismo, la Hoteler\u00eda y la Gastronom\u00eda (APTHGRA) junto con la seccional capital de los gastron\u00f3micos porte\u00f1os (UTHGRA), volver\u00e1 a tomar la Avenida de Mayo, en un circuito de 1800 metros que cada a\u00f1o atrae a competidores, familias locales y turistas.<\/div>\n<\/div>\n<\/div>\n<\/div>\n<\/div>\n<div class=\"group\/conversation-turn relative flex w-full min-w-0 flex-col agent-turn\">\n<div class=\"flex-col gap-1 md:gap-3\">\n<div class=\"flex max-w-full flex-col flex-grow\">\n<div class=\"min-h-8 text-message flex w-full flex-col items-end gap-2 whitespace-normal break-words [.text-message+&amp;]:mt-5\" dir=\"auto\" data-message-author-role=\"assistant\" data-message-id=\"54aa145a-c34c-4534-9fb4-7aa41c99425c\" data-message-model-slug=\"gpt-4o\">\n<div class=\"flex w-full flex-col gap-1 empty:hidden first:pt-[3px]\">\n<div class=\"markdown prose w-full break-words dark:prose-invert light\">\n<p>La competencia re\u00fane a hombres y mujeres de distintas edades y localidades, todos vestidos con su atuendo de trabajo y con una bandeja cargada de una botella y dos copas servidas. Este desaf\u00edo pone a prueba la destreza y el equilibrio de los participantes, que no s\u00f3lo deben evitar derramar el contenido, sino tambi\u00e9n recorrer la distancia en el menor tiempo posible. Las categor\u00edas incluyen camareras libre, mozos de hasta 30 a\u00f1os, de 31 a 45 a\u00f1os y de 46 en adelante.<\/p>\n<p>El circuito comenzar\u00e1 en la Avenida de Mayo, entre Bernardo de Irigoyen y Tacuar\u00ed. Los competidores dar\u00e1n la vuelta en Plaza de Mayo y regresar\u00e1n hasta el punto de partida en Bernardo de Irigoyen, donde el escenario frente a la sede de UTHGRA (Av. de Mayo 930) albergar\u00e1 los espect\u00e1culos previos y la premiaci\u00f3n final.<\/p>\n<p>La jornada estar\u00e1 marcada por espect\u00e1culos de recreaci\u00f3n antes de la carrera, sorteos entre los participantes y una ceremonia de cierre que culminar\u00e1 con un brindis. Los ganadores recibir\u00e1n premios en efectivo y presentes, con lo que se reconoce su habilidad y esfuerzo.<\/p>\n<p>Para facilitar el desarrollo del evento, se realizar\u00e1n cortes de calles:<\/p>\n<ul>\n<li><strong>De 10 a 14 h:<\/strong> Cierre total de Av. de Mayo, entre Bernardo de Irigoyen y Tacuar\u00ed.<\/li>\n<li><strong>De 14 a 21 h:<\/strong> Cierre total de Av. de Mayo, entre Bol\u00edvar y Bernardo de Irigoyen, incluyendo las transversales Tacuar\u00ed, Piedras, Chacabuco y Bol\u00edvar, entre Rivadavia e Hip\u00f3lito Yrigoyen.<\/li>\n<\/ul>\n<p>&nbsp;<\/p>\n<\/div>\n<\/div>\n<\/div>\n<\/div>\n<\/div>\n<\/div>\n<p><!--googleoff: index--><br \/>\n<!--googleon: index--><br \/>\n<img decoding=\"async\" loading=\"lazy\" class=\"aligncenter size-full wp-image-689474\" src=\"https:\/\/www.diario5.com.ar\/wp-content\/uploads\/2024\/11\/ar_capital_rosario20241116.jpg\" width=\"700\" height=\"917\" srcset=\"https:\/\/www.diario5.com.ar\/wp-content\/uploads\/2024\/11\/ar_capital_rosario20241116.jpg 700w, https:\/\/www.diario5.com.ar\/wp-content\/uploads\/2024\/11\/ar_capital_rosario20241116-229x300.jpg 229w\" sizes=\"(max-width: 700px) 100vw, 700px\" \/><\/p>\n<p><img decoding=\"async\" loading=\"lazy\" class=\"aligncenter size-full wp-image-689475\" src=\"https:\/\/www.diario5.com.ar\/wp-content\/uploads\/2024\/11\/ar_nueva_provincia20241116.jpg\" width=\"700\" height=\"981\" srcset=\"https:\/\/www.diario5.com.ar\/wp-content\/uploads\/2024\/11\/ar_nueva_provincia20241116.jpg 700w, https:\/\/www.diario5.com.ar\/wp-content\/uploads\/2024\/11\/ar_nueva_provincia20241116-214x300.jpg 214w\" sizes=\"(max-width: 700px) 100vw, 700px\" \/><\/p>\n<p><img decoding=\"async\" loading=\"lazy\" class=\"aligncenter size-full wp-image-689467\" src=\"https:\/\/www.diario5.com.ar\/wp-content\/uploads\/2024\/11\/esquiu20241116.jpg\" width=\"700\" height=\"920\" srcset=\"https:\/\/www.diario5.com.ar\/wp-content\/uploads\/2024\/11\/esquiu20241116.jpg 700w, https:\/\/www.diario5.com.ar\/wp-content\/uploads\/2024\/11\/esquiu20241116-228x300.jpg 228w\" sizes=\"(max-width: 700px) 100vw, 700px\" \/><\/p>\n<p><img decoding=\"async\" loading=\"lazy\" class=\"aligncenter size-full wp-image-689468\" src=\"https:\/\/www.diario5.com.ar\/wp-content\/uploads\/2024\/11\/voz_chaco20241116.jpg\" width=\"700\" height=\"816\" srcset=\"https:\/\/www.diario5.com.ar\/wp-content\/uploads\/2024\/11\/voz_chaco20241116.jpg 700w, https:\/\/www.diario5.com.ar\/wp-content\/uploads\/2024\/11\/voz_chaco20241116-257x300.jpg 257w\" sizes=\"(max-width: 700px) 100vw, 700px\" \/><\/p>\n<p><img decoding=\"async\" loading=\"lazy\" class=\"aligncenter size-full wp-image-689469\" src=\"https:\/\/www.diario5.com.ar\/wp-content\/uploads\/2024\/11\/ar_eldia20241116.jpg\" width=\"700\" height=\"1009\" srcset=\"https:\/\/www.diario5.com.ar\/wp-content\/uploads\/2024\/11\/ar_eldia20241116.jpg 700w, https:\/\/www.diario5.com.ar\/wp-content\/uploads\/2024\/11\/ar_eldia20241116-208x300.jpg 208w\" sizes=\"(max-width: 700px) 100vw, 700px\" \/><\/p>\n<p><img decoding=\"async\" loading=\"lazy\" class=\"aligncenter size-full wp-image-689470\" src=\"https:\/\/www.diario5.com.ar\/wp-content\/uploads\/2024\/11\/ar_chubut20241116.jpg\" width=\"700\" height=\"905\" srcset=\"https:\/\/www.diario5.com.ar\/wp-content\/uploads\/2024\/11\/ar_chubut20241116.jpg 700w, https:\/\/www.diario5.com.ar\/wp-content\/uploads\/2024\/11\/ar_chubut20241116-232x300.jpg 232w\" sizes=\"(max-width: 700px) 100vw, 700px\" \/><\/p>\n<p><img decoding=\"async\" loading=\"lazy\" class=\"aligncenter size-full wp-image-689476\" src=\"https:\/\/www.diario5.com.ar\/wp-content\/uploads\/2024\/11\/ar_diario_republica20241116.jpg\" width=\"700\" height=\"942\" srcset=\"https:\/\/www.diario5.com.ar\/wp-content\/uploads\/2024\/11\/ar_diario_republica20241116.jpg 700w, https:\/\/www.diario5.com.ar\/wp-content\/uploads\/2024\/11\/ar_diario_republica20241116-223x300.jpg 223w\" sizes=\"(max-width: 700px) 100vw, 700px\" \/><\/p>\n<p><img decoding=\"async\" loading=\"lazy\" class=\"aligncenter size-full wp-image-689471\" src=\"https:\/\/www.diario5.com.ar\/wp-content\/uploads\/2024\/11\/ar_clarin20241116.jpg\" width=\"700\" height=\"977\" srcset=\"https:\/\/www.diario5.com.ar\/wp-content\/uploads\/2024\/11\/ar_clarin20241116.jpg 700w, https:\/\/www.diario5.com.ar\/wp-content\/uploads\/2024\/11\/ar_clarin20241116-215x300.jpg 215w\" sizes=\"(max-width: 700px) 100vw, 700px\" \/><\/p>\n<p><img decoding=\"async\" loading=\"lazy\" class=\"aligncenter size-full wp-image-689477\" src=\"https:\/\/www.diario5.com.ar\/wp-content\/uploads\/2024\/11\/nacion20241116.jpg\" width=\"700\" height=\"1062\" srcset=\"https:\/\/www.diario5.com.ar\/wp-content\/uploads\/2024\/11\/nacion20241116.jpg 700w, https:\/\/www.diario5.com.ar\/wp-content\/uploads\/2024\/11\/nacion20241116-198x300.jpg 198w, https:\/\/www.diario5.com.ar\/wp-content\/uploads\/2024\/11\/nacion20241116-675x1024.jpg 675w\" sizes=\"(max-width: 700px) 100vw, 700px\" \/><\/p>\n<p><img decoding=\"async\" loading=\"lazy\" class=\"aligncenter size-full wp-image-689472\" src=\"https:\/\/www.diario5.com.ar\/wp-content\/uploads\/2024\/11\/ar_ancasti20241116.jpg\" width=\"700\" height=\"949\" srcset=\"https:\/\/www.diario5.com.ar\/wp-content\/uploads\/2024\/11\/ar_ancasti20241116.jpg 700w, https:\/\/www.diario5.com.ar\/wp-content\/uploads\/2024\/11\/ar_ancasti20241116-221x300.jpg 221w\" sizes=\"(max-width: 700px) 100vw, 700px\" \/><\/p>\n<p><img decoding=\"async\" loading=\"lazy\" class=\"aligncenter size-full wp-image-689478\" src=\"https:\/\/www.diario5.com.ar\/wp-content\/uploads\/2024\/11\/ar_rio_negro20241116.jpg\" width=\"700\" height=\"961\" srcset=\"https:\/\/www.diario5.com.ar\/wp-content\/uploads\/2024\/11\/ar_rio_negro20241116.jpg 700w, https:\/\/www.diario5.com.ar\/wp-content\/uploads\/2024\/11\/ar_rio_negro20241116-219x300.jpg 219w\" sizes=\"(max-width: 700px) 100vw, 700px\" \/><\/p>\n<p>&nbsp;<\/p>","protected":false},"excerpt":{"rendered":"<p>Uno de los evento-competencias m\u00e1s divertidos que se hayan creado a nivel urbano, vuelve esta tarde a la Ciudad de Buenos Aires. Como es costumbre, recorrer\u00e1 la Avenida de Mayo. Hoy a las 15.00, la Ciudad de Buenos Aires recibe la ya tradicional y pintorescas Carrera de Mozos y Camareras. Este evento, organizado por la [&hellip;]<\/p>","protected":false},"author":5,"featured_media":689466,"comment_status":"open","ping_status":"open","sticky":false,"template":"","format":"standard","meta":[],"categories":[2090,20,52,56],"tags":[474,630,1776,643,884,1685],"series":[],"_links":{"self":[{"href":"https:\/\/www.diario5.com.ar\/es\/wp-json\/wp\/v2\/posts\/677430"}],"collection":[{"href":"https:\/\/www.diario5.com.ar\/es\/wp-json\/wp\/v2\/posts"}],"about":[{"href":"https:\/\/www.diario5.com.ar\/es\/wp-json\/wp\/v2\/types\/post"}],"author":[{"embeddable":true,"href":"https:\/\/www.diario5.com.ar\/es\/wp-json\/wp\/v2\/users\/5"}],"replies":[{"embeddable":true,"href":"https:\/\/www.diario5.com.ar\/es\/wp-json\/wp\/v2\/comments?post=677430"}],"version-history":[{"count":4,"href":"https:\/\/www.diario5.com.ar\/es\/wp-json\/wp\/v2\/posts\/677430\/revisions"}],"predecessor-version":[{"id":689479,"href":"https:\/\/www.diario5.com.ar\/es\/wp-json\/wp\/v2\/posts\/677430\/revisions\/689479"}],"wp:featuredmedia":[{"embeddable":true,"href":"https:\/\/www.diario5.com.ar\/es\/wp-json\/wp\/v2\/media\/689466"}],"wp:attachment":[{"href":"https:\/\/www.diario5.com.ar\/es\/wp-json\/wp\/v2\/media?parent=677430"}],"wp:term":[{"taxonomy":"category","embeddable":true,"href":"https:\/\/www.diario5.com.ar\/es\/wp-json\/wp\/v2\/categories?post=677430"},{"taxonomy":"post_tag","embeddable":true,"href":"https:\/\/www.diario5.com.ar\/es\/wp-json\/wp\/v2\/tags?post=677430"},{"taxonomy":"series","embeddable":true,"href":"https:\/\/www.diario5.com.ar\/es\/wp-json\/wp\/v2\/series?post=677430"}],"curies":[{"name":"wp","href":"https:\/\/api.w.org\/{rel}","templated":true}]}}