{"id":677429,"date":"2024-11-15T06:11:00","date_gmt":"2024-11-15T09:11:00","guid":{"rendered":"http:\/\/diario5.com.ar\/?p=677429"},"modified":"2024-11-15T21:48:47","modified_gmt":"2024-11-16T00:48:47","slug":"677429","status":"publish","type":"post","link":"https:\/\/www.diario5.com.ar\/es\/677429\/","title":{"rendered":"La Fundaci\u00f3n Fern\u00e1ndez en el GP Nacional"},"content":{"rendered":"<h2 class=\"sub-title-primary\">Un compromiso renovado con la salud p\u00fablica<\/h2> <figure style=\"width: 710px\" class=\"wp-caption alignnone\"><img decoding=\"async\" loading=\"lazy\" class=\"\" src=\"https:\/\/resizer.glanacion.com\/resizer\/v2\/connie-piuma-y-mariana-bago-en-la-entrega-del-E73LS3T7UFDLXNQX5DFTNQFOAM.jpeg?auth=298cda14c086f2597d3cef1732d74fd4ed8bbf711e06c569128fd82995a37949&amp;width=420&amp;height=284&amp;quality=70&amp;smart=true\" alt=\"\" width=\"710\" height=\"480\" \/><figcaption class=\"wp-caption-text\">Connie Piuma y Mariana Bag\u00f3, autoridades de la Fundaci\u00f3n Fern\u00e1ndez, en la entrega del Premio Maip\u00fa.<\/figcaption><\/figure>\n<p>El Hospital Dr. Juan A. Fern\u00e1ndez, un pilar en la atenci\u00f3n m\u00e9dica de alta calidad en Argentina, contin\u00faa fortaleci\u00e9ndose gracias al apoyo de su Fundaci\u00f3n. En el marco del Gran Premio Nacional, el cl\u00e1sico m\u00e1s destacado del calendario h\u00edpico argentino, la Fundaci\u00f3n Fern\u00e1ndez fue nuevamente invitada por el Hip\u00f3dromo de Palermo a ser la organizaci\u00f3n solidaria del evento, realizado el s\u00e1bado 9 de noviembre.<\/p>\n<p>La jornada, marcada por la gran afluencia de p\u00fablico y un ambiente de celebraci\u00f3n popular, cont\u00f3 con la participaci\u00f3n especial de la banda del Regimiento de Granaderos a Caballo. En el exclusivo Sal\u00f3n Turf Argentino, los invitados disfrutaron de un c\u00f3ctel y almuerzo gourmet, con la oportunidad de seguir las carreras en pantallas gigantes desde la terraza del tercer piso de la Tribuna Paddock.<\/p>\n<p>La recaudaci\u00f3n obtenida en esta ocasi\u00f3n ser\u00e1 destinada a la renovaci\u00f3n de los quir\u00f3fanos del Hospital Fern\u00e1ndez, una obra crucial que busca optimizar los servicios de salud ofrecidos. Como es habitual, los fondos permitir\u00e1n mantener y mejorar las instalaciones de uno de los hospitales m\u00e1s reconocidos del pa\u00eds, conocido por su atenci\u00f3n ejemplar y su rol fundamental en la salud p\u00fablica.<\/p>\n<p>La Fundaci\u00f3n Fern\u00e1ndez agradeci\u00f3 al Hip\u00f3dromo de Palermo y a los patrocinadores que hicieron posible el evento. Durante la jornada, miembros de la comisi\u00f3n directiva entregaron copas en carreras auspiciadas por importantes empresas: el Gran Premio Fundaci\u00f3n Fern\u00e1ndez (Laboratorio Bag\u00f3), Gran Premio Maip\u00fa (Biog\u00e9nesis Bag\u00f3) y Gran Premio Palermo (Haras Firmamento).<\/p>\n<p>Con 28 a\u00f1os de compromiso, la Fundaci\u00f3n Fern\u00e1ndez sigue siendo un pilar esencial para el hospital, contribuyendo con tecnolog\u00eda avanzada y apoyando la mejora continua de sus instalaciones. Gracias a todos los que hacen posible esta labor fundamental para el bienestar de la comunidad.<\/p>\n<p><!--googleoff: index--><br \/>\n<!--googleon: index--><br \/>\n<img decoding=\"async\" loading=\"lazy\" class=\"aligncenter size-full wp-image-689454\" src=\"https:\/\/www.diario5.com.ar\/wp-content\/uploads\/2024\/11\/ar_capital_rosario20241115.jpg\" width=\"700\" height=\"918\" srcset=\"https:\/\/www.diario5.com.ar\/wp-content\/uploads\/2024\/11\/ar_capital_rosario20241115.jpg 700w, https:\/\/www.diario5.com.ar\/wp-content\/uploads\/2024\/11\/ar_capital_rosario20241115-229x300.jpg 229w\" sizes=\"(max-width: 700px) 100vw, 700px\" \/><\/p>\n<p><img decoding=\"async\" loading=\"lazy\" class=\"aligncenter size-full wp-image-689455\" src=\"https:\/\/www.diario5.com.ar\/wp-content\/uploads\/2024\/11\/esquiu20241115.jpg\" width=\"700\" height=\"920\" srcset=\"https:\/\/www.diario5.com.ar\/wp-content\/uploads\/2024\/11\/esquiu20241115.jpg 700w, https:\/\/www.diario5.com.ar\/wp-content\/uploads\/2024\/11\/esquiu20241115-228x300.jpg 228w\" sizes=\"(max-width: 700px) 100vw, 700px\" \/><\/p>\n<p><img decoding=\"async\" loading=\"lazy\" class=\"aligncenter size-full wp-image-689456\" src=\"https:\/\/www.diario5.com.ar\/wp-content\/uploads\/2024\/11\/voz_chaco20241115.jpg\" width=\"700\" height=\"816\" srcset=\"https:\/\/www.diario5.com.ar\/wp-content\/uploads\/2024\/11\/voz_chaco20241115.jpg 700w, https:\/\/www.diario5.com.ar\/wp-content\/uploads\/2024\/11\/voz_chaco20241115-257x300.jpg 257w\" sizes=\"(max-width: 700px) 100vw, 700px\" \/><\/p>\n<p><img decoding=\"async\" loading=\"lazy\" class=\"aligncenter size-full wp-image-689460\" src=\"https:\/\/www.diario5.com.ar\/wp-content\/uploads\/2024\/11\/ar_cronista20241115.jpg\" width=\"700\" height=\"993\" srcset=\"https:\/\/www.diario5.com.ar\/wp-content\/uploads\/2024\/11\/ar_cronista20241115.jpg 700w, https:\/\/www.diario5.com.ar\/wp-content\/uploads\/2024\/11\/ar_cronista20241115-211x300.jpg 211w\" sizes=\"(max-width: 700px) 100vw, 700px\" \/><\/p>\n<p><img decoding=\"async\" loading=\"lazy\" class=\"aligncenter size-full wp-image-689461\" src=\"https:\/\/www.diario5.com.ar\/wp-content\/uploads\/2024\/11\/ar_eldia20241115.jpg\" width=\"700\" height=\"1009\" srcset=\"https:\/\/www.diario5.com.ar\/wp-content\/uploads\/2024\/11\/ar_eldia20241115.jpg 700w, https:\/\/www.diario5.com.ar\/wp-content\/uploads\/2024\/11\/ar_eldia20241115-208x300.jpg 208w\" sizes=\"(max-width: 700px) 100vw, 700px\" \/><\/p>\n<p><img decoding=\"async\" loading=\"lazy\" class=\"aligncenter size-full wp-image-689457\" src=\"https:\/\/www.diario5.com.ar\/wp-content\/uploads\/2024\/11\/ar_chubut20241115.jpg\" width=\"700\" height=\"896\" srcset=\"https:\/\/www.diario5.com.ar\/wp-content\/uploads\/2024\/11\/ar_chubut20241115.jpg 700w, https:\/\/www.diario5.com.ar\/wp-content\/uploads\/2024\/11\/ar_chubut20241115-234x300.jpg 234w\" sizes=\"(max-width: 700px) 100vw, 700px\" \/><\/p>\n<p><img decoding=\"async\" loading=\"lazy\" class=\"aligncenter size-full wp-image-689458\" src=\"https:\/\/www.diario5.com.ar\/wp-content\/uploads\/2024\/11\/ar_clarin20241115.jpg\" width=\"700\" height=\"977\" srcset=\"https:\/\/www.diario5.com.ar\/wp-content\/uploads\/2024\/11\/ar_clarin20241115.jpg 700w, https:\/\/www.diario5.com.ar\/wp-content\/uploads\/2024\/11\/ar_clarin20241115-215x300.jpg 215w\" sizes=\"(max-width: 700px) 100vw, 700px\" \/><\/p>\n<p><img decoding=\"async\" loading=\"lazy\" class=\"aligncenter size-full wp-image-689462\" src=\"https:\/\/www.diario5.com.ar\/wp-content\/uploads\/2024\/11\/nacion20241115.jpg\" width=\"700\" height=\"1062\" srcset=\"https:\/\/www.diario5.com.ar\/wp-content\/uploads\/2024\/11\/nacion20241115.jpg 700w, https:\/\/www.diario5.com.ar\/wp-content\/uploads\/2024\/11\/nacion20241115-198x300.jpg 198w, https:\/\/www.diario5.com.ar\/wp-content\/uploads\/2024\/11\/nacion20241115-675x1024.jpg 675w\" sizes=\"(max-width: 700px) 100vw, 700px\" \/><\/p>\n<p><img decoding=\"async\" loading=\"lazy\" class=\"aligncenter size-full wp-image-689459\" src=\"https:\/\/www.diario5.com.ar\/wp-content\/uploads\/2024\/11\/ar_ancasti20241115.jpg\" width=\"700\" height=\"949\" srcset=\"https:\/\/www.diario5.com.ar\/wp-content\/uploads\/2024\/11\/ar_ancasti20241115.jpg 700w, https:\/\/www.diario5.com.ar\/wp-content\/uploads\/2024\/11\/ar_ancasti20241115-221x300.jpg 221w\" sizes=\"(max-width: 700px) 100vw, 700px\" \/><\/p>\n<p><img decoding=\"async\" loading=\"lazy\" class=\"aligncenter size-full wp-image-689463\" src=\"https:\/\/www.diario5.com.ar\/wp-content\/uploads\/2024\/11\/ar_rio_negro20241115.jpg\" width=\"700\" height=\"980\" srcset=\"https:\/\/www.diario5.com.ar\/wp-content\/uploads\/2024\/11\/ar_rio_negro20241115.jpg 700w, https:\/\/www.diario5.com.ar\/wp-content\/uploads\/2024\/11\/ar_rio_negro20241115-214x300.jpg 214w\" sizes=\"(max-width: 700px) 100vw, 700px\" \/><\/p>\n<p>&nbsp;<\/p>","protected":false},"excerpt":{"rendered":"<p>Un compromiso renovado con la salud p\u00fablica El Hospital Dr. Juan A. Fern\u00e1ndez, un pilar en la atenci\u00f3n m\u00e9dica de alta calidad en Argentina, contin\u00faa fortaleci\u00e9ndose gracias al apoyo de su Fundaci\u00f3n. En el marco del Gran Premio Nacional, el cl\u00e1sico m\u00e1s destacado del calendario h\u00edpico argentino, la Fundaci\u00f3n Fern\u00e1ndez fue nuevamente invitada por el [&hellip;]<\/p>","protected":false},"author":13,"featured_media":689465,"comment_status":"open","ping_status":"open","sticky":false,"template":"","format":"standard","meta":[],"categories":[2090,52,56],"tags":[2249,1177,2247,2252,2250,1826,646,2243,2253,2244,647,1973,2251,1912,662,2254,1362,2246,2245,2248],"series":[],"_links":{"self":[{"href":"https:\/\/www.diario5.com.ar\/es\/wp-json\/wp\/v2\/posts\/677429"}],"collection":[{"href":"https:\/\/www.diario5.com.ar\/es\/wp-json\/wp\/v2\/posts"}],"about":[{"href":"https:\/\/www.diario5.com.ar\/es\/wp-json\/wp\/v2\/types\/post"}],"author":[{"embeddable":true,"href":"https:\/\/www.diario5.com.ar\/es\/wp-json\/wp\/v2\/users\/13"}],"replies":[{"embeddable":true,"href":"https:\/\/www.diario5.com.ar\/es\/wp-json\/wp\/v2\/comments?post=677429"}],"version-history":[{"count":4,"href":"https:\/\/www.diario5.com.ar\/es\/wp-json\/wp\/v2\/posts\/677429\/revisions"}],"predecessor-version":[{"id":689464,"href":"https:\/\/www.diario5.com.ar\/es\/wp-json\/wp\/v2\/posts\/677429\/revisions\/689464"}],"wp:featuredmedia":[{"embeddable":true,"href":"https:\/\/www.diario5.com.ar\/es\/wp-json\/wp\/v2\/media\/689465"}],"wp:attachment":[{"href":"https:\/\/www.diario5.com.ar\/es\/wp-json\/wp\/v2\/media?parent=677429"}],"wp:term":[{"taxonomy":"category","embeddable":true,"href":"https:\/\/www.diario5.com.ar\/es\/wp-json\/wp\/v2\/categories?post=677429"},{"taxonomy":"post_tag","embeddable":true,"href":"https:\/\/www.diario5.com.ar\/es\/wp-json\/wp\/v2\/tags?post=677429"},{"taxonomy":"series","embeddable":true,"href":"https:\/\/www.diario5.com.ar\/es\/wp-json\/wp\/v2\/series?post=677429"}],"curies":[{"name":"wp","href":"https:\/\/api.w.org\/{rel}","templated":true}]}}