{"id":677425,"date":"2024-11-11T06:11:00","date_gmt":"2024-11-11T09:11:00","guid":{"rendered":"http:\/\/diario5.com.ar\/?p=677425"},"modified":"2024-11-11T06:14:13","modified_gmt":"2024-11-11T09:14:13","slug":"677425","status":"publish","type":"post","link":"https:\/\/www.diario5.com.ar\/es\/677425\/","title":{"rendered":"Decisiones populares"},"content":{"rendered":"<h2 class=\"sub-title-primary\">Los vecinos de la Ciudad de Buenos Aires podr\u00e1n abordar temas diversos que incluyen la protecci\u00f3n de inmuebles con valor patrimonial, la concesi\u00f3n de predios a organizaciones y clubes deportivos, el otorgamiento de un cargo judicial, y la suspensi\u00f3n temporal de tr\u00e1mites urban\u00edsticos. Con esta agenda, se busca avanzar en pol\u00edticas de preservaci\u00f3n hist\u00f3rica, ordenamiento territorial y mejora en la administraci\u00f3n p\u00fablica.<\/h2> <p><img decoding=\"async\" loading=\"lazy\" class=\"alignnone wp-image-657385 size-full\" src=\"https:\/\/www.diario5.com.ar\/wp-content\/uploads\/2022\/08\/legislatura-logo-cupula.jpg\" alt=\"\" width=\"652\" height=\"461\" srcset=\"https:\/\/www.diario5.com.ar\/wp-content\/uploads\/2022\/08\/legislatura-logo-cupula.jpg 652w, https:\/\/www.diario5.com.ar\/wp-content\/uploads\/2022\/08\/legislatura-logo-cupula-300x212.jpg 300w\" sizes=\"(max-width: 652px) 100vw, 652px\" \/><\/p>\n<p>La Legislatura de la Ciudad de Buenos Aires llevar\u00e1 adelante en las pr\u00f3ximas semanas una serie de audiencias p\u00fablicas que permitir\u00e1n el an\u00e1lisis y la participaci\u00f3n ciudadana en asuntos claves de la ciudad, abarcando desde protecci\u00f3n patrimonial hasta decisiones administrativas y concesiones. Veamos el cronograma y los detalles de estas sesiones que invitan a la ciudadan\u00eda a participar en temas de planeamiento urbano, \u00e9tica y asuntos tributarios.<\/p>\n<p>Ma\u00f1ana, 12 de noviembre, finaliza el plazo de inscripci\u00f3n para la audiencia que se celebrar\u00e1 el 19 de noviembre sobre la <strong>Suspensi\u00f3n de tr\u00e1mites para certificados urban\u00edsticos<\/strong>, medida propuesta en el Decreto de Necesidad y Urgencia 2-AJG-2024, el cual extender\u00eda la moratoria hasta sancionarse una ley de modificaci\u00f3n del C\u00f3digo Urban\u00edstico. Ese mismo d\u00eda, el 19 de noviembre, la <strong>Asociaci\u00f3n de Trabajadores de la Sanidad Argentina<\/strong> busca asegurar el <strong>permiso de uso de un predio<\/strong> ubicado en la intersecci\u00f3n de las calles De\u00e1n Funes y la Autopista 1-129, el cual se analizar\u00e1 a las 12.00. Esta audiencia se concretar\u00e1 en el Sal\u00f3n Montevideo de la Legislatura Porte\u00f1a.<\/p>\n<p>El 22 de noviembre, se evaluar\u00e1 la <strong>concesi\u00f3n de un predio al Club Atl\u00e9tico Platense<\/strong> en la esquina de Manuela Pedraza y Cr\u00e1mer. La inscripci\u00f3n para participar de esta sesi\u00f3n se encuentra abierta hasta el 15 de noviembre a las 17.00.<\/p>\n<p>El 27 de noviembre, una audiencia abordar\u00e1 la propuesta para <strong>cubrir un cargo de fiscal<\/strong> en primera instancia en lo Penal, Penal Juvenil, Contravencional y de Faltas, lo cual ha generado gran inter\u00e9s en los espacios judiciales. Para esta sesi\u00f3n, se admiten impugnaciones hasta el 14 de noviembre.<\/p>\n<p>El mismo 27 de noviembre, se analizar\u00e1 la incorporaci\u00f3n al cat\u00e1logo definitivo de <strong>inmuebles protegidos<\/strong> en la ciudad, una medida impulsada por el Poder Ejecutivo y apoyada por sectores que abogan por la preservaci\u00f3n del patrimonio arquitect\u00f3nico. Al d\u00eda siguiente, el 29 de noviembre, tres audiencias consecutivas decidir\u00e1n sobre la catalogaci\u00f3n con nivel de <strong>protecci\u00f3n integral de diversos inmuebles<\/strong>, incluyendo propiedades en la calle Pomar 4171 y Bacacay 3570, as\u00ed como la protecci\u00f3n ambiental de los solares de la Escuela T\u00e9cnica Raggio y su campo de deportes.<\/p>\n<p><img decoding=\"async\" src=\"https:\/\/www.lanacion.com.ar\/resizer\/v2\/audiencia-publica-por-la-reforma-del-codigo-6ASKS2ZQMRHGPKO6642ZAV3K74.JPG?auth=a1535b1ade37a50a0585002ad31724f2bc78c0ce0b5be7fa7f62bfd5833dfcfe&amp;width=420&amp;height=280&amp;quality=70&amp;smart=true\" alt=\"Audiencia p\u00fablica por la reforma del C\u00f3digo Urban\u00edstico en la Legislatura\" \/><\/p>\n<p>Excepto la indicada a cumplirse en el Sal\u00f3n Montevideo, estas sesiones se realizar\u00e1n en modalidad mixta, facilitando tanto la participaci\u00f3n presencial como virtual, en el sal\u00f3n Presidente Alfons\u00edn. Ingresos a la Legislatura de la Ciudad de Buenos Aires por Per\u00fa 160.<\/p>\n<p><img decoding=\"async\" loading=\"lazy\" class=\"aligncenter size-full wp-image-689410\" src=\"https:\/\/www.diario5.com.ar\/wp-content\/uploads\/2024\/11\/ar_capital_rosario20241111.jpg\" width=\"700\" height=\"919\" srcset=\"https:\/\/www.diario5.com.ar\/wp-content\/uploads\/2024\/11\/ar_capital_rosario20241111.jpg 700w, https:\/\/www.diario5.com.ar\/wp-content\/uploads\/2024\/11\/ar_capital_rosario20241111-229x300.jpg 229w\" sizes=\"(max-width: 700px) 100vw, 700px\" \/><\/p>\n<p><img decoding=\"async\" src=\"https:\/\/img.kiosko.net\/2024\/11\/11\/ar\/ar_nueva_provincia.jpg\" \/><\/p>\n<p><img decoding=\"async\" src=\"https:\/\/img.kiosko.net\/2024\/11\/11\/ar\/ar_duplicado.jpg\" \/><\/p>\n<p><img decoding=\"async\" loading=\"lazy\" class=\"aligncenter size-full wp-image-689411\" src=\"https:\/\/www.diario5.com.ar\/wp-content\/uploads\/2024\/11\/esquiu20241111.jpg\" width=\"700\" height=\"924\" srcset=\"https:\/\/www.diario5.com.ar\/wp-content\/uploads\/2024\/11\/esquiu20241111.jpg 700w, https:\/\/www.diario5.com.ar\/wp-content\/uploads\/2024\/11\/esquiu20241111-227x300.jpg 227w\" sizes=\"(max-width: 700px) 100vw, 700px\" \/><\/p>\n<p><img decoding=\"async\" src=\"https:\/\/img.kiosko.net\/2024\/11\/11\/ar\/ar_diario_norte.jpg\" \/><\/p>\n<p><img decoding=\"async\" loading=\"lazy\" class=\"aligncenter size-full wp-image-689412\" src=\"https:\/\/www.diario5.com.ar\/wp-content\/uploads\/2024\/11\/voz_chaco20241111.jpg\" width=\"700\" height=\"816\" srcset=\"https:\/\/www.diario5.com.ar\/wp-content\/uploads\/2024\/11\/voz_chaco20241111.jpg 700w, https:\/\/www.diario5.com.ar\/wp-content\/uploads\/2024\/11\/voz_chaco20241111-257x300.jpg 257w\" sizes=\"(max-width: 700px) 100vw, 700px\" \/><\/p>\n<p><img decoding=\"async\" src=\"https:\/\/img.kiosko.net\/2024\/11\/11\/ar\/ar_diario_madryn.jpg\" \/><\/p>\n<p><img decoding=\"async\" src=\"https:\/\/img.kiosko.net\/2024\/11\/11\/ar\/ar_laprensa.jpg\" \/><\/p>\n<p><img decoding=\"async\" src=\"https:\/\/img.kiosko.net\/2024\/11\/11\/ar\/ar_cronista.jpg\" \/><\/p>\n<p><img decoding=\"async\" src=\"https:\/\/img.kiosko.net\/2024\/11\/11\/ar\/buenosaires_economico.jpg\" \/><\/p>\n<p><img decoding=\"async\" src=\"https:\/\/img.kiosko.net\/2024\/11\/11\/ar\/ar_perfil.jpg\" \/><\/p>\n<p><img decoding=\"async\" src=\"https:\/\/img.kiosko.net\/2024\/11\/11\/ar\/ar_eldia.jpg\" \/><\/p>\n<p><img decoding=\"async\" src=\"https:\/\/img.kiosko.net\/2024\/11\/11\/ar\/ar_hoy.jpg\" \/><\/p>\n<p><img decoding=\"async\" src=\"https:\/\/img.kiosko.net\/2024\/11\/11\/ar\/ar_democracia.jpg\" \/><\/p>\n<p><img decoding=\"async\" loading=\"lazy\" class=\"aligncenter size-full wp-image-689413\" src=\"https:\/\/www.diario5.com.ar\/wp-content\/uploads\/2024\/11\/ar_chubut20241111.jpg\" width=\"700\" height=\"902\" srcset=\"https:\/\/www.diario5.com.ar\/wp-content\/uploads\/2024\/11\/ar_chubut20241111.jpg 700w, https:\/\/www.diario5.com.ar\/wp-content\/uploads\/2024\/11\/ar_chubut20241111-233x300.jpg 233w\" sizes=\"(max-width: 700px) 100vw, 700px\" \/><\/p>\n<p><img decoding=\"async\" src=\"https:\/\/img.kiosko.net\/2024\/11\/11\/ar\/ar_epoca.jpg\" \/><\/p>\n<p><img decoding=\"async\" src=\"https:\/\/img.kiosko.net\/2024\/11\/11\/ar\/ar_litoral.jpg\" \/><\/p>\n<p><img decoding=\"async\" src=\"https:\/\/img.kiosko.net\/2024\/11\/11\/ar\/ar_heraldo.jpg\" \/><\/p>\n<p><img decoding=\"async\" src=\"https:\/\/img.kiosko.net\/2024\/11\/11\/ar\/ar_manana_formosa.jpg\" \/><\/p>\n<p><img decoding=\"async\" src=\"https:\/\/img.kiosko.net\/2024\/11\/11\/ar\/ar_diario_pampa.jpg\" \/><\/p>\n<p><img decoding=\"async\" src=\"https:\/\/img.kiosko.net\/2024\/11\/11\/ar\/ar_pagina12.jpg\" \/><\/p>\n<p><img decoding=\"async\" src=\"https:\/\/img.kiosko.net\/2024\/11\/11\/ar\/ar_arena.jpg\" \/><\/p>\n<p><img decoding=\"async\" src=\"https:\/\/img.kiosko.net\/2024\/11\/11\/ar\/independiente.jpg\" \/><\/p>\n<p><img decoding=\"async\" src=\"https:\/\/img.kiosko.net\/2024\/11\/11\/ar\/nueva_rioja.jpg\" \/><\/p>\n<p><img decoding=\"async\" src=\"https:\/\/img.kiosko.net\/2024\/11\/11\/ar\/ar_losandes.jpg\" \/><\/p>\n<p><img decoding=\"async\" src=\"https:\/\/img.kiosko.net\/2024\/11\/11\/ar\/ar_tribuno.jpg\" \/><\/p>\n<p><img decoding=\"async\" src=\"https:\/\/img.kiosko.net\/2024\/11\/11\/ar\/lea.jpg\" \/><\/p>\n<p><img decoding=\"async\" src=\"https:\/\/img.kiosko.net\/2024\/11\/11\/ar\/ar_nuevo_diario.jpg\" \/><\/p>\n<p><img decoding=\"async\" src=\"https:\/\/img.kiosko.net\/2024\/11\/11\/ar\/ar_diario_cuyo.jpg\" \/><\/p>\n<p><img decoding=\"async\" src=\"https:\/\/img.kiosko.net\/2024\/11\/11\/ar\/huarpe.jpg\" \/><\/p>\n<p><img decoding=\"async\" src=\"https:\/\/img.kiosko.net\/2024\/11\/11\/ar\/ar_diario_republica.jpg\" \/><\/p>\n<p><img decoding=\"async\" src=\"https:\/\/img.kiosko.net\/2024\/11\/11\/ar\/ar_litoral_sfe.jpg\" \/><\/p>\n<p><img decoding=\"async\" src=\"https:\/\/img.kiosko.net\/2024\/11\/11\/ar\/ciudadano.jpg\" \/><\/p>\n<p><img decoding=\"async\" src=\"https:\/\/img.kiosko.net\/2024\/11\/11\/ar\/ar_mirador_provincial.jpg\" \/><\/p>\n<p><img decoding=\"async\" src=\"https:\/\/img.kiosko.net\/2024\/11\/11\/ar\/ar_gaceta.jpg\" \/><\/p>\n<p><img decoding=\"async\" src=\"https:\/\/img.kiosko.net\/2024\/11\/11\/ar\/ar_cronica.jpg\" \/><\/p>\n<p><img decoding=\"async\" loading=\"lazy\" class=\"aligncenter size-full wp-image-689414\" src=\"https:\/\/www.diario5.com.ar\/wp-content\/uploads\/2024\/11\/ar_clarin20241111.jpg\" width=\"700\" height=\"977\" srcset=\"https:\/\/www.diario5.com.ar\/wp-content\/uploads\/2024\/11\/ar_clarin20241111.jpg 700w, https:\/\/www.diario5.com.ar\/wp-content\/uploads\/2024\/11\/ar_clarin20241111-215x300.jpg 215w\" sizes=\"(max-width: 700px) 100vw, 700px\" \/><\/p>\n<p><img decoding=\"async\" src=\"https:\/\/img.kiosko.net\/2024\/11\/11\/ar\/nacion.jpg\" \/><\/p>\n<p><img decoding=\"async\" src=\"https:\/\/img.kiosko.net\/2024\/11\/11\/ar\/ar_eco.jpg\" \/><\/p>\n<p><img decoding=\"async\" src=\"https:\/\/img.kiosko.net\/2024\/11\/11\/ar\/nuevo_diario.jpg\" \/><\/p>\n<p><img decoding=\"async\" src=\"https:\/\/img.kiosko.net\/2024\/11\/11\/ar\/sureno.jpg\" \/><\/p>\n<p><img decoding=\"async\" src=\"https:\/\/img.kiosko.net\/2024\/11\/11\/ar\/ar_duplicado.jpg\" \/><\/p>\n<p><img decoding=\"async\" src=\"https:\/\/img.kiosko.net\/2024\/11\/11\/ar\/tiempo_sur.jpg\" \/><\/p>\n<p><img decoding=\"async\" src=\"https:\/\/img.kiosko.net\/2024\/11\/11\/ar\/tiempo_argentino.jpg\" \/><\/p>\n<p><img decoding=\"async\" src=\"https:\/\/img.kiosko.net\/2024\/11\/11\/ar\/ar_epoca.jpg\" \/><\/p>\n<p><img decoding=\"async\" src=\"https:\/\/img.kiosko.net\/2024\/11\/11\/ar\/ar_elsol.jpg\" \/><\/p>\n<p><img decoding=\"async\" loading=\"lazy\" class=\"aligncenter size-full wp-image-689415\" src=\"https:\/\/www.diario5.com.ar\/wp-content\/uploads\/2024\/11\/ar_ancasti20241111.jpg\" width=\"700\" height=\"949\" srcset=\"https:\/\/www.diario5.com.ar\/wp-content\/uploads\/2024\/11\/ar_ancasti20241111.jpg 700w, https:\/\/www.diario5.com.ar\/wp-content\/uploads\/2024\/11\/ar_ancasti20241111-221x300.jpg 221w\" sizes=\"(max-width: 700px) 100vw, 700px\" \/><\/p>\n<p><img decoding=\"async\" src=\"\/\/img.kiosko.net\/2024\/11\/11\/ar\/ar_rio_negro.jpg\" \/><\/p>\n<p><img decoding=\"async\" src=\"https:\/\/img.kiosko.net\/2024\/11\/11\/ar\/ar_03.jpg\" \/><\/p>\n<p><img decoding=\"async\" src=\"https:\/\/img.kiosko.net\/2024\/11\/11\/ar\/ar_04.jpg\" \/><\/p>\n<p><img decoding=\"async\" src=\"https:\/\/img.kiosko.net\/2024\/11\/11\/ar\/ar_05.jpg\" \/><\/p>\n<p>&nbsp;<\/p>","protected":false},"excerpt":{"rendered":"<p>Los vecinos de la Ciudad de Buenos Aires podr\u00e1n abordar temas diversos que incluyen la protecci\u00f3n de inmuebles con valor patrimonial, la concesi\u00f3n de predios a organizaciones y clubes deportivos, el otorgamiento de un cargo judicial, y la suspensi\u00f3n temporal de tr\u00e1mites urban\u00edsticos. Con esta agenda, se busca avanzar en pol\u00edticas de preservaci\u00f3n hist\u00f3rica, ordenamiento [&hellip;]<\/p>","protected":false},"author":27,"featured_media":657385,"comment_status":"open","ping_status":"open","sticky":false,"template":"","format":"standard","meta":[],"categories":[482,46,45,56],"tags":[1160,2023,1177,2207,474,630,2206,2210,2205,1819,2202,1682,2203,2200,2208,2209,2201,2197,2204,2199,2198],"series":[],"_links":{"self":[{"href":"https:\/\/www.diario5.com.ar\/es\/wp-json\/wp\/v2\/posts\/677425"}],"collection":[{"href":"https:\/\/www.diario5.com.ar\/es\/wp-json\/wp\/v2\/posts"}],"about":[{"href":"https:\/\/www.diario5.com.ar\/es\/wp-json\/wp\/v2\/types\/post"}],"author":[{"embeddable":true,"href":"https:\/\/www.diario5.com.ar\/es\/wp-json\/wp\/v2\/users\/27"}],"replies":[{"embeddable":true,"href":"https:\/\/www.diario5.com.ar\/es\/wp-json\/wp\/v2\/comments?post=677425"}],"version-history":[{"count":3,"href":"https:\/\/www.diario5.com.ar\/es\/wp-json\/wp\/v2\/posts\/677425\/revisions"}],"predecessor-version":[{"id":689400,"href":"https:\/\/www.diario5.com.ar\/es\/wp-json\/wp\/v2\/posts\/677425\/revisions\/689400"}],"wp:featuredmedia":[{"embeddable":true,"href":"https:\/\/www.diario5.com.ar\/es\/wp-json\/wp\/v2\/media\/657385"}],"wp:attachment":[{"href":"https:\/\/www.diario5.com.ar\/es\/wp-json\/wp\/v2\/media?parent=677425"}],"wp:term":[{"taxonomy":"category","embeddable":true,"href":"https:\/\/www.diario5.com.ar\/es\/wp-json\/wp\/v2\/categories?post=677425"},{"taxonomy":"post_tag","embeddable":true,"href":"https:\/\/www.diario5.com.ar\/es\/wp-json\/wp\/v2\/tags?post=677425"},{"taxonomy":"series","embeddable":true,"href":"https:\/\/www.diario5.com.ar\/es\/wp-json\/wp\/v2\/series?post=677425"}],"curies":[{"name":"wp","href":"https:\/\/api.w.org\/{rel}","templated":true}]}}