{"id":677413,"date":"2024-10-30T06:11:00","date_gmt":"2024-10-30T09:11:00","guid":{"rendered":"http:\/\/diario5.com.ar\/?p=677413"},"modified":"2024-10-30T06:13:06","modified_gmt":"2024-10-30T09:13:06","slug":"677413","status":"publish","type":"post","link":"https:\/\/www.diario5.com.ar\/es\/677413\/","title":{"rendered":"Encuentro por la inclusi\u00f3n"},"content":{"rendered":"<h2 class=\"sub-title-primary\"><\/h2> <p><img decoding=\"async\" loading=\"lazy\" class=\"alignnone size-full wp-image-689221\" src=\"https:\/\/www.diario5.com.ar\/wp-content\/uploads\/2024\/10\/copidis1.jpg\" alt=\"\" width=\"900\" height=\"608\" srcset=\"https:\/\/www.diario5.com.ar\/wp-content\/uploads\/2024\/10\/copidis1.jpg 900w, https:\/\/www.diario5.com.ar\/wp-content\/uploads\/2024\/10\/copidis1-300x203.jpg 300w, https:\/\/www.diario5.com.ar\/wp-content\/uploads\/2024\/10\/copidis1-768x519.jpg 768w\" sizes=\"(max-width: 900px) 100vw, 900px\" \/><\/p>\n<p>Un tema clave para la inclusi\u00f3n tendr\u00e1 el centro de atenci\u00f3n en la 9\u00aa Jornada de Vida Independiente en Buenos Aires. Se trata de la autonom\u00eda y los derechos de las personas con discapacidad. El encuentro, organizado por la Subsecretar\u00eda de Discapacidad (COPIDIS) y la Fundaci\u00f3n Qualis y que se har\u00e1 en la Facultad de Ciencias Econ\u00f3micas de la Universidad de Buenos Aires, ser\u00e1 un espacio de reflexi\u00f3n y un punto de inflexi\u00f3n para entender y visibilizar la vida independiente como un derecho humano de solidez mayor.<\/p>\n<p>Entre los temas destacados, la jornada contar\u00e1 con conferencias sobre accesibilidad cognitiva y digital, herramientas que facilitan una integraci\u00f3n plena en la comunidad y explorar\u00e1 c\u00f3mo el entorno digital puede y debe adaptarse para ser inclusivo. La \u201cCampa\u00f1a PUEDA\u201d de la Asociaci\u00f3n por los Derechos Civiles pondr\u00e1 en relieve la urgencia de lograr un acceso digital sin barreras, esencial en la era de la tecnolog\u00eda, en la que a\u00fan muchas personas enfrentan exclusi\u00f3n.<\/p>\n<p>La inclusi\u00f3n de testimonios en primera voz ser\u00e1 otro de los puntos destacados, permitiendo que personas con discapacidad compartan su d\u00eda a d\u00eda y los retos que enfrentan en su b\u00fasqueda de autonom\u00eda. As\u00ed, figuras como Dominique Kantor y Tiago Giansily traer\u00e1n una perspectiva \u00fanica sobre c\u00f3mo viven, luchan y aspiran a una vida independiente, un aspecto que sensibiliza y educa a los asistentes sobre la importancia de promover pol\u00edticas p\u00fablicas y espacios que respeten la individualidad y necesidades espec\u00edficas.<\/p>\n<p>Tambi\u00e9n se debatir\u00e1n temas innovadores y sensibles como la maternidad con discapacidad, a cargo de Yael Hergenreder, quien abordar\u00e1 no s\u00f3lo los desaf\u00edos f\u00edsicos, sino tambi\u00e9n los prejuicios sociales que acompa\u00f1an a las madres en esta situaci\u00f3n. Este segmento destaca una realidad poco abordada en las pol\u00edticas sociales, abriendo el di\u00e1logo hacia la inclusi\u00f3n de modelos de apoyo y respaldo que favorezcan la crianza aut\u00f3noma de las madres con discapacidad.<\/p>\n<p>El evento pondr\u00e1 a disposici\u00f3n un conjunto de medidas de accesibilidad para garantizar que todos los asistentes puedan participar plenamente. Contar\u00e1 con interpretaci\u00f3n en Lengua de Se\u00f1as Argentina, subtitulado simult\u00e1neo y accesos libres de barreras arquitect\u00f3nicas. Adem\u00e1s, se dispondr\u00e1 de un espacio de silencio para personas que requieran una zona libre de est\u00edmulos, donde tambi\u00e9n se ofrecer\u00e1n herramientas de apoyo sensorial, creando un ambiente realmente inclusivo y de respeto a la diversidad sensorial.<\/p>\n<p>La jornada no s\u00f3lo ser\u00e1 una oportunidad para aprender sobre innovaciones y apoyos t\u00e9cnicos, sino un foro donde la sociedad puede reflejarse y reconocer el valor del respeto y la igualdad. Con m\u00e1s de mil asistentes esperados, el evento visibiliza que la independencia es tanto una bandera personal como social: es una responsabilidad compartida construir un entorno que favorezca la autodeterminaci\u00f3n de todos.<\/p>\n<p><!--googleoff: index--><br \/>\n<!--googleon: index--><br \/>\n<img decoding=\"async\" loading=\"lazy\" class=\"aligncenter size-full wp-image-689232\" src=\"https:\/\/www.diario5.com.ar\/wp-content\/uploads\/2024\/10\/ar_capital_rosario20241030.jpg\" width=\"700\" height=\"930\" srcset=\"https:\/\/www.diario5.com.ar\/wp-content\/uploads\/2024\/10\/ar_capital_rosario20241030.jpg 700w, https:\/\/www.diario5.com.ar\/wp-content\/uploads\/2024\/10\/ar_capital_rosario20241030-226x300.jpg 226w\" sizes=\"(max-width: 700px) 100vw, 700px\" \/><\/p>\n<p><img decoding=\"async\" src=\"https:\/\/img.kiosko.net\/2024\/10\/30\/ar\/ar_nueva_provincia.jpg\" \/><\/p>\n<p><img decoding=\"async\" src=\"https:\/\/img.kiosko.net\/2024\/10\/30\/ar\/ar_duplicado.jpg\" \/><\/p>\n<p><img decoding=\"async\" loading=\"lazy\" class=\"aligncenter size-full wp-image-689233\" src=\"https:\/\/www.diario5.com.ar\/wp-content\/uploads\/2024\/10\/esquiu20241030.jpg\" width=\"700\" height=\"920\" srcset=\"https:\/\/www.diario5.com.ar\/wp-content\/uploads\/2024\/10\/esquiu20241030.jpg 700w, https:\/\/www.diario5.com.ar\/wp-content\/uploads\/2024\/10\/esquiu20241030-228x300.jpg 228w\" sizes=\"(max-width: 700px) 100vw, 700px\" \/><\/p>\n<p><img decoding=\"async\" src=\"https:\/\/img.kiosko.net\/2024\/10\/30\/ar\/ar_diario_norte.jpg\" \/><\/p>\n<p><img decoding=\"async\" loading=\"lazy\" class=\"aligncenter size-full wp-image-689234\" src=\"https:\/\/www.diario5.com.ar\/wp-content\/uploads\/2024\/10\/voz_chaco20241030.jpg\" width=\"700\" height=\"808\" srcset=\"https:\/\/www.diario5.com.ar\/wp-content\/uploads\/2024\/10\/voz_chaco20241030.jpg 700w, https:\/\/www.diario5.com.ar\/wp-content\/uploads\/2024\/10\/voz_chaco20241030-260x300.jpg 260w\" sizes=\"(max-width: 700px) 100vw, 700px\" \/><\/p>\n<p><img decoding=\"async\" src=\"https:\/\/img.kiosko.net\/2024\/10\/30\/ar\/ar_diario_madryn.jpg\" \/><\/p>\n<p><img decoding=\"async\" src=\"https:\/\/img.kiosko.net\/2024\/10\/30\/ar\/ar_laprensa.jpg\" \/><\/p>\n<p><img decoding=\"async\" src=\"https:\/\/img.kiosko.net\/2024\/10\/30\/ar\/ar_cronista.jpg\" \/><\/p>\n<p><img decoding=\"async\" src=\"https:\/\/img.kiosko.net\/2024\/10\/30\/ar\/buenosaires_economico.jpg\" \/><\/p>\n<p><img decoding=\"async\" src=\"https:\/\/img.kiosko.net\/2024\/10\/30\/ar\/ar_perfil.jpg\" \/><\/p>\n<p><img decoding=\"async\" src=\"https:\/\/img.kiosko.net\/2024\/10\/30\/ar\/ar_eldia.jpg\" \/><\/p>\n<p><img decoding=\"async\" src=\"https:\/\/img.kiosko.net\/2024\/10\/30\/ar\/ar_hoy.jpg\" \/><\/p>\n<p><img decoding=\"async\" src=\"https:\/\/img.kiosko.net\/2024\/10\/30\/ar\/ar_democracia.jpg\" \/><\/p>\n<p><img decoding=\"async\" loading=\"lazy\" class=\"aligncenter size-full wp-image-689235\" src=\"https:\/\/www.diario5.com.ar\/wp-content\/uploads\/2024\/10\/ar_chubut20241030.jpg\" width=\"700\" height=\"896\" srcset=\"https:\/\/www.diario5.com.ar\/wp-content\/uploads\/2024\/10\/ar_chubut20241030.jpg 700w, https:\/\/www.diario5.com.ar\/wp-content\/uploads\/2024\/10\/ar_chubut20241030-234x300.jpg 234w\" sizes=\"(max-width: 700px) 100vw, 700px\" \/><\/p>\n<p><img decoding=\"async\" src=\"https:\/\/img.kiosko.net\/2024\/10\/30\/ar\/ar_epoca.jpg\" \/><\/p>\n<p><img decoding=\"async\" src=\"https:\/\/img.kiosko.net\/2024\/10\/30\/ar\/ar_litoral.jpg\" \/><\/p>\n<p><img decoding=\"async\" src=\"https:\/\/img.kiosko.net\/2024\/10\/30\/ar\/ar_heraldo.jpg\" \/><\/p>\n<p><img decoding=\"async\" src=\"https:\/\/img.kiosko.net\/2024\/10\/30\/ar\/ar_manana_formosa.jpg\" \/><\/p>\n<p><img decoding=\"async\" src=\"https:\/\/img.kiosko.net\/2024\/10\/30\/ar\/ar_diario_pampa.jpg\" \/><\/p>\n<p><img decoding=\"async\" src=\"https:\/\/img.kiosko.net\/2024\/10\/30\/ar\/ar_pagina12.jpg\" \/><\/p>\n<p><img decoding=\"async\" src=\"https:\/\/img.kiosko.net\/2024\/10\/30\/ar\/ar_arena.jpg\" \/><\/p>\n<p><img decoding=\"async\" src=\"https:\/\/img.kiosko.net\/2024\/10\/30\/ar\/independiente.jpg\" \/><\/p>\n<p><img decoding=\"async\" src=\"https:\/\/img.kiosko.net\/2024\/10\/30\/ar\/nueva_rioja.jpg\" \/><\/p>\n<p><img decoding=\"async\" src=\"https:\/\/img.kiosko.net\/2024\/10\/30\/ar\/ar_losandes.jpg\" \/><\/p>\n<p><img decoding=\"async\" src=\"https:\/\/img.kiosko.net\/2024\/10\/30\/ar\/ar_tribuno.jpg\" \/><\/p>\n<p><img decoding=\"async\" src=\"https:\/\/img.kiosko.net\/2024\/10\/30\/ar\/lea.jpg\" \/><\/p>\n<p><img decoding=\"async\" src=\"https:\/\/img.kiosko.net\/2024\/10\/30\/ar\/ar_nuevo_diario.jpg\" \/><\/p>\n<p><img decoding=\"async\" src=\"https:\/\/img.kiosko.net\/2024\/10\/30\/ar\/ar_diario_cuyo.jpg\" \/><\/p>\n<p><img decoding=\"async\" src=\"https:\/\/img.kiosko.net\/2024\/10\/30\/ar\/huarpe.jpg\" \/><\/p>\n<p><img decoding=\"async\" src=\"https:\/\/img.kiosko.net\/2024\/10\/30\/ar\/ar_diario_republica.jpg\" \/><\/p>\n<p><img decoding=\"async\" src=\"https:\/\/img.kiosko.net\/2024\/10\/30\/ar\/ar_litoral_sfe.jpg\" \/><\/p>\n<p><img decoding=\"async\" loading=\"lazy\" class=\"aligncenter size-full wp-image-689236\" src=\"https:\/\/www.diario5.com.ar\/wp-content\/uploads\/2024\/10\/ciudadano20241030.jpg\" width=\"700\" height=\"947\" srcset=\"https:\/\/www.diario5.com.ar\/wp-content\/uploads\/2024\/10\/ciudadano20241030.jpg 700w, https:\/\/www.diario5.com.ar\/wp-content\/uploads\/2024\/10\/ciudadano20241030-222x300.jpg 222w\" sizes=\"(max-width: 700px) 100vw, 700px\" \/><\/p>\n<p><img decoding=\"async\" src=\"https:\/\/img.kiosko.net\/2024\/10\/30\/ar\/ar_mirador_provincial.jpg\" \/><\/p>\n<p><img decoding=\"async\" src=\"https:\/\/img.kiosko.net\/2024\/10\/30\/ar\/ar_gaceta.jpg\" \/><\/p>\n<p><img decoding=\"async\" src=\"https:\/\/img.kiosko.net\/2024\/10\/30\/ar\/ar_cronica.jpg\" \/><\/p>\n<p><img decoding=\"async\" loading=\"lazy\" class=\"aligncenter size-full wp-image-689237\" src=\"https:\/\/www.diario5.com.ar\/wp-content\/uploads\/2024\/10\/ar_clarin20241030.jpg\" width=\"700\" height=\"977\" srcset=\"https:\/\/www.diario5.com.ar\/wp-content\/uploads\/2024\/10\/ar_clarin20241030.jpg 700w, https:\/\/www.diario5.com.ar\/wp-content\/uploads\/2024\/10\/ar_clarin20241030-215x300.jpg 215w\" sizes=\"(max-width: 700px) 100vw, 700px\" \/><\/p>\n<p><img decoding=\"async\" src=\"https:\/\/img.kiosko.net\/2024\/10\/30\/ar\/nacion.jpg\" \/><\/p>\n<p><img decoding=\"async\" src=\"https:\/\/img.kiosko.net\/2024\/10\/30\/ar\/ar_eco.jpg\" \/><\/p>\n<p><img decoding=\"async\" src=\"https:\/\/img.kiosko.net\/2024\/10\/30\/ar\/nuevo_diario.jpg\" \/><\/p>\n<p><img decoding=\"async\" src=\"https:\/\/img.kiosko.net\/2024\/10\/30\/ar\/sureno.jpg\" \/><\/p>\n<p><img decoding=\"async\" src=\"https:\/\/img.kiosko.net\/2024\/10\/30\/ar\/ar_duplicado.jpg\" \/><\/p>\n<p><img decoding=\"async\" src=\"https:\/\/img.kiosko.net\/2024\/10\/30\/ar\/tiempo_sur.jpg\" \/><\/p>\n<p><img decoding=\"async\" src=\"https:\/\/img.kiosko.net\/2024\/10\/30\/ar\/tiempo_argentino.jpg\" \/><\/p>\n<p><img decoding=\"async\" src=\"https:\/\/img.kiosko.net\/2024\/10\/30\/ar\/ar_epoca.jpg\" \/><\/p>\n<p><img decoding=\"async\" src=\"https:\/\/img.kiosko.net\/2024\/10\/30\/ar\/ar_elsol.jpg\" \/><\/p>\n<p><img decoding=\"async\" loading=\"lazy\" class=\"aligncenter size-full wp-image-689238\" src=\"https:\/\/www.diario5.com.ar\/wp-content\/uploads\/2024\/10\/ar_ancasti20241030.jpg\" width=\"700\" height=\"917\" srcset=\"https:\/\/www.diario5.com.ar\/wp-content\/uploads\/2024\/10\/ar_ancasti20241030.jpg 700w, https:\/\/www.diario5.com.ar\/wp-content\/uploads\/2024\/10\/ar_ancasti20241030-229x300.jpg 229w\" sizes=\"(max-width: 700px) 100vw, 700px\" \/><\/p>\n<p><img decoding=\"async\" src=\"\/\/img.kiosko.net\/2024\/10\/30\/ar\/ar_rio_negro.jpg\" \/><\/p>\n<p><img decoding=\"async\" src=\"https:\/\/img.kiosko.net\/2024\/10\/30\/ar\/ar_03.jpg\" \/><\/p>\n<p><img decoding=\"async\" src=\"https:\/\/img.kiosko.net\/2024\/10\/30\/ar\/ar_04.jpg\" \/><\/p>\n<p><img decoding=\"async\" src=\"https:\/\/img.kiosko.net\/2024\/10\/30\/ar\/ar_05.jpg\" \/><\/p>\n<p>&nbsp;<\/p>","protected":false},"excerpt":{"rendered":"<p>Un tema clave para la inclusi\u00f3n tendr\u00e1 el centro de atenci\u00f3n en la 9\u00aa Jornada de Vida Independiente en Buenos Aires. Se trata de la autonom\u00eda y los derechos de las personas con discapacidad. El encuentro, organizado por la Subsecretar\u00eda de Discapacidad (COPIDIS) y la Fundaci\u00f3n Qualis y que se har\u00e1 en la Facultad de [&hellip;]<\/p>","protected":false},"author":5,"featured_media":689221,"comment_status":"open","ping_status":"open","sticky":false,"template":"","format":"standard","meta":[],"categories":[4,21,56],"tags":[1177,474,2155,1315,803,2094,1229,1209,1683],"series":[],"_links":{"self":[{"href":"https:\/\/www.diario5.com.ar\/es\/wp-json\/wp\/v2\/posts\/677413"}],"collection":[{"href":"https:\/\/www.diario5.com.ar\/es\/wp-json\/wp\/v2\/posts"}],"about":[{"href":"https:\/\/www.diario5.com.ar\/es\/wp-json\/wp\/v2\/types\/post"}],"author":[{"embeddable":true,"href":"https:\/\/www.diario5.com.ar\/es\/wp-json\/wp\/v2\/users\/5"}],"replies":[{"embeddable":true,"href":"https:\/\/www.diario5.com.ar\/es\/wp-json\/wp\/v2\/comments?post=677413"}],"version-history":[{"count":2,"href":"https:\/\/www.diario5.com.ar\/es\/wp-json\/wp\/v2\/posts\/677413\/revisions"}],"predecessor-version":[{"id":689222,"href":"https:\/\/www.diario5.com.ar\/es\/wp-json\/wp\/v2\/posts\/677413\/revisions\/689222"}],"wp:featuredmedia":[{"embeddable":true,"href":"https:\/\/www.diario5.com.ar\/es\/wp-json\/wp\/v2\/media\/689221"}],"wp:attachment":[{"href":"https:\/\/www.diario5.com.ar\/es\/wp-json\/wp\/v2\/media?parent=677413"}],"wp:term":[{"taxonomy":"category","embeddable":true,"href":"https:\/\/www.diario5.com.ar\/es\/wp-json\/wp\/v2\/categories?post=677413"},{"taxonomy":"post_tag","embeddable":true,"href":"https:\/\/www.diario5.com.ar\/es\/wp-json\/wp\/v2\/tags?post=677413"},{"taxonomy":"series","embeddable":true,"href":"https:\/\/www.diario5.com.ar\/es\/wp-json\/wp\/v2\/series?post=677413"}],"curies":[{"name":"wp","href":"https:\/\/api.w.org\/{rel}","templated":true}]}}