{"id":677411,"date":"2024-10-28T06:11:00","date_gmt":"2024-10-28T09:11:00","guid":{"rendered":"http:\/\/diario5.com.ar\/?p=677411"},"modified":"2024-10-28T06:13:56","modified_gmt":"2024-10-28T09:13:56","slug":"677411","status":"publish","type":"post","link":"https:\/\/www.diario5.com.ar\/es\/677411\/","title":{"rendered":"Solucionan Riesgo en San Juan y Pasco"},"content":{"rendered":"<h2 class=\"sub-title-primary\">La intervenci\u00f3n de un particular solucion\u00f3 un problema en un sem\u00e1foro, sin la cual habr\u00eda prolongado una situaci\u00f3n de riesgo por casi 24 horas m\u00e1s, por la confusi\u00f3n que podr\u00edan provocar las se\u00f1ales mal orientadas.<\/h2> <div class=\"flex-shrink-0 flex flex-col relative items-end\">\n<div>\n<div class=\"pt-0\">\n<div class=\"gizmo-bot-avatar flex h-8 w-8 items-center justify-center overflow-hidden rounded-full\">\n<div class=\"relative p-1 rounded-sm flex items-center justify-center bg-token-main-surface-primary text-token-text-primary h-8 w-8\"><img decoding=\"async\" loading=\"lazy\" class=\"alignnone size-full wp-image-689202\" src=\"https:\/\/www.diario5.com.ar\/wp-content\/uploads\/2024\/10\/semaforo_contradictorio1.jpg\" alt=\"\" width=\"1280\" height=\"720\" srcset=\"https:\/\/www.diario5.com.ar\/wp-content\/uploads\/2024\/10\/semaforo_contradictorio1.jpg 1280w, https:\/\/www.diario5.com.ar\/wp-content\/uploads\/2024\/10\/semaforo_contradictorio1-300x169.jpg 300w, https:\/\/www.diario5.com.ar\/wp-content\/uploads\/2024\/10\/semaforo_contradictorio1-1024x576.jpg 1024w, https:\/\/www.diario5.com.ar\/wp-content\/uploads\/2024\/10\/semaforo_contradictorio1-768x432.jpg 768w\" sizes=\"(max-width: 1280px) 100vw, 1280px\" \/> <img decoding=\"async\" loading=\"lazy\" class=\"alignnone size-full wp-image-689203\" src=\"https:\/\/www.diario5.com.ar\/wp-content\/uploads\/2024\/10\/semaforo_contradictorio2.jpg\" alt=\"\" width=\"1280\" height=\"720\" srcset=\"https:\/\/www.diario5.com.ar\/wp-content\/uploads\/2024\/10\/semaforo_contradictorio2.jpg 1280w, https:\/\/www.diario5.com.ar\/wp-content\/uploads\/2024\/10\/semaforo_contradictorio2-300x169.jpg 300w, https:\/\/www.diario5.com.ar\/wp-content\/uploads\/2024\/10\/semaforo_contradictorio2-1024x576.jpg 1024w, https:\/\/www.diario5.com.ar\/wp-content\/uploads\/2024\/10\/semaforo_contradictorio2-768x432.jpg 768w\" sizes=\"(max-width: 1280px) 100vw, 1280px\" \/><\/div>\n<\/div>\n<\/div>\n<\/div>\n<\/div>\n<div class=\"group\/conversation-turn relative flex w-full min-w-0 flex-col agent-turn\">\n<div class=\"flex-col gap-1 md:gap-3\">\n<div class=\"flex max-w-full flex-col flex-grow\">\n<div class=\"min-h-8 text-message flex w-full flex-col items-end gap-2 whitespace-normal break-words [.text-message+&amp;]:mt-5\" dir=\"auto\" data-message-author-role=\"assistant\" data-message-id=\"4f6330b1-eb96-444c-b564-8f9bfb4a43b3\" data-message-model-slug=\"gpt-4o\">\n<div class=\"flex w-full flex-col gap-1 empty:hidden first:pt-[3px]\">\n<div class=\"markdown prose w-full break-words dark:prose-invert light\">\n<p>En la esquina de Av. San Juan y Pasco se present\u00f3 una situaci\u00f3n preocupante para los peatones: el sem\u00e1foro de cruce peatonal, que deber\u00eda indicar claramente cu\u00e1ndo es seguro cruzar la calle Pasco, estuvo girado durante varias horas.<\/p>\n<p>En lugar de estar orientado hacia quienes se preparan para cruzar Pasco, el sem\u00e1foro qued\u00f3 apuntando de frente a quienes se disponen a cruzar la Av. San Juan, generando un riesgo evidente de confusi\u00f3n. Ambos pictogramas \u2013el que indica detenci\u00f3n y el que habilita al cruce\u2013 quedaron expuestos a personas que se dispon\u00edan a cruzar la avenida. A plena luz del d\u00eda, el reflejo solar desorientaba a\u00fan m\u00e1s.<\/p>\n<p>Esta falla parece haber surgido de un problema en el eje que hace rotar el sem\u00e1foro, provocando que la estructura se desplace y quede en esta peligrosa posici\u00f3n.<\/p>\n<\/div>\n<\/div>\n<\/div>\n<\/div>\n<\/div>\n<\/div>\n<div class=\"flex-shrink-0 flex flex-col relative items-end\">\n<div>\n<div class=\"pt-0\">\n<div class=\"gizmo-bot-avatar flex h-8 w-8 items-center justify-center overflow-hidden rounded-full\"><\/div>\n<\/div>\n<\/div>\n<\/div>\n<div class=\"group\/conversation-turn relative flex w-full min-w-0 flex-col agent-turn\">\n<div class=\"flex-col gap-1 md:gap-3\">\n<div class=\"flex max-w-full flex-col flex-grow\">\n<div class=\"min-h-8 text-message flex w-full flex-col items-end gap-2 whitespace-normal break-words [.text-message+&amp;]:mt-5\" dir=\"auto\" data-message-author-role=\"assistant\" data-message-id=\"efc0c3f4-88c9-4098-9c62-945ef81f32c7\" data-message-model-slug=\"gpt-4o\">\n<div class=\"flex w-full flex-col gap-1 empty:hidden first:pt-[3px]\">\n<div class=\"markdown prose w-full break-words dark:prose-invert light\">\n<p>La situaci\u00f3n, que hab\u00eda puesto en riesgo la seguridad de peatones, se logr\u00f3 resolver este domingo 27 de octubre, cuando el dispositivo p\u00fablico fue corregido manualmente y vuelto a su orientaci\u00f3n original por un vecino atento. Esta intervenci\u00f3n fue fundamental, ya que ese mal posicionamiento del sem\u00e1foro expon\u00eda a los peatones a posibles accidentes, mostrando simult\u00e1neamente los pictogramas de detenci\u00f3n y avance a quienes aguardaban para cruzar la avenida.<\/p>\n<p>Foto nocturna de la correcci\u00f3n<\/p>\n<p>La r\u00e1pida actuaci\u00f3n fue a\u00fan m\u00e1s valiosa, dado que las denuncias al 147 del Gobierno de la Ciudad de Buenos Aires no son atendidas hasta el lunes a las 08:00.<\/p>\n<p>La intervenci\u00f3n del particular fue oportuna y efectiva, logrando una soluci\u00f3n inmediata donde podr\u00eda haber habido un accidente. Este hecho destaca la importancia de la colaboraci\u00f3n ciudadana en situaciones urgentes y pone en evidencia una posible \u00e1rea de mejora en la disponibilidad de los canales de atenci\u00f3n al vecino.<\/p>\n<\/div>\n<\/div>\n<\/div>\n<\/div>\n<\/div>\n<\/div>\n<div class=\"group\/conversation-turn relative flex w-full min-w-0 flex-col agent-turn\">\n<div class=\"flex-col gap-1 md:gap-3\">\n<div class=\"flex max-w-full flex-col flex-grow\">\n<div class=\"min-h-8 text-message flex w-full flex-col items-end gap-2 whitespace-normal break-words [.text-message+&amp;]:mt-5\" dir=\"auto\" data-message-author-role=\"assistant\" data-message-id=\"4f6330b1-eb96-444c-b564-8f9bfb4a43b3\" data-message-model-slug=\"gpt-4o\">\n<div class=\"flex w-full flex-col gap-1 empty:hidden first:pt-[3px]\">\n<div class=\"markdown prose w-full break-words dark:prose-invert light\">\n<p>&nbsp;<\/p>\n<p>&nbsp;<\/p>\n<p>&nbsp;<\/p>\n<p>Las fotograf\u00edas capturadas por Diario 5 evidencian c\u00f3mo el sol puede incrementar la dificultad para interpretar las se\u00f1ales y es f\u00e1cil imaginar c\u00f3mo, al caer la noche, el riesgo de accidentes podr\u00eda aumentar, sobre todo por la posibilidad de una mala interpretaci\u00f3n de las luces del sem\u00e1foro. Es urgente que las autoridades act\u00faen para corregir esta falla antes de que ocurra un accidente.<\/p>\n<\/div>\n<\/div>\n<\/div>\n<\/div>\n<\/div>\n<\/div>\n<p>Lo hemos reportado al 147.<br \/>\n<!--googleoff: index--><br \/>\n<!--googleon: index--><br \/>\n<img decoding=\"async\" loading=\"lazy\" class=\"aligncenter size-full wp-image-689208\" src=\"https:\/\/www.diario5.com.ar\/wp-content\/uploads\/2024\/10\/ar_capital_rosario20241028.jpg\" width=\"700\" height=\"930\" srcset=\"https:\/\/www.diario5.com.ar\/wp-content\/uploads\/2024\/10\/ar_capital_rosario20241028.jpg 700w, https:\/\/www.diario5.com.ar\/wp-content\/uploads\/2024\/10\/ar_capital_rosario20241028-226x300.jpg 226w\" sizes=\"(max-width: 700px) 100vw, 700px\" \/><\/p>\n<p><img decoding=\"async\" src=\"https:\/\/img.kiosko.net\/2024\/10\/28\/ar\/ar_nueva_provincia.jpg\" \/><\/p>\n<p><img decoding=\"async\" src=\"https:\/\/img.kiosko.net\/2024\/10\/28\/ar\/ar_duplicado.jpg\" \/><\/p>\n<p><img decoding=\"async\" loading=\"lazy\" class=\"aligncenter size-full wp-image-689209\" src=\"https:\/\/www.diario5.com.ar\/wp-content\/uploads\/2024\/10\/esquiu20241028.jpg\" width=\"700\" height=\"920\" srcset=\"https:\/\/www.diario5.com.ar\/wp-content\/uploads\/2024\/10\/esquiu20241028.jpg 700w, https:\/\/www.diario5.com.ar\/wp-content\/uploads\/2024\/10\/esquiu20241028-228x300.jpg 228w\" sizes=\"(max-width: 700px) 100vw, 700px\" \/><\/p>\n<p><img decoding=\"async\" src=\"https:\/\/img.kiosko.net\/2024\/10\/28\/ar\/ar_diario_norte.jpg\" \/><\/p>\n<p><img decoding=\"async\" loading=\"lazy\" class=\"aligncenter size-full wp-image-689210\" src=\"https:\/\/www.diario5.com.ar\/wp-content\/uploads\/2024\/10\/voz_chaco20241028.jpg\" width=\"700\" height=\"816\" srcset=\"https:\/\/www.diario5.com.ar\/wp-content\/uploads\/2024\/10\/voz_chaco20241028.jpg 700w, https:\/\/www.diario5.com.ar\/wp-content\/uploads\/2024\/10\/voz_chaco20241028-257x300.jpg 257w\" sizes=\"(max-width: 700px) 100vw, 700px\" \/><\/p>\n<p><img decoding=\"async\" src=\"https:\/\/img.kiosko.net\/2024\/10\/28\/ar\/ar_diario_madryn.jpg\" \/><\/p>\n<p><img decoding=\"async\" src=\"https:\/\/img.kiosko.net\/2024\/10\/28\/ar\/ar_laprensa.jpg\" \/><\/p>\n<p><img decoding=\"async\" src=\"https:\/\/img.kiosko.net\/2024\/10\/28\/ar\/ar_cronista.jpg\" \/><\/p>\n<p><img decoding=\"async\" src=\"https:\/\/img.kiosko.net\/2024\/10\/28\/ar\/buenosaires_economico.jpg\" \/><\/p>\n<p><img decoding=\"async\" src=\"https:\/\/img.kiosko.net\/2024\/10\/28\/ar\/ar_perfil.jpg\" \/><\/p>\n<p><img decoding=\"async\" loading=\"lazy\" class=\"aligncenter size-full wp-image-689211\" src=\"https:\/\/www.diario5.com.ar\/wp-content\/uploads\/2024\/10\/ar_eldia20241028.jpg\" width=\"700\" height=\"1009\" srcset=\"https:\/\/www.diario5.com.ar\/wp-content\/uploads\/2024\/10\/ar_eldia20241028.jpg 700w, https:\/\/www.diario5.com.ar\/wp-content\/uploads\/2024\/10\/ar_eldia20241028-208x300.jpg 208w\" sizes=\"(max-width: 700px) 100vw, 700px\" \/><\/p>\n<p><img decoding=\"async\" src=\"https:\/\/img.kiosko.net\/2024\/10\/28\/ar\/ar_hoy.jpg\" \/><\/p>\n<p><img decoding=\"async\" src=\"https:\/\/img.kiosko.net\/2024\/10\/28\/ar\/ar_democracia.jpg\" \/><\/p>\n<p><img decoding=\"async\" loading=\"lazy\" class=\"aligncenter size-full wp-image-689212\" src=\"https:\/\/www.diario5.com.ar\/wp-content\/uploads\/2024\/10\/ar_chubut20241028.jpg\" width=\"700\" height=\"896\" srcset=\"https:\/\/www.diario5.com.ar\/wp-content\/uploads\/2024\/10\/ar_chubut20241028.jpg 700w, https:\/\/www.diario5.com.ar\/wp-content\/uploads\/2024\/10\/ar_chubut20241028-234x300.jpg 234w\" sizes=\"(max-width: 700px) 100vw, 700px\" \/><\/p>\n<p><img decoding=\"async\" src=\"https:\/\/img.kiosko.net\/2024\/10\/28\/ar\/ar_epoca.jpg\" \/><\/p>\n<p><img decoding=\"async\" src=\"https:\/\/img.kiosko.net\/2024\/10\/28\/ar\/ar_litoral.jpg\" \/><\/p>\n<p><img decoding=\"async\" src=\"https:\/\/img.kiosko.net\/2024\/10\/28\/ar\/ar_heraldo.jpg\" \/><\/p>\n<p><img decoding=\"async\" src=\"https:\/\/img.kiosko.net\/2024\/10\/28\/ar\/ar_manana_formosa.jpg\" \/><\/p>\n<p><img decoding=\"async\" src=\"https:\/\/img.kiosko.net\/2024\/10\/28\/ar\/ar_diario_pampa.jpg\" \/><\/p>\n<p><img decoding=\"async\" src=\"https:\/\/img.kiosko.net\/2024\/10\/28\/ar\/ar_pagina12.jpg\" \/><\/p>\n<p><img decoding=\"async\" src=\"https:\/\/img.kiosko.net\/2024\/10\/28\/ar\/ar_arena.jpg\" \/><\/p>\n<p><img decoding=\"async\" src=\"https:\/\/img.kiosko.net\/2024\/10\/28\/ar\/independiente.jpg\" \/><\/p>\n<p><img decoding=\"async\" src=\"https:\/\/img.kiosko.net\/2024\/10\/28\/ar\/nueva_rioja.jpg\" \/><\/p>\n<p><img decoding=\"async\" src=\"https:\/\/img.kiosko.net\/2024\/10\/28\/ar\/ar_losandes.jpg\" \/><\/p>\n<p><img decoding=\"async\" src=\"https:\/\/img.kiosko.net\/2024\/10\/28\/ar\/ar_tribuno.jpg\" \/><\/p>\n<p><img decoding=\"async\" src=\"https:\/\/img.kiosko.net\/2024\/10\/28\/ar\/lea.jpg\" \/><\/p>\n<p><img decoding=\"async\" src=\"https:\/\/img.kiosko.net\/2024\/10\/28\/ar\/ar_nuevo_diario.jpg\" \/><\/p>\n<p><img decoding=\"async\" src=\"https:\/\/img.kiosko.net\/2024\/10\/28\/ar\/ar_diario_cuyo.jpg\" \/><\/p>\n<p><img decoding=\"async\" src=\"https:\/\/img.kiosko.net\/2024\/10\/28\/ar\/huarpe.jpg\" \/><\/p>\n<p><img decoding=\"async\" src=\"https:\/\/img.kiosko.net\/2024\/10\/28\/ar\/ar_diario_republica.jpg\" \/><\/p>\n<p><img decoding=\"async\" src=\"https:\/\/img.kiosko.net\/2024\/10\/28\/ar\/ar_litoral_sfe.jpg\" \/><\/p>\n<p><img decoding=\"async\" loading=\"lazy\" class=\"aligncenter size-full wp-image-689213\" src=\"https:\/\/www.diario5.com.ar\/wp-content\/uploads\/2024\/10\/ciudadano20241028.jpg\" width=\"700\" height=\"950\" srcset=\"https:\/\/www.diario5.com.ar\/wp-content\/uploads\/2024\/10\/ciudadano20241028.jpg 700w, https:\/\/www.diario5.com.ar\/wp-content\/uploads\/2024\/10\/ciudadano20241028-221x300.jpg 221w\" sizes=\"(max-width: 700px) 100vw, 700px\" \/><\/p>\n<p><img decoding=\"async\" src=\"https:\/\/img.kiosko.net\/2024\/10\/28\/ar\/ar_mirador_provincial.jpg\" \/><\/p>\n<p><img decoding=\"async\" src=\"https:\/\/img.kiosko.net\/2024\/10\/28\/ar\/ar_gaceta.jpg\" \/><\/p>\n<p><img decoding=\"async\" src=\"https:\/\/img.kiosko.net\/2024\/10\/28\/ar\/ar_cronica.jpg\" \/><\/p>\n<p><img decoding=\"async\" loading=\"lazy\" class=\"aligncenter size-full wp-image-689214\" src=\"https:\/\/www.diario5.com.ar\/wp-content\/uploads\/2024\/10\/ar_clarin20241028.jpg\" width=\"700\" height=\"977\" srcset=\"https:\/\/www.diario5.com.ar\/wp-content\/uploads\/2024\/10\/ar_clarin20241028.jpg 700w, https:\/\/www.diario5.com.ar\/wp-content\/uploads\/2024\/10\/ar_clarin20241028-215x300.jpg 215w\" sizes=\"(max-width: 700px) 100vw, 700px\" \/><\/p>\n<p><img decoding=\"async\" src=\"https:\/\/img.kiosko.net\/2024\/10\/28\/ar\/nacion.jpg\" \/><\/p>\n<p><img decoding=\"async\" src=\"https:\/\/img.kiosko.net\/2024\/10\/28\/ar\/ar_eco.jpg\" \/><\/p>\n<p><img decoding=\"async\" src=\"https:\/\/img.kiosko.net\/2024\/10\/28\/ar\/nuevo_diario.jpg\" \/><\/p>\n<p><img decoding=\"async\" src=\"https:\/\/img.kiosko.net\/2024\/10\/28\/ar\/sureno.jpg\" \/><\/p>\n<p><img decoding=\"async\" src=\"https:\/\/img.kiosko.net\/2024\/10\/28\/ar\/ar_duplicado.jpg\" \/><\/p>\n<p><img decoding=\"async\" src=\"https:\/\/img.kiosko.net\/2024\/10\/28\/ar\/tiempo_sur.jpg\" \/><\/p>\n<p><img decoding=\"async\" src=\"https:\/\/img.kiosko.net\/2024\/10\/28\/ar\/tiempo_argentino.jpg\" \/><\/p>\n<p><img decoding=\"async\" src=\"https:\/\/img.kiosko.net\/2024\/10\/28\/ar\/ar_epoca.jpg\" \/><\/p>\n<p><img decoding=\"async\" src=\"https:\/\/img.kiosko.net\/2024\/10\/28\/ar\/ar_elsol.jpg\" \/><\/p>\n<p><img decoding=\"async\" loading=\"lazy\" class=\"aligncenter size-full wp-image-689215\" src=\"https:\/\/www.diario5.com.ar\/wp-content\/uploads\/2024\/10\/ar_ancasti20241028.jpg\" width=\"700\" height=\"950\" srcset=\"https:\/\/www.diario5.com.ar\/wp-content\/uploads\/2024\/10\/ar_ancasti20241028.jpg 700w, https:\/\/www.diario5.com.ar\/wp-content\/uploads\/2024\/10\/ar_ancasti20241028-221x300.jpg 221w\" sizes=\"(max-width: 700px) 100vw, 700px\" \/><\/p>\n<p><img decoding=\"async\" src=\"\/\/img.kiosko.net\/2024\/10\/28\/ar\/ar_rio_negro.jpg\" \/><\/p>\n<p><img decoding=\"async\" src=\"https:\/\/img.kiosko.net\/2024\/10\/28\/ar\/ar_03.jpg\" \/><\/p>\n<p><img decoding=\"async\" src=\"https:\/\/img.kiosko.net\/2024\/10\/28\/ar\/ar_04.jpg\" \/><\/p>\n<p><img decoding=\"async\" src=\"https:\/\/img.kiosko.net\/2024\/10\/28\/ar\/ar_05.jpg\" \/><\/p>\n<p>&nbsp;<\/p>","protected":false},"excerpt":{"rendered":"<p>La intervenci\u00f3n de un particular solucion\u00f3 un problema en un sem\u00e1foro, sin la cual habr\u00eda prolongado una situaci\u00f3n de riesgo por casi 24 horas m\u00e1s, por la confusi\u00f3n que podr\u00edan provocar las se\u00f1ales mal orientadas. En la esquina de Av. San Juan y Pasco se present\u00f3 una situaci\u00f3n preocupante para los peatones: el sem\u00e1foro de [&hellip;]<\/p>","protected":false},"author":5,"featured_media":689202,"comment_status":"open","ping_status":"open","sticky":false,"template":"","format":"standard","meta":[],"categories":[4,28,56,202],"tags":[2183,2179,474,630,1283,1632,2184,1790,2182,537,2181,2180],"series":[],"_links":{"self":[{"href":"https:\/\/www.diario5.com.ar\/es\/wp-json\/wp\/v2\/posts\/677411"}],"collection":[{"href":"https:\/\/www.diario5.com.ar\/es\/wp-json\/wp\/v2\/posts"}],"about":[{"href":"https:\/\/www.diario5.com.ar\/es\/wp-json\/wp\/v2\/types\/post"}],"author":[{"embeddable":true,"href":"https:\/\/www.diario5.com.ar\/es\/wp-json\/wp\/v2\/users\/5"}],"replies":[{"embeddable":true,"href":"https:\/\/www.diario5.com.ar\/es\/wp-json\/wp\/v2\/comments?post=677411"}],"version-history":[{"count":5,"href":"https:\/\/www.diario5.com.ar\/es\/wp-json\/wp\/v2\/posts\/677411\/revisions"}],"predecessor-version":[{"id":689207,"href":"https:\/\/www.diario5.com.ar\/es\/wp-json\/wp\/v2\/posts\/677411\/revisions\/689207"}],"wp:featuredmedia":[{"embeddable":true,"href":"https:\/\/www.diario5.com.ar\/es\/wp-json\/wp\/v2\/media\/689202"}],"wp:attachment":[{"href":"https:\/\/www.diario5.com.ar\/es\/wp-json\/wp\/v2\/media?parent=677411"}],"wp:term":[{"taxonomy":"category","embeddable":true,"href":"https:\/\/www.diario5.com.ar\/es\/wp-json\/wp\/v2\/categories?post=677411"},{"taxonomy":"post_tag","embeddable":true,"href":"https:\/\/www.diario5.com.ar\/es\/wp-json\/wp\/v2\/tags?post=677411"},{"taxonomy":"series","embeddable":true,"href":"https:\/\/www.diario5.com.ar\/es\/wp-json\/wp\/v2\/series?post=677411"}],"curies":[{"name":"wp","href":"https:\/\/api.w.org\/{rel}","templated":true}]}}