{"id":677380,"date":"2024-09-27T06:01:00","date_gmt":"2024-09-27T09:01:00","guid":{"rendered":"http:\/\/diario5.com.ar\/?p=677380"},"modified":"2024-09-27T14:01:58","modified_gmt":"2024-09-27T17:01:58","slug":"677380","status":"publish","type":"post","link":"https:\/\/www.diario5.com.ar\/es\/677380\/","title":{"rendered":"Nueva Estrategia Educativa"},"content":{"rendered":"<h2 class=\"sub-title-primary\"><\/h2> <p><img decoding=\"async\" loading=\"lazy\" class=\"aligncenter size-full wp-image-688739\" src=\"https:\/\/www.diario5.com.ar\/wp-content\/uploads\/2024\/09\/DSC_7166_020240927.jpg\" width=\"700\" height=\"465\" srcset=\"https:\/\/www.diario5.com.ar\/wp-content\/uploads\/2024\/09\/DSC_7166_020240927.jpg 700w, https:\/\/www.diario5.com.ar\/wp-content\/uploads\/2024\/09\/DSC_7166_020240927-300x199.jpg 300w\" sizes=\"(max-width: 700px) 100vw, 700px\" \/><\/p>\n<p>Presentaron el programa \u00abSecundaria Aprende\u00bb. Por lo que se anuncia, podr\u00eda tratarse de una iniciativa que transforme la educaci\u00f3n secundaria para ofrecer una experiencia m\u00e1s alineada con las necesidades\u00a0 contempor\u00e1neas de los estudiantes. El plan busca hacer del proceso educativo algo enriquecedor y que, de tener \u00e9xito, colocar\u00eda el aprendizaje de los alumnos en el centro de la ense\u00f1anza.<\/p>\n<p>Este nuevo enfoque se apoya en los avances educativos alcanzados en los \u00faltimos a\u00f1os y tiene como objetivo implementar cambios profundos en la organizaci\u00f3n y metodolog\u00eda de las escuelas. Algunas de las principales propuestas incluyen:<\/p>\n<ol>\n<li><strong>Replanteo del Modelo Educativo:<\/strong> Se busca reorganizar la estructura escolar para que el aprendizaje sea el foco principal, permitiendo que los alumnos tengan un rol m\u00e1s activo en su educaci\u00f3n.<\/li>\n<li><strong>Trabajo Colaborativo entre Docentes:<\/strong> La iniciativa promueve la planificaci\u00f3n y el trabajo conjunto entre profesores, generando espacios institucionales donde se pueda compartir conocimiento y estrategias pedag\u00f3gicas.<\/li>\n<li><strong>Innovaci\u00f3n en el Aula:<\/strong> La reconfiguraci\u00f3n de los tiempos y espacios, junto con el aprendizaje interdisciplinar, son claves para esta transformaci\u00f3n. Tambi\u00e9n se implementar\u00e1n planes personalizados y se facilitar\u00e1n actividades dentro y fuera del aula, otorgando a los alumnos mayor autonom\u00eda en su proceso de aprendizaje.<\/li>\n<li><strong>Fortalecimiento del Liderazgo Escolar:<\/strong> Para asegurar la efectividad del programa, se acompa\u00f1ar\u00e1 y capacitar\u00e1 continuamente a los equipos directivos y de supervisi\u00f3n de las instituciones educativas, fortaleciendo la gesti\u00f3n escolar.<\/li>\n<\/ol>\n<p>Este plan apunta a generar un impacto positivo en la calidad educativa, promoviendo una ense\u00f1anza adaptada a los desaf\u00edos del siglo XXI, que sea capaz de motivar a los j\u00f3venes y prepararlos de manera m\u00e1s integral para su futuro.<\/p>\n<p>Con \u00abSecundaria Aprende\u00bb, el Gobierno de la Ciudad busca no s\u00f3lo mejorar el rendimiento acad\u00e9mico, sino tambi\u00e9n fomentar una experiencia educativa m\u00e1s personalizada y participativa.<\/p>\n<p><!--googleoff: index--><br \/>\n<!--googleon: index--><br \/>\n<img decoding=\"async\" loading=\"lazy\" class=\"aligncenter size-full wp-image-688721\" src=\"https:\/\/www.diario5.com.ar\/wp-content\/uploads\/2024\/09\/ar_capital_rosario20240927.jpg\" width=\"700\" height=\"930\" srcset=\"https:\/\/www.diario5.com.ar\/wp-content\/uploads\/2024\/09\/ar_capital_rosario20240927.jpg 700w, https:\/\/www.diario5.com.ar\/wp-content\/uploads\/2024\/09\/ar_capital_rosario20240927-226x300.jpg 226w\" sizes=\"(max-width: 700px) 100vw, 700px\" \/><\/p>\n<p><img decoding=\"async\" loading=\"lazy\" class=\"aligncenter size-full wp-image-688722\" src=\"https:\/\/www.diario5.com.ar\/wp-content\/uploads\/2024\/09\/esquiu20240927.jpg\" width=\"700\" height=\"920\" srcset=\"https:\/\/www.diario5.com.ar\/wp-content\/uploads\/2024\/09\/esquiu20240927.jpg 700w, https:\/\/www.diario5.com.ar\/wp-content\/uploads\/2024\/09\/esquiu20240927-228x300.jpg 228w\" sizes=\"(max-width: 700px) 100vw, 700px\" \/><\/p>\n<p><img decoding=\"async\" loading=\"lazy\" class=\"aligncenter size-full wp-image-688723\" src=\"https:\/\/www.diario5.com.ar\/wp-content\/uploads\/2024\/09\/voz_chaco20240927.jpg\" width=\"700\" height=\"816\" srcset=\"https:\/\/www.diario5.com.ar\/wp-content\/uploads\/2024\/09\/voz_chaco20240927.jpg 700w, https:\/\/www.diario5.com.ar\/wp-content\/uploads\/2024\/09\/voz_chaco20240927-257x300.jpg 257w\" sizes=\"(max-width: 700px) 100vw, 700px\" \/><\/p>\n<p><img decoding=\"async\" loading=\"lazy\" class=\"aligncenter size-full wp-image-688724\" src=\"https:\/\/www.diario5.com.ar\/wp-content\/uploads\/2024\/09\/ar_cronista20240927.jpg\" width=\"700\" height=\"994\" srcset=\"https:\/\/www.diario5.com.ar\/wp-content\/uploads\/2024\/09\/ar_cronista20240927.jpg 700w, https:\/\/www.diario5.com.ar\/wp-content\/uploads\/2024\/09\/ar_cronista20240927-211x300.jpg 211w\" sizes=\"(max-width: 700px) 100vw, 700px\" \/><\/p>\n<p><img decoding=\"async\" loading=\"lazy\" class=\"aligncenter size-full wp-image-688725\" src=\"https:\/\/www.diario5.com.ar\/wp-content\/uploads\/2024\/09\/ar_eldia20240927.jpg\" width=\"700\" height=\"1009\" srcset=\"https:\/\/www.diario5.com.ar\/wp-content\/uploads\/2024\/09\/ar_eldia20240927.jpg 700w, https:\/\/www.diario5.com.ar\/wp-content\/uploads\/2024\/09\/ar_eldia20240927-208x300.jpg 208w\" sizes=\"(max-width: 700px) 100vw, 700px\" \/><\/p>\n<p><img decoding=\"async\" loading=\"lazy\" class=\"aligncenter size-full wp-image-688726\" src=\"https:\/\/www.diario5.com.ar\/wp-content\/uploads\/2024\/09\/ar_hoy20240927.jpg\" width=\"700\" height=\"924\" srcset=\"https:\/\/www.diario5.com.ar\/wp-content\/uploads\/2024\/09\/ar_hoy20240927.jpg 700w, https:\/\/www.diario5.com.ar\/wp-content\/uploads\/2024\/09\/ar_hoy20240927-227x300.jpg 227w\" sizes=\"(max-width: 700px) 100vw, 700px\" \/><\/p>\n<p><img decoding=\"async\" loading=\"lazy\" class=\"aligncenter size-full wp-image-688727\" src=\"https:\/\/www.diario5.com.ar\/wp-content\/uploads\/2024\/09\/ar_chubut20240927.jpg\" width=\"700\" height=\"896\" srcset=\"https:\/\/www.diario5.com.ar\/wp-content\/uploads\/2024\/09\/ar_chubut20240927.jpg 700w, https:\/\/www.diario5.com.ar\/wp-content\/uploads\/2024\/09\/ar_chubut20240927-234x300.jpg 234w\" sizes=\"(max-width: 700px) 100vw, 700px\" \/><\/p>\n<p><img decoding=\"async\" loading=\"lazy\" class=\"aligncenter size-full wp-image-688732\" src=\"https:\/\/www.diario5.com.ar\/wp-content\/uploads\/2024\/09\/ar_litoral_sfe20240927.jpg\" width=\"700\" height=\"923\" srcset=\"https:\/\/www.diario5.com.ar\/wp-content\/uploads\/2024\/09\/ar_litoral_sfe20240927.jpg 700w, https:\/\/www.diario5.com.ar\/wp-content\/uploads\/2024\/09\/ar_litoral_sfe20240927-228x300.jpg 228w\" sizes=\"(max-width: 700px) 100vw, 700px\" \/><\/p>\n<p><img decoding=\"async\" loading=\"lazy\" class=\"aligncenter size-full wp-image-688728\" src=\"https:\/\/www.diario5.com.ar\/wp-content\/uploads\/2024\/09\/ciudadano20240927.jpg\" width=\"700\" height=\"873\" srcset=\"https:\/\/www.diario5.com.ar\/wp-content\/uploads\/2024\/09\/ciudadano20240927.jpg 700w, https:\/\/www.diario5.com.ar\/wp-content\/uploads\/2024\/09\/ciudadano20240927-241x300.jpg 241w\" sizes=\"(max-width: 700px) 100vw, 700px\" \/><\/p>\n<p><img decoding=\"async\" loading=\"lazy\" class=\"aligncenter size-full wp-image-688733\" src=\"https:\/\/www.diario5.com.ar\/wp-content\/uploads\/2024\/09\/ar_mirador_provincial20240927.jpg\" width=\"700\" height=\"939\" srcset=\"https:\/\/www.diario5.com.ar\/wp-content\/uploads\/2024\/09\/ar_mirador_provincial20240927.jpg 700w, https:\/\/www.diario5.com.ar\/wp-content\/uploads\/2024\/09\/ar_mirador_provincial20240927-224x300.jpg 224w\" sizes=\"(max-width: 700px) 100vw, 700px\" \/><\/p>\n<p><img decoding=\"async\" loading=\"lazy\" class=\"aligncenter size-full wp-image-688729\" src=\"https:\/\/www.diario5.com.ar\/wp-content\/uploads\/2024\/09\/ar_clarin20240927.jpg\" width=\"700\" height=\"977\" srcset=\"https:\/\/www.diario5.com.ar\/wp-content\/uploads\/2024\/09\/ar_clarin20240927.jpg 700w, https:\/\/www.diario5.com.ar\/wp-content\/uploads\/2024\/09\/ar_clarin20240927-215x300.jpg 215w\" sizes=\"(max-width: 700px) 100vw, 700px\" \/><\/p>\n<p><img decoding=\"async\" loading=\"lazy\" class=\"aligncenter size-full wp-image-688730\" src=\"https:\/\/www.diario5.com.ar\/wp-content\/uploads\/2024\/09\/nacion20240927.jpg\" width=\"700\" height=\"1061\" srcset=\"https:\/\/www.diario5.com.ar\/wp-content\/uploads\/2024\/09\/nacion20240927.jpg 700w, https:\/\/www.diario5.com.ar\/wp-content\/uploads\/2024\/09\/nacion20240927-198x300.jpg 198w, https:\/\/www.diario5.com.ar\/wp-content\/uploads\/2024\/09\/nacion20240927-676x1024.jpg 676w\" sizes=\"(max-width: 700px) 100vw, 700px\" \/><\/p>\n<p><img decoding=\"async\" loading=\"lazy\" class=\"aligncenter size-full wp-image-688731\" src=\"https:\/\/www.diario5.com.ar\/wp-content\/uploads\/2024\/09\/ar_ancasti20240927.jpg\" width=\"700\" height=\"949\" srcset=\"https:\/\/www.diario5.com.ar\/wp-content\/uploads\/2024\/09\/ar_ancasti20240927.jpg 700w, https:\/\/www.diario5.com.ar\/wp-content\/uploads\/2024\/09\/ar_ancasti20240927-221x300.jpg 221w\" sizes=\"(max-width: 700px) 100vw, 700px\" \/><\/p>\n<p><img decoding=\"async\" loading=\"lazy\" class=\"aligncenter size-full wp-image-688734\" src=\"https:\/\/www.diario5.com.ar\/wp-content\/uploads\/2024\/09\/ar_rio_negro20240927.jpg\" width=\"700\" height=\"964\" srcset=\"https:\/\/www.diario5.com.ar\/wp-content\/uploads\/2024\/09\/ar_rio_negro20240927.jpg 700w, https:\/\/www.diario5.com.ar\/wp-content\/uploads\/2024\/09\/ar_rio_negro20240927-218x300.jpg 218w\" sizes=\"(max-width: 700px) 100vw, 700px\" \/><\/p>\n<p>&nbsp;<\/p>","protected":false},"excerpt":{"rendered":"<p>Presentaron el programa \u00abSecundaria Aprende\u00bb. Por lo que se anuncia, podr\u00eda tratarse de una iniciativa que transforme la educaci\u00f3n secundaria para ofrecer una experiencia m\u00e1s alineada con las necesidades\u00a0 contempor\u00e1neas de los estudiantes. El plan busca hacer del proceso educativo algo enriquecedor y que, de tener \u00e9xito, colocar\u00eda el aprendizaje de los alumnos en el [&hellip;]<\/p>","protected":false},"author":12,"featured_media":688739,"comment_status":"open","ping_status":"open","sticky":false,"template":"","format":"standard","meta":[],"categories":[26,56],"tags":[474,630,27,2114,1042,1632,1685],"series":[],"_links":{"self":[{"href":"https:\/\/www.diario5.com.ar\/es\/wp-json\/wp\/v2\/posts\/677380"}],"collection":[{"href":"https:\/\/www.diario5.com.ar\/es\/wp-json\/wp\/v2\/posts"}],"about":[{"href":"https:\/\/www.diario5.com.ar\/es\/wp-json\/wp\/v2\/types\/post"}],"author":[{"embeddable":true,"href":"https:\/\/www.diario5.com.ar\/es\/wp-json\/wp\/v2\/users\/12"}],"replies":[{"embeddable":true,"href":"https:\/\/www.diario5.com.ar\/es\/wp-json\/wp\/v2\/comments?post=677380"}],"version-history":[{"count":7,"href":"https:\/\/www.diario5.com.ar\/es\/wp-json\/wp\/v2\/posts\/677380\/revisions"}],"predecessor-version":[{"id":688746,"href":"https:\/\/www.diario5.com.ar\/es\/wp-json\/wp\/v2\/posts\/677380\/revisions\/688746"}],"wp:featuredmedia":[{"embeddable":true,"href":"https:\/\/www.diario5.com.ar\/es\/wp-json\/wp\/v2\/media\/688739"}],"wp:attachment":[{"href":"https:\/\/www.diario5.com.ar\/es\/wp-json\/wp\/v2\/media?parent=677380"}],"wp:term":[{"taxonomy":"category","embeddable":true,"href":"https:\/\/www.diario5.com.ar\/es\/wp-json\/wp\/v2\/categories?post=677380"},{"taxonomy":"post_tag","embeddable":true,"href":"https:\/\/www.diario5.com.ar\/es\/wp-json\/wp\/v2\/tags?post=677380"},{"taxonomy":"series","embeddable":true,"href":"https:\/\/www.diario5.com.ar\/es\/wp-json\/wp\/v2\/series?post=677380"}],"curies":[{"name":"wp","href":"https:\/\/api.w.org\/{rel}","templated":true}]}}