{"id":677378,"date":"2024-09-25T06:11:00","date_gmt":"2024-09-25T09:11:00","guid":{"rendered":"http:\/\/diario5.com.ar\/?p=677378"},"modified":"2024-09-25T22:55:41","modified_gmt":"2024-09-26T01:55:41","slug":"677378","status":"publish","type":"post","link":"https:\/\/www.diario5.com.ar\/es\/677378\/","title":{"rendered":"Forestaci\u00f3n junto al Riachuelo"},"content":{"rendered":"<h2 class=\"sub-title-primary\"><\/h2> <div class=\"flex-shrink-0 flex flex-col relative items-end\">\n<div>\n<div class=\"pt-0\">\n<div class=\"gizmo-bot-avatar flex h-8 w-8 items-center justify-center overflow-hidden rounded-full\">\n<div class=\"relative p-1 rounded-sm flex items-center justify-center bg-token-main-surface-primary text-token-text-primary h-8 w-8\"><img decoding=\"async\" loading=\"lazy\" class=\"aligncenter size-full wp-image-688697\" src=\"https:\/\/www.diario5.com.ar\/wp-content\/uploads\/2024\/09\/DSC0691320240925.jpg\" width=\"700\" height=\"466\" alt=\"Fotos GCBA\" srcset=\"https:\/\/www.diario5.com.ar\/wp-content\/uploads\/2024\/09\/DSC0691320240925.jpg 700w, https:\/\/www.diario5.com.ar\/wp-content\/uploads\/2024\/09\/DSC0691320240925-300x200.jpg 300w\" sizes=\"(max-width: 700px) 100vw, 700px\" \/><\/div>\n<\/div>\n<\/div>\n<\/div>\n<\/div>\n<div class=\"group\/conversation-turn relative flex w-full min-w-0 flex-col agent-turn\">\n<div class=\"flex-col gap-1 md:gap-3\">\n<div class=\"flex max-w-full flex-col flex-grow\">\n<div class=\"min-h-[20px] text-message flex w-full flex-col items-end gap-2 whitespace-normal break-words [.text-message+&amp;]:mt-5\" dir=\"auto\" data-message-author-role=\"assistant\" data-message-id=\"b7480d71-ed36-4490-a495-1eaaea8f9192\">\n<div class=\"flex w-full flex-col gap-1 empty:hidden first:pt-[3px]\">\n<div class=\"markdown prose w-full break-words dark:prose-invert light\">\n<p>En la jornada del D\u00eda del \u00c1rbol, el Gobierno de la Ciudad de Buenos Aires, en colaboraci\u00f3n con el Municipio de Lan\u00fas y diversas instituciones, plant\u00f3 300 \u00e1rboles nativos en la ribera del Riachuelo, dentro del Camino de Sirga, en la zona de Villa Soldati.<\/p>\n<p>Esta acci\u00f3n forma parte de un plan m\u00e1s amplio para restaurar la biodiversidad de la ribera y mejorar la calidad ambiental de la ciudad. La iniciativa fue organizada por la Subsecretar\u00eda de Ambiente, en conjunto con el Ministerio de Espacio P\u00fablico e Higiene Urbana, la Secretar\u00eda de Transporte, la Secretar\u00eda de Gobierno y V\u00ednculo Ciudadano y la Autoridad de Cuenca Matanza Riachuelo (ACUMAR), entre otras entidades.<\/p>\n<p>El evento incluy\u00f3 la participaci\u00f3n de numerosos funcionarios, entre ellos, Natalia Persini, Subsecretaria de Ambiente y Renzo Morosi, presidente de la Agencia de Protecci\u00f3n Ambiental (APrA), quienes trabajaron codo a codo con los t\u00e9cnicos que dise\u00f1aron un sistema de biocorredores. Estos circuitos buscan conectar diferentes espacios verdes para promover el flujo de flora y fauna aut\u00f3ctona, algo vital para la recomposici\u00f3n ambiental de la ribera y para fomentar el equilibrio ecol\u00f3gico en la Ciudad.<\/p>\n<p>Los 300 \u00e1rboles plantados incluyen especies aut\u00f3ctonas como el palo amarillo, el bugre, el tarum\u00e1, el higuer\u00f3n, el timb\u00f3 colorado y el canel\u00f3n verde, que fueron seleccionados espec\u00edficamente para adaptarse a las condiciones locales y contribuir al objetivo de restauraci\u00f3n ambiental. Los ejemplares provienen del vivero del Centro de Informaci\u00f3n y Formaci\u00f3n Ambiental (CIFA) y fueron plantados con la ayuda de 50 voluntarios, quienes adem\u00e1s colaboraron en tareas de desmalezamiento y limpieza de especies ex\u00f3ticas invasoras.<\/p>\n<p>Adem\u00e1s de la plantaci\u00f3n, la Direcci\u00f3n General de Limpieza llev\u00f3 a cabo la preparaci\u00f3n del terreno, desmalezando \u00e1reas y retirando residuos s\u00f3lidos de la zona costera. Por su parte, el Municipio de Lan\u00fas complement\u00f3 la jornada con la plantaci\u00f3n de 100 \u00e1rboles adicionales, entre ellos molle negro, algarrobo blanco, timb\u00f3, omb\u00fa y otras especies aportadas por ACUMAR, reforzando as\u00ed la biodiversidad del \u00e1rea y contribuyendo a la mejora del ambiente urbano.<\/p>\n<p>Esta jornada de reforestaci\u00f3n no s\u00f3lo tuvo un impacto positivo en la ribera del Riachuelo, sino que tambi\u00e9n subraya el compromiso de la Ciudad y del Municipio de Lan\u00fas con la recuperaci\u00f3n ambiental y el fomento de la conciencia ciudadana sobre la importancia de proteger y preservar los \u00e1rboles nativos.<\/p>\n<\/div>\n<\/div>\n<\/div>\n<\/div>\n<\/div>\n<\/div>\n<p>&nbsp;<\/p>\n<p><img decoding=\"async\" loading=\"lazy\" class=\"aligncenter size-full wp-image-688698\" src=\"https:\/\/www.diario5.com.ar\/wp-content\/uploads\/2024\/09\/esquiu20240925.jpg\" width=\"700\" height=\"921\" srcset=\"https:\/\/www.diario5.com.ar\/wp-content\/uploads\/2024\/09\/esquiu20240925.jpg 700w, https:\/\/www.diario5.com.ar\/wp-content\/uploads\/2024\/09\/esquiu20240925-228x300.jpg 228w\" sizes=\"(max-width: 700px) 100vw, 700px\" \/><\/p>\n<p><img decoding=\"async\" loading=\"lazy\" class=\"aligncenter size-full wp-image-688699\" src=\"https:\/\/www.diario5.com.ar\/wp-content\/uploads\/2024\/09\/voz_chaco20240925.jpg\" width=\"700\" height=\"831\" srcset=\"https:\/\/www.diario5.com.ar\/wp-content\/uploads\/2024\/09\/voz_chaco20240925.jpg 700w, https:\/\/www.diario5.com.ar\/wp-content\/uploads\/2024\/09\/voz_chaco20240925-253x300.jpg 253w\" sizes=\"(max-width: 700px) 100vw, 700px\" \/><\/p>\n<p><img decoding=\"async\" loading=\"lazy\" class=\"aligncenter size-full wp-image-688700\" src=\"https:\/\/www.diario5.com.ar\/wp-content\/uploads\/2024\/09\/ar_cronista20240925.jpg\" width=\"700\" height=\"998\" srcset=\"https:\/\/www.diario5.com.ar\/wp-content\/uploads\/2024\/09\/ar_cronista20240925.jpg 700w, https:\/\/www.diario5.com.ar\/wp-content\/uploads\/2024\/09\/ar_cronista20240925-210x300.jpg 210w\" sizes=\"(max-width: 700px) 100vw, 700px\" \/><\/p>\n<p><img decoding=\"async\" loading=\"lazy\" class=\"aligncenter size-full wp-image-688701\" src=\"https:\/\/www.diario5.com.ar\/wp-content\/uploads\/2024\/09\/ar_eldia20240925.jpg\" width=\"700\" height=\"1008\" srcset=\"https:\/\/www.diario5.com.ar\/wp-content\/uploads\/2024\/09\/ar_eldia20240925.jpg 700w, https:\/\/www.diario5.com.ar\/wp-content\/uploads\/2024\/09\/ar_eldia20240925-208x300.jpg 208w\" sizes=\"(max-width: 700px) 100vw, 700px\" \/><\/p>\n<p><img decoding=\"async\" loading=\"lazy\" class=\"aligncenter size-full wp-image-688702\" src=\"https:\/\/www.diario5.com.ar\/wp-content\/uploads\/2024\/09\/ar_chubut20240925.jpg\" width=\"700\" height=\"903\" srcset=\"https:\/\/www.diario5.com.ar\/wp-content\/uploads\/2024\/09\/ar_chubut20240925.jpg 700w, https:\/\/www.diario5.com.ar\/wp-content\/uploads\/2024\/09\/ar_chubut20240925-233x300.jpg 233w\" sizes=\"(max-width: 700px) 100vw, 700px\" \/><\/p>\n<p><img decoding=\"async\" loading=\"lazy\" class=\"aligncenter size-full wp-image-688703\" src=\"https:\/\/www.diario5.com.ar\/wp-content\/uploads\/2024\/09\/ar_litoral_sfe20240925.jpg\" width=\"700\" height=\"923\" srcset=\"https:\/\/www.diario5.com.ar\/wp-content\/uploads\/2024\/09\/ar_litoral_sfe20240925.jpg 700w, https:\/\/www.diario5.com.ar\/wp-content\/uploads\/2024\/09\/ar_litoral_sfe20240925-228x300.jpg 228w\" sizes=\"(max-width: 700px) 100vw, 700px\" \/><\/p>\n<p><img decoding=\"async\" loading=\"lazy\" class=\"aligncenter size-full wp-image-688704\" src=\"https:\/\/www.diario5.com.ar\/wp-content\/uploads\/2024\/09\/ciudadano20240925.jpg\" width=\"700\" height=\"940\" srcset=\"https:\/\/www.diario5.com.ar\/wp-content\/uploads\/2024\/09\/ciudadano20240925.jpg 700w, https:\/\/www.diario5.com.ar\/wp-content\/uploads\/2024\/09\/ciudadano20240925-223x300.jpg 223w\" sizes=\"(max-width: 700px) 100vw, 700px\" \/><\/p>\n<p><img decoding=\"async\" loading=\"lazy\" class=\"aligncenter size-full wp-image-688705\" src=\"https:\/\/www.diario5.com.ar\/wp-content\/uploads\/2024\/09\/ar_mirador_provincial20240925.jpg\" width=\"700\" height=\"939\" srcset=\"https:\/\/www.diario5.com.ar\/wp-content\/uploads\/2024\/09\/ar_mirador_provincial20240925.jpg 700w, https:\/\/www.diario5.com.ar\/wp-content\/uploads\/2024\/09\/ar_mirador_provincial20240925-224x300.jpg 224w\" sizes=\"(max-width: 700px) 100vw, 700px\" \/><\/p>\n<p><img decoding=\"async\" loading=\"lazy\" class=\"aligncenter size-full wp-image-688706\" src=\"https:\/\/www.diario5.com.ar\/wp-content\/uploads\/2024\/09\/ar_clarin20240925.jpg\" width=\"700\" height=\"977\" srcset=\"https:\/\/www.diario5.com.ar\/wp-content\/uploads\/2024\/09\/ar_clarin20240925.jpg 700w, https:\/\/www.diario5.com.ar\/wp-content\/uploads\/2024\/09\/ar_clarin20240925-215x300.jpg 215w\" sizes=\"(max-width: 700px) 100vw, 700px\" \/><\/p>\n<p><img decoding=\"async\" loading=\"lazy\" class=\"aligncenter size-full wp-image-688707\" src=\"https:\/\/www.diario5.com.ar\/wp-content\/uploads\/2024\/09\/nacion20240925.jpg\" width=\"700\" height=\"1062\" srcset=\"https:\/\/www.diario5.com.ar\/wp-content\/uploads\/2024\/09\/nacion20240925.jpg 700w, https:\/\/www.diario5.com.ar\/wp-content\/uploads\/2024\/09\/nacion20240925-198x300.jpg 198w, https:\/\/www.diario5.com.ar\/wp-content\/uploads\/2024\/09\/nacion20240925-675x1024.jpg 675w\" sizes=\"(max-width: 700px) 100vw, 700px\" \/><\/p>\n<p>&nbsp;<\/p>","protected":false},"excerpt":{"rendered":"<p>En la jornada del D\u00eda del \u00c1rbol, el Gobierno de la Ciudad de Buenos Aires, en colaboraci\u00f3n con el Municipio de Lan\u00fas y diversas instituciones, plant\u00f3 300 \u00e1rboles nativos en la ribera del Riachuelo, dentro del Camino de Sirga, en la zona de Villa Soldati. Esta acci\u00f3n forma parte de un plan m\u00e1s amplio para [&hellip;]<\/p>","protected":false},"author":12,"featured_media":688697,"comment_status":"open","ping_status":"open","sticky":false,"template":"","format":"standard","meta":[],"categories":[1795,95,56],"tags":[1052,474,421,630,2115,1632,422,373,1043,1459,1430],"series":[],"_links":{"self":[{"href":"https:\/\/www.diario5.com.ar\/es\/wp-json\/wp\/v2\/posts\/677378"}],"collection":[{"href":"https:\/\/www.diario5.com.ar\/es\/wp-json\/wp\/v2\/posts"}],"about":[{"href":"https:\/\/www.diario5.com.ar\/es\/wp-json\/wp\/v2\/types\/post"}],"author":[{"embeddable":true,"href":"https:\/\/www.diario5.com.ar\/es\/wp-json\/wp\/v2\/users\/12"}],"replies":[{"embeddable":true,"href":"https:\/\/www.diario5.com.ar\/es\/wp-json\/wp\/v2\/comments?post=677378"}],"version-history":[{"count":3,"href":"https:\/\/www.diario5.com.ar\/es\/wp-json\/wp\/v2\/posts\/677378\/revisions"}],"predecessor-version":[{"id":688708,"href":"https:\/\/www.diario5.com.ar\/es\/wp-json\/wp\/v2\/posts\/677378\/revisions\/688708"}],"wp:featuredmedia":[{"embeddable":true,"href":"https:\/\/www.diario5.com.ar\/es\/wp-json\/wp\/v2\/media\/688697"}],"wp:attachment":[{"href":"https:\/\/www.diario5.com.ar\/es\/wp-json\/wp\/v2\/media?parent=677378"}],"wp:term":[{"taxonomy":"category","embeddable":true,"href":"https:\/\/www.diario5.com.ar\/es\/wp-json\/wp\/v2\/categories?post=677378"},{"taxonomy":"post_tag","embeddable":true,"href":"https:\/\/www.diario5.com.ar\/es\/wp-json\/wp\/v2\/tags?post=677378"},{"taxonomy":"series","embeddable":true,"href":"https:\/\/www.diario5.com.ar\/es\/wp-json\/wp\/v2\/series?post=677378"}],"curies":[{"name":"wp","href":"https:\/\/api.w.org\/{rel}","templated":true}]}}