{"id":677377,"date":"2024-09-24T06:11:00","date_gmt":"2024-09-24T09:11:00","guid":{"rendered":"http:\/\/diario5.com.ar\/?p=677377"},"modified":"2024-09-24T06:13:21","modified_gmt":"2024-09-24T09:13:21","slug":"677377","status":"publish","type":"post","link":"https:\/\/www.diario5.com.ar\/es\/677377\/","title":{"rendered":"Sabor a Buenos Aires"},"content":{"rendered":"<h2 class=\"sub-title-primary\">As\u00ed es el nombre de una nueva propuesta gastron\u00f3mica en una locaci\u00f3n que despierta expectativas sobre su posible \u00e9xito. Se har\u00e1 el s\u00e1bado 28 y el domingo 29 de septiembre en Av del Libertador y Callao.<\/h2> <p><img decoding=\"async\" loading=\"lazy\" class=\"aligncenter size-full wp-image-688684\" src=\"https:\/\/www.diario5.com.ar\/wp-content\/uploads\/2024\/09\/Sabor-a-Buenos-Aires-_-evento-120240924.jpg\" width=\"700\" height=\"400\" alt=\"Sabor a Buenos Aires\" srcset=\"https:\/\/www.diario5.com.ar\/wp-content\/uploads\/2024\/09\/Sabor-a-Buenos-Aires-_-evento-120240924.jpg 700w, https:\/\/www.diario5.com.ar\/wp-content\/uploads\/2024\/09\/Sabor-a-Buenos-Aires-_-evento-120240924-300x171.jpg 300w\" sizes=\"(max-width: 700px) 100vw, 700px\" \/><\/p>\n<p>La Feria \u00abSabor a Buenos Aires\u00bb es un evento gastron\u00f3mico que se realizar\u00e1 en el Parque Thays durante el pr\u00f3ximo fin de semana. Re\u00fane m\u00e1s de 40 propuestas que representan la diversidad culinaria de la Ciudad de Buenos Aires. La feria es una plataforma para que los visitantes disfruten de platos y productos a precios promocionales. Como suele suceder en este tipo de encuentros,\u00a0 habr\u00e1 comida tradicional porte\u00f1a y opciones m\u00e1s innovadoras.<\/p>\n<p>Los rubros gastron\u00f3micos est\u00e1n organizados en varias categor\u00edas, incluyendo comidas de varios or\u00edgenes, estilos y complejidad para sus preparaciones:<\/p>\n<p><strong>Bodegones y comida del mundo<\/strong>: Aqu\u00ed se agrupan los cl\u00e1sicos bodegones porte\u00f1os junto a cocinas internacionales como la vasca, francesa, japonesa, coreana y peruana. Entre los bodegones destacados est\u00e1n <em>El Octavo Bar<\/em> y <em>Arredondo<\/em>, mientras que restaurantes internacionales como <em>Sagardi<\/em> y <em>Sachi<\/em> tambi\u00e9n tendr\u00e1n su espacio.<\/p>\n<p><strong>Parrillas y restaurantes<\/strong>: Esta secci\u00f3n incluye parrillas tradicionales como <em>Todo Brasas<\/em> y <em>Negro el 11<\/em>, junto con restaurantes m\u00e1s innovadores y de fusi\u00f3n como <em>Bocabajo Bocarriba<\/em> y <em>Casa Nueza<\/em>, especializado en opciones veganas y vegetarianas.<\/p>\n<p><strong>Pizzer\u00edas y casas de empanadas<\/strong>: Algunas de las m\u00e1s reconocidas pizzer\u00edas y empanader\u00edas de la ciudad estar\u00e1n presentes, como <em>Pizza Paradiso<\/em> y <em>El Hornero<\/em>.<\/p>\n<p><strong>Cafeter\u00edas, pasteler\u00edas y helader\u00edas<\/strong>: En esta secci\u00f3n se pueden encontrar tanto caf\u00e9s de especialidad como <em>Manifiesto<\/em> y <em>Bilbo Caf\u00e9<\/em>, as\u00ed como helader\u00edas artesanales como <em>Ciro<\/em> y <em>Alchemy<\/em>. Tambi\u00e9n habr\u00e1 pasteler\u00edas que mezclan tradici\u00f3n y modernidad, como <em>Nucha<\/em> y <em>Artiaga<\/em>.<\/p>\n<p><strong>La competencia<\/strong><\/p>\n<p>Durante la feria, un jurado evaluar\u00e1 las mejores propuestas y se reconocer\u00e1n locales que se destaquen por su compromiso con la reducci\u00f3n del desperdicio de alimentos.<\/p>\n<p><!--googleoff: index--><br \/>\n<!--googleon: index--><br \/>\n<img decoding=\"async\" loading=\"lazy\" class=\"aligncenter size-full wp-image-688685\" src=\"https:\/\/www.diario5.com.ar\/wp-content\/uploads\/2024\/09\/ar_capital_rosario20240924.jpg\" width=\"700\" height=\"939\" srcset=\"https:\/\/www.diario5.com.ar\/wp-content\/uploads\/2024\/09\/ar_capital_rosario20240924.jpg 700w, https:\/\/www.diario5.com.ar\/wp-content\/uploads\/2024\/09\/ar_capital_rosario20240924-224x300.jpg 224w\" sizes=\"(max-width: 700px) 100vw, 700px\" \/><\/p>\n<p><img decoding=\"async\" src=\"https:\/\/img.kiosko.net\/2024\/09\/24\/ar\/ar_nueva_provincia.jpg\" \/><\/p>\n<p><img decoding=\"async\" src=\"https:\/\/img.kiosko.net\/2024\/09\/24\/ar\/ar_duplicado.jpg\" \/><\/p>\n<p><img decoding=\"async\" loading=\"lazy\" class=\"aligncenter size-full wp-image-688686\" src=\"https:\/\/www.diario5.com.ar\/wp-content\/uploads\/2024\/09\/esquiu20240924.jpg\" width=\"700\" height=\"920\" srcset=\"https:\/\/www.diario5.com.ar\/wp-content\/uploads\/2024\/09\/esquiu20240924.jpg 700w, https:\/\/www.diario5.com.ar\/wp-content\/uploads\/2024\/09\/esquiu20240924-228x300.jpg 228w\" sizes=\"(max-width: 700px) 100vw, 700px\" \/><\/p>\n<p><img decoding=\"async\" src=\"https:\/\/img.kiosko.net\/2024\/09\/24\/ar\/ar_diario_norte.jpg\" \/><\/p>\n<p><img decoding=\"async\" loading=\"lazy\" class=\"aligncenter size-full wp-image-688687\" src=\"https:\/\/www.diario5.com.ar\/wp-content\/uploads\/2024\/09\/voz_chaco20240924.jpg\" width=\"700\" height=\"816\" srcset=\"https:\/\/www.diario5.com.ar\/wp-content\/uploads\/2024\/09\/voz_chaco20240924.jpg 700w, https:\/\/www.diario5.com.ar\/wp-content\/uploads\/2024\/09\/voz_chaco20240924-257x300.jpg 257w\" sizes=\"(max-width: 700px) 100vw, 700px\" \/><\/p>\n<p><img decoding=\"async\" src=\"https:\/\/img.kiosko.net\/2024\/09\/24\/ar\/ar_diario_madryn.jpg\" \/><\/p>\n<p><img decoding=\"async\" src=\"https:\/\/img.kiosko.net\/2024\/09\/24\/ar\/ar_laprensa.jpg\" \/><\/p>\n<p><img decoding=\"async\" loading=\"lazy\" class=\"aligncenter size-full wp-image-688688\" src=\"https:\/\/www.diario5.com.ar\/wp-content\/uploads\/2024\/09\/ar_cronista20240924.jpg\" width=\"700\" height=\"1000\" srcset=\"https:\/\/www.diario5.com.ar\/wp-content\/uploads\/2024\/09\/ar_cronista20240924.jpg 700w, https:\/\/www.diario5.com.ar\/wp-content\/uploads\/2024\/09\/ar_cronista20240924-210x300.jpg 210w\" sizes=\"(max-width: 700px) 100vw, 700px\" \/><\/p>\n<p><img decoding=\"async\" src=\"https:\/\/img.kiosko.net\/2024\/09\/24\/ar\/buenosaires_economico.jpg\" \/><\/p>\n<p><img decoding=\"async\" src=\"https:\/\/img.kiosko.net\/2024\/09\/24\/ar\/ar_perfil.jpg\" \/><\/p>\n<p><img decoding=\"async\" loading=\"lazy\" class=\"aligncenter size-full wp-image-688689\" src=\"https:\/\/www.diario5.com.ar\/wp-content\/uploads\/2024\/09\/ar_eldia20240924.jpg\" width=\"700\" height=\"1004\" srcset=\"https:\/\/www.diario5.com.ar\/wp-content\/uploads\/2024\/09\/ar_eldia20240924.jpg 700w, https:\/\/www.diario5.com.ar\/wp-content\/uploads\/2024\/09\/ar_eldia20240924-209x300.jpg 209w\" sizes=\"(max-width: 700px) 100vw, 700px\" \/><\/p>\n<p><img decoding=\"async\" src=\"https:\/\/img.kiosko.net\/2024\/09\/24\/ar\/ar_hoy.jpg\" \/><\/p>\n<p><img decoding=\"async\" src=\"https:\/\/img.kiosko.net\/2024\/09\/24\/ar\/ar_democracia.jpg\" \/><\/p>\n<p><img decoding=\"async\" loading=\"lazy\" class=\"aligncenter size-full wp-image-688690\" src=\"https:\/\/www.diario5.com.ar\/wp-content\/uploads\/2024\/09\/ar_chubut20240924.jpg\" width=\"700\" height=\"905\" srcset=\"https:\/\/www.diario5.com.ar\/wp-content\/uploads\/2024\/09\/ar_chubut20240924.jpg 700w, https:\/\/www.diario5.com.ar\/wp-content\/uploads\/2024\/09\/ar_chubut20240924-232x300.jpg 232w\" sizes=\"(max-width: 700px) 100vw, 700px\" \/><\/p>\n<p><img decoding=\"async\" src=\"https:\/\/img.kiosko.net\/2024\/09\/24\/ar\/ar_epoca.jpg\" \/><\/p>\n<p><img decoding=\"async\" src=\"https:\/\/img.kiosko.net\/2024\/09\/24\/ar\/ar_litoral.jpg\" \/><\/p>\n<p><img decoding=\"async\" src=\"https:\/\/img.kiosko.net\/2024\/09\/24\/ar\/ar_heraldo.jpg\" \/><\/p>\n<p><img decoding=\"async\" src=\"https:\/\/img.kiosko.net\/2024\/09\/24\/ar\/ar_manana_formosa.jpg\" \/><\/p>\n<p><img decoding=\"async\" src=\"https:\/\/img.kiosko.net\/2024\/09\/24\/ar\/ar_diario_pampa.jpg\" \/><\/p>\n<p><img decoding=\"async\" src=\"https:\/\/img.kiosko.net\/2024\/09\/24\/ar\/ar_pagina12.jpg\" \/><\/p>\n<p><img decoding=\"async\" src=\"https:\/\/img.kiosko.net\/2024\/09\/24\/ar\/ar_arena.jpg\" \/><\/p>\n<p><img decoding=\"async\" src=\"https:\/\/img.kiosko.net\/2024\/09\/24\/ar\/independiente.jpg\" \/><\/p>\n<p><img decoding=\"async\" src=\"https:\/\/img.kiosko.net\/2024\/09\/24\/ar\/nueva_rioja.jpg\" \/><\/p>\n<p><img decoding=\"async\" src=\"https:\/\/img.kiosko.net\/2024\/09\/24\/ar\/ar_losandes.jpg\" \/><\/p>\n<p><img decoding=\"async\" src=\"https:\/\/img.kiosko.net\/2024\/09\/24\/ar\/ar_tribuno.jpg\" \/><\/p>\n<p><img decoding=\"async\" src=\"https:\/\/img.kiosko.net\/2024\/09\/24\/ar\/lea.jpg\" \/><\/p>\n<p><img decoding=\"async\" src=\"https:\/\/img.kiosko.net\/2024\/09\/24\/ar\/ar_nuevo_diario.jpg\" \/><\/p>\n<p><img decoding=\"async\" src=\"https:\/\/img.kiosko.net\/2024\/09\/24\/ar\/ar_diario_cuyo.jpg\" \/><\/p>\n<p><img decoding=\"async\" src=\"https:\/\/img.kiosko.net\/2024\/09\/24\/ar\/huarpe.jpg\" \/><\/p>\n<p><img decoding=\"async\" src=\"https:\/\/img.kiosko.net\/2024\/09\/24\/ar\/ar_diario_republica.jpg\" \/><\/p>\n<p><img decoding=\"async\" src=\"https:\/\/img.kiosko.net\/2024\/09\/24\/ar\/ar_litoral_sfe.jpg\" \/><\/p>\n<p><img decoding=\"async\" loading=\"lazy\" class=\"aligncenter size-full wp-image-688691\" src=\"https:\/\/www.diario5.com.ar\/wp-content\/uploads\/2024\/09\/ciudadano20240924.jpg\" width=\"700\" height=\"914\" srcset=\"https:\/\/www.diario5.com.ar\/wp-content\/uploads\/2024\/09\/ciudadano20240924.jpg 700w, https:\/\/www.diario5.com.ar\/wp-content\/uploads\/2024\/09\/ciudadano20240924-230x300.jpg 230w\" sizes=\"(max-width: 700px) 100vw, 700px\" \/><\/p>\n<p><img decoding=\"async\" src=\"https:\/\/img.kiosko.net\/2024\/09\/24\/ar\/ar_mirador_provincial.jpg\" \/><\/p>\n<p><img decoding=\"async\" src=\"https:\/\/img.kiosko.net\/2024\/09\/24\/ar\/ar_gaceta.jpg\" \/><\/p>\n<p><img decoding=\"async\" src=\"https:\/\/img.kiosko.net\/2024\/09\/24\/ar\/ar_cronica.jpg\" \/><\/p>\n<p><img decoding=\"async\" loading=\"lazy\" class=\"aligncenter size-full wp-image-688692\" src=\"https:\/\/www.diario5.com.ar\/wp-content\/uploads\/2024\/09\/ar_clarin20240924.jpg\" width=\"700\" height=\"977\" srcset=\"https:\/\/www.diario5.com.ar\/wp-content\/uploads\/2024\/09\/ar_clarin20240924.jpg 700w, https:\/\/www.diario5.com.ar\/wp-content\/uploads\/2024\/09\/ar_clarin20240924-215x300.jpg 215w\" sizes=\"(max-width: 700px) 100vw, 700px\" \/><\/p>\n<p><img decoding=\"async\" loading=\"lazy\" class=\"aligncenter size-full wp-image-688693\" src=\"https:\/\/www.diario5.com.ar\/wp-content\/uploads\/2024\/09\/nacion20240924.jpg\" width=\"700\" height=\"1062\" srcset=\"https:\/\/www.diario5.com.ar\/wp-content\/uploads\/2024\/09\/nacion20240924.jpg 700w, https:\/\/www.diario5.com.ar\/wp-content\/uploads\/2024\/09\/nacion20240924-198x300.jpg 198w, https:\/\/www.diario5.com.ar\/wp-content\/uploads\/2024\/09\/nacion20240924-675x1024.jpg 675w\" sizes=\"(max-width: 700px) 100vw, 700px\" \/><\/p>\n<p><img decoding=\"async\" src=\"https:\/\/img.kiosko.net\/2024\/09\/24\/ar\/ar_eco.jpg\" \/><\/p>\n<p><img decoding=\"async\" src=\"https:\/\/img.kiosko.net\/2024\/09\/24\/ar\/nuevo_diario.jpg\" \/><\/p>\n<p><img decoding=\"async\" src=\"https:\/\/img.kiosko.net\/2024\/09\/24\/ar\/sureno.jpg\" \/><\/p>\n<p><img decoding=\"async\" src=\"https:\/\/img.kiosko.net\/2024\/09\/24\/ar\/ar_duplicado.jpg\" \/><\/p>\n<p><img decoding=\"async\" src=\"https:\/\/img.kiosko.net\/2024\/09\/24\/ar\/tiempo_sur.jpg\" \/><\/p>\n<p><img decoding=\"async\" src=\"https:\/\/img.kiosko.net\/2024\/09\/24\/ar\/tiempo_argentino.jpg\" \/><\/p>\n<p><img decoding=\"async\" src=\"https:\/\/img.kiosko.net\/2024\/09\/24\/ar\/ar_epoca.jpg\" \/><\/p>\n<p><img decoding=\"async\" src=\"https:\/\/img.kiosko.net\/2024\/09\/24\/ar\/ar_elsol.jpg\" \/><\/p>\n<p><img decoding=\"async\" loading=\"lazy\" class=\"aligncenter size-full wp-image-688694\" src=\"https:\/\/www.diario5.com.ar\/wp-content\/uploads\/2024\/09\/ar_ancasti20240924.jpg\" width=\"700\" height=\"949\" srcset=\"https:\/\/www.diario5.com.ar\/wp-content\/uploads\/2024\/09\/ar_ancasti20240924.jpg 700w, https:\/\/www.diario5.com.ar\/wp-content\/uploads\/2024\/09\/ar_ancasti20240924-221x300.jpg 221w\" sizes=\"(max-width: 700px) 100vw, 700px\" \/><\/p>\n<p><img decoding=\"async\" src=\"\/\/img.kiosko.net\/2024\/09\/24\/ar\/ar_rio_negro.jpg\" \/><\/p>\n<p><img decoding=\"async\" src=\"https:\/\/img.kiosko.net\/2024\/09\/24\/ar\/ar_03.jpg\" \/><\/p>\n<p><img decoding=\"async\" src=\"https:\/\/img.kiosko.net\/2024\/09\/24\/ar\/ar_04.jpg\" \/><\/p>\n<p><img decoding=\"async\" src=\"https:\/\/img.kiosko.net\/2024\/09\/24\/ar\/ar_05.jpg\" \/><\/p>\n<p>&nbsp;<\/p>","protected":false},"excerpt":{"rendered":"<p>As\u00ed es el nombre de una nueva propuesta gastron\u00f3mica en una locaci\u00f3n que despierta expectativas sobre su posible \u00e9xito. Se har\u00e1 el s\u00e1bado 28 y el domingo 29 de septiembre en Av del Libertador y Callao. La Feria \u00abSabor a Buenos Aires\u00bb es un evento gastron\u00f3mico que se realizar\u00e1 en el Parque Thays durante el [&hellip;]<\/p>","protected":false},"author":12,"featured_media":688684,"comment_status":"open","ping_status":"open","sticky":false,"template":"","format":"standard","meta":[],"categories":[20,52,56],"tags":[474,630],"series":[],"_links":{"self":[{"href":"https:\/\/www.diario5.com.ar\/es\/wp-json\/wp\/v2\/posts\/677377"}],"collection":[{"href":"https:\/\/www.diario5.com.ar\/es\/wp-json\/wp\/v2\/posts"}],"about":[{"href":"https:\/\/www.diario5.com.ar\/es\/wp-json\/wp\/v2\/types\/post"}],"author":[{"embeddable":true,"href":"https:\/\/www.diario5.com.ar\/es\/wp-json\/wp\/v2\/users\/12"}],"replies":[{"embeddable":true,"href":"https:\/\/www.diario5.com.ar\/es\/wp-json\/wp\/v2\/comments?post=677377"}],"version-history":[{"count":2,"href":"https:\/\/www.diario5.com.ar\/es\/wp-json\/wp\/v2\/posts\/677377\/revisions"}],"predecessor-version":[{"id":688676,"href":"https:\/\/www.diario5.com.ar\/es\/wp-json\/wp\/v2\/posts\/677377\/revisions\/688676"}],"wp:featuredmedia":[{"embeddable":true,"href":"https:\/\/www.diario5.com.ar\/es\/wp-json\/wp\/v2\/media\/688684"}],"wp:attachment":[{"href":"https:\/\/www.diario5.com.ar\/es\/wp-json\/wp\/v2\/media?parent=677377"}],"wp:term":[{"taxonomy":"category","embeddable":true,"href":"https:\/\/www.diario5.com.ar\/es\/wp-json\/wp\/v2\/categories?post=677377"},{"taxonomy":"post_tag","embeddable":true,"href":"https:\/\/www.diario5.com.ar\/es\/wp-json\/wp\/v2\/tags?post=677377"},{"taxonomy":"series","embeddable":true,"href":"https:\/\/www.diario5.com.ar\/es\/wp-json\/wp\/v2\/series?post=677377"}],"curies":[{"name":"wp","href":"https:\/\/api.w.org\/{rel}","templated":true}]}}