{"id":677368,"date":"2024-09-15T06:11:00","date_gmt":"2024-09-15T09:11:00","guid":{"rendered":"http:\/\/diario5.com.ar\/?p=677368"},"modified":"2024-09-15T06:14:02","modified_gmt":"2024-09-15T09:14:02","slug":"677368","status":"publish","type":"post","link":"https:\/\/www.diario5.com.ar\/es\/677368\/","title":{"rendered":"Una fecha invasora"},"content":{"rendered":"<h2 class=\"sub-title-primary\">\u00bfAceptamos los argentinos al 15 de septiembre como posible \"D\u00eda de la Democracia\"?<\/h2> <p><img decoding=\"async\" loading=\"lazy\" class=\"\" src=\"https:\/\/www.diario5.com.ar\/img\/democracia1.jpg\" width=\"812\" height=\"638\" \/><\/p>\n<p>Desde hace unos a\u00f1os, siempre para esta fecha, observamos un crecimiento de los medios de comunicaci\u00f3n y cuentas de redes sociales que se esfuerzan por mencionar el D\u00eda Internacional de la Democracia.<\/p>\n<p>\u00bfTiene valor para los argentinos que semejante referencia quede desprendida de nuestros ya tradicionales 30 de octubre, en el que recordamos nuestro\u00a0\u201c<b>D\u00eda de la Recuperaci\u00f3n de la Democracia<\/b>\u201d y 10 de diciembre, \u00ab<strong>D\u00eda de la Restauraci\u00f3n de la Democracia<\/strong>\u00ab?<\/p>\n<p>No va a ser f\u00e1cil convencernos.<\/p>\n<p>Al 15 de septiembre, como D\u00eda Internacional de la Democracia, lo estableci\u00f3 Naciones Unidas en por la Asamblea General el 8 de noviembre de 2007. Este d\u00eda tiene como objetivo promover y consolidar el sistema democr\u00e1tico en todo el mundo, destacando su importancia sobre otros sistemas de gobierno como mon\u00e1rquicos, tir\u00e1nicos o dictatoriales.<\/p>\n<p>En Latinoam\u00e9rica, la democracia tiene menos de 40 a\u00f1os de ejercicio continuo, enfrenta demasiada inestabilidad pol\u00edtica y -a\u00fan- dictaduras o autocracias que producen golpes de estado de todos los estilos posibles y con inmensa capacidad de originalidad en mecanismos para eternizarse en el poder. Por ello, la consolidaci\u00f3n de la democracia en la regi\u00f3n es la \u00fanica puerta al camino de un desarrollo que pueda identificarse como digno.<\/p>\n<p>La Agenda de Desarrollo Sostenible, aprobada en septiembre de 2015, subraya la importancia de la democracia al comprometer a 193 pa\u00edses a garantizar el acceso universal a bienes p\u00fablicos, la atenci\u00f3n a la salud, la educaci\u00f3n y oportunidades de trabajo decente. Estos objetivos est\u00e1n intr\u00ednsecamente relacionados con los principios democr\u00e1ticos.<\/p>\n<p>Cada a\u00f1o, las Naciones Unidas eligen un tema espec\u00edfico para el D\u00eda Internacional de la Democracia, promoviendo debates y actividades que fomentan la reflexi\u00f3n sobre los diferentes aspectos y desaf\u00edos de la democracia. En 2024 a\u00f1o se eligi\u00f3 el siguiente: \u00ab<b>Importancia de la Inteligencia Artificial (IA) como herramienta para la buena gobernanza\u00bb<\/b><\/p>\n<p>Ahora bien, en la Argentina, el D\u00eda Internacional de la Democracia se enfrenta con el arraigado 30 de octubre, una fecha con profunda resonancia en nuestra historia democr\u00e1tica reciente.<\/p>\n<p>Como sea, cualquier fecha que refiera al respeto de la institucionalidad de una naci\u00f3n debemos aprovecharla para transmitir a los m\u00e1s j\u00f3venes la imperiosa necesidad de reforzar los valores de participaci\u00f3n y transparencia. Y hay una raz\u00f3n muy sencilla por la que insistimos en esa recomendaci\u00f3n: no encontramos a nadie que pueda negarnos el deterioro, diariamente creciente, de esos valores.<\/p>\n<p>La clave es no quedarnos sin una gu\u00eda que nos mantenga en el correcto camino de la conciencia c\u00edvica. Por un lado, el 30 de octubre tiene un peso hist\u00f3rico irremplazable. Pero si el 15 de septiembre asomara con alguna eventual tendencia a convertirse en un punto de partida para aprender, reforzar conceptos, renovar el compromiso con la democracia y fortalecer su pr\u00e1ctica en la vida cotidiana de los argentinos, bienvenida la fecha.<\/p>\n<p>&nbsp;<\/p>\n<p><!--googleoff: index--><br \/>\n<!--googleon: index--><br \/>\n<img decoding=\"async\" loading=\"lazy\" class=\"aligncenter size-full wp-image-688523\" src=\"https:\/\/www.diario5.com.ar\/wp-content\/uploads\/2024\/09\/ar_capital_rosario20240915.jpg\" width=\"700\" height=\"933\" srcset=\"https:\/\/www.diario5.com.ar\/wp-content\/uploads\/2024\/09\/ar_capital_rosario20240915.jpg 700w, https:\/\/www.diario5.com.ar\/wp-content\/uploads\/2024\/09\/ar_capital_rosario20240915-225x300.jpg 225w\" sizes=\"(max-width: 700px) 100vw, 700px\" \/><\/p>\n<p><img decoding=\"async\" src=\"https:\/\/img.kiosko.net\/2024\/09\/15\/ar\/ar_nueva_provincia.jpg\" \/><\/p>\n<p><img decoding=\"async\" src=\"https:\/\/img.kiosko.net\/2024\/09\/15\/ar\/ar_duplicado.jpg\" \/><\/p>\n<p><img decoding=\"async\" loading=\"lazy\" class=\"aligncenter size-full wp-image-688524\" src=\"https:\/\/www.diario5.com.ar\/wp-content\/uploads\/2024\/09\/esquiu20240915.jpg\" width=\"700\" height=\"920\" srcset=\"https:\/\/www.diario5.com.ar\/wp-content\/uploads\/2024\/09\/esquiu20240915.jpg 700w, https:\/\/www.diario5.com.ar\/wp-content\/uploads\/2024\/09\/esquiu20240915-228x300.jpg 228w\" sizes=\"(max-width: 700px) 100vw, 700px\" \/><\/p>\n<p><img decoding=\"async\" src=\"https:\/\/img.kiosko.net\/2024\/09\/15\/ar\/ar_diario_norte.jpg\" \/><\/p>\n<p><img decoding=\"async\" loading=\"lazy\" class=\"aligncenter size-full wp-image-688525\" src=\"https:\/\/www.diario5.com.ar\/wp-content\/uploads\/2024\/09\/voz_chaco20240915.jpg\" width=\"700\" height=\"809\" srcset=\"https:\/\/www.diario5.com.ar\/wp-content\/uploads\/2024\/09\/voz_chaco20240915.jpg 700w, https:\/\/www.diario5.com.ar\/wp-content\/uploads\/2024\/09\/voz_chaco20240915-260x300.jpg 260w\" sizes=\"(max-width: 700px) 100vw, 700px\" \/><\/p>\n<p><img decoding=\"async\" src=\"https:\/\/img.kiosko.net\/2024\/09\/15\/ar\/ar_diario_madryn.jpg\" \/><\/p>\n<p><img decoding=\"async\" src=\"https:\/\/img.kiosko.net\/2024\/09\/15\/ar\/ar_laprensa.jpg\" \/><\/p>\n<p><img decoding=\"async\" src=\"https:\/\/img.kiosko.net\/2024\/09\/15\/ar\/ar_cronista.jpg\" \/><\/p>\n<p><img decoding=\"async\" src=\"https:\/\/img.kiosko.net\/2024\/09\/15\/ar\/buenosaires_economico.jpg\" \/><\/p>\n<p><img decoding=\"async\" src=\"https:\/\/img.kiosko.net\/2024\/09\/15\/ar\/ar_perfil.jpg\" \/><\/p>\n<p><img decoding=\"async\" loading=\"lazy\" class=\"aligncenter size-full wp-image-688526\" src=\"https:\/\/www.diario5.com.ar\/wp-content\/uploads\/2024\/09\/ar_eldia20240915.jpg\" width=\"700\" height=\"1033\" srcset=\"https:\/\/www.diario5.com.ar\/wp-content\/uploads\/2024\/09\/ar_eldia20240915.jpg 700w, https:\/\/www.diario5.com.ar\/wp-content\/uploads\/2024\/09\/ar_eldia20240915-203x300.jpg 203w, https:\/\/www.diario5.com.ar\/wp-content\/uploads\/2024\/09\/ar_eldia20240915-694x1024.jpg 694w\" sizes=\"(max-width: 700px) 100vw, 700px\" \/><\/p>\n<p><img decoding=\"async\" loading=\"lazy\" class=\"aligncenter size-full wp-image-688527\" src=\"https:\/\/www.diario5.com.ar\/wp-content\/uploads\/2024\/09\/ar_hoy20240915.jpg\" width=\"700\" height=\"923\" srcset=\"https:\/\/www.diario5.com.ar\/wp-content\/uploads\/2024\/09\/ar_hoy20240915.jpg 700w, https:\/\/www.diario5.com.ar\/wp-content\/uploads\/2024\/09\/ar_hoy20240915-228x300.jpg 228w\" sizes=\"(max-width: 700px) 100vw, 700px\" \/><\/p>\n<p><img decoding=\"async\" src=\"https:\/\/img.kiosko.net\/2024\/09\/15\/ar\/ar_democracia.jpg\" \/><\/p>\n<p><img decoding=\"async\" loading=\"lazy\" class=\"aligncenter size-full wp-image-688528\" src=\"https:\/\/www.diario5.com.ar\/wp-content\/uploads\/2024\/09\/ar_chubut20240915.jpg\" width=\"700\" height=\"901\" srcset=\"https:\/\/www.diario5.com.ar\/wp-content\/uploads\/2024\/09\/ar_chubut20240915.jpg 700w, https:\/\/www.diario5.com.ar\/wp-content\/uploads\/2024\/09\/ar_chubut20240915-233x300.jpg 233w\" sizes=\"(max-width: 700px) 100vw, 700px\" \/><\/p>\n<p><img decoding=\"async\" src=\"https:\/\/img.kiosko.net\/2024\/09\/15\/ar\/ar_epoca.jpg\" \/><\/p>\n<p><img decoding=\"async\" src=\"https:\/\/img.kiosko.net\/2024\/09\/15\/ar\/ar_litoral.jpg\" \/><\/p>\n<p><img decoding=\"async\" src=\"https:\/\/img.kiosko.net\/2024\/09\/15\/ar\/ar_heraldo.jpg\" \/><\/p>\n<p><img decoding=\"async\" src=\"https:\/\/img.kiosko.net\/2024\/09\/15\/ar\/ar_manana_formosa.jpg\" \/><\/p>\n<p><img decoding=\"async\" src=\"https:\/\/img.kiosko.net\/2024\/09\/15\/ar\/ar_diario_pampa.jpg\" \/><\/p>\n<p><img decoding=\"async\" src=\"https:\/\/img.kiosko.net\/2024\/09\/15\/ar\/ar_pagina12.jpg\" \/><\/p>\n<p><img decoding=\"async\" src=\"https:\/\/img.kiosko.net\/2024\/09\/15\/ar\/ar_arena.jpg\" \/><\/p>\n<p><img decoding=\"async\" src=\"https:\/\/img.kiosko.net\/2024\/09\/15\/ar\/independiente.jpg\" \/><\/p>\n<p><img decoding=\"async\" src=\"https:\/\/img.kiosko.net\/2024\/09\/15\/ar\/nueva_rioja.jpg\" \/><\/p>\n<p><img decoding=\"async\" src=\"https:\/\/img.kiosko.net\/2024\/09\/15\/ar\/ar_losandes.jpg\" \/><\/p>\n<p><img decoding=\"async\" src=\"https:\/\/img.kiosko.net\/2024\/09\/15\/ar\/ar_tribuno.jpg\" \/><\/p>\n<p><img decoding=\"async\" src=\"https:\/\/img.kiosko.net\/2024\/09\/15\/ar\/lea.jpg\" \/><\/p>\n<p><img decoding=\"async\" src=\"https:\/\/img.kiosko.net\/2024\/09\/15\/ar\/ar_nuevo_diario.jpg\" \/><\/p>\n<p><img decoding=\"async\" src=\"https:\/\/img.kiosko.net\/2024\/09\/15\/ar\/ar_diario_cuyo.jpg\" \/><\/p>\n<p><img decoding=\"async\" src=\"https:\/\/img.kiosko.net\/2024\/09\/15\/ar\/huarpe.jpg\" \/><\/p>\n<p><img decoding=\"async\" src=\"https:\/\/img.kiosko.net\/2024\/09\/15\/ar\/ar_diario_republica.jpg\" \/><\/p>\n<p><img decoding=\"async\" src=\"https:\/\/img.kiosko.net\/2024\/09\/15\/ar\/ar_litoral_sfe.jpg\" \/><\/p>\n<p><img decoding=\"async\" loading=\"lazy\" class=\"aligncenter size-full wp-image-688529\" src=\"https:\/\/www.diario5.com.ar\/wp-content\/uploads\/2024\/09\/ciudadano20240915.jpg\" width=\"700\" height=\"944\" srcset=\"https:\/\/www.diario5.com.ar\/wp-content\/uploads\/2024\/09\/ciudadano20240915.jpg 700w, https:\/\/www.diario5.com.ar\/wp-content\/uploads\/2024\/09\/ciudadano20240915-222x300.jpg 222w\" sizes=\"(max-width: 700px) 100vw, 700px\" \/><\/p>\n<p><img decoding=\"async\" src=\"https:\/\/img.kiosko.net\/2024\/09\/15\/ar\/ar_mirador_provincial.jpg\" \/><\/p>\n<p><img decoding=\"async\" src=\"https:\/\/img.kiosko.net\/2024\/09\/15\/ar\/ar_gaceta.jpg\" \/><\/p>\n<p><img decoding=\"async\" src=\"https:\/\/img.kiosko.net\/2024\/09\/15\/ar\/ar_cronica.jpg\" \/><\/p>\n<p><img decoding=\"async\" loading=\"lazy\" class=\"aligncenter size-full wp-image-688530\" src=\"https:\/\/www.diario5.com.ar\/wp-content\/uploads\/2024\/09\/ar_clarin20240915.jpg\" width=\"700\" height=\"977\" srcset=\"https:\/\/www.diario5.com.ar\/wp-content\/uploads\/2024\/09\/ar_clarin20240915.jpg 700w, https:\/\/www.diario5.com.ar\/wp-content\/uploads\/2024\/09\/ar_clarin20240915-215x300.jpg 215w\" sizes=\"(max-width: 700px) 100vw, 700px\" \/><\/p>\n<p><img decoding=\"async\" loading=\"lazy\" class=\"aligncenter size-full wp-image-688531\" src=\"https:\/\/www.diario5.com.ar\/wp-content\/uploads\/2024\/09\/nacion20240915.jpg\" width=\"699\" height=\"1060\" srcset=\"https:\/\/www.diario5.com.ar\/wp-content\/uploads\/2024\/09\/nacion20240915.jpg 699w, https:\/\/www.diario5.com.ar\/wp-content\/uploads\/2024\/09\/nacion20240915-198x300.jpg 198w, https:\/\/www.diario5.com.ar\/wp-content\/uploads\/2024\/09\/nacion20240915-675x1024.jpg 675w\" sizes=\"(max-width: 699px) 100vw, 699px\" \/><\/p>\n<p><img decoding=\"async\" src=\"https:\/\/img.kiosko.net\/2024\/09\/15\/ar\/ar_eco.jpg\" \/><\/p>\n<p><img decoding=\"async\" src=\"https:\/\/img.kiosko.net\/2024\/09\/15\/ar\/nuevo_diario.jpg\" \/><\/p>\n<p><img decoding=\"async\" src=\"https:\/\/img.kiosko.net\/2024\/09\/15\/ar\/sureno.jpg\" \/><\/p>\n<p><img decoding=\"async\" src=\"https:\/\/img.kiosko.net\/2024\/09\/15\/ar\/ar_duplicado.jpg\" \/><\/p>\n<p><img decoding=\"async\" src=\"https:\/\/img.kiosko.net\/2024\/09\/15\/ar\/tiempo_sur.jpg\" \/><\/p>\n<p><img decoding=\"async\" src=\"https:\/\/img.kiosko.net\/2024\/09\/15\/ar\/tiempo_argentino.jpg\" \/><\/p>\n<p><img decoding=\"async\" src=\"https:\/\/img.kiosko.net\/2024\/09\/15\/ar\/ar_epoca.jpg\" \/><\/p>\n<p><img decoding=\"async\" src=\"https:\/\/img.kiosko.net\/2024\/09\/15\/ar\/ar_elsol.jpg\" \/><\/p>\n<p><img decoding=\"async\" src=\"https:\/\/img.kiosko.net\/2024\/09\/15\/ar\/ar_ancasti.jpg\" \/><\/p>\n<p><img decoding=\"async\" src=\"\/\/img.kiosko.net\/2024\/09\/15\/ar\/ar_rio_negro.jpg\" \/><\/p>\n<p><img decoding=\"async\" src=\"https:\/\/img.kiosko.net\/2024\/09\/15\/ar\/ar_03.jpg\" \/><\/p>\n<p><img decoding=\"async\" src=\"https:\/\/img.kiosko.net\/2024\/09\/15\/ar\/ar_04.jpg\" \/><\/p>\n<p><img decoding=\"async\" src=\"https:\/\/img.kiosko.net\/2024\/09\/15\/ar\/ar_05.jpg\" \/><\/p>\n<p>&nbsp;<\/p>","protected":false},"excerpt":{"rendered":"<p>\u00bfAceptamos los argentinos al 15 de septiembre como posible \u00abD\u00eda de la Democracia\u00bb? Desde hace unos a\u00f1os, siempre para esta fecha, observamos un crecimiento de los medios de comunicaci\u00f3n y cuentas de redes sociales que se esfuerzan por mencionar el D\u00eda Internacional de la Democracia. \u00bfTiene valor para los argentinos que semejante referencia quede desprendida [&hellip;]<\/p>","protected":false},"author":9,"featured_media":688521,"comment_status":"open","ping_status":"open","sticky":false,"template":"","format":"standard","meta":[],"categories":[75,56],"tags":[1160,1177,1718,2072,669,27,1968,560,1864,1873,665,567,275,1685,1683],"series":[],"_links":{"self":[{"href":"https:\/\/www.diario5.com.ar\/es\/wp-json\/wp\/v2\/posts\/677368"}],"collection":[{"href":"https:\/\/www.diario5.com.ar\/es\/wp-json\/wp\/v2\/posts"}],"about":[{"href":"https:\/\/www.diario5.com.ar\/es\/wp-json\/wp\/v2\/types\/post"}],"author":[{"embeddable":true,"href":"https:\/\/www.diario5.com.ar\/es\/wp-json\/wp\/v2\/users\/9"}],"replies":[{"embeddable":true,"href":"https:\/\/www.diario5.com.ar\/es\/wp-json\/wp\/v2\/comments?post=677368"}],"version-history":[{"count":3,"href":"https:\/\/www.diario5.com.ar\/es\/wp-json\/wp\/v2\/posts\/677368\/revisions"}],"predecessor-version":[{"id":688520,"href":"https:\/\/www.diario5.com.ar\/es\/wp-json\/wp\/v2\/posts\/677368\/revisions\/688520"}],"wp:featuredmedia":[{"embeddable":true,"href":"https:\/\/www.diario5.com.ar\/es\/wp-json\/wp\/v2\/media\/688521"}],"wp:attachment":[{"href":"https:\/\/www.diario5.com.ar\/es\/wp-json\/wp\/v2\/media?parent=677368"}],"wp:term":[{"taxonomy":"category","embeddable":true,"href":"https:\/\/www.diario5.com.ar\/es\/wp-json\/wp\/v2\/categories?post=677368"},{"taxonomy":"post_tag","embeddable":true,"href":"https:\/\/www.diario5.com.ar\/es\/wp-json\/wp\/v2\/tags?post=677368"},{"taxonomy":"series","embeddable":true,"href":"https:\/\/www.diario5.com.ar\/es\/wp-json\/wp\/v2\/series?post=677368"}],"curies":[{"name":"wp","href":"https:\/\/api.w.org\/{rel}","templated":true}]}}