{"id":677356,"date":"2024-09-03T06:11:00","date_gmt":"2024-09-03T09:11:00","guid":{"rendered":"http:\/\/diario5.com.ar\/?p=677356"},"modified":"2024-09-04T00:51:14","modified_gmt":"2024-09-04T03:51:14","slug":"677356","status":"publish","type":"post","link":"https:\/\/www.diario5.com.ar\/es\/677356\/","title":{"rendered":"Buenos Aires en el ranking sostenible"},"content":{"rendered":"<h2 class=\"sub-title-primary\"><\/h2> <p><img decoding=\"async\" loading=\"lazy\" class=\"aligncenter size-full wp-image-688356\" src=\"https:\/\/www.diario5.com.ar\/wp-content\/uploads\/2024\/09\/7841e952ea77355dcc29c18f813008fb23c728b020240903.jpg\" width=\"700\" height=\"400\" srcset=\"https:\/\/www.diario5.com.ar\/wp-content\/uploads\/2024\/09\/7841e952ea77355dcc29c18f813008fb23c728b020240903.jpg 700w, https:\/\/www.diario5.com.ar\/wp-content\/uploads\/2024\/09\/7841e952ea77355dcc29c18f813008fb23c728b020240903-300x171.jpg 300w\" sizes=\"(max-width: 700px) 100vw, 700px\" \/><\/p>\n<p>La sostenibilidad urbana es hoy un objetivo prioritario para muchas ciudades alrededor del mundo, especialmente las verdaderamente grandes. Los esfuerzos ven enfocados hacia la reducci\u00f3n de emisiones de carbono, el transporte p\u00fablico eficiente, la gesti\u00f3n de residuos, la preservaci\u00f3n de espacios verdes y el uso de energ\u00edas renovables.<\/p>\n<p>Al investigar algunas fuentes, vemos que en el ranking global de ciudades sostenibles, Buenos Aires se encuentra en una posici\u00f3n intermedia. Seg\u00fan el \u00edndice Arcadis Sustainable Cities Index, que eval\u00faa 100 ciudades en funci\u00f3n de la sostenibilidad social, ambiental y econ\u00f3mica, la Reina del Plata se ubica en torno a la mitad del ranking. Este posicionamiento refleja tanto los avances en sostenibilidad como los retos que a\u00fan enfrenta la ciudad para alcanzar los est\u00e1ndares de las urbes m\u00e1s avanzadas en este \u00e1mbito.<\/p>\n<p>Entendemos que vale la pena &#8211; y sin \u00e1nimo de comparar por capricho- hacer foco en las urbes que vienen consiguiendo buenos resultados.<\/p>\n<p>Copenhague es frecuentemente considerada la ciudad m\u00e1s sostenible del mundo. Su objetivo es ser completamente neutra en carbono para 2025. La ciudad ha invertido significativamente en infraestructura para bicicletas, lo que ha hecho que m\u00e1s del 50% de los habitantes se desplacen en bicicleta diariamente. Adem\u00e1s, Copenhague ha implementado soluciones innovadoras en eficiencia energ\u00e9tica y gesti\u00f3n de residuos.<\/p>\n<p>Pasemos a\u00a0\u00c1msterdam. All\u00ed se trabaja mucho por un compromiso con la movilidad sostenible, con una de las redes de ciclov\u00edas m\u00e1s extensas y eficientes del mundo. La capital de Pa\u00edses Bajos avanza en la econom\u00eda circular, promoviendo la reutilizaci\u00f3n y reciclaje de materiales y reduciendo el desperdicio.<\/p>\n<p>En Suecia, Estocolmo es un referente en la gesti\u00f3n de residuos y el uso de energ\u00edas renovables. Con los a\u00f1os, all\u00ed se implement\u00f3 un sistema de peaje urbano para reducir la congesti\u00f3n vehicular y las emisiones de carbono y su pol\u00edtica de construcci\u00f3n sostenible ha sido clave en la reducci\u00f3n del consumo de energ\u00eda.<\/p>\n<p>Vancouver nunca detiene su ambici\u00f3n de ser la ciudad m\u00e1s verde del mundo. Su plan \u00abGreenest City 2020\u00bb incluye objetivos ambiciosos en cuanto a la reducci\u00f3n de emisiones, el aumento de espacios verdes y la promoci\u00f3n del transporte p\u00fablico. La hermosa ciudad canadiense del Pac\u00edfico tambi\u00e9n se abastece en gran medida de energ\u00eda hidroel\u00e9ctrica.<\/p>\n<p>Veamos a Z\u00farich. Originalmente l\u00edder en la implementaci\u00f3n de pol\u00edticas de sostenibilidad, incluy\u00f3 la movilidad el\u00e9ctrica, la eficiencia energ\u00e9tica y la preservaci\u00f3n de \u00e1reas verdes. Z\u00fcrich adopt\u00f3 un enfoque integral de su planificaci\u00f3n urbana y fuerte promoci\u00f3n de estilos de vida sostenibles.<\/p>\n<p>Buenos Aires permenentemente avanza en varias \u00e1reas relacionadas con la sostenibilidad. Todav\u00eda enfrenta necesidades significativas en comparaci\u00f3n con las ciudades l\u00edderes. pero ha desarrollado una extensa red de bicisendas y un sistema de bicicletas compartidas y una a\u00fan poco reconocida mejora en el transporte p\u00fablico con la implementaci\u00f3n del Metrobus. Sin embargo, la ciudad todav\u00eda tiene que lidiar con una alta dependencia del autom\u00f3vil y congesti\u00f3n vehicular.<\/p>\n<p>Los programas de reciclaje y separaci\u00f3n en origen que se establecieron en Buenos Aires son verdaderamente importantes. Ocurre que la tasa de reciclaje sigue siendo baja en comparaci\u00f3n con las ciudades l\u00edderes. La gesti\u00f3n de residuos es un \u00e1rea que requiere la participaci\u00f3n de la poblaci\u00f3n de un modo m\u00e1s activo.<\/p>\n<p>Buenos Aires ha empezado a adoptar fuentes de energ\u00eda renovable y tiene una buena cantidad de espacios verdes por habitante, especialmente en algunas \u00e1reas de la ciudad. La distribuci\u00f3n de estos parques no consiguen beneficiar a un grupo de habitantes que se aglomeran en algunos barrios muy densamente poblados. No obstante, la distribuci\u00f3n de estos espacios no es equitativa en todos los barrios y la expansi\u00f3n urbana ha amenazado algunas \u00e1reas naturales.<\/p>\n<p>Buenos Aires ha mostrado un progreso significativo en ciertas \u00e1reas de sostenibilidad, pero a\u00fan tiene un largo camino por recorrer para alcanzar a las ciudades l\u00edderes mundiales. Las pol\u00edticas de movilidad sustentable y gesti\u00f3n de residuos, junto con una mayor adopci\u00f3n de energ\u00edas renovables, son \u00e1reas clave donde Buenos Aires podr\u00eda centrarse para mejorar su posicionamiento global en sostenibilidad<\/p>\n<p><!--googleoff: index--><br \/>\n<!--googleon: index--><br \/>\n<img decoding=\"async\" loading=\"lazy\" class=\"aligncenter size-full wp-image-688357\" src=\"https:\/\/www.diario5.com.ar\/wp-content\/uploads\/2024\/09\/ar_capital_rosario20240903.jpg\" width=\"700\" height=\"935\" srcset=\"https:\/\/www.diario5.com.ar\/wp-content\/uploads\/2024\/09\/ar_capital_rosario20240903.jpg 700w, https:\/\/www.diario5.com.ar\/wp-content\/uploads\/2024\/09\/ar_capital_rosario20240903-225x300.jpg 225w\" sizes=\"(max-width: 700px) 100vw, 700px\" \/><\/p>\n<p><img decoding=\"async\" loading=\"lazy\" class=\"aligncenter size-full wp-image-688358\" src=\"https:\/\/www.diario5.com.ar\/wp-content\/uploads\/2024\/09\/esquiu20240903.jpg\" width=\"700\" height=\"920\" srcset=\"https:\/\/www.diario5.com.ar\/wp-content\/uploads\/2024\/09\/esquiu20240903.jpg 700w, https:\/\/www.diario5.com.ar\/wp-content\/uploads\/2024\/09\/esquiu20240903-228x300.jpg 228w\" sizes=\"(max-width: 700px) 100vw, 700px\" \/><\/p>\n<p><img decoding=\"async\" loading=\"lazy\" class=\"aligncenter size-full wp-image-688359\" src=\"https:\/\/www.diario5.com.ar\/wp-content\/uploads\/2024\/09\/voz_chaco20240903.jpg\" width=\"700\" height=\"816\" srcset=\"https:\/\/www.diario5.com.ar\/wp-content\/uploads\/2024\/09\/voz_chaco20240903.jpg 700w, https:\/\/www.diario5.com.ar\/wp-content\/uploads\/2024\/09\/voz_chaco20240903-257x300.jpg 257w\" sizes=\"(max-width: 700px) 100vw, 700px\" \/><\/p>\n<p><img decoding=\"async\" loading=\"lazy\" class=\"aligncenter size-full wp-image-688360\" src=\"https:\/\/www.diario5.com.ar\/wp-content\/uploads\/2024\/09\/ar_cronista20240903.jpg\" width=\"700\" height=\"985\" srcset=\"https:\/\/www.diario5.com.ar\/wp-content\/uploads\/2024\/09\/ar_cronista20240903.jpg 700w, https:\/\/www.diario5.com.ar\/wp-content\/uploads\/2024\/09\/ar_cronista20240903-213x300.jpg 213w\" sizes=\"(max-width: 700px) 100vw, 700px\" \/><\/p>\n<p><img decoding=\"async\" loading=\"lazy\" class=\"aligncenter size-full wp-image-688361\" src=\"https:\/\/www.diario5.com.ar\/wp-content\/uploads\/2024\/09\/ar_eldia20240903.jpg\" width=\"700\" height=\"1009\" srcset=\"https:\/\/www.diario5.com.ar\/wp-content\/uploads\/2024\/09\/ar_eldia20240903.jpg 700w, https:\/\/www.diario5.com.ar\/wp-content\/uploads\/2024\/09\/ar_eldia20240903-208x300.jpg 208w\" sizes=\"(max-width: 700px) 100vw, 700px\" \/><\/p>\n<p><img decoding=\"async\" loading=\"lazy\" class=\"aligncenter size-full wp-image-688362\" src=\"https:\/\/www.diario5.com.ar\/wp-content\/uploads\/2024\/09\/ar_chubut20240903.jpg\" width=\"700\" height=\"906\" srcset=\"https:\/\/www.diario5.com.ar\/wp-content\/uploads\/2024\/09\/ar_chubut20240903.jpg 700w, https:\/\/www.diario5.com.ar\/wp-content\/uploads\/2024\/09\/ar_chubut20240903-232x300.jpg 232w\" sizes=\"(max-width: 700px) 100vw, 700px\" \/><\/p>\n<p><img decoding=\"async\" loading=\"lazy\" class=\"aligncenter size-full wp-image-688363\" src=\"https:\/\/www.diario5.com.ar\/wp-content\/uploads\/2024\/09\/ciudadano20240903.jpg\" width=\"700\" height=\"930\" srcset=\"https:\/\/www.diario5.com.ar\/wp-content\/uploads\/2024\/09\/ciudadano20240903.jpg 700w, https:\/\/www.diario5.com.ar\/wp-content\/uploads\/2024\/09\/ciudadano20240903-226x300.jpg 226w\" sizes=\"(max-width: 700px) 100vw, 700px\" \/><\/p>\n<p><img decoding=\"async\" loading=\"lazy\" class=\"aligncenter size-full wp-image-688364\" src=\"https:\/\/www.diario5.com.ar\/wp-content\/uploads\/2024\/09\/ar_clarin20240903.jpg\" width=\"700\" height=\"976\" srcset=\"https:\/\/www.diario5.com.ar\/wp-content\/uploads\/2024\/09\/ar_clarin20240903.jpg 700w, https:\/\/www.diario5.com.ar\/wp-content\/uploads\/2024\/09\/ar_clarin20240903-215x300.jpg 215w\" sizes=\"(max-width: 700px) 100vw, 700px\" \/><\/p>\n<p><img decoding=\"async\" loading=\"lazy\" class=\"aligncenter size-full wp-image-688365\" src=\"https:\/\/www.diario5.com.ar\/wp-content\/uploads\/2024\/09\/nacion20240903.jpg\" width=\"700\" height=\"1064\" srcset=\"https:\/\/www.diario5.com.ar\/wp-content\/uploads\/2024\/09\/nacion20240903.jpg 700w, https:\/\/www.diario5.com.ar\/wp-content\/uploads\/2024\/09\/nacion20240903-197x300.jpg 197w, https:\/\/www.diario5.com.ar\/wp-content\/uploads\/2024\/09\/nacion20240903-674x1024.jpg 674w\" sizes=\"(max-width: 700px) 100vw, 700px\" \/><\/p>\n<p><img decoding=\"async\" loading=\"lazy\" class=\"aligncenter size-full wp-image-688366\" src=\"https:\/\/www.diario5.com.ar\/wp-content\/uploads\/2024\/09\/ar_ancasti20240903.jpg\" width=\"700\" height=\"949\" srcset=\"https:\/\/www.diario5.com.ar\/wp-content\/uploads\/2024\/09\/ar_ancasti20240903.jpg 700w, https:\/\/www.diario5.com.ar\/wp-content\/uploads\/2024\/09\/ar_ancasti20240903-221x300.jpg 221w\" sizes=\"(max-width: 700px) 100vw, 700px\" \/><\/p>","protected":false},"excerpt":{"rendered":"<p>La sostenibilidad urbana es hoy un objetivo prioritario para muchas ciudades alrededor del mundo, especialmente las verdaderamente grandes. Los esfuerzos ven enfocados hacia la reducci\u00f3n de emisiones de carbono, el transporte p\u00fablico eficiente, la gesti\u00f3n de residuos, la preservaci\u00f3n de espacios verdes y el uso de energ\u00edas renovables. Al investigar algunas fuentes, vemos que en [&hellip;]<\/p>","protected":false},"author":27,"featured_media":688356,"comment_status":"open","ping_status":"open","sticky":false,"template":"","format":"standard","meta":[],"categories":[95,56],"tags":[2071,474,564,524,2115,1597,1869,2021,2073,275,929,1459],"series":[],"_links":{"self":[{"href":"https:\/\/www.diario5.com.ar\/es\/wp-json\/wp\/v2\/posts\/677356"}],"collection":[{"href":"https:\/\/www.diario5.com.ar\/es\/wp-json\/wp\/v2\/posts"}],"about":[{"href":"https:\/\/www.diario5.com.ar\/es\/wp-json\/wp\/v2\/types\/post"}],"author":[{"embeddable":true,"href":"https:\/\/www.diario5.com.ar\/es\/wp-json\/wp\/v2\/users\/27"}],"replies":[{"embeddable":true,"href":"https:\/\/www.diario5.com.ar\/es\/wp-json\/wp\/v2\/comments?post=677356"}],"version-history":[{"count":4,"href":"https:\/\/www.diario5.com.ar\/es\/wp-json\/wp\/v2\/posts\/677356\/revisions"}],"predecessor-version":[{"id":688373,"href":"https:\/\/www.diario5.com.ar\/es\/wp-json\/wp\/v2\/posts\/677356\/revisions\/688373"}],"wp:featuredmedia":[{"embeddable":true,"href":"https:\/\/www.diario5.com.ar\/es\/wp-json\/wp\/v2\/media\/688356"}],"wp:attachment":[{"href":"https:\/\/www.diario5.com.ar\/es\/wp-json\/wp\/v2\/media?parent=677356"}],"wp:term":[{"taxonomy":"category","embeddable":true,"href":"https:\/\/www.diario5.com.ar\/es\/wp-json\/wp\/v2\/categories?post=677356"},{"taxonomy":"post_tag","embeddable":true,"href":"https:\/\/www.diario5.com.ar\/es\/wp-json\/wp\/v2\/tags?post=677356"},{"taxonomy":"series","embeddable":true,"href":"https:\/\/www.diario5.com.ar\/es\/wp-json\/wp\/v2\/series?post=677356"}],"curies":[{"name":"wp","href":"https:\/\/api.w.org\/{rel}","templated":true}]}}