{"id":677355,"date":"2024-09-02T06:11:00","date_gmt":"2024-09-02T09:11:00","guid":{"rendered":"http:\/\/diario5.com.ar\/?p=677355"},"modified":"2024-09-02T06:14:07","modified_gmt":"2024-09-02T09:14:07","slug":"677355","status":"publish","type":"post","link":"https:\/\/www.diario5.com.ar\/es\/677355\/","title":{"rendered":"M\u00e1s sobre el Invierno 2024"},"content":{"rendered":"<h2 class=\"sub-title-primary\">\u00bfPor qu\u00e9 no es tan sencillo asegurar si este fr\u00edo e interminable invierno argentino de 2024 es parte del calentamiento global?<\/h2> <h3 class=\"\" data-sourcepos=\"5:1-5:32\"><img decoding=\"async\" loading=\"lazy\" class=\"aligncenter size-full wp-image-688341\" src=\"https:\/\/www.diario5.com.ar\/wp-content\/uploads\/2024\/09\/Climate-Change-3-600x400-c-default20240902.jpg\" width=\"600\" height=\"400\" srcset=\"https:\/\/www.diario5.com.ar\/wp-content\/uploads\/2024\/09\/Climate-Change-3-600x400-c-default20240902.jpg 600w, https:\/\/www.diario5.com.ar\/wp-content\/uploads\/2024\/09\/Climate-Change-3-600x400-c-default20240902-300x200.jpg 300w\" sizes=\"(max-width: 600px) 100vw, 600px\" \/><\/h3>\n<p>Comencemos por entender el escenario de Eventos clim\u00e1ticos extremos vs. tendencias a largo plazo. El calentamiento global es una TLP pero los eventos clim\u00e1ticos individuales (como un invierno particularmente fr\u00edo) pueden ser influenciados por una variedad de factores a corto plazo, como patrones de circulaci\u00f3n atmosf\u00e9rica, fen\u00f3menos oce\u00e1nicos (como El Ni\u00f1o o La Ni\u00f1a) y variabilidad natural del clima.<\/p>\n<p>Las hist\u00f3ricas revistas <em class=\"\">Nature<\/em>, <em class=\"\">Science y<\/em>\u00a0<em class=\"\">Geophysical Research Letters <\/em>son algunos de los Medios especializados que est\u00e1n comenzando dejar en claro que ciertos fr\u00edos y ciertos calores son efecto de un mismo problema. Tambi\u00e9n los hacen SciNews, con sus noticias y an\u00e1lisis sobre los \u00faltimos avances en ciencia, incluyendo el cambio clim\u00e1tico y ScienceDaily, que siempre incluye art\u00edculos sobre una amplia gama de temas cient\u00edficos.<\/p>\n<p>En un panorama por las las entidades m\u00e1s importantes en el tratamiento de esta problem\u00e1tica, veremos que si tuvieran que atribuir definitivamente un evento extremo al cambio clim\u00e1tico, los cient\u00edficos analizan grandes conjuntos de datos y utilizan modelos clim\u00e1ticos sofisticados. Es natural que nos encontremos con que este proceso lleve tiempo.<\/p>\n<p data-sourcepos=\"7:1-7:35\">Para informarnos sobre estos temas, debemos apelar a las fuentes originales de mayor confiabilidad, evitando caer en las conocidas tergiversaciones de las redes sociales ni en la automatizaci\u00f3n de la inteligencia artificial. Algunas de las instituciones que integran nuestra lista \u00abFuentes OK\u00bb ya fueron mencinadas en el trabajo de Indiana Art\u00e1n, publicado en Diario 5 el 25 de agosto.<\/p>\n<blockquote class=\"wp-embedded-content\" data-secret=\"BK1Pr1bwED\"><p><a href=\"https:\/\/www.diario5.com.ar\/es\/677347\/\">\u00bfEl fr\u00edo del calentamiento global?<\/a><\/p><\/blockquote>\n<p><iframe class=\"wp-embedded-content\" sandbox=\"allow-scripts\" security=\"restricted\" style=\"position: absolute; clip: rect(1px, 1px, 1px, 1px);\" title=\"\u00ab\u00bfEl fr\u00edo del calentamiento global?\u00bb \u2014 Diario 5\" src=\"https:\/\/www.diario5.com.ar\/677347\/embed\/#?secret=80ywE3fU0z#?secret=BK1Pr1bwED\" data-secret=\"BK1Pr1bwED\" width=\"600\" height=\"338\" frameborder=\"0\" marginwidth=\"0\" marginheight=\"0\" scrolling=\"no\"><\/iframe><\/p>\n<p>El Panel Intergubernamental sobre el Cambio Clim\u00e1tico (IPCC) es la autoridad cient\u00edfica mundial sobre el cambio clim\u00e1tico. Sus informes de evaluaci\u00f3n son considerados la referencia m\u00e1s completa y confiable en este tema. Otros servicios confiables son la Organizaci\u00f3n Meteorol\u00f3gica Mundial y el Programa de las Naciones Unidas para el Medio Ambiente.\u00a0Las dos Agencias Espaciales de occidente aportan informaci\u00f3n. La NASA cuenta con una gran cantidad de datos satelitales y estudios sobre el cambio clim\u00e1tico, mientras que la Agencia Espacial Europea (ESA) tambi\u00e9n realiza investigaciones y monitorea el cambio clim\u00e1tico desde el espacio.<\/p>\n<p>Nuestro Servicio Meteorol\u00f3gico Nacional\u00a0trabaja con un profesionalismo digno de ser premiado por c\u00f3mo proporciona informaci\u00f3n meteorol\u00f3gica y clim\u00e1tica espec\u00edfica para la Argentina, incluyendo an\u00e1lisis de eventos extremos.<\/p>\n<p>De todos modos, aunque no podamos establecer una conexi\u00f3n directa y definitiva en este caso, es posible afirmar que el calentamiento global no significa solo calor: Una de las consecuencias del cambio clim\u00e1tico es una mayor variabilidad clim\u00e1tica. Esto significa que podemos experimentar eventos clim\u00e1ticos extremos m\u00e1s frecuentes e intensos, tanto de calor como de fr\u00edo.<\/p>\n<h3>Los inviernos fr\u00edos no contradicen el calentamiento global<\/h3>\n<p>Si bien puede parecer, conceptualmente, un giro que contradice la premisa b\u00e1sica, el calentamiento global puede conducir a inviernos m\u00e1s fr\u00edos en algunas regiones debido a cambios en los patrones de circulaci\u00f3n atmosf\u00e9rica.<\/p>\n<p><img decoding=\"async\" src=\"https:\/\/preview.redd.it\/record-cold-in-argentina-as-cold-wave-from-antartica-hits-v0-9sh6qnbgswad1.jpg?width=640&amp;crop=smart&amp;auto=webp&amp;s=cbc7a527e18839d784ab06f996463e03202e1a36\" alt=\"CDN media\" \/><\/p>\n<p>La evidencia del cambio clim\u00e1tico es abrumadora. Es que a pesar de las variaciones a corto plazo, la evidencia muestra de manera contundente que el planeta se est\u00e1 calentando debido a las actividades humanas.<\/p>\n<p>Los centros de estudios clim\u00e1ticos, los servicios meteorol\u00f3gicos de los pa\u00edses y los cient\u00edficos especializados suelen ser cautelosos al atribuir un evento individual al cambio clim\u00e1tico. Sin embargo, reconocen que los eventos extremos son cada vez m\u00e1s frecuentes y que el cambio clim\u00e1tico est\u00e1 aumentando la probabilidad de que ocurran.<\/p>\n<p>En lugar de buscar una respuesta definitiva para un evento espec\u00edfico, es m\u00e1s productivo fomentar la investigaci\u00f3n cient\u00edfica y apoyar a los cient\u00edficos que estudian el clima y sus cambios. Esto es fundamental para comprender mejor estos fen\u00f3menos. Desde ya que la famosa reducci\u00f3n de\u00a0emisiones de gases de efecto invernadero es esencial para limitar los impactos del cambio clim\u00e1tico a largo plazo.<\/p>\n<p>Mientras que no podemos afirmar con certeza que el fr\u00edo invierno 2024 en Argentina sea una consecuencia directa del calentamiento global, este momento particular en una temporada nos recuerda la complejidad del clima y la importancia de abordar el cambio clim\u00e1tico de manera integral.<\/p>\n<p>&nbsp;<\/p>\n<p><!--googleon: index--><br \/>\n<img decoding=\"async\" loading=\"lazy\" class=\"aligncenter size-full wp-image-688342\" src=\"https:\/\/www.diario5.com.ar\/wp-content\/uploads\/2024\/09\/ar_capital_rosario20240902.jpg\" width=\"700\" height=\"939\" srcset=\"https:\/\/www.diario5.com.ar\/wp-content\/uploads\/2024\/09\/ar_capital_rosario20240902.jpg 700w, https:\/\/www.diario5.com.ar\/wp-content\/uploads\/2024\/09\/ar_capital_rosario20240902-224x300.jpg 224w\" sizes=\"(max-width: 700px) 100vw, 700px\" \/><\/p>\n<p><img decoding=\"async\" src=\"https:\/\/img.kiosko.net\/2024\/09\/02\/ar\/ar_nueva_provincia.jpg\" \/><\/p>\n<p><img decoding=\"async\" src=\"https:\/\/img.kiosko.net\/2024\/09\/02\/ar\/ar_duplicado.jpg\" \/><\/p>\n<p><img decoding=\"async\" loading=\"lazy\" class=\"aligncenter size-full wp-image-688343\" src=\"https:\/\/www.diario5.com.ar\/wp-content\/uploads\/2024\/09\/esquiu20240902.jpg\" width=\"700\" height=\"920\" srcset=\"https:\/\/www.diario5.com.ar\/wp-content\/uploads\/2024\/09\/esquiu20240902.jpg 700w, https:\/\/www.diario5.com.ar\/wp-content\/uploads\/2024\/09\/esquiu20240902-228x300.jpg 228w\" sizes=\"(max-width: 700px) 100vw, 700px\" \/><\/p>\n<p><img decoding=\"async\" src=\"https:\/\/img.kiosko.net\/2024\/09\/02\/ar\/ar_diario_norte.jpg\" \/><\/p>\n<p><img decoding=\"async\" loading=\"lazy\" class=\"aligncenter size-full wp-image-688344\" src=\"https:\/\/www.diario5.com.ar\/wp-content\/uploads\/2024\/09\/voz_chaco20240902.jpg\" width=\"700\" height=\"823\" srcset=\"https:\/\/www.diario5.com.ar\/wp-content\/uploads\/2024\/09\/voz_chaco20240902.jpg 700w, https:\/\/www.diario5.com.ar\/wp-content\/uploads\/2024\/09\/voz_chaco20240902-255x300.jpg 255w\" sizes=\"(max-width: 700px) 100vw, 700px\" \/><\/p>\n<p><img decoding=\"async\" src=\"https:\/\/img.kiosko.net\/2024\/09\/02\/ar\/ar_diario_madryn.jpg\" \/><\/p>\n<p><img decoding=\"async\" src=\"https:\/\/img.kiosko.net\/2024\/09\/02\/ar\/ar_laprensa.jpg\" \/><\/p>\n<p><img decoding=\"async\" loading=\"lazy\" class=\"aligncenter size-full wp-image-688345\" src=\"https:\/\/www.diario5.com.ar\/wp-content\/uploads\/2024\/09\/ar_cronista20240902.jpg\" width=\"700\" height=\"983\" srcset=\"https:\/\/www.diario5.com.ar\/wp-content\/uploads\/2024\/09\/ar_cronista20240902.jpg 700w, https:\/\/www.diario5.com.ar\/wp-content\/uploads\/2024\/09\/ar_cronista20240902-214x300.jpg 214w\" sizes=\"(max-width: 700px) 100vw, 700px\" \/><\/p>\n<p><img decoding=\"async\" src=\"https:\/\/img.kiosko.net\/2024\/09\/02\/ar\/buenosaires_economico.jpg\" \/><\/p>\n<p><img decoding=\"async\" src=\"https:\/\/img.kiosko.net\/2024\/09\/02\/ar\/ar_perfil.jpg\" \/><\/p>\n<p><img decoding=\"async\" loading=\"lazy\" class=\"aligncenter size-full wp-image-688346\" src=\"https:\/\/www.diario5.com.ar\/wp-content\/uploads\/2024\/09\/ar_eldia20240902.jpg\" width=\"700\" height=\"1004\" srcset=\"https:\/\/www.diario5.com.ar\/wp-content\/uploads\/2024\/09\/ar_eldia20240902.jpg 700w, https:\/\/www.diario5.com.ar\/wp-content\/uploads\/2024\/09\/ar_eldia20240902-209x300.jpg 209w\" sizes=\"(max-width: 700px) 100vw, 700px\" \/><\/p>\n<p><img decoding=\"async\" src=\"https:\/\/img.kiosko.net\/2024\/09\/02\/ar\/ar_hoy.jpg\" \/><\/p>\n<p><img decoding=\"async\" src=\"https:\/\/img.kiosko.net\/2024\/09\/02\/ar\/ar_democracia.jpg\" \/><\/p>\n<p><img decoding=\"async\" loading=\"lazy\" class=\"aligncenter size-full wp-image-688347\" src=\"https:\/\/www.diario5.com.ar\/wp-content\/uploads\/2024\/09\/ar_chubut20240902.jpg\" width=\"700\" height=\"905\" srcset=\"https:\/\/www.diario5.com.ar\/wp-content\/uploads\/2024\/09\/ar_chubut20240902.jpg 700w, https:\/\/www.diario5.com.ar\/wp-content\/uploads\/2024\/09\/ar_chubut20240902-232x300.jpg 232w\" sizes=\"(max-width: 700px) 100vw, 700px\" \/><\/p>\n<p><img decoding=\"async\" src=\"https:\/\/img.kiosko.net\/2024\/09\/02\/ar\/ar_epoca.jpg\" \/><\/p>\n<p><img decoding=\"async\" src=\"https:\/\/img.kiosko.net\/2024\/09\/02\/ar\/ar_litoral.jpg\" \/><\/p>\n<p><img decoding=\"async\" src=\"https:\/\/img.kiosko.net\/2024\/09\/02\/ar\/ar_heraldo.jpg\" \/><\/p>\n<p><img decoding=\"async\" src=\"https:\/\/img.kiosko.net\/2024\/09\/02\/ar\/ar_manana_formosa.jpg\" \/><\/p>\n<p><img decoding=\"async\" src=\"https:\/\/img.kiosko.net\/2024\/09\/02\/ar\/ar_diario_pampa.jpg\" \/><\/p>\n<p><img decoding=\"async\" src=\"https:\/\/img.kiosko.net\/2024\/09\/02\/ar\/ar_pagina12.jpg\" \/><\/p>\n<p><img decoding=\"async\" src=\"https:\/\/img.kiosko.net\/2024\/09\/02\/ar\/ar_arena.jpg\" \/><\/p>\n<p><img decoding=\"async\" src=\"https:\/\/img.kiosko.net\/2024\/09\/02\/ar\/independiente.jpg\" \/><\/p>\n<p><img decoding=\"async\" src=\"https:\/\/img.kiosko.net\/2024\/09\/02\/ar\/nueva_rioja.jpg\" \/><\/p>\n<p><img decoding=\"async\" src=\"https:\/\/img.kiosko.net\/2024\/09\/02\/ar\/ar_losandes.jpg\" \/><\/p>\n<p><img decoding=\"async\" src=\"https:\/\/img.kiosko.net\/2024\/09\/02\/ar\/ar_tribuno.jpg\" \/><\/p>\n<p><img decoding=\"async\" src=\"https:\/\/img.kiosko.net\/2024\/09\/02\/ar\/lea.jpg\" \/><\/p>\n<p><img decoding=\"async\" src=\"https:\/\/img.kiosko.net\/2024\/09\/02\/ar\/ar_nuevo_diario.jpg\" \/><\/p>\n<p><img decoding=\"async\" src=\"https:\/\/img.kiosko.net\/2024\/09\/02\/ar\/ar_diario_cuyo.jpg\" \/><\/p>\n<p><img decoding=\"async\" src=\"https:\/\/img.kiosko.net\/2024\/09\/02\/ar\/huarpe.jpg\" \/><\/p>\n<p><img decoding=\"async\" src=\"https:\/\/img.kiosko.net\/2024\/09\/02\/ar\/ar_diario_republica.jpg\" \/><\/p>\n<p><img decoding=\"async\" src=\"https:\/\/img.kiosko.net\/2024\/09\/02\/ar\/ar_litoral_sfe.jpg\" \/><\/p>\n<p><img decoding=\"async\" loading=\"lazy\" class=\"aligncenter size-full wp-image-688348\" src=\"https:\/\/www.diario5.com.ar\/wp-content\/uploads\/2024\/09\/ciudadano20240902.jpg\" width=\"700\" height=\"950\" srcset=\"https:\/\/www.diario5.com.ar\/wp-content\/uploads\/2024\/09\/ciudadano20240902.jpg 700w, https:\/\/www.diario5.com.ar\/wp-content\/uploads\/2024\/09\/ciudadano20240902-221x300.jpg 221w\" sizes=\"(max-width: 700px) 100vw, 700px\" \/><\/p>\n<p><img decoding=\"async\" src=\"https:\/\/img.kiosko.net\/2024\/09\/02\/ar\/ar_mirador_provincial.jpg\" \/><\/p>\n<p><img decoding=\"async\" src=\"https:\/\/img.kiosko.net\/2024\/09\/02\/ar\/ar_gaceta.jpg\" \/><\/p>\n<p><img decoding=\"async\" src=\"https:\/\/img.kiosko.net\/2024\/09\/02\/ar\/ar_cronica.jpg\" \/><\/p>\n<p><img decoding=\"async\" loading=\"lazy\" class=\"aligncenter size-full wp-image-688349\" src=\"https:\/\/www.diario5.com.ar\/wp-content\/uploads\/2024\/09\/ar_clarin20240902.jpg\" width=\"700\" height=\"976\" srcset=\"https:\/\/www.diario5.com.ar\/wp-content\/uploads\/2024\/09\/ar_clarin20240902.jpg 700w, https:\/\/www.diario5.com.ar\/wp-content\/uploads\/2024\/09\/ar_clarin20240902-215x300.jpg 215w\" sizes=\"(max-width: 700px) 100vw, 700px\" \/><\/p>\n<p><img decoding=\"async\" loading=\"lazy\" class=\"aligncenter size-full wp-image-688350\" src=\"https:\/\/www.diario5.com.ar\/wp-content\/uploads\/2024\/09\/nacion20240902.jpg\" width=\"700\" height=\"1062\" srcset=\"https:\/\/www.diario5.com.ar\/wp-content\/uploads\/2024\/09\/nacion20240902.jpg 700w, https:\/\/www.diario5.com.ar\/wp-content\/uploads\/2024\/09\/nacion20240902-198x300.jpg 198w, https:\/\/www.diario5.com.ar\/wp-content\/uploads\/2024\/09\/nacion20240902-675x1024.jpg 675w\" sizes=\"(max-width: 700px) 100vw, 700px\" \/><\/p>\n<p><img decoding=\"async\" src=\"https:\/\/img.kiosko.net\/2024\/09\/02\/ar\/ar_eco.jpg\" \/><\/p>\n<p><img decoding=\"async\" src=\"https:\/\/img.kiosko.net\/2024\/09\/02\/ar\/nuevo_diario.jpg\" \/><\/p>\n<p><img decoding=\"async\" src=\"https:\/\/img.kiosko.net\/2024\/09\/02\/ar\/sureno.jpg\" \/><\/p>\n<p><img decoding=\"async\" src=\"https:\/\/img.kiosko.net\/2024\/09\/02\/ar\/ar_duplicado.jpg\" \/><\/p>\n<p><img decoding=\"async\" src=\"https:\/\/img.kiosko.net\/2024\/09\/02\/ar\/tiempo_sur.jpg\" \/><\/p>\n<p><img decoding=\"async\" src=\"https:\/\/img.kiosko.net\/2024\/09\/02\/ar\/tiempo_argentino.jpg\" \/><\/p>\n<p><img decoding=\"async\" src=\"https:\/\/img.kiosko.net\/2024\/09\/02\/ar\/ar_epoca.jpg\" \/><\/p>\n<p><img decoding=\"async\" src=\"https:\/\/img.kiosko.net\/2024\/09\/02\/ar\/ar_elsol.jpg\" \/><\/p>\n<p><img decoding=\"async\" loading=\"lazy\" class=\"aligncenter size-full wp-image-688351\" src=\"https:\/\/www.diario5.com.ar\/wp-content\/uploads\/2024\/09\/ar_ancasti20240902.jpg\" width=\"700\" height=\"942\" srcset=\"https:\/\/www.diario5.com.ar\/wp-content\/uploads\/2024\/09\/ar_ancasti20240902.jpg 700w, https:\/\/www.diario5.com.ar\/wp-content\/uploads\/2024\/09\/ar_ancasti20240902-223x300.jpg 223w\" sizes=\"(max-width: 700px) 100vw, 700px\" \/><\/p>\n<p><img decoding=\"async\" src=\"\/\/img.kiosko.net\/2024\/09\/02\/ar\/ar_rio_negro.jpg\" \/><\/p>\n<p><img decoding=\"async\" src=\"https:\/\/img.kiosko.net\/2024\/09\/02\/ar\/ar_03.jpg\" \/><\/p>\n<p><img decoding=\"async\" src=\"https:\/\/img.kiosko.net\/2024\/09\/02\/ar\/ar_04.jpg\" \/><\/p>\n<p><img decoding=\"async\" src=\"https:\/\/img.kiosko.net\/2024\/09\/02\/ar\/ar_05.jpg\" \/><\/p>\n<p>&nbsp;<\/p>","protected":false},"excerpt":{"rendered":"<p>\u00bfPor qu\u00e9 no es tan sencillo asegurar si este fr\u00edo e interminable invierno argentino de 2024 es parte del calentamiento global? Comencemos por entender el escenario de Eventos clim\u00e1ticos extremos vs. tendencias a largo plazo. El calentamiento global es una TLP pero los eventos clim\u00e1ticos individuales (como un invierno particularmente fr\u00edo) pueden ser influenciados por [&hellip;]<\/p>","protected":false},"author":5,"featured_media":688341,"comment_status":"open","ping_status":"open","sticky":false,"template":"","format":"standard","meta":[],"categories":[2006,95,2062,56],"tags":[1160,1177,1153,1145,1152,1283,527,560,1952,2063,665,567,1492,1685],"series":[],"_links":{"self":[{"href":"https:\/\/www.diario5.com.ar\/es\/wp-json\/wp\/v2\/posts\/677355"}],"collection":[{"href":"https:\/\/www.diario5.com.ar\/es\/wp-json\/wp\/v2\/posts"}],"about":[{"href":"https:\/\/www.diario5.com.ar\/es\/wp-json\/wp\/v2\/types\/post"}],"author":[{"embeddable":true,"href":"https:\/\/www.diario5.com.ar\/es\/wp-json\/wp\/v2\/users\/5"}],"replies":[{"embeddable":true,"href":"https:\/\/www.diario5.com.ar\/es\/wp-json\/wp\/v2\/comments?post=677355"}],"version-history":[{"count":5,"href":"https:\/\/www.diario5.com.ar\/es\/wp-json\/wp\/v2\/posts\/677355\/revisions"}],"predecessor-version":[{"id":688310,"href":"https:\/\/www.diario5.com.ar\/es\/wp-json\/wp\/v2\/posts\/677355\/revisions\/688310"}],"wp:featuredmedia":[{"embeddable":true,"href":"https:\/\/www.diario5.com.ar\/es\/wp-json\/wp\/v2\/media\/688341"}],"wp:attachment":[{"href":"https:\/\/www.diario5.com.ar\/es\/wp-json\/wp\/v2\/media?parent=677355"}],"wp:term":[{"taxonomy":"category","embeddable":true,"href":"https:\/\/www.diario5.com.ar\/es\/wp-json\/wp\/v2\/categories?post=677355"},{"taxonomy":"post_tag","embeddable":true,"href":"https:\/\/www.diario5.com.ar\/es\/wp-json\/wp\/v2\/tags?post=677355"},{"taxonomy":"series","embeddable":true,"href":"https:\/\/www.diario5.com.ar\/es\/wp-json\/wp\/v2\/series?post=677355"}],"curies":[{"name":"wp","href":"https:\/\/api.w.org\/{rel}","templated":true}]}}