{"id":677352,"date":"2024-08-30T06:11:00","date_gmt":"2024-08-30T09:11:00","guid":{"rendered":"http:\/\/diario5.com.ar\/?p=677352"},"modified":"2024-08-30T06:14:15","modified_gmt":"2024-08-30T09:14:15","slug":"677352","status":"publish","type":"post","link":"https:\/\/www.diario5.com.ar\/es\/677352\/","title":{"rendered":"T\u00edtulo y Carnet, innecesarios"},"content":{"rendered":"<h2 class=\"sub-title-primary\"><\/h2> <p><img decoding=\"async\" loading=\"lazy\" class=\"alignnone size-full wp-image-688265\" src=\"https:\/\/www.diario5.com.ar\/wp-content\/uploads\/2024\/08\/tapa_carnet_locutor.jpeg\" alt=\"\" width=\"1280\" height=\"720\" srcset=\"https:\/\/www.diario5.com.ar\/wp-content\/uploads\/2024\/08\/tapa_carnet_locutor.jpeg 1280w, https:\/\/www.diario5.com.ar\/wp-content\/uploads\/2024\/08\/tapa_carnet_locutor-300x169.jpeg 300w, https:\/\/www.diario5.com.ar\/wp-content\/uploads\/2024\/08\/tapa_carnet_locutor-1024x576.jpeg 1024w, https:\/\/www.diario5.com.ar\/wp-content\/uploads\/2024\/08\/tapa_carnet_locutor-768x432.jpeg 768w\" sizes=\"(max-width: 1280px) 100vw, 1280px\" \/><\/p>\n<p>En la Argentina, desde hace 73 a\u00f1os, para ser locutor hay que cursar 3 a\u00f1os en el ISER (u otros institutos autorizados). Al terminar, se obtiene el carnet de \u00abLocutor Nacional\u00bb. Yo lo hice y trabaj\u00e9 muchos a\u00f1os bajo esta normativa. Y en ella se establece que s\u00f3lo los locutores y locutoras profesionales con el carnet habilitante pueden mencionar marcas en radio y TV, as\u00ed como dar lectura a los informativos o decir la hora y la temperatura en la radio. Una estupidez. Hasta hace unos a\u00f1os parec\u00eda una medida verdaderamente justa con los miembros de un gremio.<\/p>\n<p>\u00bfQu\u00e9 pas\u00f3, entonces?<\/p>\n<p>Cuando comenz\u00f3 a notarse que muchos de los profesionales nuevos ya no pod\u00edan ofrecer una lectura sin afectaciones o, por lo menos, con la menor cantidad posible de ellas, entend\u00ed que ten\u00eda raz\u00f3n cuando pensaba que muchas de las t\u00e9cnicas que me hab\u00edan ense\u00f1ado en la etapa de estudiante de locuci\u00f3n era tan, pero tan innecesario y banal para un buen desempe\u00f1o en radio y TV que me sent\u00ed retroactivamente estafado por el Estado.<\/p>\n<article class=\"w-full text-token-text-primary focus-visible:outline-2 focus-visible:outline-offset-[-4px]\" dir=\"auto\" data-testid=\"conversation-turn-82\" data-scroll-anchor=\"false\">\n<div class=\"text-base py-[18px] px-3 md:px-4 m-auto md:px-5\">\n<div class=\"mx-auto flex flex-1 gap-4 text-base md:gap-5 lg:gap-6 md:max-w-3xl lg:max-w-[40rem] xl:max-w-[48rem]\">\n<div class=\"group\/conversation-turn relative flex w-full min-w-0 flex-col\">\n<div class=\"flex-col gap-1 md:gap-3\">\n<div class=\"flex max-w-full flex-col flex-grow\">\n<div class=\"min-h-[20px] text-message flex w-full flex-col items-end gap-2 break-words [.text-message+&amp;]:mt-5 overflow-x-auto whitespace-normal\" dir=\"auto\" data-message-author-role=\"user\" data-message-id=\"aaa2066b-472d-408d-a7a4-f25733bd04ab\">\n<div class=\"flex w-full flex-col gap-1 empty:hidden items-end rtl:items-start\">\n<div class=\"relative max-w-[70%] rounded-3xl bg-[#f4f4f4] px-5 py-2.5 dark:bg-token-main-surface-secondary\">\n<div class=\"whitespace-pre-wrap\">Desde nuestra perspectiva actual, las personas que leen correctamente o se manejan con soltura frente al micr\u00f3fono pueden ejercer la locuci\u00f3n profesional, como se observa en la Rep\u00fablica Oriental de Uruguay. Ocurre que est\u00e1 demostrado que, en la actualidad, hay locutores que trabajan muy a desgano, con p\u00e9sima dicci\u00f3n, she\u00edsmo (pronunciar la \u00aby\u00bb o la \u00abll\u00bb como si se tratara de una palabra con \u00absh\u00bb, o como si en ingl\u00e9s al apodo Joe, lo pronunciara \u00abshow\u00bb).<\/div>\n<div><\/div>\n<div class=\"whitespace-pre-wrap\">Aparte, cuando estaban diseminados unos 3.500 carnets de locutores en el mercado de los medios de comunicaci\u00f3n, en todo el pa\u00eds, unas 270 emisoras de variada infraestructura cumpl\u00edan con la normativa (perecedera, sin remedio) de emplear locutores que cumpl\u00edan turnos para cubrir la transmisi\u00f3n durante las 24 horas del d\u00eda. Hoy, s\u00f3lo cumplen con esa rutina apenas 30 radios. Las dem\u00e1s, en semejante panorama de crisis, luego de la seguidilla de quiebras de empresas de radiodifusi\u00f3n y viendo el paup\u00e9rrimo rol que se le sigue asignando a los locutores comerciales (decir al aire la hora y la temperatura) o -para los locutores redactores- haya cada vez menos informativos que los necesiten \u00bfqui\u00e9n se anima a decirles a esas empresas que est\u00e1n \u00abinclumpliendo\u00bb con su virtual obligaci\u00f3n de tener empleada a una plantilla completa de locutores, cuando hasta un chico de 6 a\u00f1os se da cuenta de que no hace falta para nada tener locutores para que la emisora funcione perfectamente, incluyendo la prehistorica defensa de la \u00abest\u00e9tica de sus voces\u00bb.<\/div>\n<div><\/div>\n<div class=\"absolute bottom-0 right-full top-0 -mr-3.5 hidden pr-5 pt-1 [.group\\\/conversation-turn:hover_&amp;]:block\">Si bien durante d\u00e9cadas el carnet de locutor fue un s\u00edmbolo de profesionalismo y excelencia en la radio y la televisi\u00f3n, la realidad actual puso en duda su verdadera necesidad y termin\u00f3 confirmando su prescindibilidad. Hoy en d\u00eda, con la formaci\u00f3n adecuada, un buen lector con vocaci\u00f3n y una voz agradable puede aprender las t\u00e9cnicas de locuci\u00f3n en unos pocos meses y desempe\u00f1arse de manera muy superior a muchos poseedores del carnet. El problema no radica en el t\u00edtulo en s\u00ed, sino en la calidad de la formaci\u00f3n y en la verdadera pasi\u00f3n por el oficio.<\/div>\n<\/div>\n<\/div>\n<\/div>\n<\/div>\n<\/div>\n<\/div>\n<\/div>\n<\/div>\n<\/article>\n<article class=\"w-full text-token-text-primary focus-visible:outline-2 focus-visible:outline-offset-[-4px]\" dir=\"auto\" data-testid=\"conversation-turn-83\" data-scroll-anchor=\"true\">\n<div class=\"text-base py-[18px] px-3 md:px-4 m-auto md:px-5\">\n<div class=\"mx-auto flex flex-1 gap-4 text-base md:gap-5 lg:gap-6 md:max-w-3xl lg:max-w-[40rem] xl:max-w-[48rem]\">\n<div class=\"group\/conversation-turn relative flex w-full min-w-0 flex-col agent-turn\">\n<div class=\"flex-col gap-1 md:gap-3\">\n<div class=\"flex max-w-full flex-col flex-grow\">\n<div class=\"min-h-[20px] text-message flex w-full flex-col items-end gap-2 break-words [.text-message+&amp;]:mt-5 overflow-x-auto whitespace-normal\" dir=\"auto\" data-message-author-role=\"assistant\" data-message-id=\"6fd89414-abef-472e-98be-e74b535e1cc1\">\n<div class=\"flex w-full flex-col gap-1 empty:hidden first:pt-[3px]\">\n<div class=\"markdown prose w-full break-words dark:prose-invert light\">\n<p>Es desconcertante observar c\u00f3mo algunos locutores, que han pasado a\u00f1os en formaci\u00f3n y han obtenido su carnet, demuestran una dicci\u00f3n deficiente y un tono de lectura que parece m\u00e1s apropiado para un ni\u00f1o que para un profesional. \u00bfC\u00f3mo es posible que estas personas hayan sido aprobadas por instituciones como el ISER o las dem\u00e1s academias habilitadas? La respuesta podr\u00eda estar en la rigidez de un sistema que, en lugar de enfocarse en la verdadera calidad, se ha vuelto complaciente y desfasado.<\/p>\n<p>En un entorno medi\u00e1tico en constante evoluci\u00f3n, es vital reconocer que la habilidad para comunicar de manera clara y efectiva no depende de un papel oficial, sino de la pr\u00e1ctica, la pasi\u00f3n y el talento natural. La insistencia en mantener un carnet obligatorio, cuando las competencias reales se pueden adquirir de manera m\u00e1s eficiente, parece cada vez m\u00e1s innecesaria y hasta contraproducente para la evoluci\u00f3n de los medios.<\/p>\n<\/div>\n<\/div>\n<\/div>\n<\/div>\n<\/div>\n<\/div>\n<\/div>\n<\/div>\n<\/article>\n<p>Burlarse de los spots comerciales que, en\u00a0 incluyen locutores p\u00e9simos es una tendencia cada vez m\u00e1s extendida entre quienes conocen sobre estos temas. M\u00e1s all\u00e1 de que se considere discutible su eventual justificaci\u00f3n, hay un grupo de personas que se siente estafada porque entiende que jam\u00e1s debi\u00f3 haber estado cursando esos tres a\u00f1os en el ISER en nombre de ir tras un otrora solemne y hoy absurdo carnet habilitante para ejercer la locuci\u00f3n en medios audiovisuales de la Argentina.<\/p>\n<p>No s\u00f3lo  estamos hablando de un oficio que se extingue a diario. Las numerosas demostraciones del poco apego que algunos detentores del tan mentado carnecito tienen con la l\u00f3gica condici\u00f3n cultural de la locuci\u00f3n, apura el final de un err\u00f3neo camino a la nada misma.<\/p>\n<p><img decoding=\"async\" loading=\"lazy\" class=\"aligncenter size-full wp-image-688297\" src=\"https:\/\/www.diario5.com.ar\/wp-content\/uploads\/2024\/08\/ar_capital_rosario20240830.jpg\" width=\"700\" height=\"925\" srcset=\"https:\/\/www.diario5.com.ar\/wp-content\/uploads\/2024\/08\/ar_capital_rosario20240830.jpg 700w, https:\/\/www.diario5.com.ar\/wp-content\/uploads\/2024\/08\/ar_capital_rosario20240830-227x300.jpg 227w\" sizes=\"(max-width: 700px) 100vw, 700px\" \/><\/p>\n<p><img decoding=\"async\" src=\"https:\/\/img.kiosko.net\/2024\/08\/30\/ar\/ar_nueva_provincia.jpg\" \/><\/p>\n<p><img decoding=\"async\" src=\"https:\/\/img.kiosko.net\/2024\/08\/30\/ar\/ar_duplicado.jpg\" \/><\/p>\n<p><img decoding=\"async\" loading=\"lazy\" class=\"aligncenter size-full wp-image-688298\" src=\"https:\/\/www.diario5.com.ar\/wp-content\/uploads\/2024\/08\/esquiu20240830.jpg\" width=\"700\" height=\"920\" srcset=\"https:\/\/www.diario5.com.ar\/wp-content\/uploads\/2024\/08\/esquiu20240830.jpg 700w, https:\/\/www.diario5.com.ar\/wp-content\/uploads\/2024\/08\/esquiu20240830-228x300.jpg 228w\" sizes=\"(max-width: 700px) 100vw, 700px\" \/><\/p>\n<p><img decoding=\"async\" src=\"https:\/\/img.kiosko.net\/2024\/08\/30\/ar\/ar_diario_norte.jpg\" \/><\/p>\n<p><img decoding=\"async\" loading=\"lazy\" class=\"aligncenter size-full wp-image-688299\" src=\"https:\/\/www.diario5.com.ar\/wp-content\/uploads\/2024\/08\/voz_chaco20240830.jpg\" width=\"700\" height=\"816\" srcset=\"https:\/\/www.diario5.com.ar\/wp-content\/uploads\/2024\/08\/voz_chaco20240830.jpg 700w, https:\/\/www.diario5.com.ar\/wp-content\/uploads\/2024\/08\/voz_chaco20240830-257x300.jpg 257w\" sizes=\"(max-width: 700px) 100vw, 700px\" \/><\/p>\n<p><img decoding=\"async\" src=\"https:\/\/img.kiosko.net\/2024\/08\/30\/ar\/ar_diario_madryn.jpg\" \/><\/p>\n<p><img decoding=\"async\" src=\"https:\/\/img.kiosko.net\/2024\/08\/30\/ar\/ar_laprensa.jpg\" \/><\/p>\n<p><img decoding=\"async\" loading=\"lazy\" class=\"aligncenter size-full wp-image-688300\" src=\"https:\/\/www.diario5.com.ar\/wp-content\/uploads\/2024\/08\/ar_cronista20240830.jpg\" width=\"700\" height=\"1000\" srcset=\"https:\/\/www.diario5.com.ar\/wp-content\/uploads\/2024\/08\/ar_cronista20240830.jpg 700w, https:\/\/www.diario5.com.ar\/wp-content\/uploads\/2024\/08\/ar_cronista20240830-210x300.jpg 210w\" sizes=\"(max-width: 700px) 100vw, 700px\" \/><\/p>\n<p><img decoding=\"async\" src=\"https:\/\/img.kiosko.net\/2024\/08\/30\/ar\/buenosaires_economico.jpg\" \/><\/p>\n<p><img decoding=\"async\" src=\"https:\/\/img.kiosko.net\/2024\/08\/30\/ar\/ar_perfil.jpg\" \/><\/p>\n<p><img decoding=\"async\" src=\"https:\/\/img.kiosko.net\/2024\/08\/30\/ar\/ar_eldia.jpg\" \/><\/p>\n<p><img decoding=\"async\" src=\"https:\/\/img.kiosko.net\/2024\/08\/30\/ar\/ar_hoy.jpg\" \/><\/p>\n<p><img decoding=\"async\" src=\"https:\/\/img.kiosko.net\/2024\/08\/30\/ar\/ar_democracia.jpg\" \/><\/p>\n<p><img decoding=\"async\" loading=\"lazy\" class=\"aligncenter size-full wp-image-688301\" src=\"https:\/\/www.diario5.com.ar\/wp-content\/uploads\/2024\/08\/ar_chubut20240830.jpg\" width=\"700\" height=\"902\" srcset=\"https:\/\/www.diario5.com.ar\/wp-content\/uploads\/2024\/08\/ar_chubut20240830.jpg 700w, https:\/\/www.diario5.com.ar\/wp-content\/uploads\/2024\/08\/ar_chubut20240830-233x300.jpg 233w\" sizes=\"(max-width: 700px) 100vw, 700px\" \/><\/p>\n<p><img decoding=\"async\" src=\"https:\/\/img.kiosko.net\/2024\/08\/30\/ar\/ar_epoca.jpg\" \/><\/p>\n<p><img decoding=\"async\" src=\"https:\/\/img.kiosko.net\/2024\/08\/30\/ar\/ar_litoral.jpg\" \/><\/p>\n<p><img decoding=\"async\" src=\"https:\/\/img.kiosko.net\/2024\/08\/30\/ar\/ar_heraldo.jpg\" \/><\/p>\n<p><img decoding=\"async\" src=\"https:\/\/img.kiosko.net\/2024\/08\/30\/ar\/ar_manana_formosa.jpg\" \/><\/p>\n<p><img decoding=\"async\" src=\"https:\/\/img.kiosko.net\/2024\/08\/30\/ar\/ar_diario_pampa.jpg\" \/><\/p>\n<p><img decoding=\"async\" src=\"https:\/\/img.kiosko.net\/2024\/08\/30\/ar\/ar_pagina12.jpg\" \/><\/p>\n<p><img decoding=\"async\" src=\"https:\/\/img.kiosko.net\/2024\/08\/30\/ar\/ar_arena.jpg\" \/><\/p>\n<p><img decoding=\"async\" src=\"https:\/\/img.kiosko.net\/2024\/08\/30\/ar\/independiente.jpg\" \/><\/p>\n<p><img decoding=\"async\" src=\"https:\/\/img.kiosko.net\/2024\/08\/30\/ar\/nueva_rioja.jpg\" \/><\/p>\n<p><img decoding=\"async\" src=\"https:\/\/img.kiosko.net\/2024\/08\/30\/ar\/ar_losandes.jpg\" \/><\/p>\n<p><img decoding=\"async\" src=\"https:\/\/img.kiosko.net\/2024\/08\/30\/ar\/ar_tribuno.jpg\" \/><\/p>\n<p><img decoding=\"async\" src=\"https:\/\/img.kiosko.net\/2024\/08\/30\/ar\/lea.jpg\" \/><\/p>\n<p><img decoding=\"async\" src=\"https:\/\/img.kiosko.net\/2024\/08\/30\/ar\/ar_nuevo_diario.jpg\" \/><\/p>\n<p><img decoding=\"async\" src=\"https:\/\/img.kiosko.net\/2024\/08\/30\/ar\/ar_diario_cuyo.jpg\" \/><\/p>\n<p><img decoding=\"async\" src=\"https:\/\/img.kiosko.net\/2024\/08\/30\/ar\/huarpe.jpg\" \/><\/p>\n<p><img decoding=\"async\" src=\"https:\/\/img.kiosko.net\/2024\/08\/30\/ar\/ar_diario_republica.jpg\" \/><\/p>\n<p><img decoding=\"async\" src=\"https:\/\/img.kiosko.net\/2024\/08\/30\/ar\/ar_litoral_sfe.jpg\" \/><\/p>\n<p><img decoding=\"async\" loading=\"lazy\" class=\"aligncenter size-full wp-image-688302\" src=\"https:\/\/www.diario5.com.ar\/wp-content\/uploads\/2024\/08\/ciudadano20240830.jpg\" width=\"700\" height=\"954\" srcset=\"https:\/\/www.diario5.com.ar\/wp-content\/uploads\/2024\/08\/ciudadano20240830.jpg 700w, https:\/\/www.diario5.com.ar\/wp-content\/uploads\/2024\/08\/ciudadano20240830-220x300.jpg 220w\" sizes=\"(max-width: 700px) 100vw, 700px\" \/><\/p>\n<p><img decoding=\"async\" src=\"https:\/\/img.kiosko.net\/2024\/08\/30\/ar\/ar_mirador_provincial.jpg\" \/><\/p>\n<p><img decoding=\"async\" src=\"https:\/\/img.kiosko.net\/2024\/08\/30\/ar\/ar_gaceta.jpg\" \/><\/p>\n<p><img decoding=\"async\" src=\"https:\/\/img.kiosko.net\/2024\/08\/30\/ar\/ar_cronica.jpg\" \/><\/p>\n<p><img decoding=\"async\" loading=\"lazy\" class=\"aligncenter size-full wp-image-688303\" src=\"https:\/\/www.diario5.com.ar\/wp-content\/uploads\/2024\/08\/ar_clarin20240830.jpg\" width=\"700\" height=\"976\" srcset=\"https:\/\/www.diario5.com.ar\/wp-content\/uploads\/2024\/08\/ar_clarin20240830.jpg 700w, https:\/\/www.diario5.com.ar\/wp-content\/uploads\/2024\/08\/ar_clarin20240830-215x300.jpg 215w\" sizes=\"(max-width: 700px) 100vw, 700px\" \/><\/p>\n<p><img decoding=\"async\" loading=\"lazy\" class=\"aligncenter size-full wp-image-688304\" src=\"https:\/\/www.diario5.com.ar\/wp-content\/uploads\/2024\/08\/nacion20240830.jpg\" width=\"700\" height=\"1058\" srcset=\"https:\/\/www.diario5.com.ar\/wp-content\/uploads\/2024\/08\/nacion20240830.jpg 700w, https:\/\/www.diario5.com.ar\/wp-content\/uploads\/2024\/08\/nacion20240830-198x300.jpg 198w, https:\/\/www.diario5.com.ar\/wp-content\/uploads\/2024\/08\/nacion20240830-678x1024.jpg 678w\" sizes=\"(max-width: 700px) 100vw, 700px\" \/><\/p>\n<p><img decoding=\"async\" src=\"https:\/\/img.kiosko.net\/2024\/08\/30\/ar\/ar_eco.jpg\" \/><\/p>\n<p><img decoding=\"async\" src=\"https:\/\/img.kiosko.net\/2024\/08\/30\/ar\/nuevo_diario.jpg\" \/><\/p>\n<p><img decoding=\"async\" src=\"https:\/\/img.kiosko.net\/2024\/08\/30\/ar\/sureno.jpg\" \/><\/p>\n<p><img decoding=\"async\" src=\"https:\/\/img.kiosko.net\/2024\/08\/30\/ar\/ar_duplicado.jpg\" \/><\/p>\n<p><img decoding=\"async\" src=\"https:\/\/img.kiosko.net\/2024\/08\/30\/ar\/tiempo_sur.jpg\" \/><\/p>\n<p><img decoding=\"async\" src=\"https:\/\/img.kiosko.net\/2024\/08\/30\/ar\/tiempo_argentino.jpg\" \/><\/p>\n<p><img decoding=\"async\" src=\"https:\/\/img.kiosko.net\/2024\/08\/30\/ar\/ar_epoca.jpg\" \/><\/p>\n<p><img decoding=\"async\" src=\"https:\/\/img.kiosko.net\/2024\/08\/30\/ar\/ar_elsol.jpg\" \/><\/p>\n<p><img decoding=\"async\" loading=\"lazy\" class=\"aligncenter size-full wp-image-688305\" src=\"https:\/\/www.diario5.com.ar\/wp-content\/uploads\/2024\/08\/ar_ancasti20240830.jpg\" width=\"700\" height=\"942\" srcset=\"https:\/\/www.diario5.com.ar\/wp-content\/uploads\/2024\/08\/ar_ancasti20240830.jpg 700w, https:\/\/www.diario5.com.ar\/wp-content\/uploads\/2024\/08\/ar_ancasti20240830-223x300.jpg 223w\" sizes=\"(max-width: 700px) 100vw, 700px\" \/><\/p>\n<p><img decoding=\"async\" src=\"\/\/img.kiosko.net\/2024\/08\/30\/ar\/ar_rio_negro.jpg\" \/><\/p>\n<p><img decoding=\"async\" src=\"https:\/\/img.kiosko.net\/2024\/08\/30\/ar\/ar_03.jpg\" \/><\/p>\n<p><img decoding=\"async\" src=\"https:\/\/img.kiosko.net\/2024\/08\/30\/ar\/ar_04.jpg\" \/><\/p>\n<p><img decoding=\"async\" src=\"https:\/\/img.kiosko.net\/2024\/08\/30\/ar\/ar_05.jpg\" \/><\/p>\n<p>&nbsp;<\/p>","protected":false},"excerpt":{"rendered":"<p>En la Argentina, desde hace 73 a\u00f1os, para ser locutor hay que cursar 3 a\u00f1os en el ISER (u otros institutos autorizados). Al terminar, se obtiene el carnet de \u00abLocutor Nacional\u00bb. Yo lo hice y trabaj\u00e9 muchos a\u00f1os bajo esta normativa. Y en ella se establece que s\u00f3lo los locutores y locutoras profesionales con el [&hellip;]<\/p>","protected":false},"author":3,"featured_media":688265,"comment_status":"open","ping_status":"open","sticky":false,"template":"","format":"standard","meta":[],"categories":[1],"tags":[1177,1370,1826,1959,270,1864,1490],"series":[],"_links":{"self":[{"href":"https:\/\/www.diario5.com.ar\/es\/wp-json\/wp\/v2\/posts\/677352"}],"collection":[{"href":"https:\/\/www.diario5.com.ar\/es\/wp-json\/wp\/v2\/posts"}],"about":[{"href":"https:\/\/www.diario5.com.ar\/es\/wp-json\/wp\/v2\/types\/post"}],"author":[{"embeddable":true,"href":"https:\/\/www.diario5.com.ar\/es\/wp-json\/wp\/v2\/users\/3"}],"replies":[{"embeddable":true,"href":"https:\/\/www.diario5.com.ar\/es\/wp-json\/wp\/v2\/comments?post=677352"}],"version-history":[{"count":3,"href":"https:\/\/www.diario5.com.ar\/es\/wp-json\/wp\/v2\/posts\/677352\/revisions"}],"predecessor-version":[{"id":688266,"href":"https:\/\/www.diario5.com.ar\/es\/wp-json\/wp\/v2\/posts\/677352\/revisions\/688266"}],"wp:featuredmedia":[{"embeddable":true,"href":"https:\/\/www.diario5.com.ar\/es\/wp-json\/wp\/v2\/media\/688265"}],"wp:attachment":[{"href":"https:\/\/www.diario5.com.ar\/es\/wp-json\/wp\/v2\/media?parent=677352"}],"wp:term":[{"taxonomy":"category","embeddable":true,"href":"https:\/\/www.diario5.com.ar\/es\/wp-json\/wp\/v2\/categories?post=677352"},{"taxonomy":"post_tag","embeddable":true,"href":"https:\/\/www.diario5.com.ar\/es\/wp-json\/wp\/v2\/tags?post=677352"},{"taxonomy":"series","embeddable":true,"href":"https:\/\/www.diario5.com.ar\/es\/wp-json\/wp\/v2\/series?post=677352"}],"curies":[{"name":"wp","href":"https:\/\/api.w.org\/{rel}","templated":true}]}}