{"id":677346,"date":"2024-08-24T06:00:00","date_gmt":"2024-08-24T09:00:00","guid":{"rendered":"http:\/\/diario5.com.ar\/?p=677346"},"modified":"2024-08-24T06:03:59","modified_gmt":"2024-08-24T09:03:59","slug":"677346","status":"publish","type":"post","link":"https:\/\/www.diario5.com.ar\/es\/677346\/","title":{"rendered":"Todo listo"},"content":{"rendered":"<h2 class=\"sub-title-primary\">Lleg\u00f3 el momento. Los 21 km porte\u00f1os se correr\u00e1n desde muy temprano, este domingo. Se anticipa buen tiempo. <\/h2> <p><img decoding=\"async\" loading=\"lazy\" class=\"aligncenter size-full wp-image-688204\" src=\"https:\/\/www.diario5.com.ar\/wp-content\/uploads\/2024\/08\/21K20240824.jpg\" width=\"700\" height=\"466\" srcset=\"https:\/\/www.diario5.com.ar\/wp-content\/uploads\/2024\/08\/21K20240824.jpg 700w, https:\/\/www.diario5.com.ar\/wp-content\/uploads\/2024\/08\/21K20240824-300x200.jpg 300w\" sizes=\"(max-width: 700px) 100vw, 700px\" \/><\/p>\n<p>Ma\u00f1ana, la Ciudad de Buenos Aires ser\u00e1 escenario de la Media Marat\u00f3n, un evento que ya se ha consolidado como uno de los m\u00e1s destacados en el calendario de carreras a nivel mundial. La largada tendr\u00e1 lugar a las 07:30 horas en la intersecci\u00f3n de las avenidas Figueroa Alcorta y Dorrego, donde miles de corredores se congregar\u00e1n para enfrentar el recorrido de 21 kil\u00f3metros.<\/p>\n<h3>Un Evento de Clase Mundial<\/h3>\n<p>Este a\u00f1o, la Media Marat\u00f3n de Buenos Aires ha sido seleccionada por la World Athletics como una de las 10 mejores carreras del mundo. Su circuito veloz, la masividad de participantes y la excelente organizaci\u00f3n son algunos de los factores que han posicionado a esta competencia en un lugar privilegiado. Cabe destacar que en 2019, la carrera fue una de las tres m\u00e1s r\u00e1pidas del planeta y en 2023, fue sede del Campeonato Sudamericano y Argentino de Media Marat\u00f3n, un honor que reafirma su relevancia en la escena deportiva internacional.<\/p>\n<h3>Detalles Log\u00edsticos y Preparativos<\/h3>\n<p>Los d\u00edas previos a la carrera, los corredores inscritos podr\u00e1n retirar su kit, compuesto por la remera oficial del evento y el n\u00famero de identificaci\u00f3n. Este proceso se llevar\u00e1 a cabo en la Expo Marat\u00f3n en Parque Sarmiento, entre el 22 y 24 de agosto. La organizaci\u00f3n ha implementado un sistema digital para la presentaci\u00f3n de los requisitos, buscando facilitar la log\u00edstica y garantizar la seguridad de todos los participantes.<\/p>\n<p>El recorrido de 21 kil\u00f3metros atravesar\u00e1 algunos de los lugares m\u00e1s emblem\u00e1ticos de Buenos Aires, permitiendo a los corredores disfrutar de una experiencia \u00fanica en la que deporte y cultura se entrelazan.<\/p>\n<h3>Medias Maratones en el Mundo<\/h3>\n<p>La media marat\u00f3n, conocida internacionalmente como la \u00abhalf marathon\u00bb, es una carrera que desaf\u00eda a los corredores a completar 21,0975 kil\u00f3metros. Esta modalidad ha ganado popularidad globalmente debido a que representa un reto considerable, pero accesible para quienes buscan superarse sin enfrentarse a la exigencia extrema de un marat\u00f3n completo.<\/p>\n<p>Algunas de las medias maratones m\u00e1s famosas del mundo incluyen la de Nueva York, que atrae a miles de participantes y espectadores cada a\u00f1o; la Great North Run en el Reino Unido, reconocida por su ambiente festivo y su recorrido pintoresco; y la Media Marat\u00f3n de Berl\u00edn, famosa por su r\u00e1pido circuito que ha visto a muchos corredores romper sus marcas personales.<\/p>\n<p>La Media Marat\u00f3n de Buenos Aires es una celebraci\u00f3n de la ciudad y su cultura. Ya sea que est\u00e9s corriendo o apoyando desde las calles, este evento promete ser una experiencia memorable, uniendo a personas de todo el mundo en una de las ciudades m\u00e1s vibrantes de Am\u00e9rica Latina.<\/p>\n<h3><strong>Recomendaciones para los corredores<\/strong><\/h3>\n<p>Para aquellos que participen en la Media Marat\u00f3n de Buenos Aires, es fundamental preparar un plan de entrenamiento adecuado que incluya tanto carreras de resistencia como trabajo de velocidad. Adem\u00e1s, es importante seguir una buena estrategia de hidrataci\u00f3n y alimentaci\u00f3n en los d\u00edas previos y durante la carrera para asegurar un rendimiento \u00f3ptimo.<\/p>\n<p>Los organizadores esperan la participaci\u00f3n de miles de corredores, tanto aficionados como profesionales. Con un circuito que combina velocidad y belleza urbana, la Media Marat\u00f3n de Buenos Aires promete ser, una vez m\u00e1s, un evento inolvidable.<\/p>\n<p>El recorrido:<\/p>\n<p><strong>Avenida Figueroa Alcorta y Avenida Dorrego, Avenida Figueroa Alcorta, Carlos Pellegrini, Avenida Corrientes, Avenida Leandro N. Alem, Avenida Rivadavia, Avenida Presidente Roque S\u00e1enz Pe\u00f1a, Avenida Belgrano, Avenida Presidente Julio A. Roca, Avenida Hip\u00f3lito Yrigoyen, Avenida Paseo Col\u00f3n, Avenida Independencia, Avenida 9 de Julio, Arroyo, Avenida del Libertador, Avenida Sarmiento, Avenida Figueroa Alcorta.<\/strong><\/p>\n<p>La llegada ser\u00e1 nuevamente en <strong>Avenida Figueroa Alcorta y Avenida Dorrego<\/strong>.<\/p>\n<p><img decoding=\"async\" loading=\"lazy\" class=\"aligncenter size-full wp-image-688205\" src=\"https:\/\/www.diario5.com.ar\/wp-content\/uploads\/2024\/08\/bc741764800fcfae466553ee73c42b1920240824.png\" width=\"700\" height=\"298\" srcset=\"https:\/\/www.diario5.com.ar\/wp-content\/uploads\/2024\/08\/bc741764800fcfae466553ee73c42b1920240824.png 700w, https:\/\/www.diario5.com.ar\/wp-content\/uploads\/2024\/08\/bc741764800fcfae466553ee73c42b1920240824-300x128.png 300w\" sizes=\"(max-width: 700px) 100vw, 700px\" \/><\/p>\n<p><!--googleoff: index--><br \/>\n<!--googleon: index--><br \/>\n<img decoding=\"async\" loading=\"lazy\" class=\"aligncenter size-full wp-image-688206\" src=\"https:\/\/www.diario5.com.ar\/wp-content\/uploads\/2024\/08\/ar_capital_rosario20240824.jpg\" width=\"700\" height=\"918\" srcset=\"https:\/\/www.diario5.com.ar\/wp-content\/uploads\/2024\/08\/ar_capital_rosario20240824.jpg 700w, https:\/\/www.diario5.com.ar\/wp-content\/uploads\/2024\/08\/ar_capital_rosario20240824-229x300.jpg 229w\" sizes=\"(max-width: 700px) 100vw, 700px\" \/><\/p>\n<p><img decoding=\"async\" loading=\"lazy\" class=\"aligncenter size-full wp-image-688207\" src=\"https:\/\/www.diario5.com.ar\/wp-content\/uploads\/2024\/08\/ar_nueva_provincia20240824.jpg\" width=\"700\" height=\"968\" srcset=\"https:\/\/www.diario5.com.ar\/wp-content\/uploads\/2024\/08\/ar_nueva_provincia20240824.jpg 700w, https:\/\/www.diario5.com.ar\/wp-content\/uploads\/2024\/08\/ar_nueva_provincia20240824-217x300.jpg 217w\" sizes=\"(max-width: 700px) 100vw, 700px\" \/><\/p>\n<p><img decoding=\"async\" src=\"https:\/\/img.kiosko.net\/2024\/08\/24\/ar\/ar_duplicado.jpg\" \/><\/p>\n<p><img decoding=\"async\" loading=\"lazy\" class=\"aligncenter size-full wp-image-688208\" src=\"https:\/\/www.diario5.com.ar\/wp-content\/uploads\/2024\/08\/esquiu20240824.jpg\" width=\"700\" height=\"920\" srcset=\"https:\/\/www.diario5.com.ar\/wp-content\/uploads\/2024\/08\/esquiu20240824.jpg 700w, https:\/\/www.diario5.com.ar\/wp-content\/uploads\/2024\/08\/esquiu20240824-228x300.jpg 228w\" sizes=\"(max-width: 700px) 100vw, 700px\" \/><\/p>\n<p><img decoding=\"async\" src=\"https:\/\/img.kiosko.net\/2024\/08\/24\/ar\/ar_diario_norte.jpg\" \/><\/p>\n<p><img decoding=\"async\" loading=\"lazy\" class=\"aligncenter size-full wp-image-688209\" src=\"https:\/\/www.diario5.com.ar\/wp-content\/uploads\/2024\/08\/voz_chaco20240824.jpg\" width=\"700\" height=\"816\" srcset=\"https:\/\/www.diario5.com.ar\/wp-content\/uploads\/2024\/08\/voz_chaco20240824.jpg 700w, https:\/\/www.diario5.com.ar\/wp-content\/uploads\/2024\/08\/voz_chaco20240824-257x300.jpg 257w\" sizes=\"(max-width: 700px) 100vw, 700px\" \/><\/p>\n<p><img decoding=\"async\" src=\"https:\/\/img.kiosko.net\/2024\/08\/24\/ar\/ar_diario_madryn.jpg\" \/><\/p>\n<p><img decoding=\"async\" src=\"https:\/\/img.kiosko.net\/2024\/08\/24\/ar\/ar_laprensa.jpg\" \/><\/p>\n<p><img decoding=\"async\" src=\"https:\/\/img.kiosko.net\/2024\/08\/24\/ar\/ar_cronista.jpg\" \/><\/p>\n<p><img decoding=\"async\" src=\"https:\/\/img.kiosko.net\/2024\/08\/24\/ar\/buenosaires_economico.jpg\" \/><\/p>\n<p><img decoding=\"async\" src=\"https:\/\/img.kiosko.net\/2024\/08\/24\/ar\/ar_perfil.jpg\" \/><\/p>\n<p><img decoding=\"async\" loading=\"lazy\" class=\"aligncenter size-full wp-image-688210\" src=\"https:\/\/www.diario5.com.ar\/wp-content\/uploads\/2024\/08\/ar_eldia20240824.jpg\" width=\"700\" height=\"1004\" srcset=\"https:\/\/www.diario5.com.ar\/wp-content\/uploads\/2024\/08\/ar_eldia20240824.jpg 700w, https:\/\/www.diario5.com.ar\/wp-content\/uploads\/2024\/08\/ar_eldia20240824-209x300.jpg 209w\" sizes=\"(max-width: 700px) 100vw, 700px\" \/><\/p>\n<p><img decoding=\"async\" loading=\"lazy\" class=\"aligncenter size-full wp-image-688211\" src=\"https:\/\/www.diario5.com.ar\/wp-content\/uploads\/2024\/08\/ar_hoy20240824.jpg\" width=\"700\" height=\"926\" srcset=\"https:\/\/www.diario5.com.ar\/wp-content\/uploads\/2024\/08\/ar_hoy20240824.jpg 700w, https:\/\/www.diario5.com.ar\/wp-content\/uploads\/2024\/08\/ar_hoy20240824-227x300.jpg 227w\" sizes=\"(max-width: 700px) 100vw, 700px\" \/><\/p>\n<p><img decoding=\"async\" src=\"https:\/\/img.kiosko.net\/2024\/08\/24\/ar\/ar_democracia.jpg\" \/><\/p>\n<p><img decoding=\"async\" loading=\"lazy\" class=\"aligncenter size-full wp-image-688212\" src=\"https:\/\/www.diario5.com.ar\/wp-content\/uploads\/2024\/08\/ar_chubut20240824.jpg\" width=\"700\" height=\"902\" srcset=\"https:\/\/www.diario5.com.ar\/wp-content\/uploads\/2024\/08\/ar_chubut20240824.jpg 700w, https:\/\/www.diario5.com.ar\/wp-content\/uploads\/2024\/08\/ar_chubut20240824-233x300.jpg 233w\" sizes=\"(max-width: 700px) 100vw, 700px\" \/><\/p>\n<p><img decoding=\"async\" src=\"https:\/\/img.kiosko.net\/2024\/08\/24\/ar\/ar_epoca.jpg\" \/><\/p>\n<p><img decoding=\"async\" src=\"https:\/\/img.kiosko.net\/2024\/08\/24\/ar\/ar_litoral.jpg\" \/><\/p>\n<p><img decoding=\"async\" src=\"https:\/\/img.kiosko.net\/2024\/08\/24\/ar\/ar_heraldo.jpg\" \/><\/p>\n<p><img decoding=\"async\" src=\"https:\/\/img.kiosko.net\/2024\/08\/24\/ar\/ar_manana_formosa.jpg\" \/><\/p>\n<p><img decoding=\"async\" src=\"https:\/\/img.kiosko.net\/2024\/08\/24\/ar\/ar_diario_pampa.jpg\" \/><\/p>\n<p><img decoding=\"async\" src=\"https:\/\/img.kiosko.net\/2024\/08\/24\/ar\/ar_pagina12.jpg\" \/><\/p>\n<p><img decoding=\"async\" src=\"https:\/\/img.kiosko.net\/2024\/08\/24\/ar\/ar_arena.jpg\" \/><\/p>\n<p><img decoding=\"async\" src=\"https:\/\/img.kiosko.net\/2024\/08\/24\/ar\/independiente.jpg\" \/><\/p>\n<p><img decoding=\"async\" src=\"https:\/\/img.kiosko.net\/2024\/08\/24\/ar\/nueva_rioja.jpg\" \/><\/p>\n<p><img decoding=\"async\" src=\"https:\/\/img.kiosko.net\/2024\/08\/24\/ar\/ar_losandes.jpg\" \/><\/p>\n<p><img decoding=\"async\" src=\"https:\/\/img.kiosko.net\/2024\/08\/24\/ar\/ar_tribuno.jpg\" \/><\/p>\n<p><img decoding=\"async\" src=\"https:\/\/img.kiosko.net\/2024\/08\/24\/ar\/lea.jpg\" \/><\/p>\n<p><img decoding=\"async\" src=\"https:\/\/img.kiosko.net\/2024\/08\/24\/ar\/ar_nuevo_diario.jpg\" \/><\/p>\n<p><img decoding=\"async\" src=\"https:\/\/img.kiosko.net\/2024\/08\/24\/ar\/ar_diario_cuyo.jpg\" \/><\/p>\n<p><img decoding=\"async\" src=\"https:\/\/img.kiosko.net\/2024\/08\/24\/ar\/huarpe.jpg\" \/><\/p>\n<p><img decoding=\"async\" src=\"https:\/\/img.kiosko.net\/2024\/08\/24\/ar\/ar_diario_republica.jpg\" \/><\/p>\n<p><img decoding=\"async\" src=\"https:\/\/img.kiosko.net\/2024\/08\/24\/ar\/ar_litoral_sfe.jpg\" \/><\/p>\n<p><img decoding=\"async\" loading=\"lazy\" class=\"aligncenter size-full wp-image-688213\" src=\"https:\/\/www.diario5.com.ar\/wp-content\/uploads\/2024\/08\/ciudadano20240824.jpg\" width=\"700\" height=\"957\" srcset=\"https:\/\/www.diario5.com.ar\/wp-content\/uploads\/2024\/08\/ciudadano20240824.jpg 700w, https:\/\/www.diario5.com.ar\/wp-content\/uploads\/2024\/08\/ciudadano20240824-219x300.jpg 219w\" sizes=\"(max-width: 700px) 100vw, 700px\" \/><\/p>\n<p><img decoding=\"async\" src=\"https:\/\/img.kiosko.net\/2024\/08\/24\/ar\/ar_mirador_provincial.jpg\" \/><\/p>\n<p><img decoding=\"async\" src=\"https:\/\/img.kiosko.net\/2024\/08\/24\/ar\/ar_gaceta.jpg\" \/><\/p>\n<p><img decoding=\"async\" src=\"https:\/\/img.kiosko.net\/2024\/08\/24\/ar\/ar_cronica.jpg\" \/><\/p>\n<p><img decoding=\"async\" src=\"https:\/\/img.kiosko.net\/2024\/08\/24\/ar\/ar_clarin.jpg\" \/><\/p>\n<p><img decoding=\"async\" loading=\"lazy\" class=\"aligncenter size-full wp-image-688214\" src=\"https:\/\/www.diario5.com.ar\/wp-content\/uploads\/2024\/08\/nacion20240824.jpg\" width=\"700\" height=\"1062\" srcset=\"https:\/\/www.diario5.com.ar\/wp-content\/uploads\/2024\/08\/nacion20240824.jpg 700w, https:\/\/www.diario5.com.ar\/wp-content\/uploads\/2024\/08\/nacion20240824-198x300.jpg 198w, https:\/\/www.diario5.com.ar\/wp-content\/uploads\/2024\/08\/nacion20240824-675x1024.jpg 675w\" sizes=\"(max-width: 700px) 100vw, 700px\" \/><\/p>\n<p><img decoding=\"async\" src=\"https:\/\/img.kiosko.net\/2024\/08\/24\/ar\/ar_eco.jpg\" \/><\/p>\n<p><img decoding=\"async\" src=\"https:\/\/img.kiosko.net\/2024\/08\/24\/ar\/nuevo_diario.jpg\" \/><\/p>\n<p><img decoding=\"async\" src=\"https:\/\/img.kiosko.net\/2024\/08\/24\/ar\/sureno.jpg\" \/><\/p>\n<p><img decoding=\"async\" src=\"https:\/\/img.kiosko.net\/2024\/08\/24\/ar\/ar_duplicado.jpg\" \/><\/p>\n<p><img decoding=\"async\" src=\"https:\/\/img.kiosko.net\/2024\/08\/24\/ar\/tiempo_sur.jpg\" \/><\/p>\n<p><img decoding=\"async\" src=\"https:\/\/img.kiosko.net\/2024\/08\/24\/ar\/tiempo_argentino.jpg\" \/><\/p>\n<p><img decoding=\"async\" src=\"https:\/\/img.kiosko.net\/2024\/08\/24\/ar\/ar_epoca.jpg\" \/><\/p>\n<p><img decoding=\"async\" src=\"https:\/\/img.kiosko.net\/2024\/08\/24\/ar\/ar_elsol.jpg\" \/><\/p>\n<p><img decoding=\"async\" loading=\"lazy\" class=\"aligncenter size-full wp-image-688215\" src=\"https:\/\/www.diario5.com.ar\/wp-content\/uploads\/2024\/08\/ar_ancasti20240824.jpg\" width=\"700\" height=\"949\" srcset=\"https:\/\/www.diario5.com.ar\/wp-content\/uploads\/2024\/08\/ar_ancasti20240824.jpg 700w, https:\/\/www.diario5.com.ar\/wp-content\/uploads\/2024\/08\/ar_ancasti20240824-221x300.jpg 221w\" sizes=\"(max-width: 700px) 100vw, 700px\" \/><\/p>\n<p><img decoding=\"async\" src=\"\/\/img.kiosko.net\/2024\/08\/24\/ar\/ar_rio_negro.jpg\" \/><\/p>\n<p><img decoding=\"async\" src=\"https:\/\/img.kiosko.net\/2024\/08\/24\/ar\/ar_03.jpg\" \/><\/p>\n<p><img decoding=\"async\" src=\"https:\/\/img.kiosko.net\/2024\/08\/24\/ar\/ar_04.jpg\" \/><\/p>\n<p><img decoding=\"async\" src=\"https:\/\/img.kiosko.net\/2024\/08\/24\/ar\/ar_05.jpg\" \/><\/p>\n<p>&nbsp;<\/p>","protected":false},"excerpt":{"rendered":"<p>Lleg\u00f3 el momento. Los 21 km porte\u00f1os se correr\u00e1n desde muy temprano, este domingo. Se anticipa buen tiempo. Ma\u00f1ana, la Ciudad de Buenos Aires ser\u00e1 escenario de la Media Marat\u00f3n, un evento que ya se ha consolidado como uno de los m\u00e1s destacados en el calendario de carreras a nivel mundial. La largada tendr\u00e1 lugar [&hellip;]<\/p>","protected":false},"author":5,"featured_media":688204,"comment_status":"open","ping_status":"open","sticky":false,"template":"","format":"standard","meta":[],"categories":[49,2090,52,56],"tags":[2095,1387,1935,883,474,630,2043,935,125,85,123,2094,1462,1183,884,885,537,1685],"series":[],"_links":{"self":[{"href":"https:\/\/www.diario5.com.ar\/es\/wp-json\/wp\/v2\/posts\/677346"}],"collection":[{"href":"https:\/\/www.diario5.com.ar\/es\/wp-json\/wp\/v2\/posts"}],"about":[{"href":"https:\/\/www.diario5.com.ar\/es\/wp-json\/wp\/v2\/types\/post"}],"author":[{"embeddable":true,"href":"https:\/\/www.diario5.com.ar\/es\/wp-json\/wp\/v2\/users\/5"}],"replies":[{"embeddable":true,"href":"https:\/\/www.diario5.com.ar\/es\/wp-json\/wp\/v2\/comments?post=677346"}],"version-history":[{"count":4,"href":"https:\/\/www.diario5.com.ar\/es\/wp-json\/wp\/v2\/posts\/677346\/revisions"}],"predecessor-version":[{"id":688185,"href":"https:\/\/www.diario5.com.ar\/es\/wp-json\/wp\/v2\/posts\/677346\/revisions\/688185"}],"wp:featuredmedia":[{"embeddable":true,"href":"https:\/\/www.diario5.com.ar\/es\/wp-json\/wp\/v2\/media\/688204"}],"wp:attachment":[{"href":"https:\/\/www.diario5.com.ar\/es\/wp-json\/wp\/v2\/media?parent=677346"}],"wp:term":[{"taxonomy":"category","embeddable":true,"href":"https:\/\/www.diario5.com.ar\/es\/wp-json\/wp\/v2\/categories?post=677346"},{"taxonomy":"post_tag","embeddable":true,"href":"https:\/\/www.diario5.com.ar\/es\/wp-json\/wp\/v2\/tags?post=677346"},{"taxonomy":"series","embeddable":true,"href":"https:\/\/www.diario5.com.ar\/es\/wp-json\/wp\/v2\/series?post=677346"}],"curies":[{"name":"wp","href":"https:\/\/api.w.org\/{rel}","templated":true}]}}