{"id":677345,"date":"2024-08-23T06:11:00","date_gmt":"2024-08-23T09:11:00","guid":{"rendered":"http:\/\/diario5.com.ar\/?p=677345"},"modified":"2024-08-23T06:14:10","modified_gmt":"2024-08-23T09:14:10","slug":"677345","status":"publish","type":"post","link":"https:\/\/www.diario5.com.ar\/es\/677345\/","title":{"rendered":"Cementerios: Subastan b\u00f3vedas"},"content":{"rendered":"<h2 class=\"sub-title-primary\"><\/h2> <div class=\"flex-shrink-0 flex flex-col relative items-end\">\n<div>\n<div class=\"pt-0\">\n<div class=\"gizmo-bot-avatar flex h-8 w-8 items-center justify-center overflow-hidden rounded-full\">\n<div class=\"relative p-1 rounded-sm flex items-center justify-center bg-token-main-surface-primary text-token-text-primary h-8 w-8\"><img decoding=\"async\" loading=\"lazy\" class=\"aligncenter size-full wp-image-688189\" src=\"https:\/\/www.diario5.com.ar\/wp-content\/uploads\/2024\/08\/WhatsApp-Image-2024-08-22-at-15.01.04-120240823.jpeg\" width=\"700\" height=\"400\" alt=\"WhatsApp Image 2024-08-22 at 15.01.04 (1).jpeg\" srcset=\"https:\/\/www.diario5.com.ar\/wp-content\/uploads\/2024\/08\/WhatsApp-Image-2024-08-22-at-15.01.04-120240823.jpeg 700w, https:\/\/www.diario5.com.ar\/wp-content\/uploads\/2024\/08\/WhatsApp-Image-2024-08-22-at-15.01.04-120240823-300x171.jpeg 300w\" sizes=\"(max-width: 700px) 100vw, 700px\" \/><\/div>\n<\/div>\n<\/div>\n<\/div>\n<\/div>\n<div class=\"group\/conversation-turn relative flex w-full min-w-0 flex-col agent-turn\">\n<div class=\"flex-col gap-1 md:gap-3\">\n<div class=\"flex max-w-full flex-col flex-grow\">\n<div class=\"min-h-[20px] text-message flex w-full flex-col items-end gap-2 break-words [.text-message+&amp;]:mt-5 overflow-x-auto whitespace-pre-wrap\" dir=\"auto\" data-message-author-role=\"assistant\" data-message-id=\"2b2809af-e1be-42ab-b6a7-d6f5a63857a0\">\n<div class=\"flex w-full flex-col gap-1 empty:hidden first:pt-[3px]\">\n<div class=\"markdown prose w-full break-words dark:prose-invert light\">\n<p>El pr\u00f3ximo 24 de septiembre, la Ciudad de Buenos Aires llevar\u00e1 a cabo una subasta de b\u00f3vedas en cementerios porte\u00f1os, un evento que no se realizaba desde 1967. La subasta, organizada por la Subsecretar\u00eda de Gesti\u00f3n Comunal y el Banco Ciudad, se llevar\u00e1 a cabo de forma virtual a trav\u00e9s de la plataforma de subastas del banco. Este proceso forma parte del plan de puesta en valor de los tres cementerios p\u00fablicos de la ciudad: Recoleta, Chacarita y Flores.<\/p>\n<p>Inicialmente, se subastar\u00e1n dos terrenos con b\u00f3vedas en el Cementerio de la Chacarita. Uno de los lotes tiene un precio base de $6.200.000 y cuenta con una capilla y dos subsuelos, mientras que el otro lote tiene un precio base de $11.700.000, con caracter\u00edsticas similares. Los interesados podr\u00e1n participar en la subasta y coordinar visitas a los terrenos hasta el 20 de septiembre.<\/p>\n<p>Comencemos por recodar que el Cementerio de la Recoleta es un emblema de la ciudad. Es conocido no s\u00f3lo por su impresionante arquitectura, sino tambi\u00e9n por ser el lugar de descanso de muchas personalidades hist\u00f3ricas. Fundado en 1822, es el primer cementerio p\u00fablico de la ciudad y alberga m\u00e1s de 4.500 b\u00f3vedas de diversos estilos arquitect\u00f3nicos, desde templos griegos hasta pir\u00e1mides egipcias. Entre sus tumbas m\u00e1s c\u00e9lebres se encuentran las de figuras como Eva Per\u00f3n, Adolfo Bioy Casares y Domingo Faustino Sarmiento. Adem\u00e1s de ser un importante sitio hist\u00f3rico, es tambi\u00e9n un atractivo tur\u00edstico, famoso por sus leyendas y mitos urbanos.<\/p>\n<p>El Cementerio de la Chacarita, por su parte, es el m\u00e1s grande de la ciudad y de Latinoam\u00e9rica, con 95 hect\u00e1reas de superficie. Este camposanto, inaugurado en 1887, ha sido el lugar de descanso de numerosas personalidades del tango y la cultura argentina, como Carlos Gardel, lo que lo convierte en un lugar de gran valor hist\u00f3rico y cultural.<\/p>\n<p>La subasta de estas b\u00f3vedas persigue un objetivo en el que se suman la oportunidad para adquirir un pedazo de historia y la de dar un paso en la preservaci\u00f3n y puesta en valor de estos importantes sitios patrimoniales de la Ciudad de Buenos Aires.<\/p>\n<\/div>\n<\/div>\n<\/div>\n<\/div>\n<\/div>\n<\/div>\n<p><!--googleoff: index--><br \/>\n<!--googleon: index--><br \/>\n<img decoding=\"async\" loading=\"lazy\" class=\"aligncenter size-full wp-image-688190\" src=\"https:\/\/www.diario5.com.ar\/wp-content\/uploads\/2024\/08\/ar_capital_rosario20240823.jpg\" width=\"700\" height=\"935\" srcset=\"https:\/\/www.diario5.com.ar\/wp-content\/uploads\/2024\/08\/ar_capital_rosario20240823.jpg 700w, https:\/\/www.diario5.com.ar\/wp-content\/uploads\/2024\/08\/ar_capital_rosario20240823-225x300.jpg 225w\" sizes=\"(max-width: 700px) 100vw, 700px\" \/><\/p>\n<p><img decoding=\"async\" src=\"https:\/\/img.kiosko.net\/2024\/08\/23\/ar\/ar_nueva_provincia.jpg\" \/><\/p>\n<p><img decoding=\"async\" src=\"https:\/\/img.kiosko.net\/2024\/08\/23\/ar\/ar_duplicado.jpg\" \/><\/p>\n<p><img decoding=\"async\" loading=\"lazy\" class=\"aligncenter size-full wp-image-688191\" src=\"https:\/\/www.diario5.com.ar\/wp-content\/uploads\/2024\/08\/esquiu20240823.jpg\" width=\"700\" height=\"920\" srcset=\"https:\/\/www.diario5.com.ar\/wp-content\/uploads\/2024\/08\/esquiu20240823.jpg 700w, https:\/\/www.diario5.com.ar\/wp-content\/uploads\/2024\/08\/esquiu20240823-228x300.jpg 228w\" sizes=\"(max-width: 700px) 100vw, 700px\" \/><\/p>\n<p><img decoding=\"async\" src=\"https:\/\/img.kiosko.net\/2024\/08\/23\/ar\/ar_diario_norte.jpg\" \/><\/p>\n<p><img decoding=\"async\" loading=\"lazy\" class=\"aligncenter size-full wp-image-688192\" src=\"https:\/\/www.diario5.com.ar\/wp-content\/uploads\/2024\/08\/voz_chaco20240823.jpg\" width=\"700\" height=\"853\" srcset=\"https:\/\/www.diario5.com.ar\/wp-content\/uploads\/2024\/08\/voz_chaco20240823.jpg 700w, https:\/\/www.diario5.com.ar\/wp-content\/uploads\/2024\/08\/voz_chaco20240823-246x300.jpg 246w\" sizes=\"(max-width: 700px) 100vw, 700px\" \/><\/p>\n<p><img decoding=\"async\" src=\"https:\/\/img.kiosko.net\/2024\/08\/23\/ar\/ar_diario_madryn.jpg\" \/><\/p>\n<p><img decoding=\"async\" src=\"https:\/\/img.kiosko.net\/2024\/08\/23\/ar\/ar_laprensa.jpg\" \/><\/p>\n<p><img decoding=\"async\" loading=\"lazy\" class=\"aligncenter size-full wp-image-688193\" src=\"https:\/\/www.diario5.com.ar\/wp-content\/uploads\/2024\/08\/ar_cronista20240823.jpg\" width=\"700\" height=\"1021\" srcset=\"https:\/\/www.diario5.com.ar\/wp-content\/uploads\/2024\/08\/ar_cronista20240823.jpg 700w, https:\/\/www.diario5.com.ar\/wp-content\/uploads\/2024\/08\/ar_cronista20240823-206x300.jpg 206w\" sizes=\"(max-width: 700px) 100vw, 700px\" \/><\/p>\n<p><img decoding=\"async\" src=\"https:\/\/img.kiosko.net\/2024\/08\/23\/ar\/buenosaires_economico.jpg\" \/><\/p>\n<p><img decoding=\"async\" src=\"https:\/\/img.kiosko.net\/2024\/08\/23\/ar\/ar_perfil.jpg\" \/><\/p>\n<p><img decoding=\"async\" loading=\"lazy\" class=\"aligncenter size-full wp-image-688194\" src=\"https:\/\/www.diario5.com.ar\/wp-content\/uploads\/2024\/08\/ar_eldia20240823.jpg\" width=\"700\" height=\"1008\" srcset=\"https:\/\/www.diario5.com.ar\/wp-content\/uploads\/2024\/08\/ar_eldia20240823.jpg 700w, https:\/\/www.diario5.com.ar\/wp-content\/uploads\/2024\/08\/ar_eldia20240823-208x300.jpg 208w\" sizes=\"(max-width: 700px) 100vw, 700px\" \/><\/p>\n<p><img decoding=\"async\" loading=\"lazy\" class=\"aligncenter size-full wp-image-688195\" src=\"https:\/\/www.diario5.com.ar\/wp-content\/uploads\/2024\/08\/ar_hoy20240823.jpg\" width=\"700\" height=\"915\" srcset=\"https:\/\/www.diario5.com.ar\/wp-content\/uploads\/2024\/08\/ar_hoy20240823.jpg 700w, https:\/\/www.diario5.com.ar\/wp-content\/uploads\/2024\/08\/ar_hoy20240823-230x300.jpg 230w\" sizes=\"(max-width: 700px) 100vw, 700px\" \/><\/p>\n<p><img decoding=\"async\" src=\"https:\/\/img.kiosko.net\/2024\/08\/23\/ar\/ar_democracia.jpg\" \/><\/p>\n<p><img decoding=\"async\" loading=\"lazy\" class=\"aligncenter size-full wp-image-688196\" src=\"https:\/\/www.diario5.com.ar\/wp-content\/uploads\/2024\/08\/ar_chubut20240823.jpg\" width=\"700\" height=\"896\" srcset=\"https:\/\/www.diario5.com.ar\/wp-content\/uploads\/2024\/08\/ar_chubut20240823.jpg 700w, https:\/\/www.diario5.com.ar\/wp-content\/uploads\/2024\/08\/ar_chubut20240823-234x300.jpg 234w\" sizes=\"(max-width: 700px) 100vw, 700px\" \/><\/p>\n<p><img decoding=\"async\" src=\"https:\/\/img.kiosko.net\/2024\/08\/23\/ar\/ar_epoca.jpg\" \/><\/p>\n<p><img decoding=\"async\" src=\"https:\/\/img.kiosko.net\/2024\/08\/23\/ar\/ar_litoral.jpg\" \/><\/p>\n<p><img decoding=\"async\" src=\"https:\/\/img.kiosko.net\/2024\/08\/23\/ar\/ar_heraldo.jpg\" \/><\/p>\n<p><img decoding=\"async\" src=\"https:\/\/img.kiosko.net\/2024\/08\/23\/ar\/ar_manana_formosa.jpg\" \/><\/p>\n<p><img decoding=\"async\" src=\"https:\/\/img.kiosko.net\/2024\/08\/23\/ar\/ar_diario_pampa.jpg\" \/><\/p>\n<p><img decoding=\"async\" src=\"https:\/\/img.kiosko.net\/2024\/08\/23\/ar\/ar_pagina12.jpg\" \/><\/p>\n<p><img decoding=\"async\" src=\"https:\/\/img.kiosko.net\/2024\/08\/23\/ar\/ar_arena.jpg\" \/><\/p>\n<p><img decoding=\"async\" src=\"https:\/\/img.kiosko.net\/2024\/08\/23\/ar\/independiente.jpg\" \/><\/p>\n<p><img decoding=\"async\" src=\"https:\/\/img.kiosko.net\/2024\/08\/23\/ar\/nueva_rioja.jpg\" \/><\/p>\n<p><img decoding=\"async\" src=\"https:\/\/img.kiosko.net\/2024\/08\/23\/ar\/ar_losandes.jpg\" \/><\/p>\n<p><img decoding=\"async\" src=\"https:\/\/img.kiosko.net\/2024\/08\/23\/ar\/ar_tribuno.jpg\" \/><\/p>\n<p><img decoding=\"async\" src=\"https:\/\/img.kiosko.net\/2024\/08\/23\/ar\/lea.jpg\" \/><\/p>\n<p><img decoding=\"async\" src=\"https:\/\/img.kiosko.net\/2024\/08\/23\/ar\/ar_nuevo_diario.jpg\" \/><\/p>\n<p><img decoding=\"async\" src=\"https:\/\/img.kiosko.net\/2024\/08\/23\/ar\/ar_diario_cuyo.jpg\" \/><\/p>\n<p><img decoding=\"async\" src=\"https:\/\/img.kiosko.net\/2024\/08\/23\/ar\/huarpe.jpg\" \/><\/p>\n<p><img decoding=\"async\" src=\"https:\/\/img.kiosko.net\/2024\/08\/23\/ar\/ar_diario_republica.jpg\" \/><\/p>\n<p><img decoding=\"async\" src=\"https:\/\/img.kiosko.net\/2024\/08\/23\/ar\/ar_litoral_sfe.jpg\" \/><\/p>\n<p><img decoding=\"async\" loading=\"lazy\" class=\"aligncenter size-full wp-image-688197\" src=\"https:\/\/www.diario5.com.ar\/wp-content\/uploads\/2024\/08\/ciudadano20240823.jpg\" width=\"700\" height=\"944\" srcset=\"https:\/\/www.diario5.com.ar\/wp-content\/uploads\/2024\/08\/ciudadano20240823.jpg 700w, https:\/\/www.diario5.com.ar\/wp-content\/uploads\/2024\/08\/ciudadano20240823-222x300.jpg 222w\" sizes=\"(max-width: 700px) 100vw, 700px\" \/><\/p>\n<p><img decoding=\"async\" src=\"https:\/\/img.kiosko.net\/2024\/08\/23\/ar\/ar_mirador_provincial.jpg\" \/><\/p>\n<p><img decoding=\"async\" src=\"https:\/\/img.kiosko.net\/2024\/08\/23\/ar\/ar_gaceta.jpg\" \/><\/p>\n<p><img decoding=\"async\" src=\"https:\/\/img.kiosko.net\/2024\/08\/23\/ar\/ar_cronica.jpg\" \/><\/p>\n<p><img decoding=\"async\" loading=\"lazy\" class=\"aligncenter size-full wp-image-688198\" src=\"https:\/\/www.diario5.com.ar\/wp-content\/uploads\/2024\/08\/ar_clarin20240823.jpg\" width=\"700\" height=\"976\" srcset=\"https:\/\/www.diario5.com.ar\/wp-content\/uploads\/2024\/08\/ar_clarin20240823.jpg 700w, https:\/\/www.diario5.com.ar\/wp-content\/uploads\/2024\/08\/ar_clarin20240823-215x300.jpg 215w\" sizes=\"(max-width: 700px) 100vw, 700px\" \/><\/p>\n<p><img decoding=\"async\" loading=\"lazy\" class=\"aligncenter size-full wp-image-688199\" src=\"https:\/\/www.diario5.com.ar\/wp-content\/uploads\/2024\/08\/nacion20240823.jpg\" width=\"699\" height=\"1060\" srcset=\"https:\/\/www.diario5.com.ar\/wp-content\/uploads\/2024\/08\/nacion20240823.jpg 699w, https:\/\/www.diario5.com.ar\/wp-content\/uploads\/2024\/08\/nacion20240823-198x300.jpg 198w, https:\/\/www.diario5.com.ar\/wp-content\/uploads\/2024\/08\/nacion20240823-675x1024.jpg 675w\" sizes=\"(max-width: 699px) 100vw, 699px\" \/><\/p>\n<p><img decoding=\"async\" src=\"https:\/\/img.kiosko.net\/2024\/08\/23\/ar\/ar_eco.jpg\" \/><\/p>\n<p><img decoding=\"async\" src=\"https:\/\/img.kiosko.net\/2024\/08\/23\/ar\/nuevo_diario.jpg\" \/><\/p>\n<p><img decoding=\"async\" src=\"https:\/\/img.kiosko.net\/2024\/08\/23\/ar\/sureno.jpg\" \/><\/p>\n<p><img decoding=\"async\" src=\"https:\/\/img.kiosko.net\/2024\/08\/23\/ar\/ar_duplicado.jpg\" \/><\/p>\n<p><img decoding=\"async\" src=\"https:\/\/img.kiosko.net\/2024\/08\/23\/ar\/tiempo_sur.jpg\" \/><\/p>\n<p><img decoding=\"async\" src=\"https:\/\/img.kiosko.net\/2024\/08\/23\/ar\/tiempo_argentino.jpg\" \/><\/p>\n<p><img decoding=\"async\" src=\"https:\/\/img.kiosko.net\/2024\/08\/23\/ar\/ar_epoca.jpg\" \/><\/p>\n<p><img decoding=\"async\" src=\"https:\/\/img.kiosko.net\/2024\/08\/23\/ar\/ar_elsol.jpg\" \/><\/p>\n<p><img decoding=\"async\" loading=\"lazy\" class=\"aligncenter size-full wp-image-688200\" src=\"https:\/\/www.diario5.com.ar\/wp-content\/uploads\/2024\/08\/ar_ancasti20240823.jpg\" width=\"700\" height=\"954\" srcset=\"https:\/\/www.diario5.com.ar\/wp-content\/uploads\/2024\/08\/ar_ancasti20240823.jpg 700w, https:\/\/www.diario5.com.ar\/wp-content\/uploads\/2024\/08\/ar_ancasti20240823-220x300.jpg 220w\" sizes=\"(max-width: 700px) 100vw, 700px\" \/><\/p>\n<p><img decoding=\"async\" src=\"\/\/img.kiosko.net\/2024\/08\/23\/ar\/ar_rio_negro.jpg\" \/><\/p>\n<p><img decoding=\"async\" src=\"https:\/\/img.kiosko.net\/2024\/08\/23\/ar\/ar_03.jpg\" \/><\/p>\n<p><img decoding=\"async\" src=\"https:\/\/img.kiosko.net\/2024\/08\/23\/ar\/ar_04.jpg\" \/><\/p>\n<p><img decoding=\"async\" src=\"https:\/\/img.kiosko.net\/2024\/08\/23\/ar\/ar_05.jpg\" \/><\/p>\n<p>&nbsp;<\/p>","protected":false},"excerpt":{"rendered":"<p>El pr\u00f3ximo 24 de septiembre, la Ciudad de Buenos Aires llevar\u00e1 a cabo una subasta de b\u00f3vedas en cementerios porte\u00f1os, un evento que no se realizaba desde 1967. La subasta, organizada por la Subsecretar\u00eda de Gesti\u00f3n Comunal y el Banco Ciudad, se llevar\u00e1 a cabo de forma virtual a trav\u00e9s de la plataforma de subastas [&hellip;]<\/p>","protected":false},"author":12,"featured_media":688189,"comment_status":"open","ping_status":"open","sticky":false,"template":"","format":"standard","meta":[],"categories":[2121,482,56],"tags":[2125,1177,2130,2129,474,2128,2127,2122,2123,1363,630,2126,2124,1126,828,1033,885,2131,1683],"series":[],"_links":{"self":[{"href":"https:\/\/www.diario5.com.ar\/es\/wp-json\/wp\/v2\/posts\/677345"}],"collection":[{"href":"https:\/\/www.diario5.com.ar\/es\/wp-json\/wp\/v2\/posts"}],"about":[{"href":"https:\/\/www.diario5.com.ar\/es\/wp-json\/wp\/v2\/types\/post"}],"author":[{"embeddable":true,"href":"https:\/\/www.diario5.com.ar\/es\/wp-json\/wp\/v2\/users\/12"}],"replies":[{"embeddable":true,"href":"https:\/\/www.diario5.com.ar\/es\/wp-json\/wp\/v2\/comments?post=677345"}],"version-history":[{"count":2,"href":"https:\/\/www.diario5.com.ar\/es\/wp-json\/wp\/v2\/posts\/677345\/revisions"}],"predecessor-version":[{"id":688184,"href":"https:\/\/www.diario5.com.ar\/es\/wp-json\/wp\/v2\/posts\/677345\/revisions\/688184"}],"wp:featuredmedia":[{"embeddable":true,"href":"https:\/\/www.diario5.com.ar\/es\/wp-json\/wp\/v2\/media\/688189"}],"wp:attachment":[{"href":"https:\/\/www.diario5.com.ar\/es\/wp-json\/wp\/v2\/media?parent=677345"}],"wp:term":[{"taxonomy":"category","embeddable":true,"href":"https:\/\/www.diario5.com.ar\/es\/wp-json\/wp\/v2\/categories?post=677345"},{"taxonomy":"post_tag","embeddable":true,"href":"https:\/\/www.diario5.com.ar\/es\/wp-json\/wp\/v2\/tags?post=677345"},{"taxonomy":"series","embeddable":true,"href":"https:\/\/www.diario5.com.ar\/es\/wp-json\/wp\/v2\/series?post=677345"}],"curies":[{"name":"wp","href":"https:\/\/api.w.org\/{rel}","templated":true}]}}