{"id":677340,"date":"2024-08-18T06:11:00","date_gmt":"2024-08-18T09:11:00","guid":{"rendered":"http:\/\/diario5.com.ar\/?p=677340"},"modified":"2024-08-18T18:09:11","modified_gmt":"2024-08-18T21:09:11","slug":"677340","status":"publish","type":"post","link":"https:\/\/www.diario5.com.ar\/es\/677340\/","title":{"rendered":"Tango en lugares hermosos"},"content":{"rendered":"<h2 class=\"sub-title-primary\"><\/h2> <article class=\"w-full text-token-text-primary focus-visible:outline-2 focus-visible:outline-offset-[-4px]\" dir=\"auto\" tabindex=\"0\" data-testid=\"conversation-turn-27\" data-scroll-anchor=\"false\">\n<div class=\"text-base py-[18px] px-3 md:px-4 m-auto md:px-5 lg:px-1 xl:px-5\">\n<div class=\"mx-auto flex flex-1 gap-4 text-base md:gap-5 lg:gap-6 md:max-w-3xl lg:max-w-[40rem] xl:max-w-[48rem]\">\n<div class=\"flex-shrink-0 flex flex-col relative items-end\">\n<div>\n<div class=\"pt-0\">\n<div class=\"gizmo-bot-avatar flex h-8 w-8 items-center justify-center overflow-hidden rounded-full\">\n<div class=\"relative p-1 rounded-sm flex items-center justify-center bg-token-main-surface-primary text-token-text-primary h-8 w-8\"><img decoding=\"async\" src=\"https:\/\/www.diario5.com.ar\/imgtapas\/claridge.jpg\" \/><\/div>\n<\/div>\n<\/div>\n<\/div>\n<\/div>\n<div class=\"group\/conversation-turn relative flex w-full min-w-0 flex-col agent-turn\">\n<div class=\"flex-col gap-1 md:gap-3\">\n<div class=\"flex max-w-full flex-col flex-grow\">\n<div class=\"min-h-[20px] text-message flex w-full flex-col items-end gap-2 whitespace-pre-wrap break-words [.text-message+&amp;]:mt-5 overflow-x-auto\" dir=\"auto\" data-message-author-role=\"assistant\" data-message-id=\"c460849a-ddd9-4cf9-9d27-e523346b2ba3\">\n<div class=\"flex w-full flex-col gap-1 empty:hidden first:pt-[3px]\">\n<div class=\"markdown prose w-full break-words dark:prose-invert light\">\n<p>Los Bares Notables de la Ciudad de Buenos Aires se suman al <strong>Tango BA Festival y Mundial 2024<\/strong> con el ciclo \u00abBares y voces notables\u00bb, una serie de presentaciones que llevar\u00e1 la m\u00fasica ciudadana a diez ic\u00f3nicos bares de la ciudad. Estos bares, reconocidos por su valor cultural e hist\u00f3rico, han sido por mucho tiempo refugio de inspiraci\u00f3n para artistas porte\u00f1os.<\/p>\n<p>El ciclo incluir\u00e1 tanto a cantantes consagrados como a nuevas voces, quienes ofrecer\u00e1n su arte en espacios emblem\u00e1ticos como Las Violetas, El Viejo Buz\u00f3n y la Confiter\u00eda La Ideal, entre otros. Con entrada libre y gratuita, los conciertos se realizar\u00e1n por orden de llegada, respetando la capacidad de cada bar.<\/p>\n<p>Este evento forma parte de la extensa programaci\u00f3n del <strong>Tango BA Festival y Mundial 2024<\/strong>, que se extender\u00e1 hasta el 27 de agosto en m\u00e1s de 40 sedes de la ciudad. Con m\u00e1s de 2.000 artistas participando en actividades que van desde conciertos y milongas hasta exhibiciones y proyecciones, el festival es una celebraci\u00f3n de la m\u00fasica, la danza y la poes\u00eda porte\u00f1as.<\/p>\n<p>Para m\u00e1s informaci\u00f3n y reservas de entradas gratuitas, visit\u00e1 <a href=\"https:\/\/tangoba.org\/\" target=\"_new\" rel=\"noreferrer noopener\">https:\/\/tangoba.org\/<\/a>.<\/p>\n<p>La programaci\u00f3n comenz\u00f3 el jueves con Vivi Verri y Leandro Ponte. En El Viejo Buz\u00f3n, el viernes tocaron Alejandro Guyot, Mica Sancho y Federico Montenegro. Ayer, s\u00e1bado, lo hicieron Esteban Riera y Melina Liberati, con la participaci\u00f3n de Emiliano Greco en La Puerto Rico.<\/p>\n<p><strong>C\u00f3mo sigue<\/strong><\/p>\n<p>Hoy, domingo 18 a las 19.00, Eleonora Barletta y Ana Stamponi, con Lola Rosa V\u00e1zquez, se presentar\u00e1n en la Confiter\u00eda Saint Moritz. Ma\u00f1ana a las 19.00, Daisy Lombardo y Bernardo Berg\u00e9, acompa\u00f1ados por Pablo Valle, llevar\u00e1n su m\u00fasica a la Confiter\u00eda La Ideal.<\/p>\n<\/div>\n<\/div>\n<\/div>\n<\/div>\n<\/div>\n<\/div>\n<\/div>\n<\/div>\n<\/article>\n<article class=\"w-full text-token-text-primary focus-visible:outline-2 focus-visible:outline-offset-[-4px]\" dir=\"auto\" tabindex=\"0\" data-testid=\"conversation-turn-29\" data-scroll-anchor=\"true\">\n<div class=\"text-base py-[18px] px-3 md:px-4 m-auto md:px-5 lg:px-1 xl:px-5\">\n<div class=\"mx-auto flex flex-1 gap-4 text-base md:gap-5 lg:gap-6 md:max-w-3xl lg:max-w-[40rem] xl:max-w-[48rem]\">\n<div class=\"group\/conversation-turn relative flex w-full min-w-0 flex-col agent-turn\">\n<div class=\"flex-col gap-1 md:gap-3\">\n<div class=\"flex max-w-full flex-col flex-grow\">\n<div class=\"min-h-[20px] text-message flex w-full flex-col items-end gap-2 whitespace-pre-wrap break-words [.text-message+&amp;]:mt-5 overflow-x-auto\" dir=\"auto\" data-message-author-role=\"assistant\" data-message-id=\"4e418f72-5c12-4569-80a0-682e68e905f4\">\n<div class=\"flex w-full flex-col gap-1 empty:hidden first:pt-[3px]\">\n<div class=\"markdown prose w-full break-words dark:prose-invert light\">\n<p>Mario C\u00e1rdenas estar\u00e1 en La Poes\u00eda el martes 20 de agosto a las 19.00, mientras que Malena Rossi y Miguel Roda, con Pablo Valle, se presentar\u00e1n el mi\u00e9rcoles 21, tambi\u00e9n a las 19.00, en Brighton Buenos Aires. El jueves 22 a las 21.00, el espect\u00e1culo \u00abComo Tres Extra\u00f1as\u00bb, con Cindy Harcha, Astrid Motura y Andrea Bollof, se presentar\u00e1 en Las Violetas.<\/p>\n<p>El ciclo continuar\u00e1 el viernes 23 a las 18.00 en la Esquina Homero Manzi, con Karina Beorlegui y el Chino Laborde, acompa\u00f1ados por Fede Mizrahi. Finalmente, Natalia Baz\u00e1n y Luciano Rosini cerrar\u00e1n el ciclo el s\u00e1bado 24 de agosto a las 19.00 en el Claridge&#8217;s Bar.<\/p>\n<\/div>\n<\/div>\n<\/div>\n<\/div>\n<\/div>\n<\/div>\n<\/div>\n<\/div>\n<\/article>\n<p><!--googleoff: index--><br \/>\n<!--googleon: index--><br \/>\n<img decoding=\"async\" loading=\"lazy\" class=\"aligncenter size-full wp-image-688095\" src=\"https:\/\/www.diario5.com.ar\/wp-content\/uploads\/2024\/08\/ar_capital_rosario20240818.jpg\" width=\"700\" height=\"932\" srcset=\"https:\/\/www.diario5.com.ar\/wp-content\/uploads\/2024\/08\/ar_capital_rosario20240818.jpg 700w, https:\/\/www.diario5.com.ar\/wp-content\/uploads\/2024\/08\/ar_capital_rosario20240818-225x300.jpg 225w\" sizes=\"(max-width: 700px) 100vw, 700px\" \/><\/p>\n<p><img decoding=\"async\" loading=\"lazy\" class=\"aligncenter size-full wp-image-688096\" src=\"https:\/\/www.diario5.com.ar\/wp-content\/uploads\/2024\/08\/esquiu20240818.jpg\" width=\"700\" height=\"920\" srcset=\"https:\/\/www.diario5.com.ar\/wp-content\/uploads\/2024\/08\/esquiu20240818.jpg 700w, https:\/\/www.diario5.com.ar\/wp-content\/uploads\/2024\/08\/esquiu20240818-228x300.jpg 228w\" sizes=\"(max-width: 700px) 100vw, 700px\" \/><\/p>\n<p><img decoding=\"async\" loading=\"lazy\" class=\"aligncenter size-full wp-image-688097\" src=\"https:\/\/www.diario5.com.ar\/wp-content\/uploads\/2024\/08\/voz_chaco20240818.jpg\" width=\"700\" height=\"852\" srcset=\"https:\/\/www.diario5.com.ar\/wp-content\/uploads\/2024\/08\/voz_chaco20240818.jpg 700w, https:\/\/www.diario5.com.ar\/wp-content\/uploads\/2024\/08\/voz_chaco20240818-246x300.jpg 246w\" sizes=\"(max-width: 700px) 100vw, 700px\" \/><\/p>\n<p><img decoding=\"async\" loading=\"lazy\" class=\"aligncenter size-full wp-image-688098\" src=\"https:\/\/www.diario5.com.ar\/wp-content\/uploads\/2024\/08\/ar_perfil20240818.jpg\" width=\"700\" height=\"997\" srcset=\"https:\/\/www.diario5.com.ar\/wp-content\/uploads\/2024\/08\/ar_perfil20240818.jpg 700w, https:\/\/www.diario5.com.ar\/wp-content\/uploads\/2024\/08\/ar_perfil20240818-211x300.jpg 211w\" sizes=\"(max-width: 700px) 100vw, 700px\" \/><\/p>\n<p><img decoding=\"async\" loading=\"lazy\" class=\"aligncenter size-full wp-image-688099\" src=\"https:\/\/www.diario5.com.ar\/wp-content\/uploads\/2024\/08\/ar_eldia20240818.jpg\" width=\"700\" height=\"1001\" srcset=\"https:\/\/www.diario5.com.ar\/wp-content\/uploads\/2024\/08\/ar_eldia20240818.jpg 700w, https:\/\/www.diario5.com.ar\/wp-content\/uploads\/2024\/08\/ar_eldia20240818-210x300.jpg 210w\" sizes=\"(max-width: 700px) 100vw, 700px\" \/><\/p>\n<p><img decoding=\"async\" loading=\"lazy\" class=\"aligncenter size-full wp-image-688100\" src=\"https:\/\/www.diario5.com.ar\/wp-content\/uploads\/2024\/08\/ar_hoy20240818.jpg\" width=\"700\" height=\"922\" srcset=\"https:\/\/www.diario5.com.ar\/wp-content\/uploads\/2024\/08\/ar_hoy20240818.jpg 700w, https:\/\/www.diario5.com.ar\/wp-content\/uploads\/2024\/08\/ar_hoy20240818-228x300.jpg 228w\" sizes=\"(max-width: 700px) 100vw, 700px\" \/><\/p>\n<p><img decoding=\"async\" loading=\"lazy\" class=\"aligncenter size-full wp-image-688101\" src=\"https:\/\/www.diario5.com.ar\/wp-content\/uploads\/2024\/08\/ar_chubut20240818.jpg\" width=\"700\" height=\"901\" srcset=\"https:\/\/www.diario5.com.ar\/wp-content\/uploads\/2024\/08\/ar_chubut20240818.jpg 700w, https:\/\/www.diario5.com.ar\/wp-content\/uploads\/2024\/08\/ar_chubut20240818-233x300.jpg 233w\" sizes=\"(max-width: 700px) 100vw, 700px\" \/><\/p>\n<p><img decoding=\"async\" loading=\"lazy\" class=\"aligncenter size-full wp-image-688102\" src=\"https:\/\/www.diario5.com.ar\/wp-content\/uploads\/2024\/08\/ar_diario_republica20240818.jpg\" width=\"700\" height=\"979\" srcset=\"https:\/\/www.diario5.com.ar\/wp-content\/uploads\/2024\/08\/ar_diario_republica20240818.jpg 700w, https:\/\/www.diario5.com.ar\/wp-content\/uploads\/2024\/08\/ar_diario_republica20240818-215x300.jpg 215w\" sizes=\"(max-width: 700px) 100vw, 700px\" \/><\/p>\n<p><img decoding=\"async\" loading=\"lazy\" class=\"aligncenter size-full wp-image-688103\" src=\"https:\/\/www.diario5.com.ar\/wp-content\/uploads\/2024\/08\/ciudadano20240818.jpg\" width=\"700\" height=\"928\" srcset=\"https:\/\/www.diario5.com.ar\/wp-content\/uploads\/2024\/08\/ciudadano20240818.jpg 700w, https:\/\/www.diario5.com.ar\/wp-content\/uploads\/2024\/08\/ciudadano20240818-226x300.jpg 226w\" sizes=\"(max-width: 700px) 100vw, 700px\" \/><\/p>\n<p><img decoding=\"async\" loading=\"lazy\" class=\"aligncenter size-full wp-image-688104\" src=\"https:\/\/www.diario5.com.ar\/wp-content\/uploads\/2024\/08\/ar_clarin20240818.jpg\" width=\"700\" height=\"967\" srcset=\"https:\/\/www.diario5.com.ar\/wp-content\/uploads\/2024\/08\/ar_clarin20240818.jpg 700w, https:\/\/www.diario5.com.ar\/wp-content\/uploads\/2024\/08\/ar_clarin20240818-217x300.jpg 217w\" sizes=\"(max-width: 700px) 100vw, 700px\" \/><\/p>\n<p><img decoding=\"async\" loading=\"lazy\" class=\"aligncenter size-full wp-image-688105\" src=\"https:\/\/www.diario5.com.ar\/wp-content\/uploads\/2024\/08\/nacion20240818.jpg\" width=\"700\" height=\"1062\" srcset=\"https:\/\/www.diario5.com.ar\/wp-content\/uploads\/2024\/08\/nacion20240818.jpg 700w, https:\/\/www.diario5.com.ar\/wp-content\/uploads\/2024\/08\/nacion20240818-198x300.jpg 198w, https:\/\/www.diario5.com.ar\/wp-content\/uploads\/2024\/08\/nacion20240818-675x1024.jpg 675w\" sizes=\"(max-width: 700px) 100vw, 700px\" \/><\/p>\n<p><img decoding=\"async\" loading=\"lazy\" class=\"aligncenter size-full wp-image-688106\" src=\"https:\/\/www.diario5.com.ar\/wp-content\/uploads\/2024\/08\/ar_ancasti20240818.jpg\" width=\"700\" height=\"938\" srcset=\"https:\/\/www.diario5.com.ar\/wp-content\/uploads\/2024\/08\/ar_ancasti20240818.jpg 700w, https:\/\/www.diario5.com.ar\/wp-content\/uploads\/2024\/08\/ar_ancasti20240818-224x300.jpg 224w\" sizes=\"(max-width: 700px) 100vw, 700px\" \/><\/p>\n<p>&nbsp;<\/p>","protected":false},"excerpt":{"rendered":"<p>Los Bares Notables de la Ciudad de Buenos Aires se suman al Tango BA Festival y Mundial 2024 con el ciclo \u00abBares y voces notables\u00bb, una serie de presentaciones que llevar\u00e1 la m\u00fasica ciudadana a diez ic\u00f3nicos bares de la ciudad. Estos bares, reconocidos por su valor cultural e hist\u00f3rico, han sido por mucho tiempo [&hellip;]<\/p>","protected":false},"author":12,"featured_media":688060,"comment_status":"open","ping_status":"open","sticky":false,"template":"","format":"standard","meta":[],"categories":[482,16,1785,56],"tags":[1160,1777,474,630,1775,1845,318,1774,1683],"series":[],"_links":{"self":[{"href":"https:\/\/www.diario5.com.ar\/es\/wp-json\/wp\/v2\/posts\/677340"}],"collection":[{"href":"https:\/\/www.diario5.com.ar\/es\/wp-json\/wp\/v2\/posts"}],"about":[{"href":"https:\/\/www.diario5.com.ar\/es\/wp-json\/wp\/v2\/types\/post"}],"author":[{"embeddable":true,"href":"https:\/\/www.diario5.com.ar\/es\/wp-json\/wp\/v2\/users\/12"}],"replies":[{"embeddable":true,"href":"https:\/\/www.diario5.com.ar\/es\/wp-json\/wp\/v2\/comments?post=677340"}],"version-history":[{"count":4,"href":"https:\/\/www.diario5.com.ar\/es\/wp-json\/wp\/v2\/posts\/677340\/revisions"}],"predecessor-version":[{"id":688108,"href":"https:\/\/www.diario5.com.ar\/es\/wp-json\/wp\/v2\/posts\/677340\/revisions\/688108"}],"wp:featuredmedia":[{"embeddable":true,"href":"https:\/\/www.diario5.com.ar\/es\/wp-json\/wp\/v2\/media\/688060"}],"wp:attachment":[{"href":"https:\/\/www.diario5.com.ar\/es\/wp-json\/wp\/v2\/media?parent=677340"}],"wp:term":[{"taxonomy":"category","embeddable":true,"href":"https:\/\/www.diario5.com.ar\/es\/wp-json\/wp\/v2\/categories?post=677340"},{"taxonomy":"post_tag","embeddable":true,"href":"https:\/\/www.diario5.com.ar\/es\/wp-json\/wp\/v2\/tags?post=677340"},{"taxonomy":"series","embeddable":true,"href":"https:\/\/www.diario5.com.ar\/es\/wp-json\/wp\/v2\/series?post=677340"}],"curies":[{"name":"wp","href":"https:\/\/api.w.org\/{rel}","templated":true}]}}