{"id":677336,"date":"2024-08-14T06:11:00","date_gmt":"2024-08-14T09:11:00","guid":{"rendered":"http:\/\/diario5.com.ar\/?p=677336"},"modified":"2024-08-18T18:31:32","modified_gmt":"2024-08-18T21:31:32","slug":"677336","status":"publish","type":"post","link":"https:\/\/www.diario5.com.ar\/es\/677336\/","title":{"rendered":"Egresados solidarios"},"content":{"rendered":"<h2 class=\"sub-title-primary\">Recibieron sus diplomas los participantes de la Capacitaci\u00f3n para Asistentes Personales para la Vida Independiente de Personas con Discapacidad.<\/h2> <p><img decoding=\"async\" loading=\"lazy\" class=\"alignnone size-full wp-image-688111\" src=\"https:\/\/www.diario5.com.ar\/wp-content\/uploads\/2024\/08\/egresados-solidarios.jpg\" alt=\"\" width=\"2400\" height=\"1351\" srcset=\"https:\/\/www.diario5.com.ar\/wp-content\/uploads\/2024\/08\/egresados-solidarios.jpg 2400w, https:\/\/www.diario5.com.ar\/wp-content\/uploads\/2024\/08\/egresados-solidarios-300x169.jpg 300w, https:\/\/www.diario5.com.ar\/wp-content\/uploads\/2024\/08\/egresados-solidarios-1024x576.jpg 1024w, https:\/\/www.diario5.com.ar\/wp-content\/uploads\/2024\/08\/egresados-solidarios-768x432.jpg 768w, https:\/\/www.diario5.com.ar\/wp-content\/uploads\/2024\/08\/egresados-solidarios-1536x865.jpg 1536w, https:\/\/www.diario5.com.ar\/wp-content\/uploads\/2024\/08\/egresados-solidarios-2048x1153.jpg 2048w\" sizes=\"(max-width: 2400px) 100vw, 2400px\" \/><\/p>\n<p>El viernes 9 de agosto, un grupo de nuevos Asistentes Personales para la Vida Independiente de personas con Discapacidad recibi\u00f3 sus diplomas de egreso. Este evento no s\u00f3lo marca la culminaci\u00f3n de meses de dedicaci\u00f3n y aprendizaje, sino que tambi\u00e9n resalta el compromiso de estos graduados con la promoci\u00f3n de la autonom\u00eda y la inclusi\u00f3n social.<\/p>\n<p>La entrega de diplomas fue el punto culminante de un curso de tres meses organizado por COPIDIS, donde los participantes adquirieron las herramientas necesarias para apoyar a personas con discapacidad en su camino hacia una vida m\u00e1s independiente. Esta formaci\u00f3n abarc\u00f3 tanto aspectos t\u00e9cnicos como humanos, con un enfoque integral que incluy\u00f3 la participaci\u00f3n de personas con discapacidad, expertos y organizaciones de la sociedad civil.<\/p>\n<p>Los egresados, rodeados de sus familias y seres queridos, no s\u00f3lo celebraron la finalizaci\u00f3n de su capacitaci\u00f3n, sino tambi\u00e9n el inicio de una misi\u00f3n solidaria. Cada uno de ellos est\u00e1 ahora preparado para ser un agente de cambio, facilitando que las personas con discapacidad puedan ejercer su derecho a vivir de manera independiente y participar plenamente en la sociedad.<\/p>\n<p>Este logro es tambi\u00e9n un recordatorio del papel fundamental que juegan los asistentes personales en la construcci\u00f3n de una sociedad m\u00e1s inclusiva. Su trabajo no se limita a la asistencia f\u00edsica, sino que es una labor que promueve la igualdad de oportunidades y fortalece los lazos comunitarios.<\/p>\n<p>La ceremonia fue un reflejo del esp\u00edritu de colaboraci\u00f3n que impulsa a estos nuevos profesionales, quienes salen al mundo con la convicci\u00f3n de que, a trav\u00e9s de su labor, pueden hacer una diferencia significativa en la vida de quienes m\u00e1s lo necesitan. Este grupo de egresados simboliza un paso m\u00e1s hacia una sociedad que respeta y valora la diversidad y que trabaja en conjunto para mejorar la calidad de vida de todos sus ciudadanos.<\/p>","protected":false},"excerpt":{"rendered":"<p>Recibieron sus diplomas los participantes de la Capacitaci\u00f3n para Asistentes Personales para la Vida Independiente de Personas con Discapacidad. El viernes 9 de agosto, un grupo de nuevos Asistentes Personales para la Vida Independiente de personas con Discapacidad recibi\u00f3 sus diplomas de egreso. Este evento no s\u00f3lo marca la culminaci\u00f3n de meses de dedicaci\u00f3n y [&hellip;]<\/p>","protected":false},"author":12,"featured_media":688111,"comment_status":"open","ping_status":"open","sticky":false,"template":"","format":"standard","meta":[],"categories":[26,21,56],"tags":[1315,803,1685],"series":[],"_links":{"self":[{"href":"https:\/\/www.diario5.com.ar\/es\/wp-json\/wp\/v2\/posts\/677336"}],"collection":[{"href":"https:\/\/www.diario5.com.ar\/es\/wp-json\/wp\/v2\/posts"}],"about":[{"href":"https:\/\/www.diario5.com.ar\/es\/wp-json\/wp\/v2\/types\/post"}],"author":[{"embeddable":true,"href":"https:\/\/www.diario5.com.ar\/es\/wp-json\/wp\/v2\/users\/12"}],"replies":[{"embeddable":true,"href":"https:\/\/www.diario5.com.ar\/es\/wp-json\/wp\/v2\/comments?post=677336"}],"version-history":[{"count":3,"href":"https:\/\/www.diario5.com.ar\/es\/wp-json\/wp\/v2\/posts\/677336\/revisions"}],"predecessor-version":[{"id":688112,"href":"https:\/\/www.diario5.com.ar\/es\/wp-json\/wp\/v2\/posts\/677336\/revisions\/688112"}],"wp:featuredmedia":[{"embeddable":true,"href":"https:\/\/www.diario5.com.ar\/es\/wp-json\/wp\/v2\/media\/688111"}],"wp:attachment":[{"href":"https:\/\/www.diario5.com.ar\/es\/wp-json\/wp\/v2\/media?parent=677336"}],"wp:term":[{"taxonomy":"category","embeddable":true,"href":"https:\/\/www.diario5.com.ar\/es\/wp-json\/wp\/v2\/categories?post=677336"},{"taxonomy":"post_tag","embeddable":true,"href":"https:\/\/www.diario5.com.ar\/es\/wp-json\/wp\/v2\/tags?post=677336"},{"taxonomy":"series","embeddable":true,"href":"https:\/\/www.diario5.com.ar\/es\/wp-json\/wp\/v2\/series?post=677336"}],"curies":[{"name":"wp","href":"https:\/\/api.w.org\/{rel}","templated":true}]}}