{"id":677334,"date":"2024-08-12T06:11:00","date_gmt":"2024-08-12T09:11:00","guid":{"rendered":"http:\/\/diario5.com.ar\/?p=677334"},"modified":"2024-08-14T14:46:37","modified_gmt":"2024-08-14T17:46:37","slug":"677334","status":"publish","type":"post","link":"https:\/\/www.diario5.com.ar\/es\/677334\/","title":{"rendered":"Las preferencias del p\u00fablico durante el invierno"},"content":{"rendered":"<h2 class=\"sub-title-primary\">La oferta porte\u00f1a de julio y agosto<\/h2> <p><img decoding=\"async\" src=\"https:\/\/www.diario5.com.ar\/imgtapas\/planetario_invierno.jpg\" \/><\/p>\n<p>Combinando datos de la temporada 2023 completa y lo que ya se conoce de la actual, podemos redondear un ranking de los sitios que imantan al p\u00fablico, el Top 10 de algunos rubros y los podios en los \u00f3rdenes cultural y popular.<\/p>\n<p>Las vacaciones de invierno en la Ciudad de Buenos Aires dejan en claro cu\u00e1les son los destinos favoritos de los porte\u00f1os y turistas, tanto en espacios p\u00fablicos administrados por el GCBA como en atracciones privadas.<\/p>\n<p>El <strong>Teatro Col\u00f3n<\/strong> lidera claramente como el destino cultural m\u00e1s buscado, con un <strong>15% del total de visitantes<\/strong> en el circuito cultural y una ocupaci\u00f3n promedio del <strong>90%<\/strong> en sus eventos. Este dato refleja la relevancia continua del teatro como epicentro de la oferta art\u00edstica de la ciudad.<\/p>\n<p>El <strong>Planetario Galileo Glilei<\/strong> sigue en popularidad, con un <strong>12%<\/strong> de las visitas en atracciones educativas, registrando un incremento del <strong>25%<\/strong> durante las vacaciones de invierno. La propuesta educativa del planetario sigue captando la atenci\u00f3n de familias y estudiantes, consolid\u00e1ndose como un lugar imperdible durante esta \u00e9poca del a\u00f1o.<\/p>\n<p>En el circuito de museos, el <strong>Museo Nacional de Bellas Artes<\/strong> se destaca, recibiendo el <strong>18%<\/strong> de las visitas totales a museos en Buenos Aires. Adem\u00e1s, se estima que aproximadamente un <strong>9%<\/strong> de los visitantes totales durante el invierno eligen este museo, subrayando su importancia en la escena cultural.<\/p>\n<p>Los parques tambi\u00e9n juegan un papel crucial en las preferencias invernales. El <strong>Parque Tres de Febrero (El Rosedal)<\/strong> atrae al <strong>20%<\/strong> de los visitantes de parques y durante las vacaciones, las actividades recreativas organizadas en el parque crecen un <strong>30%<\/strong>, consolidando su lugar como el principal pulm\u00f3n verde para disfrutar al aire libre, incluso en invierno. Por otro lado, el <strong>Parque Centenario<\/strong> tambi\u00e9n es una opci\u00f3n recurrente, especialmente por sus ferias y actividades culturales al aire libre.<\/p>\n<p>En cuanto a centros culturales, el <strong>Centro Cultural Recoleta<\/strong> mantiene su posici\u00f3n destacada, con un <strong>14%<\/strong> de participaci\u00f3n en exposiciones y eventos culturales. Su variada programaci\u00f3n y ubicaci\u00f3n estrat\u00e9gica lo convierten en un punto de encuentro esencial para el p\u00fablico joven y adulto.<\/p>\n<p><strong>EcoParque<\/strong> (el antiguo Zool\u00f3gico de Buenos Aires), aunque en proceso de transformaci\u00f3n, sigue atrayendo un p\u00fablico significativo, especialmente familias con ni\u00f1os, representando un <strong>7%<\/strong> de las visitas totales a espacios recreativos de la ciudad.<\/p>\n<p>Entre las atracciones privadas, los <strong>teatros de la Avenida Corrientes<\/strong> son los preferidos, alcanzando un <strong>25%<\/strong> del p\u00fablico durante las vacaciones de invierno, con una ocupaci\u00f3n promedio del <strong>85%<\/strong>. Adem\u00e1s, los <strong>cines<\/strong> captan un <strong>22%<\/strong> de asistencia, con un notable aumento del <strong>40%<\/strong> en la venta de entradas durante este per\u00edodo.<\/p>\n<p>Finalmente, la <strong>Exposici\u00f3n Rural<\/strong> en Palermo muestra su capacidad de convocatoria con un <strong>10%<\/strong> de participaci\u00f3n en eventos de entretenimiento, destac\u00e1ndose como una opci\u00f3n que combina tradici\u00f3n rural y entretenimiento urbano, atrayendo a un p\u00fablico diverso.<\/p>\n<p>&nbsp;<\/p>\n<p>&nbsp;<\/p>\n<p>&nbsp;<\/p>\n<p><img decoding=\"async\" loading=\"lazy\" class=\"aligncenter size-full wp-image-688005\" src=\"https:\/\/www.diario5.com.ar\/wp-content\/uploads\/2024\/08\/ar_capital_rosario20240812.jpg\" width=\"700\" height=\"930\" srcset=\"https:\/\/www.diario5.com.ar\/wp-content\/uploads\/2024\/08\/ar_capital_rosario20240812.jpg 700w, https:\/\/www.diario5.com.ar\/wp-content\/uploads\/2024\/08\/ar_capital_rosario20240812-226x300.jpg 226w\" sizes=\"(max-width: 700px) 100vw, 700px\" \/><\/p>\n<p><img decoding=\"async\" loading=\"lazy\" class=\"aligncenter size-full wp-image-688006\" src=\"https:\/\/www.diario5.com.ar\/wp-content\/uploads\/2024\/08\/esquiu20240812.jpg\" width=\"700\" height=\"920\" srcset=\"https:\/\/www.diario5.com.ar\/wp-content\/uploads\/2024\/08\/esquiu20240812.jpg 700w, https:\/\/www.diario5.com.ar\/wp-content\/uploads\/2024\/08\/esquiu20240812-228x300.jpg 228w\" sizes=\"(max-width: 700px) 100vw, 700px\" \/><\/p>\n<p><img decoding=\"async\" loading=\"lazy\" class=\"aligncenter size-full wp-image-688007\" src=\"https:\/\/www.diario5.com.ar\/wp-content\/uploads\/2024\/08\/voz_chaco20240812.jpg\" width=\"700\" height=\"816\" srcset=\"https:\/\/www.diario5.com.ar\/wp-content\/uploads\/2024\/08\/voz_chaco20240812.jpg 700w, https:\/\/www.diario5.com.ar\/wp-content\/uploads\/2024\/08\/voz_chaco20240812-257x300.jpg 257w\" sizes=\"(max-width: 700px) 100vw, 700px\" \/><\/p>\n<p><img decoding=\"async\" loading=\"lazy\" class=\"aligncenter size-full wp-image-688008\" src=\"https:\/\/www.diario5.com.ar\/wp-content\/uploads\/2024\/08\/ar_cronista20240812.jpg\" width=\"700\" height=\"991\" srcset=\"https:\/\/www.diario5.com.ar\/wp-content\/uploads\/2024\/08\/ar_cronista20240812.jpg 700w, https:\/\/www.diario5.com.ar\/wp-content\/uploads\/2024\/08\/ar_cronista20240812-212x300.jpg 212w\" sizes=\"(max-width: 700px) 100vw, 700px\" \/><\/p>\n<p><img decoding=\"async\" loading=\"lazy\" class=\"aligncenter size-full wp-image-688009\" src=\"https:\/\/www.diario5.com.ar\/wp-content\/uploads\/2024\/08\/ar_eldia20240812.jpg\" width=\"699\" height=\"1041\" srcset=\"https:\/\/www.diario5.com.ar\/wp-content\/uploads\/2024\/08\/ar_eldia20240812.jpg 699w, https:\/\/www.diario5.com.ar\/wp-content\/uploads\/2024\/08\/ar_eldia20240812-201x300.jpg 201w, https:\/\/www.diario5.com.ar\/wp-content\/uploads\/2024\/08\/ar_eldia20240812-688x1024.jpg 688w\" sizes=\"(max-width: 699px) 100vw, 699px\" \/><\/p>\n<p><img decoding=\"async\" loading=\"lazy\" class=\"aligncenter size-full wp-image-688010\" src=\"https:\/\/www.diario5.com.ar\/wp-content\/uploads\/2024\/08\/ar_chubut20240812.jpg\" width=\"700\" height=\"896\" srcset=\"https:\/\/www.diario5.com.ar\/wp-content\/uploads\/2024\/08\/ar_chubut20240812.jpg 700w, https:\/\/www.diario5.com.ar\/wp-content\/uploads\/2024\/08\/ar_chubut20240812-234x300.jpg 234w\" sizes=\"(max-width: 700px) 100vw, 700px\" \/><\/p>\n<p><img decoding=\"async\" loading=\"lazy\" class=\"aligncenter size-full wp-image-688017\" src=\"https:\/\/www.diario5.com.ar\/wp-content\/uploads\/2024\/08\/ar_diario_republica20240812.jpg\" width=\"700\" height=\"982\" srcset=\"https:\/\/www.diario5.com.ar\/wp-content\/uploads\/2024\/08\/ar_diario_republica20240812.jpg 700w, https:\/\/www.diario5.com.ar\/wp-content\/uploads\/2024\/08\/ar_diario_republica20240812-214x300.jpg 214w\" sizes=\"(max-width: 700px) 100vw, 700px\" \/><\/p>\n<p><img decoding=\"async\" loading=\"lazy\" class=\"aligncenter size-full wp-image-688018\" src=\"https:\/\/www.diario5.com.ar\/wp-content\/uploads\/2024\/08\/ar_litoral_sfe20240812.jpg\" width=\"700\" height=\"923\" srcset=\"https:\/\/www.diario5.com.ar\/wp-content\/uploads\/2024\/08\/ar_litoral_sfe20240812.jpg 700w, https:\/\/www.diario5.com.ar\/wp-content\/uploads\/2024\/08\/ar_litoral_sfe20240812-228x300.jpg 228w\" sizes=\"(max-width: 700px) 100vw, 700px\" \/><\/p>\n<p><img decoding=\"async\" loading=\"lazy\" class=\"aligncenter size-full wp-image-688011\" src=\"https:\/\/www.diario5.com.ar\/wp-content\/uploads\/2024\/08\/ciudadano20240812.jpg\" width=\"700\" height=\"950\" srcset=\"https:\/\/www.diario5.com.ar\/wp-content\/uploads\/2024\/08\/ciudadano20240812.jpg 700w, https:\/\/www.diario5.com.ar\/wp-content\/uploads\/2024\/08\/ciudadano20240812-221x300.jpg 221w\" sizes=\"(max-width: 700px) 100vw, 700px\" \/><\/p>\n<p><img decoding=\"async\" loading=\"lazy\" class=\"aligncenter size-full wp-image-688019\" src=\"https:\/\/www.diario5.com.ar\/wp-content\/uploads\/2024\/08\/ar_mirador_provincial20240812.jpg\" width=\"700\" height=\"940\" srcset=\"https:\/\/www.diario5.com.ar\/wp-content\/uploads\/2024\/08\/ar_mirador_provincial20240812.jpg 700w, https:\/\/www.diario5.com.ar\/wp-content\/uploads\/2024\/08\/ar_mirador_provincial20240812-223x300.jpg 223w\" sizes=\"(max-width: 700px) 100vw, 700px\" \/><\/p>\n<p><img decoding=\"async\" loading=\"lazy\" class=\"aligncenter size-full wp-image-688012\" src=\"https:\/\/www.diario5.com.ar\/wp-content\/uploads\/2024\/08\/ar_clarin20240812.jpg\" width=\"700\" height=\"976\" srcset=\"https:\/\/www.diario5.com.ar\/wp-content\/uploads\/2024\/08\/ar_clarin20240812.jpg 700w, https:\/\/www.diario5.com.ar\/wp-content\/uploads\/2024\/08\/ar_clarin20240812-215x300.jpg 215w\" sizes=\"(max-width: 700px) 100vw, 700px\" \/><\/p>\n<p><img decoding=\"async\" loading=\"lazy\" class=\"aligncenter size-full wp-image-688013\" src=\"https:\/\/www.diario5.com.ar\/wp-content\/uploads\/2024\/08\/nacion20240812.jpg\" width=\"700\" height=\"1062\" srcset=\"https:\/\/www.diario5.com.ar\/wp-content\/uploads\/2024\/08\/nacion20240812.jpg 700w, https:\/\/www.diario5.com.ar\/wp-content\/uploads\/2024\/08\/nacion20240812-198x300.jpg 198w, https:\/\/www.diario5.com.ar\/wp-content\/uploads\/2024\/08\/nacion20240812-675x1024.jpg 675w\" sizes=\"(max-width: 700px) 100vw, 700px\" \/><\/p>\n<p><img decoding=\"async\" loading=\"lazy\" class=\"aligncenter size-full wp-image-688014\" src=\"https:\/\/www.diario5.com.ar\/wp-content\/uploads\/2024\/08\/ar_ancasti20240812.jpg\" width=\"700\" height=\"949\" srcset=\"https:\/\/www.diario5.com.ar\/wp-content\/uploads\/2024\/08\/ar_ancasti20240812.jpg 700w, https:\/\/www.diario5.com.ar\/wp-content\/uploads\/2024\/08\/ar_ancasti20240812-221x300.jpg 221w\" sizes=\"(max-width: 700px) 100vw, 700px\" \/><\/p>\n<p>&nbsp;<\/p>","protected":false},"excerpt":{"rendered":"<p>La oferta porte\u00f1a de julio y agosto Combinando datos de la temporada 2023 completa y lo que ya se conoce de la actual, podemos redondear un ranking de los sitios que imantan al p\u00fablico, el Top 10 de algunos rubros y los podios en los \u00f3rdenes cultural y popular. Las vacaciones de invierno en la [&hellip;]<\/p>","protected":false},"author":27,"featured_media":687980,"comment_status":"open","ping_status":"open","sticky":false,"template":"","format":"standard","meta":[],"categories":[2120,7,482,56,51],"tags":[1935,474,630,2043,935,2014,1042,1631,1952,1921,1362,1226,1859,1459],"series":[],"_links":{"self":[{"href":"https:\/\/www.diario5.com.ar\/es\/wp-json\/wp\/v2\/posts\/677334"}],"collection":[{"href":"https:\/\/www.diario5.com.ar\/es\/wp-json\/wp\/v2\/posts"}],"about":[{"href":"https:\/\/www.diario5.com.ar\/es\/wp-json\/wp\/v2\/types\/post"}],"author":[{"embeddable":true,"href":"https:\/\/www.diario5.com.ar\/es\/wp-json\/wp\/v2\/users\/27"}],"replies":[{"embeddable":true,"href":"https:\/\/www.diario5.com.ar\/es\/wp-json\/wp\/v2\/comments?post=677334"}],"version-history":[{"count":4,"href":"https:\/\/www.diario5.com.ar\/es\/wp-json\/wp\/v2\/posts\/677334\/revisions"}],"predecessor-version":[{"id":688035,"href":"https:\/\/www.diario5.com.ar\/es\/wp-json\/wp\/v2\/posts\/677334\/revisions\/688035"}],"wp:featuredmedia":[{"embeddable":true,"href":"https:\/\/www.diario5.com.ar\/es\/wp-json\/wp\/v2\/media\/687980"}],"wp:attachment":[{"href":"https:\/\/www.diario5.com.ar\/es\/wp-json\/wp\/v2\/media?parent=677334"}],"wp:term":[{"taxonomy":"category","embeddable":true,"href":"https:\/\/www.diario5.com.ar\/es\/wp-json\/wp\/v2\/categories?post=677334"},{"taxonomy":"post_tag","embeddable":true,"href":"https:\/\/www.diario5.com.ar\/es\/wp-json\/wp\/v2\/tags?post=677334"},{"taxonomy":"series","embeddable":true,"href":"https:\/\/www.diario5.com.ar\/es\/wp-json\/wp\/v2\/series?post=677334"}],"curies":[{"name":"wp","href":"https:\/\/api.w.org\/{rel}","templated":true}]}}