{"id":677331,"date":"2024-08-09T06:11:00","date_gmt":"2024-08-09T09:11:00","guid":{"rendered":"http:\/\/diario5.com.ar\/?p=677331"},"modified":"2024-08-14T14:46:37","modified_gmt":"2024-08-14T17:46:37","slug":"677331","status":"publish","type":"post","link":"https:\/\/www.diario5.com.ar\/es\/677331\/","title":{"rendered":"Cada vez m\u00e1s desdibujados"},"content":{"rendered":"<h2 class=\"sub-title-primary\">Toda la atenci\u00f3n sobre lo violento que result\u00f3 ser Alberto Fern\u00e1ndez. Nada sobre la desgracia argentina de haber tenido un gobernante de esta cala\u00f1a. Y hay una sola culpable de eso: Cristina Kirchner<\/h2> <p><img decoding=\"async\" loading=\"lazy\" class=\"alignnone size-full wp-image-687947\" src=\"https:\/\/www.diario5.com.ar\/wp-content\/uploads\/2024\/08\/los_fernandez_2.jpg\" alt=\"\" width=\"724\" height=\"480\" srcset=\"https:\/\/www.diario5.com.ar\/wp-content\/uploads\/2024\/08\/los_fernandez_2.jpg 724w, https:\/\/www.diario5.com.ar\/wp-content\/uploads\/2024\/08\/los_fernandez_2-300x199.jpg 300w\" sizes=\"(max-width: 724px) 100vw, 724px\" \/><\/p>\n<p>Cristina Fern\u00e1ndez de Kirchner, en una jugada que muchos calificaron en su momento como una movida maestra, es la verdadera art\u00edfice de la llegada de Alberto Fern\u00e1ndez a la presidencia. Fue ella quien, en 2019, decidi\u00f3 postularlo como cabeza de una f\u00f3rmula en la que se asegur\u00f3 el control del poder al colocarse como candidata a la vicepresidencia. Esta decisi\u00f3n no s\u00f3lo fue estrat\u00e9gica, sino que tambi\u00e9n consolid\u00f3 un acuerdo que incluy\u00f3 a Sergio Massa, un l\u00edder pol\u00edtico que hab\u00eda estado distanciado de ella, pero que regres\u00f3 al redil bajo la promesa de una alianza que supuestamente revitalizar\u00eda al peronismo.<\/p>\n<p>Sin embargo, lo que sigui\u00f3 fue una presidencia marcada por la inoperancia, la falta de liderazgo y, como se ha descubierto recientemente, por conductas profundamente reprochables en el \u00e1mbito personal y p\u00fablico de Alberto Fern\u00e1ndez. Desde la \u00abFiesta de Olivos\u00bb, que simboliz\u00f3 el distanciamiento entre el gobierno y la realidad de la gente, hasta las recientes y estremecedoras revelaciones sobre la violencia dom\u00e9stica que ejerc\u00eda sobre su pareja, Fabiola Ya\u00f1ez, queda claro que su gesti\u00f3n fue un fracaso rotundo.<\/p>\n<p>Pero, ante todo, la pregunta crucial es: \u00bfQui\u00e9n es realmente responsable de haber colocado a este hombre en una posici\u00f3n de poder tan elevada? La respuesta es ineludible: Cristina Fern\u00e1ndez de Kirchner. Ella eligi\u00f3, design\u00f3 y promovi\u00f3 a Alberto Fern\u00e1ndez como la figura que deb\u00eda conducir los destinos de la naci\u00f3n. Por lo tanto, no puede ahora desentenderse de las consecuencias de esa elecci\u00f3n. Cualquier an\u00e1lisis objetivo del per\u00edodo de gobierno de Alberto Fern\u00e1ndez debe recordar constantemente que su ascenso al poder fue el resultado directo de una maniobra pol\u00edtica que lleva la firma de Cristina Kirchner.<\/p>\n<p>As\u00ed, mientras la imagen de Alberto Fern\u00e1ndez se desploma y su legado se desvanece en el olvido como un presidente que defraud\u00f3 a quienes confiaron en \u00e9l, es imperativo recordar que quien lo coloc\u00f3 en esa posici\u00f3n y por ende quien debe asumir la responsabilidad hist\u00f3rica, es su hom\u00f3nima en la f\u00f3rmula, Cristina Fern\u00e1ndez de Kirchner. La historia juzgar\u00e1 a Alberto Fern\u00e1ndez, pero tambi\u00e9n y quiz\u00e1s con mayor severidad, a quien lo llev\u00f3 a la presidencia.<\/p>\n<p>Cada uno con su culpa y a su debido tiempo.<\/p>\n<p>En su maniobra pol\u00edtica de 2019, Cristina logr\u00f3 colocarse nuevamente en el poder, ungiendo a Alberto Fern\u00e1ndez como candidato seguro a ganar la presidencia, consolidando aquel triunvirato de gobernabilidad con Sergio Massa como aliado clave. Pero Alberto no s\u00f3lo  fracas\u00f3 en su gesti\u00f3n, sino que adem\u00e1s estuvo marcado por una serie de esc\u00e1ndalos que deterioraron su imagen y la de su administraci\u00f3n, sin sospechar este pos final en el que pas\u00f3 a ser se\u00f1alado por la violencia dom\u00e9stica ejercida sobre su pareja, Fabiola Y\u00e1\u00f1ez.<\/p>\n<p>Resulta alarmante el habernos enterado de la hipocres\u00eda del kirchnerismo y la agrupaci\u00f3n La C\u00e1mpora, liderada por figuras como M\u00e1ximo Kirchner, se\u00f1alando a Fabiola como responsable principal de las malas elecciones de 2021 y 2023. Esta estrategia de culpar a terceros por los fracasos pol\u00edticos demuestra la profunda crisis interna que atraviesa el movimiento, siempre dispuesto a sacrificar a quienes considera peones en su tablero.<\/p>\n<p>Pero es a\u00fan m\u00e1s preocupante c\u00f3mo un grupo de mujeres dirigentes peronistas y kirchneristas, muchas de ellas feministas y ministras de Alberto Fern\u00e1ndez pero tan f\u00e9rreas operadoras de Cristina Kirchner, se vuelven contra el ex presidente mientras todos las miramos con la absoluta sospecha de que conoc\u00edan la conflictiva tendencia del bigotudo a pegarle a las minas. Elizabeth G\u00f3mez Alcorta, Victoria Tolosa Paz y Anabel Fern\u00e1ndez Sagasti habr\u00edan estado al tanto de la violencia ejercida por el expresidente sobre Fabiola, incluso durante su embarazo. La doble moral, que ronda los cielos de las funcionarias de Alberto y que priorizan la defensa de Cristina por encima de la protecci\u00f3n y apoyo a una mujer v\u00edctima de violencia, pone de manifiesto las contradicciones y las luchas de poder internas del kirchnerismo, por expresarlo sin los insultos que se merecen ante la tardanza de las pruebas.<\/p>\n<p>La responsabilidad de Cristina Fern\u00e1ndez de Kirchner en la elecci\u00f3n de Alberto Fern\u00e1ndez como presidente es indiscutible. Pero tambi\u00e9n es necesario cuestionar la complicidad y el silencio de quienes, por proteger su liderazgo, han permitido que un ciclo de violencia y abuso se perpet\u00fae en el m\u00e1s alto nivel de la pol\u00edtica argentina. La historia juzgar\u00e1 a Alberto Fern\u00e1ndez, pero no se puede eximir de responsabilidad a quien lo puso en el poder y a quienes encubrieron sus acciones.<\/p>\n<p>Cristina sab\u00eda perfectamente cu\u00e1les eran las \u00abperformances personales ocultas\u00bb del fulano que eligi\u00f3 para encabezar su f\u00f3rmula en 2019. En ese tiempo, hubo entre ellos una falsa y maquiav\u00e9lica reconciliaci\u00f3n tras aquella etapa desopilante en la que mutuamente se recriminaban actitudes de los tiempos del Alberto jefe de Gabinete en los gobiernos de N\u00e9stor Kirchner y de la propia Cristina. Claramente hablamos de una dirigente que, necesitando \u00ablevantar un muerto\u00bb, cansada de elegir funcionarios que -mostr\u00e1ndose leales- ca\u00edan despu\u00e9s en la corrupci\u00f3n (Boudou), se le iban de su control (Lousteau) o no alcanzaban los objetivos (Scioli) decidi\u00f3 llamar para que, primeramente, sea su vocero y, luego, candidato al cargo por el que tantos luchan, a quien la hab\u00eda catalogado de \u00abc\u00ednica, delirante y cabeza de un gobierno pat\u00e9tico, sin nada bueno para rescatar\u00bb.<\/p>\n<p>Dos eg\u00f3latras que comparten apellido y oscilantes conductas entre lo neur\u00f3tico y lo psic\u00f3tico, son la mayora causa de un desaguisado con ep\u00edlogo de pa\u00eds en decadencia. \u00c9l, en el barro. Ella, manoteando sin saber en qu\u00e9 direcci\u00f3n para que no la miren, como cada vez que uno de los suyos queda, como siempre, pegado.<\/p>\n<p><img decoding=\"async\" loading=\"lazy\" class=\"aligncenter size-full wp-image-687950\" src=\"https:\/\/www.diario5.com.ar\/wp-content\/uploads\/2024\/08\/ar_capital_rosario20240809.jpg\" width=\"700\" height=\"935\" srcset=\"https:\/\/www.diario5.com.ar\/wp-content\/uploads\/2024\/08\/ar_capital_rosario20240809.jpg 700w, https:\/\/www.diario5.com.ar\/wp-content\/uploads\/2024\/08\/ar_capital_rosario20240809-225x300.jpg 225w\" sizes=\"(max-width: 700px) 100vw, 700px\" \/><\/p>\n<p><img decoding=\"async\" loading=\"lazy\" class=\"aligncenter size-full wp-image-687951\" src=\"https:\/\/www.diario5.com.ar\/wp-content\/uploads\/2024\/08\/esquiu20240809.jpg\" width=\"700\" height=\"920\" srcset=\"https:\/\/www.diario5.com.ar\/wp-content\/uploads\/2024\/08\/esquiu20240809.jpg 700w, https:\/\/www.diario5.com.ar\/wp-content\/uploads\/2024\/08\/esquiu20240809-228x300.jpg 228w\" sizes=\"(max-width: 700px) 100vw, 700px\" \/><\/p>\n<p><img decoding=\"async\" loading=\"lazy\" class=\"aligncenter size-full wp-image-687952\" src=\"https:\/\/www.diario5.com.ar\/wp-content\/uploads\/2024\/08\/voz_chaco20240809.jpg\" width=\"700\" height=\"852\" srcset=\"https:\/\/www.diario5.com.ar\/wp-content\/uploads\/2024\/08\/voz_chaco20240809.jpg 700w, https:\/\/www.diario5.com.ar\/wp-content\/uploads\/2024\/08\/voz_chaco20240809-246x300.jpg 246w\" sizes=\"(max-width: 700px) 100vw, 700px\" \/><\/p>\n<p><img decoding=\"async\" loading=\"lazy\" class=\"aligncenter size-full wp-image-687953\" src=\"https:\/\/www.diario5.com.ar\/wp-content\/uploads\/2024\/08\/ar_cronista20240809.jpg\" width=\"700\" height=\"1001\" srcset=\"https:\/\/www.diario5.com.ar\/wp-content\/uploads\/2024\/08\/ar_cronista20240809.jpg 700w, https:\/\/www.diario5.com.ar\/wp-content\/uploads\/2024\/08\/ar_cronista20240809-210x300.jpg 210w\" sizes=\"(max-width: 700px) 100vw, 700px\" \/><\/p>\n<p><img decoding=\"async\" loading=\"lazy\" class=\"aligncenter size-full wp-image-687954\" src=\"https:\/\/www.diario5.com.ar\/wp-content\/uploads\/2024\/08\/ar_eldia20240809.jpg\" width=\"699\" height=\"1041\" srcset=\"https:\/\/www.diario5.com.ar\/wp-content\/uploads\/2024\/08\/ar_eldia20240809.jpg 699w, https:\/\/www.diario5.com.ar\/wp-content\/uploads\/2024\/08\/ar_eldia20240809-201x300.jpg 201w, https:\/\/www.diario5.com.ar\/wp-content\/uploads\/2024\/08\/ar_eldia20240809-688x1024.jpg 688w\" sizes=\"(max-width: 699px) 100vw, 699px\" \/><\/p>\n<p><img decoding=\"async\" loading=\"lazy\" class=\"aligncenter size-full wp-image-687955\" src=\"https:\/\/www.diario5.com.ar\/wp-content\/uploads\/2024\/08\/ar_hoy20240809.jpg\" width=\"700\" height=\"926\" srcset=\"https:\/\/www.diario5.com.ar\/wp-content\/uploads\/2024\/08\/ar_hoy20240809.jpg 700w, https:\/\/www.diario5.com.ar\/wp-content\/uploads\/2024\/08\/ar_hoy20240809-227x300.jpg 227w\" sizes=\"(max-width: 700px) 100vw, 700px\" \/><\/p>\n<p><img decoding=\"async\" loading=\"lazy\" class=\"aligncenter size-full wp-image-687956\" src=\"https:\/\/www.diario5.com.ar\/wp-content\/uploads\/2024\/08\/ar_chubut20240809.jpg\" width=\"700\" height=\"902\" srcset=\"https:\/\/www.diario5.com.ar\/wp-content\/uploads\/2024\/08\/ar_chubut20240809.jpg 700w, https:\/\/www.diario5.com.ar\/wp-content\/uploads\/2024\/08\/ar_chubut20240809-233x300.jpg 233w\" sizes=\"(max-width: 700px) 100vw, 700px\" \/><\/p>\n<p><img decoding=\"async\" loading=\"lazy\" class=\"aligncenter size-full wp-image-687957\" src=\"https:\/\/www.diario5.com.ar\/wp-content\/uploads\/2024\/08\/ciudadano20240809.jpg\" width=\"700\" height=\"932\" srcset=\"https:\/\/www.diario5.com.ar\/wp-content\/uploads\/2024\/08\/ciudadano20240809.jpg 700w, https:\/\/www.diario5.com.ar\/wp-content\/uploads\/2024\/08\/ciudadano20240809-225x300.jpg 225w\" sizes=\"(max-width: 700px) 100vw, 700px\" \/><\/p>\n<p><img decoding=\"async\" loading=\"lazy\" class=\"aligncenter size-full wp-image-687958\" src=\"https:\/\/www.diario5.com.ar\/wp-content\/uploads\/2024\/08\/nacion20240809.jpg\" width=\"700\" height=\"1062\" srcset=\"https:\/\/www.diario5.com.ar\/wp-content\/uploads\/2024\/08\/nacion20240809.jpg 700w, https:\/\/www.diario5.com.ar\/wp-content\/uploads\/2024\/08\/nacion20240809-198x300.jpg 198w, https:\/\/www.diario5.com.ar\/wp-content\/uploads\/2024\/08\/nacion20240809-675x1024.jpg 675w\" sizes=\"(max-width: 700px) 100vw, 700px\" \/><\/p>\n<p><img decoding=\"async\" loading=\"lazy\" class=\"aligncenter size-full wp-image-687959\" src=\"https:\/\/www.diario5.com.ar\/wp-content\/uploads\/2024\/08\/ar_ancasti20240809.jpg\" width=\"700\" height=\"949\" srcset=\"https:\/\/www.diario5.com.ar\/wp-content\/uploads\/2024\/08\/ar_ancasti20240809.jpg 700w, https:\/\/www.diario5.com.ar\/wp-content\/uploads\/2024\/08\/ar_ancasti20240809-221x300.jpg 221w\" sizes=\"(max-width: 700px) 100vw, 700px\" \/><\/p>","protected":false},"excerpt":{"rendered":"<p>Toda la atenci\u00f3n sobre lo violento que result\u00f3 ser Alberto Fern\u00e1ndez. Nada sobre la desgracia argentina de haber tenido un gobernante de esta cala\u00f1a. Y hay una sola culpable de eso: Cristina Kirchner Cristina Fern\u00e1ndez de Kirchner, en una jugada que muchos calificaron en su momento como una movida maestra, es la verdadera art\u00edfice de [&hellip;]<\/p>","protected":false},"author":23,"featured_media":687947,"comment_status":"open","ping_status":"open","sticky":false,"template":"","format":"standard","meta":[],"categories":[75,161,110,724,45,56],"tags":[736,1177,734,1040,1035,1860,1873,747],"series":[],"_links":{"self":[{"href":"https:\/\/www.diario5.com.ar\/es\/wp-json\/wp\/v2\/posts\/677331"}],"collection":[{"href":"https:\/\/www.diario5.com.ar\/es\/wp-json\/wp\/v2\/posts"}],"about":[{"href":"https:\/\/www.diario5.com.ar\/es\/wp-json\/wp\/v2\/types\/post"}],"author":[{"embeddable":true,"href":"https:\/\/www.diario5.com.ar\/es\/wp-json\/wp\/v2\/users\/23"}],"replies":[{"embeddable":true,"href":"https:\/\/www.diario5.com.ar\/es\/wp-json\/wp\/v2\/comments?post=677331"}],"version-history":[{"count":4,"href":"https:\/\/www.diario5.com.ar\/es\/wp-json\/wp\/v2\/posts\/677331\/revisions"}],"predecessor-version":[{"id":687960,"href":"https:\/\/www.diario5.com.ar\/es\/wp-json\/wp\/v2\/posts\/677331\/revisions\/687960"}],"wp:featuredmedia":[{"embeddable":true,"href":"https:\/\/www.diario5.com.ar\/es\/wp-json\/wp\/v2\/media\/687947"}],"wp:attachment":[{"href":"https:\/\/www.diario5.com.ar\/es\/wp-json\/wp\/v2\/media?parent=677331"}],"wp:term":[{"taxonomy":"category","embeddable":true,"href":"https:\/\/www.diario5.com.ar\/es\/wp-json\/wp\/v2\/categories?post=677331"},{"taxonomy":"post_tag","embeddable":true,"href":"https:\/\/www.diario5.com.ar\/es\/wp-json\/wp\/v2\/tags?post=677331"},{"taxonomy":"series","embeddable":true,"href":"https:\/\/www.diario5.com.ar\/es\/wp-json\/wp\/v2\/series?post=677331"}],"curies":[{"name":"wp","href":"https:\/\/api.w.org\/{rel}","templated":true}]}}