{"id":677330,"date":"2024-08-08T06:11:00","date_gmt":"2024-08-08T09:11:00","guid":{"rendered":"http:\/\/diario5.com.ar\/?p=677330"},"modified":"2024-08-14T14:46:38","modified_gmt":"2024-08-14T17:46:38","slug":"677330","status":"publish","type":"post","link":"https:\/\/www.diario5.com.ar\/es\/677330\/","title":{"rendered":"Productores premiados"},"content":{"rendered":"<h2 class=\"sub-title-primary\"><\/h2> <p><img decoding=\"async\" loading=\"lazy\" class=\"aligncenter size-full wp-image-687928\" src=\"https:\/\/www.diario5.com.ar\/wp-content\/uploads\/2024\/08\/WhatsApp-Image-2024-08-05-at-19.35.5320240808.jpeg\" width=\"700\" height=\"475\" alt=\"Fotos\" srcset=\"https:\/\/www.diario5.com.ar\/wp-content\/uploads\/2024\/08\/WhatsApp-Image-2024-08-05-at-19.35.5320240808.jpeg 700w, https:\/\/www.diario5.com.ar\/wp-content\/uploads\/2024\/08\/WhatsApp-Image-2024-08-05-at-19.35.5320240808-300x204.jpeg 300w\" sizes=\"(max-width: 700px) 100vw, 700px\" \/><\/p>\n<p>La Ciudad de Buenos Aires ha dado a conocer a los 10 ganadores de la segunda edici\u00f3n del programa BA Producci\u00f3n Internacional, una iniciativa que ha logrado generar m\u00e1s de 11.000 puestos de trabajo y una inversi\u00f3n privada de $70.000 millones.<\/p>\n<p>Este programa tiene como objetivo fortalecer la industria audiovisual local mediante la devoluci\u00f3n de parte de los gastos realizados por productoras nacionales en coproducciones internacionales y servicios de producci\u00f3n de largometrajes, series de ficci\u00f3n y animaci\u00f3n.<\/p>\n<p>En esta edici\u00f3n, los proyectos seleccionados fueron: \u201cAtrapados\u201d de Haddock, \u201cEscape a la India\u201d de Mundo Loco, \u201cCrimen Bajo Cero\u201d de Storylab, \u201cHomo Argentum\u201d de Pampa Films, \u201cMazel Tov!\u201d de Preludio Films, \u201cPlayback\u201d de Pampa, \u201cDivisi\u00f3n Palermo 2\u201d de K&amp;S, \u201cLa Casa\u201d de Cacodelphia, \u201cVieja Loca\u201d de La uni\u00f3n de los r\u00edos y \u201cPap\u00e1 por 2\u201d de FB Group.<\/p>\n<p>El desarrollo del programa estuvo a cargo del ministro de Desarrollo Econ\u00f3mico, Roberto Garc\u00eda Morit\u00e1n, quien destac\u00f3: \u201cEstamos invirtiendo en trabajo y productividad para los porte\u00f1os y para la Argentina. Esta industria es muy importante: representa el 2% del Producto Bruto de la Ciudad. Vamos a hacer todo lo posible para que cada uno de los proyectos sea un \u00e9xito\u201d.<\/p>\n<p>\u201cLa cultura nunca es un gasto, sino una inversi\u00f3n\u00bb. Como siempre se espera de los gobernantes una manifestaci\u00f3n en esa direcci\u00f3n, la frase del jefe de Gobierno, Jorge Macri, parece oxigenar los \u00e1mbitos de todas las artes vinculadas a la Ciudad de Buenos Aires.<\/p>\n<p>La ministra ministra de Cultura, Gabriela Ricardes, tambi\u00e9n se manifest\u00f3 al respecto: \u201cLos equipos trabajaron muy bien juntos y eso es f\u00e1cil cuando hay una visi\u00f3n de liderazgo y se puede manifestar desde diferentes \u00e1reas de Gobierno. Estar ac\u00e1 es un orgullo para nosotros y es parte de la misi\u00f3n que tenemos, la de ayudar a exportar talento y producto audiovisual\u00bb.<\/p>\n<p>Los ganadores de esta edici\u00f3n deber\u00e1n llevar a cabo los d\u00edas de rodaje en la Ciudad antes del 1 de noviembre de este a\u00f1o. El porcentaje de devoluci\u00f3n de la inversi\u00f3n alcanza el 25%.<\/p>\n<p>Gracias al di\u00e1logo con el sector y la experiencia obtenida en la primera edici\u00f3n, se han incluido proyectos de animaci\u00f3n (largometrajes y series) en esta segunda convocatoria. As\u00ed, entre ambas ediciones, se habr\u00e1n apoyado m\u00e1s de 20 producciones con proyecci\u00f3n internacional.<\/p>\n<p>En el evento realizado en el Parque de la Innovaci\u00f3n, en N\u00fa\u00f1ez, Macri asegur\u00f3 que en un momento de mucha incertidumbre para la industria audiovisual en la Argentina, \u00abacompa\u00f1arlos es un gesto importante y una manera de decirles que estamos, que sientan que son relevantes para nosotros en lo concreto y en el apoyo espec\u00edfico\u201d.<\/p>\n<p>Buenos Aires se destaca como un gran polo audiovisual, concentrando el 70% de las productoras del pa\u00eds, el 46% de las carreras audiovisuales y siendo el lugar donde se filma m\u00e1s del 40% de las pel\u00edculas argentinas anualmente.<\/p>\n<p>Jorge Macri concluy\u00f3: \u201cSe trata de identificar esa capacidad creativa y ayudarla a que se transforme en un motor de desarrollo. El techo es el cielo, o sea, no hay l\u00edmite para todo lo que podemos crear desde la Argentina en funci\u00f3n del capital humano que tenemos. La Ciudad no tiene litio ni recursos naturales, sino capital humano. Un mont\u00f3n de gente que tiene la capacidad de crear y generar valor\u201d.<\/p>\n<p><!--googleoff: index--><br \/>\n<!--googleon: index--><br \/>\n<img decoding=\"async\" loading=\"lazy\" class=\"aligncenter size-full wp-image-687929\" src=\"https:\/\/www.diario5.com.ar\/wp-content\/uploads\/2024\/08\/ar_capital_rosario20240808.jpg\" width=\"700\" height=\"925\" srcset=\"https:\/\/www.diario5.com.ar\/wp-content\/uploads\/2024\/08\/ar_capital_rosario20240808.jpg 700w, https:\/\/www.diario5.com.ar\/wp-content\/uploads\/2024\/08\/ar_capital_rosario20240808-227x300.jpg 227w\" sizes=\"(max-width: 700px) 100vw, 700px\" \/><\/p>\n<p><img decoding=\"async\" loading=\"lazy\" class=\"aligncenter size-full wp-image-687930\" src=\"https:\/\/www.diario5.com.ar\/wp-content\/uploads\/2024\/08\/esquiu20240808.jpg\" width=\"700\" height=\"920\" srcset=\"https:\/\/www.diario5.com.ar\/wp-content\/uploads\/2024\/08\/esquiu20240808.jpg 700w, https:\/\/www.diario5.com.ar\/wp-content\/uploads\/2024\/08\/esquiu20240808-228x300.jpg 228w\" sizes=\"(max-width: 700px) 100vw, 700px\" \/><\/p>\n<p><img decoding=\"async\" loading=\"lazy\" class=\"aligncenter size-full wp-image-687931\" src=\"https:\/\/www.diario5.com.ar\/wp-content\/uploads\/2024\/08\/voz_chaco20240808.jpg\" width=\"700\" height=\"815\" srcset=\"https:\/\/www.diario5.com.ar\/wp-content\/uploads\/2024\/08\/voz_chaco20240808.jpg 700w, https:\/\/www.diario5.com.ar\/wp-content\/uploads\/2024\/08\/voz_chaco20240808-258x300.jpg 258w\" sizes=\"(max-width: 700px) 100vw, 700px\" \/><\/p>\n<p><img decoding=\"async\" loading=\"lazy\" class=\"aligncenter size-full wp-image-687932\" src=\"https:\/\/www.diario5.com.ar\/wp-content\/uploads\/2024\/08\/ar_cronista20240808.jpg\" width=\"700\" height=\"923\" srcset=\"https:\/\/www.diario5.com.ar\/wp-content\/uploads\/2024\/08\/ar_cronista20240808.jpg 700w, https:\/\/www.diario5.com.ar\/wp-content\/uploads\/2024\/08\/ar_cronista20240808-228x300.jpg 228w\" sizes=\"(max-width: 700px) 100vw, 700px\" \/><\/p>\n<p><img decoding=\"async\" loading=\"lazy\" class=\"aligncenter size-full wp-image-687933\" src=\"https:\/\/www.diario5.com.ar\/wp-content\/uploads\/2024\/08\/ar_eldia20240808.jpg\" width=\"700\" height=\"1045\" srcset=\"https:\/\/www.diario5.com.ar\/wp-content\/uploads\/2024\/08\/ar_eldia20240808.jpg 700w, https:\/\/www.diario5.com.ar\/wp-content\/uploads\/2024\/08\/ar_eldia20240808-201x300.jpg 201w, https:\/\/www.diario5.com.ar\/wp-content\/uploads\/2024\/08\/ar_eldia20240808-686x1024.jpg 686w\" sizes=\"(max-width: 700px) 100vw, 700px\" \/><\/p>\n<p><img decoding=\"async\" loading=\"lazy\" class=\"aligncenter size-full wp-image-687934\" src=\"https:\/\/www.diario5.com.ar\/wp-content\/uploads\/2024\/08\/ar_chubut20240808.jpg\" width=\"700\" height=\"904\" srcset=\"https:\/\/www.diario5.com.ar\/wp-content\/uploads\/2024\/08\/ar_chubut20240808.jpg 700w, https:\/\/www.diario5.com.ar\/wp-content\/uploads\/2024\/08\/ar_chubut20240808-232x300.jpg 232w\" sizes=\"(max-width: 700px) 100vw, 700px\" \/><\/p>\n<p><img decoding=\"async\" loading=\"lazy\" class=\"aligncenter size-full wp-image-687935\" src=\"https:\/\/www.diario5.com.ar\/wp-content\/uploads\/2024\/08\/ciudadano20240808.jpg\" width=\"700\" height=\"932\" srcset=\"https:\/\/www.diario5.com.ar\/wp-content\/uploads\/2024\/08\/ciudadano20240808.jpg 700w, https:\/\/www.diario5.com.ar\/wp-content\/uploads\/2024\/08\/ciudadano20240808-225x300.jpg 225w\" sizes=\"(max-width: 700px) 100vw, 700px\" \/><\/p>\n<p><img decoding=\"async\" loading=\"lazy\" class=\"aligncenter size-full wp-image-687936\" src=\"https:\/\/www.diario5.com.ar\/wp-content\/uploads\/2024\/08\/ar_clarin20240808.jpg\" width=\"700\" height=\"976\" srcset=\"https:\/\/www.diario5.com.ar\/wp-content\/uploads\/2024\/08\/ar_clarin20240808.jpg 700w, https:\/\/www.diario5.com.ar\/wp-content\/uploads\/2024\/08\/ar_clarin20240808-215x300.jpg 215w\" sizes=\"(max-width: 700px) 100vw, 700px\" \/><\/p>\n<p><img decoding=\"async\" loading=\"lazy\" class=\"aligncenter size-full wp-image-687937\" src=\"https:\/\/www.diario5.com.ar\/wp-content\/uploads\/2024\/08\/nacion20240808.jpg\" width=\"700\" height=\"1062\" srcset=\"https:\/\/www.diario5.com.ar\/wp-content\/uploads\/2024\/08\/nacion20240808.jpg 700w, https:\/\/www.diario5.com.ar\/wp-content\/uploads\/2024\/08\/nacion20240808-198x300.jpg 198w, https:\/\/www.diario5.com.ar\/wp-content\/uploads\/2024\/08\/nacion20240808-675x1024.jpg 675w\" sizes=\"(max-width: 700px) 100vw, 700px\" \/><\/p>\n<p><img decoding=\"async\" loading=\"lazy\" class=\"aligncenter size-full wp-image-687938\" src=\"https:\/\/www.diario5.com.ar\/wp-content\/uploads\/2024\/08\/ar_ancasti20240808.jpg\" width=\"700\" height=\"949\" srcset=\"https:\/\/www.diario5.com.ar\/wp-content\/uploads\/2024\/08\/ar_ancasti20240808.jpg 700w, https:\/\/www.diario5.com.ar\/wp-content\/uploads\/2024\/08\/ar_ancasti20240808-221x300.jpg 221w\" sizes=\"(max-width: 700px) 100vw, 700px\" \/><\/p>\n<p>&nbsp;<\/p>","protected":false},"excerpt":{"rendered":"<p>La Ciudad de Buenos Aires ha dado a conocer a los 10 ganadores de la segunda edici\u00f3n del programa BA Producci\u00f3n Internacional, una iniciativa que ha logrado generar m\u00e1s de 11.000 puestos de trabajo y una inversi\u00f3n privada de $70.000 millones. Este programa tiene como objetivo fortalecer la industria audiovisual local mediante la devoluci\u00f3n de [&hellip;]<\/p>","protected":false},"author":12,"featured_media":687928,"comment_status":"open","ping_status":"open","sticky":false,"template":"","format":"standard","meta":[],"categories":[2119,7,52,56],"tags":[1177,474,630,331,2117,1094,982,1871,1362,1685,1683],"series":[],"_links":{"self":[{"href":"https:\/\/www.diario5.com.ar\/es\/wp-json\/wp\/v2\/posts\/677330"}],"collection":[{"href":"https:\/\/www.diario5.com.ar\/es\/wp-json\/wp\/v2\/posts"}],"about":[{"href":"https:\/\/www.diario5.com.ar\/es\/wp-json\/wp\/v2\/types\/post"}],"author":[{"embeddable":true,"href":"https:\/\/www.diario5.com.ar\/es\/wp-json\/wp\/v2\/users\/12"}],"replies":[{"embeddable":true,"href":"https:\/\/www.diario5.com.ar\/es\/wp-json\/wp\/v2\/comments?post=677330"}],"version-history":[{"count":3,"href":"https:\/\/www.diario5.com.ar\/es\/wp-json\/wp\/v2\/posts\/677330\/revisions"}],"predecessor-version":[{"id":688036,"href":"https:\/\/www.diario5.com.ar\/es\/wp-json\/wp\/v2\/posts\/677330\/revisions\/688036"}],"wp:featuredmedia":[{"embeddable":true,"href":"https:\/\/www.diario5.com.ar\/es\/wp-json\/wp\/v2\/media\/687928"}],"wp:attachment":[{"href":"https:\/\/www.diario5.com.ar\/es\/wp-json\/wp\/v2\/media?parent=677330"}],"wp:term":[{"taxonomy":"category","embeddable":true,"href":"https:\/\/www.diario5.com.ar\/es\/wp-json\/wp\/v2\/categories?post=677330"},{"taxonomy":"post_tag","embeddable":true,"href":"https:\/\/www.diario5.com.ar\/es\/wp-json\/wp\/v2\/tags?post=677330"},{"taxonomy":"series","embeddable":true,"href":"https:\/\/www.diario5.com.ar\/es\/wp-json\/wp\/v2\/series?post=677330"}],"curies":[{"name":"wp","href":"https:\/\/api.w.org\/{rel}","templated":true}]}}