{"id":677316,"date":"2024-07-25T06:11:00","date_gmt":"2024-07-25T09:11:00","guid":{"rendered":"http:\/\/diario5.com.ar\/?p=677316"},"modified":"2024-08-14T14:46:39","modified_gmt":"2024-08-14T17:46:39","slug":"677316","status":"publish","type":"post","link":"https:\/\/www.diario5.com.ar\/es\/677316\/","title":{"rendered":"L\u00edrica Mente"},"content":{"rendered":"<h2 class=\"sub-title-primary\"><\/h2> <p><img decoding=\"async\" class=\"aligncenter\" src=\"https:\/\/www.diario5.com.ar\/imgtapas\/orquesta-congreso.jpg\" \/><\/p>\n<p>&nbsp;<\/p>\n<p><img decoding=\"async\" loading=\"lazy\" class=\"aligncenter size-full wp-image-687728\" src=\"https:\/\/www.diario5.com.ar\/wp-content\/uploads\/2024\/07\/4963120240725.jpg\" width=\"700\" height=\"495\" srcset=\"https:\/\/www.diario5.com.ar\/wp-content\/uploads\/2024\/07\/4963120240725.jpg 700w, https:\/\/www.diario5.com.ar\/wp-content\/uploads\/2024\/07\/4963120240725-300x212.jpg 300w\" sizes=\"(max-width: 700px) 100vw, 700px\" \/><\/p>\n<p>&nbsp;<\/p>\n<p>La Orquesta de C\u00e1mara del Congreso de la Naci\u00f3n presentar\u00e1 el concierto \u00abL\u00edrica Mente\u00bb el lunes 29 de julio a las 19.30 en el Sal\u00f3n de Pasos Perdidos del Palacio Legislativo (Avenida Rivadavia 1864, CABA). La entrada ser\u00e1 libre y gratuita.<\/p>\n<p>Bajo la batuta de Sebastiano De Filippi, director titular del organismo, el programa incluir\u00e1 obras de los compositores italianos Pergolesi, Rossini, Donizetti, Puccini y Refice, todos reconocidos por su contribuci\u00f3n a la \u00f3pera.<\/p>\n<p>El bar\u00edtono argentino Gustavo Gibert, solista invitado y artista l\u00edrico estable del Teatro Col\u00f3n de Buenos Aires desde 1978, se presentar\u00e1 junto a la orquesta. Gibert cuenta con una destacada carrera en diversas salas de Am\u00e9rica y Europa.<\/p>\n<p>El concierto \u00abL\u00edricamente\u00bb se transmitir\u00e1 en directo por el canal de YouTube del Senado de la Naci\u00f3n (https:\/\/www.youtube.com\/senadotvargentina) y en la p\u00e1gina de Facebook de Cultura de la C\u00e1mara de Diputados (facebook.com\/culturadiputados).<\/p>\n<p>La Orquesta de C\u00e1mara del Congreso de la Naci\u00f3n, conformada por una veintena de m\u00fasicos, ha celebrado 34 temporadas y ha sido galardonada en tres ocasiones consecutivas como la mejor orquesta de c\u00e1mara del pa\u00eds por la Asociaci\u00f3n de Cr\u00edticos Musicales de la Argentina.<\/p>\n<p>La agenda de la OCCN<\/p>\n<p>Lunes 29 de julio: L\u00cdRICA MENTE<br \/>\nObras de autores oper\u00edsticos<br \/>\nDirector: Sebastiano De Filippi<br \/>\nSolista: Gustavo Gibert, bar\u00edtono<\/p>\n<p>Lunes 26 de agosto: ROMA ETERNA<br \/>\nM\u00fasica de compositores italianos<br \/>\nDirectora: Annunziata Tomaro<br \/>\nSolista: Juan Manuel Burgos, contrabajo<\/p>\n<p>Lunes 30 de septiembre: CORAZ\u00d3N EUROPEO<br \/>\nObras de compositores centroeuropeos<br \/>\nDirector: Sebastiano De Filippi<br \/>\nSolista: Fernando Ciancio, trompeta<\/p>\n<p>Lunes 28 de octubre: JERUSAL\u00c9N DE ORO<br \/>\nM\u00fasica de compositores jud\u00edos<br \/>\nDirector: Esteban Rajmilchuk<br \/>\nSolista: Mariana Levitin, violonchelo<\/p>\n<p>Lunes 25 de noviembre: POR AMADEUS<br \/>\nObras de Wolfgang Mozart<br \/>\nDirector: Sebastiano De Filippi<br \/>\nSolista: Javier Escobar, \u00f3rgano<br \/>\nCoro de C\u00e1mara de Tres de Febrero<br \/>\n(directora: D\u00e9bora Maccarone)<\/p>\n<p>Viernes 20 de diciembre: PESEBRE CRIOLLO<br \/>\nM\u00fasica para la Navidad<br \/>\nDirector: Francisco Varela<br \/>\nSolistas: Paula Garc\u00eda Presas, viol\u00edn<br \/>\nJulieta Bril, viol\u00edn<\/p>\n<p>&nbsp;<\/p>\n<p><!--googleoff: index--><br \/>\n<!--googleon: index--><br \/>\n<img decoding=\"async\" loading=\"lazy\" class=\"aligncenter size-full wp-image-687729\" src=\"https:\/\/www.diario5.com.ar\/wp-content\/uploads\/2024\/07\/ar_capital_rosario20240725.jpg\" width=\"700\" height=\"920\" srcset=\"https:\/\/www.diario5.com.ar\/wp-content\/uploads\/2024\/07\/ar_capital_rosario20240725.jpg 700w, https:\/\/www.diario5.com.ar\/wp-content\/uploads\/2024\/07\/ar_capital_rosario20240725-228x300.jpg 228w\" sizes=\"(max-width: 700px) 100vw, 700px\" \/><\/p>\n<p><img decoding=\"async\" loading=\"lazy\" class=\"aligncenter size-full wp-image-687730\" src=\"https:\/\/www.diario5.com.ar\/wp-content\/uploads\/2024\/07\/esquiu20240725.jpg\" width=\"700\" height=\"920\" srcset=\"https:\/\/www.diario5.com.ar\/wp-content\/uploads\/2024\/07\/esquiu20240725.jpg 700w, https:\/\/www.diario5.com.ar\/wp-content\/uploads\/2024\/07\/esquiu20240725-228x300.jpg 228w\" sizes=\"(max-width: 700px) 100vw, 700px\" \/><\/p>\n<p><img decoding=\"async\" loading=\"lazy\" class=\"aligncenter size-full wp-image-687731\" src=\"https:\/\/www.diario5.com.ar\/wp-content\/uploads\/2024\/07\/voz_chaco20240725.jpg\" width=\"700\" height=\"815\" srcset=\"https:\/\/www.diario5.com.ar\/wp-content\/uploads\/2024\/07\/voz_chaco20240725.jpg 700w, https:\/\/www.diario5.com.ar\/wp-content\/uploads\/2024\/07\/voz_chaco20240725-258x300.jpg 258w\" sizes=\"(max-width: 700px) 100vw, 700px\" \/><\/p>\n<p><img decoding=\"async\" loading=\"lazy\" class=\"aligncenter size-full wp-image-687732\" src=\"https:\/\/www.diario5.com.ar\/wp-content\/uploads\/2024\/07\/ar_cronista20240725.jpg\" width=\"700\" height=\"1021\" srcset=\"https:\/\/www.diario5.com.ar\/wp-content\/uploads\/2024\/07\/ar_cronista20240725.jpg 700w, https:\/\/www.diario5.com.ar\/wp-content\/uploads\/2024\/07\/ar_cronista20240725-206x300.jpg 206w\" sizes=\"(max-width: 700px) 100vw, 700px\" \/><\/p>\n<p><img decoding=\"async\" loading=\"lazy\" class=\"aligncenter size-full wp-image-687733\" src=\"https:\/\/www.diario5.com.ar\/wp-content\/uploads\/2024\/07\/ar_hoy20240725.jpg\" width=\"700\" height=\"925\" srcset=\"https:\/\/www.diario5.com.ar\/wp-content\/uploads\/2024\/07\/ar_hoy20240725.jpg 700w, https:\/\/www.diario5.com.ar\/wp-content\/uploads\/2024\/07\/ar_hoy20240725-227x300.jpg 227w\" sizes=\"(max-width: 700px) 100vw, 700px\" \/><\/p>\n<p><img decoding=\"async\" loading=\"lazy\" class=\"aligncenter size-full wp-image-687734\" src=\"https:\/\/www.diario5.com.ar\/wp-content\/uploads\/2024\/07\/ar_chubut20240725.jpg\" width=\"700\" height=\"896\" srcset=\"https:\/\/www.diario5.com.ar\/wp-content\/uploads\/2024\/07\/ar_chubut20240725.jpg 700w, https:\/\/www.diario5.com.ar\/wp-content\/uploads\/2024\/07\/ar_chubut20240725-234x300.jpg 234w\" sizes=\"(max-width: 700px) 100vw, 700px\" \/><\/p>\n<p><img decoding=\"async\" loading=\"lazy\" class=\"aligncenter size-full wp-image-687735\" src=\"https:\/\/www.diario5.com.ar\/wp-content\/uploads\/2024\/07\/ciudadano20240725.jpg\" width=\"700\" height=\"941\" srcset=\"https:\/\/www.diario5.com.ar\/wp-content\/uploads\/2024\/07\/ciudadano20240725.jpg 700w, https:\/\/www.diario5.com.ar\/wp-content\/uploads\/2024\/07\/ciudadano20240725-223x300.jpg 223w\" sizes=\"(max-width: 700px) 100vw, 700px\" \/><\/p>\n<p><img decoding=\"async\" loading=\"lazy\" class=\"aligncenter size-full wp-image-687736\" src=\"https:\/\/www.diario5.com.ar\/wp-content\/uploads\/2024\/07\/ar_clarin20240725.jpg\" width=\"700\" height=\"961\" srcset=\"https:\/\/www.diario5.com.ar\/wp-content\/uploads\/2024\/07\/ar_clarin20240725.jpg 700w, https:\/\/www.diario5.com.ar\/wp-content\/uploads\/2024\/07\/ar_clarin20240725-219x300.jpg 219w\" sizes=\"(max-width: 700px) 100vw, 700px\" \/><\/p>\n<p><img decoding=\"async\" loading=\"lazy\" class=\"aligncenter size-full wp-image-687737\" src=\"https:\/\/www.diario5.com.ar\/wp-content\/uploads\/2024\/07\/nacion20240725.jpg\" width=\"700\" height=\"1062\" srcset=\"https:\/\/www.diario5.com.ar\/wp-content\/uploads\/2024\/07\/nacion20240725.jpg 700w, https:\/\/www.diario5.com.ar\/wp-content\/uploads\/2024\/07\/nacion20240725-198x300.jpg 198w, https:\/\/www.diario5.com.ar\/wp-content\/uploads\/2024\/07\/nacion20240725-675x1024.jpg 675w\" sizes=\"(max-width: 700px) 100vw, 700px\" \/><\/p>\n<p><img decoding=\"async\" loading=\"lazy\" class=\"aligncenter size-full wp-image-687738\" src=\"https:\/\/www.diario5.com.ar\/wp-content\/uploads\/2024\/07\/ar_ancasti20240725.jpg\" width=\"700\" height=\"929\" srcset=\"https:\/\/www.diario5.com.ar\/wp-content\/uploads\/2024\/07\/ar_ancasti20240725.jpg 700w, https:\/\/www.diario5.com.ar\/wp-content\/uploads\/2024\/07\/ar_ancasti20240725-226x300.jpg 226w\" sizes=\"(max-width: 700px) 100vw, 700px\" \/><\/p>","protected":false},"excerpt":{"rendered":"<p>&nbsp; &nbsp; La Orquesta de C\u00e1mara del Congreso de la Naci\u00f3n presentar\u00e1 el concierto \u00abL\u00edrica Mente\u00bb el lunes 29 de julio a las 19.30 en el Sal\u00f3n de Pasos Perdidos del Palacio Legislativo (Avenida Rivadavia 1864, CABA). La entrada ser\u00e1 libre y gratuita. Bajo la batuta de Sebastiano De Filippi, director titular del organismo, el [&hellip;]<\/p>","protected":false},"author":13,"featured_media":687741,"comment_status":"open","ping_status":"open","sticky":false,"template":"","format":"standard","meta":[],"categories":[534,5,16,56],"tags":[1387,1177,474,2065,2043,1300,1774,1873,1868,884,1859],"series":[],"_links":{"self":[{"href":"https:\/\/www.diario5.com.ar\/es\/wp-json\/wp\/v2\/posts\/677316"}],"collection":[{"href":"https:\/\/www.diario5.com.ar\/es\/wp-json\/wp\/v2\/posts"}],"about":[{"href":"https:\/\/www.diario5.com.ar\/es\/wp-json\/wp\/v2\/types\/post"}],"author":[{"embeddable":true,"href":"https:\/\/www.diario5.com.ar\/es\/wp-json\/wp\/v2\/users\/13"}],"replies":[{"embeddable":true,"href":"https:\/\/www.diario5.com.ar\/es\/wp-json\/wp\/v2\/comments?post=677316"}],"version-history":[{"count":3,"href":"https:\/\/www.diario5.com.ar\/es\/wp-json\/wp\/v2\/posts\/677316\/revisions"}],"predecessor-version":[{"id":687740,"href":"https:\/\/www.diario5.com.ar\/es\/wp-json\/wp\/v2\/posts\/677316\/revisions\/687740"}],"wp:featuredmedia":[{"embeddable":true,"href":"https:\/\/www.diario5.com.ar\/es\/wp-json\/wp\/v2\/media\/687741"}],"wp:attachment":[{"href":"https:\/\/www.diario5.com.ar\/es\/wp-json\/wp\/v2\/media?parent=677316"}],"wp:term":[{"taxonomy":"category","embeddable":true,"href":"https:\/\/www.diario5.com.ar\/es\/wp-json\/wp\/v2\/categories?post=677316"},{"taxonomy":"post_tag","embeddable":true,"href":"https:\/\/www.diario5.com.ar\/es\/wp-json\/wp\/v2\/tags?post=677316"},{"taxonomy":"series","embeddable":true,"href":"https:\/\/www.diario5.com.ar\/es\/wp-json\/wp\/v2\/series?post=677316"}],"curies":[{"name":"wp","href":"https:\/\/api.w.org\/{rel}","templated":true}]}}