{"id":677309,"date":"2024-07-18T06:11:00","date_gmt":"2024-07-18T09:11:00","guid":{"rendered":"http:\/\/diario5.com.ar\/?p=677309"},"modified":"2024-08-14T14:46:39","modified_gmt":"2024-08-14T17:46:39","slug":"677309","status":"publish","type":"post","link":"https:\/\/www.diario5.com.ar\/es\/677309\/","title":{"rendered":"Concierto por el D\u00eda de Galicia"},"content":{"rendered":"<h2 class=\"sub-title-primary\"><\/h2> <div class=\"flex-shrink-0 flex flex-col relative items-end\">\n<div>\n<div class=\"pt-0\">\n<div class=\"gizmo-bot-avatar flex h-8 w-8 items-center justify-center overflow-hidden rounded-full\"><\/div>\n<\/div>\n<\/div>\n<\/div>\n<div class=\"group\/conversation-turn relative flex w-full min-w-0 flex-col agent-turn\">\n<div class=\"flex-col gap-1 md:gap-3\">\n<div class=\"flex flex-grow flex-col max-w-full\">\n<div class=\"min-h-[20px] text-message flex w-full flex-col items-end gap-2 whitespace-pre-wrap break-words [.text-message+&amp;]:mt-5 overflow-x-auto\" dir=\"auto\" data-message-author-role=\"assistant\" data-message-id=\"36224905-49a1-4436-ac65-5c2170dc812d\">\n<div class=\"flex w-full flex-col gap-1 empty:hidden first:pt-[3px]\">\n<div class=\"markdown prose w-full break-words dark:prose-invert light\">\n<p><img decoding=\"async\" loading=\"lazy\" class=\"aligncenter size-full wp-image-687589\" src=\"https:\/\/www.diario5.com.ar\/wp-content\/uploads\/2024\/07\/evento_galicia_202420240718.jpg\" width=\"700\" height=\"700\" srcset=\"https:\/\/www.diario5.com.ar\/wp-content\/uploads\/2024\/07\/evento_galicia_202420240718.jpg 700w, https:\/\/www.diario5.com.ar\/wp-content\/uploads\/2024\/07\/evento_galicia_202420240718-300x300.jpg 300w, https:\/\/www.diario5.com.ar\/wp-content\/uploads\/2024\/07\/evento_galicia_202420240718-150x150.jpg 150w\" sizes=\"(max-width: 700px) 100vw, 700px\" \/><\/p>\n<p>La Orquesta de la Federaci\u00f3n de Asociaciones Gallegas ofrecer\u00e1 un concierto con un elenco y un repertorio completamente renovados. Este evento destacar\u00e1 por incluir un bloque de m\u00fasica gallega, as\u00ed como sinfon\u00edas de grandes maestros como Mozart y Beethoven, culminando con la majestuosa Sinfon\u00eda n\u00b0 8 de Franz Schubert. La presentaci\u00f3n se es parte de la celebraci\u00f3n del D\u00eda de Galicia, tambi\u00e9n conocido como D\u00eda da Galeguidade,<\/p>\n<p>La entrada al concierto ser\u00e1 libre y gratuita, permitiendo que todos los interesados puedan disfrutar de una velada musical de primer nivel. Adem\u00e1s, habr\u00e1 una barra disponible para consumiciones durante el intervalo del concierto, proporcionando un ambiente ameno y de celebraci\u00f3n.<\/p>\n<p>El D\u00eda de Santiago Ap\u00f3stol, celebrado el 25 de julio, es una fecha muy significativa para la comunidad gallega en todo el mundo y Buenos Aires no es la excepci\u00f3n. La Federaci\u00f3n de Asociaciones Gallegas en Argentina, una instituci\u00f3n que ha sido un pilar fundamental para la preservaci\u00f3n y difusi\u00f3n de la cultura gallega en el pa\u00eds, organiza anualmente este evento conmemorativo. Esta organizaci\u00f3n ha jugado un papel crucial en mantener vivas las tradiciones, la m\u00fasica y el idioma gallegos entre los descendientes de inmigrantes.<\/p>\n<p>La relaci\u00f3n de los gallegos con Buenos Aires es profunda y de larga data. Las cuentas mejor realizadas hechas por las fuentes estad\u00edsticas dicen que desde fines del siglo XIX y principios del XX, m\u00e1s de un mill\u00f3n de gallegos emigraron a Argentina en busca de nuevas oportunidades. Buenos Aires se convirti\u00f3 en un destino preferido de millones de europeos. Sobresal\u00eda una pr\u00f3spera econom\u00eda y muchas posibilidades de establecer comunidades fuertes y cohesionadas. Nadie, por entonces, en el mundo, vislumbraba que aqu\u00e9l pa\u00eds al que se lo consideraba \u00abel m\u00e1s rico del mundo\u00bb iba a transformarse en el modelo de decadencia moderna m\u00e1s deplorable del \u00faltimo siglo. Con el tiempo, los gallegos y sus descendientes han contribuido significativamente al desarrollo cultural, social y econ\u00f3mico de la ciudad.<\/p>\n<p>El Mes da Galeguidade es una celebraci\u00f3n de esa herencia, donde se ponen en valor las contribuciones de la comunidad gallega y se fortalecen los lazos con sus ra\u00edces. La m\u00fasica, un componente esencial de esta festividad, sirve como un puente entre el pasado y el presente, entre Galicia y Buenos Aires.<\/p>\n<p>El concierto de la Orquesta de la Federaci\u00f3n de Asociaciones Gallegas ser\u00e1, sin duda, uno de los puntos culminantes de esta celebraci\u00f3n, ofreciendo una experiencia cultural rica y diversa que honra tanto a la m\u00fasica cl\u00e1sica como a la tradicional gallega.<\/p>\n<\/div>\n<\/div>\n<\/div>\n<\/div>\n<\/div>\n<\/div>\n<p><!--googleoff: index--><br \/>\n<!--googleon: index--><br \/>\n<img decoding=\"async\" loading=\"lazy\" class=\"aligncenter size-full wp-image-687590\" src=\"https:\/\/www.diario5.com.ar\/wp-content\/uploads\/2024\/07\/ar_capital_rosario20240718.jpg\" width=\"700\" height=\"935\" srcset=\"https:\/\/www.diario5.com.ar\/wp-content\/uploads\/2024\/07\/ar_capital_rosario20240718.jpg 700w, https:\/\/www.diario5.com.ar\/wp-content\/uploads\/2024\/07\/ar_capital_rosario20240718-225x300.jpg 225w\" sizes=\"(max-width: 700px) 100vw, 700px\" \/><\/p>\n<p><img decoding=\"async\" loading=\"lazy\" class=\"aligncenter size-full wp-image-687591\" src=\"https:\/\/www.diario5.com.ar\/wp-content\/uploads\/2024\/07\/esquiu20240718.jpg\" width=\"700\" height=\"920\" srcset=\"https:\/\/www.diario5.com.ar\/wp-content\/uploads\/2024\/07\/esquiu20240718.jpg 700w, https:\/\/www.diario5.com.ar\/wp-content\/uploads\/2024\/07\/esquiu20240718-228x300.jpg 228w\" sizes=\"(max-width: 700px) 100vw, 700px\" \/><\/p>\n<p><img decoding=\"async\" loading=\"lazy\" class=\"aligncenter size-full wp-image-687599\" src=\"https:\/\/www.diario5.com.ar\/wp-content\/uploads\/2024\/07\/voz_chaco20240718.jpg\" width=\"700\" height=\"816\" srcset=\"https:\/\/www.diario5.com.ar\/wp-content\/uploads\/2024\/07\/voz_chaco20240718.jpg 700w, https:\/\/www.diario5.com.ar\/wp-content\/uploads\/2024\/07\/voz_chaco20240718-257x300.jpg 257w\" sizes=\"(max-width: 700px) 100vw, 700px\" \/><\/p>\n<p><img decoding=\"async\" loading=\"lazy\" class=\"aligncenter size-full wp-image-687592\" src=\"https:\/\/www.diario5.com.ar\/wp-content\/uploads\/2024\/07\/ar_cronista20240718.jpg\" width=\"700\" height=\"1020\" srcset=\"https:\/\/www.diario5.com.ar\/wp-content\/uploads\/2024\/07\/ar_cronista20240718.jpg 700w, https:\/\/www.diario5.com.ar\/wp-content\/uploads\/2024\/07\/ar_cronista20240718-206x300.jpg 206w\" sizes=\"(max-width: 700px) 100vw, 700px\" \/><\/p>\n<p><img decoding=\"async\" loading=\"lazy\" class=\"aligncenter size-full wp-image-687600\" src=\"https:\/\/www.diario5.com.ar\/wp-content\/uploads\/2024\/07\/ar_eldia20240718.jpg\" width=\"700\" height=\"1045\" srcset=\"https:\/\/www.diario5.com.ar\/wp-content\/uploads\/2024\/07\/ar_eldia20240718.jpg 700w, https:\/\/www.diario5.com.ar\/wp-content\/uploads\/2024\/07\/ar_eldia20240718-201x300.jpg 201w, https:\/\/www.diario5.com.ar\/wp-content\/uploads\/2024\/07\/ar_eldia20240718-686x1024.jpg 686w\" sizes=\"(max-width: 700px) 100vw, 700px\" \/><\/p>\n<p><img decoding=\"async\" loading=\"lazy\" class=\"aligncenter size-full wp-image-687593\" src=\"https:\/\/www.diario5.com.ar\/wp-content\/uploads\/2024\/07\/ar_hoy20240718.jpg\" width=\"700\" height=\"923\" srcset=\"https:\/\/www.diario5.com.ar\/wp-content\/uploads\/2024\/07\/ar_hoy20240718.jpg 700w, https:\/\/www.diario5.com.ar\/wp-content\/uploads\/2024\/07\/ar_hoy20240718-228x300.jpg 228w\" sizes=\"(max-width: 700px) 100vw, 700px\" \/><\/p>\n<p><img decoding=\"async\" loading=\"lazy\" class=\"aligncenter size-full wp-image-687594\" src=\"https:\/\/www.diario5.com.ar\/wp-content\/uploads\/2024\/07\/ar_chubut20240718.jpg\" width=\"700\" height=\"908\" srcset=\"https:\/\/www.diario5.com.ar\/wp-content\/uploads\/2024\/07\/ar_chubut20240718.jpg 700w, https:\/\/www.diario5.com.ar\/wp-content\/uploads\/2024\/07\/ar_chubut20240718-231x300.jpg 231w\" sizes=\"(max-width: 700px) 100vw, 700px\" \/><\/p>\n<p><img decoding=\"async\" loading=\"lazy\" class=\"aligncenter size-full wp-image-687601\" src=\"https:\/\/www.diario5.com.ar\/wp-content\/uploads\/2024\/07\/ar_litoral_sfe20240718.jpg\" width=\"700\" height=\"924\" srcset=\"https:\/\/www.diario5.com.ar\/wp-content\/uploads\/2024\/07\/ar_litoral_sfe20240718.jpg 700w, https:\/\/www.diario5.com.ar\/wp-content\/uploads\/2024\/07\/ar_litoral_sfe20240718-227x300.jpg 227w\" sizes=\"(max-width: 700px) 100vw, 700px\" \/><\/p>\n<p><img decoding=\"async\" loading=\"lazy\" class=\"aligncenter size-full wp-image-687595\" src=\"https:\/\/www.diario5.com.ar\/wp-content\/uploads\/2024\/07\/ciudadano20240718.jpg\" width=\"700\" height=\"941\" srcset=\"https:\/\/www.diario5.com.ar\/wp-content\/uploads\/2024\/07\/ciudadano20240718.jpg 700w, https:\/\/www.diario5.com.ar\/wp-content\/uploads\/2024\/07\/ciudadano20240718-223x300.jpg 223w\" sizes=\"(max-width: 700px) 100vw, 700px\" \/><\/p>\n<p><img decoding=\"async\" loading=\"lazy\" class=\"aligncenter size-full wp-image-687602\" src=\"https:\/\/www.diario5.com.ar\/wp-content\/uploads\/2024\/07\/ar_mirador_provincial20240718.jpg\" width=\"700\" height=\"939\" srcset=\"https:\/\/www.diario5.com.ar\/wp-content\/uploads\/2024\/07\/ar_mirador_provincial20240718.jpg 700w, https:\/\/www.diario5.com.ar\/wp-content\/uploads\/2024\/07\/ar_mirador_provincial20240718-224x300.jpg 224w\" sizes=\"(max-width: 700px) 100vw, 700px\" \/><\/p>\n<p><img decoding=\"async\" loading=\"lazy\" class=\"aligncenter size-full wp-image-687596\" src=\"https:\/\/www.diario5.com.ar\/wp-content\/uploads\/2024\/07\/ar_clarin20240718.jpg\" width=\"700\" height=\"978\" srcset=\"https:\/\/www.diario5.com.ar\/wp-content\/uploads\/2024\/07\/ar_clarin20240718.jpg 700w, https:\/\/www.diario5.com.ar\/wp-content\/uploads\/2024\/07\/ar_clarin20240718-215x300.jpg 215w\" sizes=\"(max-width: 700px) 100vw, 700px\" \/><\/p>\n<p><img decoding=\"async\" loading=\"lazy\" class=\"aligncenter size-full wp-image-687597\" src=\"https:\/\/www.diario5.com.ar\/wp-content\/uploads\/2024\/07\/nacion20240718.jpg\" width=\"700\" height=\"1062\" srcset=\"https:\/\/www.diario5.com.ar\/wp-content\/uploads\/2024\/07\/nacion20240718.jpg 700w, https:\/\/www.diario5.com.ar\/wp-content\/uploads\/2024\/07\/nacion20240718-198x300.jpg 198w, https:\/\/www.diario5.com.ar\/wp-content\/uploads\/2024\/07\/nacion20240718-675x1024.jpg 675w\" sizes=\"(max-width: 700px) 100vw, 700px\" \/><\/p>\n<p><img decoding=\"async\" loading=\"lazy\" class=\"aligncenter size-full wp-image-687603\" src=\"https:\/\/www.diario5.com.ar\/wp-content\/uploads\/2024\/07\/ar_ancasti20240718.jpg\" width=\"700\" height=\"935\" srcset=\"https:\/\/www.diario5.com.ar\/wp-content\/uploads\/2024\/07\/ar_ancasti20240718.jpg 700w, https:\/\/www.diario5.com.ar\/wp-content\/uploads\/2024\/07\/ar_ancasti20240718-225x300.jpg 225w\" sizes=\"(max-width: 700px) 100vw, 700px\" \/><\/p>\n<p><img decoding=\"async\" loading=\"lazy\" class=\"aligncenter size-full wp-image-687598\" src=\"https:\/\/www.diario5.com.ar\/wp-content\/uploads\/2024\/07\/ar_rio_negro20240718.jpg\" width=\"700\" height=\"1065\" srcset=\"https:\/\/www.diario5.com.ar\/wp-content\/uploads\/2024\/07\/ar_rio_negro20240718.jpg 700w, https:\/\/www.diario5.com.ar\/wp-content\/uploads\/2024\/07\/ar_rio_negro20240718-197x300.jpg 197w, https:\/\/www.diario5.com.ar\/wp-content\/uploads\/2024\/07\/ar_rio_negro20240718-673x1024.jpg 673w\" sizes=\"(max-width: 700px) 100vw, 700px\" \/><\/p>\n<p>&nbsp;<\/p>","protected":false},"excerpt":{"rendered":"<p>La Orquesta de la Federaci\u00f3n de Asociaciones Gallegas ofrecer\u00e1 un concierto con un elenco y un repertorio completamente renovados. Este evento destacar\u00e1 por incluir un bloque de m\u00fasica gallega, as\u00ed como sinfon\u00edas de grandes maestros como Mozart y Beethoven, culminando con la majestuosa Sinfon\u00eda n\u00b0 8 de Franz Schubert. La presentaci\u00f3n se es parte de [&hellip;]<\/p>","protected":false},"author":5,"featured_media":687589,"comment_status":"open","ping_status":"open","sticky":false,"template":"","format":"standard","meta":[],"categories":[1],"tags":[1177,474,71,1774,1366,1683],"series":[],"_links":{"self":[{"href":"https:\/\/www.diario5.com.ar\/es\/wp-json\/wp\/v2\/posts\/677309"}],"collection":[{"href":"https:\/\/www.diario5.com.ar\/es\/wp-json\/wp\/v2\/posts"}],"about":[{"href":"https:\/\/www.diario5.com.ar\/es\/wp-json\/wp\/v2\/types\/post"}],"author":[{"embeddable":true,"href":"https:\/\/www.diario5.com.ar\/es\/wp-json\/wp\/v2\/users\/5"}],"replies":[{"embeddable":true,"href":"https:\/\/www.diario5.com.ar\/es\/wp-json\/wp\/v2\/comments?post=677309"}],"version-history":[{"count":4,"href":"https:\/\/www.diario5.com.ar\/es\/wp-json\/wp\/v2\/posts\/677309\/revisions"}],"predecessor-version":[{"id":687604,"href":"https:\/\/www.diario5.com.ar\/es\/wp-json\/wp\/v2\/posts\/677309\/revisions\/687604"}],"wp:featuredmedia":[{"embeddable":true,"href":"https:\/\/www.diario5.com.ar\/es\/wp-json\/wp\/v2\/media\/687589"}],"wp:attachment":[{"href":"https:\/\/www.diario5.com.ar\/es\/wp-json\/wp\/v2\/media?parent=677309"}],"wp:term":[{"taxonomy":"category","embeddable":true,"href":"https:\/\/www.diario5.com.ar\/es\/wp-json\/wp\/v2\/categories?post=677309"},{"taxonomy":"post_tag","embeddable":true,"href":"https:\/\/www.diario5.com.ar\/es\/wp-json\/wp\/v2\/tags?post=677309"},{"taxonomy":"series","embeddable":true,"href":"https:\/\/www.diario5.com.ar\/es\/wp-json\/wp\/v2\/series?post=677309"}],"curies":[{"name":"wp","href":"https:\/\/api.w.org\/{rel}","templated":true}]}}