{"id":677307,"date":"2024-07-16T06:11:00","date_gmt":"2024-07-16T09:11:00","guid":{"rendered":"http:\/\/diario5.com.ar\/?p=677307"},"modified":"2024-08-14T14:46:39","modified_gmt":"2024-08-14T17:46:39","slug":"677307","status":"publish","type":"post","link":"https:\/\/www.diario5.com.ar\/es\/677307\/","title":{"rendered":"El and\u00e9n de la Memoria"},"content":{"rendered":"<h2 class=\"sub-title-primary\">Este jueves 18 reabren Pasteur-AMIA<\/h2> <p><img decoding=\"async\" loading=\"lazy\" class=\"aligncenter size-full wp-image-687553\" src=\"https:\/\/www.diario5.com.ar\/wp-content\/uploads\/2024\/07\/WhatsApp-Image-2024-07-15-at-17.06.0320240716.jpeg\" width=\"700\" height=\"466\" alt=\"Fotos\" srcset=\"https:\/\/www.diario5.com.ar\/wp-content\/uploads\/2024\/07\/WhatsApp-Image-2024-07-15-at-17.06.0320240716.jpeg 700w, https:\/\/www.diario5.com.ar\/wp-content\/uploads\/2024\/07\/WhatsApp-Image-2024-07-15-at-17.06.0320240716-300x200.jpeg 300w\" sizes=\"(max-width: 700px) 100vw, 700px\" \/><\/p>\n<p>La estaci\u00f3n Pasteur-AMIA de la l\u00ednea B del subte de Buenos Aires reabrir\u00e1 sus puertas este jueves, tras la finalizaci\u00f3n de un exhaustivo proceso de renovaci\u00f3n integral y la recuperaci\u00f3n del espacio de memoria dedicado a las v\u00edctimas del atentado terrorista que destruy\u00f3 la sede de la mutual israelita hace 30 a\u00f1os.<\/p>\n<p>Coincidiendo con el acto central por el 30 aniversario del atentado, la estaci\u00f3n reabre no s\u00f3lo con mejoras en su infraestructura, sino tambi\u00e9n con un renovado compromiso con la memoria. \u00abEstas obras no s\u00f3lo mejoran el viaje de los vecinos, sino que tambi\u00e9n transforman la estaci\u00f3n en un espacio de memoria vivencial para que nunca se olvide el brutal atentado del 18 de julio de 1994\u00bb, afirm\u00f3 Jorge Macri. El jefe de Gobierno porte\u00f1o subray\u00f3 la importancia de esta conmemoraci\u00f3n: \u00abA 30 a\u00f1os de un momento tan doloroso para la historia de Argentina y de la Ciudad, queremos dejar esta marca, esta impronta, para seguir reclamando por verdad y justicia\u00bb.<\/p>\n<p>Macri recorri\u00f3 la estaci\u00f3n el lunes pasado junto al presidente de la AMIA, Amos Linetzky y el presidente de Subterr\u00e1neos de Buenos Aires S.E. (SBASE), Javier Ib\u00e1\u00f1ez, entre otros funcionarios. Gracias a la colaboraci\u00f3n con la AMIA, se revitalizaron todas las intervenciones que conforman el espacio de homenaje permanente a las v\u00edctimas del atentado, incluyendo murales, ilustraciones, fotograf\u00edas y fragmentos de canciones de 25 artistas locales.<\/p>\n<p>Las obras de renovaci\u00f3n de la estaci\u00f3n abarcaron mejoras en los accesos, las galer\u00edas de escaleras, el vest\u00edbulo y los andenes, con el objetivo de garantizar una mejor circulaci\u00f3n y crear un espacio m\u00e1s c\u00f3modo, ordenado y bien iluminado. Tambi\u00e9n se llevaron a cabo trabajos de impermeabilizaci\u00f3n, pintura, reparaci\u00f3n de pisos, recambio de luminarias, reordenamiento del tendido el\u00e9ctrico, adecuaci\u00f3n de se\u00f1al\u00e9tica y la instalaci\u00f3n de nuevo mobiliario, como bancos, cestos y apoyos isqui\u00e1ticos.<\/p>\n<p>La estaci\u00f3n Pasteur-AMIA, inaugurada en 1930, ha sido un punto neur\u00e1lgico en la l\u00ednea B del subte, situada estrat\u00e9gicamente cerca de la sede de la AMIA, una instituci\u00f3n central para la comunidad jud\u00eda en Argentina. El atentado del 18 de julio de 1994, que dej\u00f3 un saldo de 85 muertos y m\u00e1s de 300 heridos, marc\u00f3 un antes y un despu\u00e9s en la historia del pa\u00eds y la estaci\u00f3n se ha transformado en un s\u00edmbolo de la memoria y el reclamo de justicia.<\/p>\n<p>Este proyecto de renovaci\u00f3n forma parte del Plan de Renovaci\u00f3n Integral de estaciones de subte, que ya ha visto la remodelaci\u00f3n de estaciones como Castro Barros y Acoyte (L\u00ednea A), San Mart\u00edn (L\u00ednea C), Bulnes y Facultad de Medicina (L\u00ednea D), Jujuy (L\u00ednea E) y varias del Premetro, entre otras. Actualmente, contin\u00faan los trabajos en la estaci\u00f3n de Premetro Julio C\u00e9sar Saguier y est\u00e1n en proceso de licitaci\u00f3n las renovaciones de Lima (L\u00ednea A), Pueyrred\u00f3n (L\u00ednea B) y Scalabrini Ort\u00edz y Palermo (L\u00ednea D).<\/p>\n<p>La reapertura de la estaci\u00f3n Pasteur-AMIA no s\u00f3lo representa una mejora en la infraestructura del transporte p\u00fablico, sino tambi\u00e9n un firme compromiso con la memoria hist\u00f3rica y el homenaje a las v\u00edctimas del atentado, reafirmando la lucha por verdad y justicia en cada rinc\u00f3n de la ciudad.<\/p>\n<p><!--googleoff: index--><br \/>\n<!--googleon: index--><br \/>\n<img decoding=\"async\" loading=\"lazy\" class=\"aligncenter size-full wp-image-687554\" src=\"https:\/\/www.diario5.com.ar\/wp-content\/uploads\/2024\/07\/ar_capital_rosario20240716.jpg\" width=\"700\" height=\"935\" srcset=\"https:\/\/www.diario5.com.ar\/wp-content\/uploads\/2024\/07\/ar_capital_rosario20240716.jpg 700w, https:\/\/www.diario5.com.ar\/wp-content\/uploads\/2024\/07\/ar_capital_rosario20240716-225x300.jpg 225w\" sizes=\"(max-width: 700px) 100vw, 700px\" \/><\/p>\n<p><img decoding=\"async\" src=\"https:\/\/img.kiosko.net\/2024\/07\/16\/ar\/ar_nueva_provincia.jpg\" \/><\/p>\n<p><img decoding=\"async\" src=\"https:\/\/img.kiosko.net\/2024\/07\/16\/ar\/ar_duplicado.jpg\" \/><\/p>\n<p><img decoding=\"async\" loading=\"lazy\" class=\"aligncenter size-full wp-image-687555\" src=\"https:\/\/www.diario5.com.ar\/wp-content\/uploads\/2024\/07\/esquiu20240716.jpg\" width=\"700\" height=\"920\" srcset=\"https:\/\/www.diario5.com.ar\/wp-content\/uploads\/2024\/07\/esquiu20240716.jpg 700w, https:\/\/www.diario5.com.ar\/wp-content\/uploads\/2024\/07\/esquiu20240716-228x300.jpg 228w\" sizes=\"(max-width: 700px) 100vw, 700px\" \/><\/p>\n<p><img decoding=\"async\" src=\"https:\/\/img.kiosko.net\/2024\/07\/16\/ar\/ar_diario_norte.jpg\" \/><\/p>\n<p><img decoding=\"async\" loading=\"lazy\" class=\"aligncenter size-full wp-image-687556\" src=\"https:\/\/www.diario5.com.ar\/wp-content\/uploads\/2024\/07\/voz_chaco20240716.jpg\" width=\"700\" height=\"816\" srcset=\"https:\/\/www.diario5.com.ar\/wp-content\/uploads\/2024\/07\/voz_chaco20240716.jpg 700w, https:\/\/www.diario5.com.ar\/wp-content\/uploads\/2024\/07\/voz_chaco20240716-257x300.jpg 257w\" sizes=\"(max-width: 700px) 100vw, 700px\" \/><\/p>\n<p><img decoding=\"async\" src=\"https:\/\/img.kiosko.net\/2024\/07\/16\/ar\/ar_diario_madryn.jpg\" \/><\/p>\n<p><img decoding=\"async\" src=\"https:\/\/img.kiosko.net\/2024\/07\/16\/ar\/ar_laprensa.jpg\" \/><\/p>\n<p><img decoding=\"async\" loading=\"lazy\" class=\"aligncenter size-full wp-image-687557\" src=\"https:\/\/www.diario5.com.ar\/wp-content\/uploads\/2024\/07\/ar_cronista20240716.jpg\" width=\"700\" height=\"999\" srcset=\"https:\/\/www.diario5.com.ar\/wp-content\/uploads\/2024\/07\/ar_cronista20240716.jpg 700w, https:\/\/www.diario5.com.ar\/wp-content\/uploads\/2024\/07\/ar_cronista20240716-210x300.jpg 210w\" sizes=\"(max-width: 700px) 100vw, 700px\" \/><\/p>\n<p><img decoding=\"async\" src=\"https:\/\/img.kiosko.net\/2024\/07\/16\/ar\/buenosaires_economico.jpg\" \/><\/p>\n<p><img decoding=\"async\" src=\"https:\/\/img.kiosko.net\/2024\/07\/16\/ar\/ar_perfil.jpg\" \/><\/p>\n<p><img decoding=\"async\" src=\"https:\/\/img.kiosko.net\/2024\/07\/16\/ar\/ar_eldia.jpg\" \/><\/p>\n<p><img decoding=\"async\" src=\"https:\/\/img.kiosko.net\/2024\/07\/16\/ar\/ar_hoy.jpg\" \/><\/p>\n<p><img decoding=\"async\" src=\"https:\/\/img.kiosko.net\/2024\/07\/16\/ar\/ar_democracia.jpg\" \/><\/p>\n<p><img decoding=\"async\" loading=\"lazy\" class=\"aligncenter size-full wp-image-687558\" src=\"https:\/\/www.diario5.com.ar\/wp-content\/uploads\/2024\/07\/ar_chubut20240716.jpg\" width=\"700\" height=\"904\" srcset=\"https:\/\/www.diario5.com.ar\/wp-content\/uploads\/2024\/07\/ar_chubut20240716.jpg 700w, https:\/\/www.diario5.com.ar\/wp-content\/uploads\/2024\/07\/ar_chubut20240716-232x300.jpg 232w\" sizes=\"(max-width: 700px) 100vw, 700px\" \/><\/p>\n<p><img decoding=\"async\" src=\"https:\/\/img.kiosko.net\/2024\/07\/16\/ar\/ar_epoca.jpg\" \/><\/p>\n<p><img decoding=\"async\" src=\"https:\/\/img.kiosko.net\/2024\/07\/16\/ar\/ar_litoral.jpg\" \/><\/p>\n<p><img decoding=\"async\" src=\"https:\/\/img.kiosko.net\/2024\/07\/16\/ar\/ar_heraldo.jpg\" \/><\/p>\n<p><img decoding=\"async\" src=\"https:\/\/img.kiosko.net\/2024\/07\/16\/ar\/ar_manana_formosa.jpg\" \/><\/p>\n<p><img decoding=\"async\" src=\"https:\/\/img.kiosko.net\/2024\/07\/16\/ar\/ar_diario_pampa.jpg\" \/><\/p>\n<p><img decoding=\"async\" src=\"https:\/\/img.kiosko.net\/2024\/07\/16\/ar\/ar_pagina12.jpg\" \/><\/p>\n<p><img decoding=\"async\" src=\"https:\/\/img.kiosko.net\/2024\/07\/16\/ar\/ar_arena.jpg\" \/><\/p>\n<p><img decoding=\"async\" src=\"https:\/\/img.kiosko.net\/2024\/07\/16\/ar\/independiente.jpg\" \/><\/p>\n<p><img decoding=\"async\" src=\"https:\/\/img.kiosko.net\/2024\/07\/16\/ar\/nueva_rioja.jpg\" \/><\/p>\n<p><img decoding=\"async\" src=\"https:\/\/img.kiosko.net\/2024\/07\/16\/ar\/ar_losandes.jpg\" \/><\/p>\n<p><img decoding=\"async\" src=\"https:\/\/img.kiosko.net\/2024\/07\/16\/ar\/ar_tribuno.jpg\" \/><\/p>\n<p><img decoding=\"async\" src=\"https:\/\/img.kiosko.net\/2024\/07\/16\/ar\/lea.jpg\" \/><\/p>\n<p><img decoding=\"async\" src=\"https:\/\/img.kiosko.net\/2024\/07\/16\/ar\/ar_nuevo_diario.jpg\" \/><\/p>\n<p><img decoding=\"async\" src=\"https:\/\/img.kiosko.net\/2024\/07\/16\/ar\/ar_diario_cuyo.jpg\" \/><\/p>\n<p><img decoding=\"async\" src=\"https:\/\/img.kiosko.net\/2024\/07\/16\/ar\/huarpe.jpg\" \/><\/p>\n<p><img decoding=\"async\" src=\"https:\/\/img.kiosko.net\/2024\/07\/16\/ar\/ar_diario_republica.jpg\" \/><\/p>\n<p><img decoding=\"async\" src=\"https:\/\/img.kiosko.net\/2024\/07\/16\/ar\/ar_litoral_sfe.jpg\" \/><\/p>\n<p><img decoding=\"async\" loading=\"lazy\" class=\"aligncenter size-full wp-image-687559\" src=\"https:\/\/www.diario5.com.ar\/wp-content\/uploads\/2024\/07\/ciudadano20240716.jpg\" width=\"700\" height=\"952\" srcset=\"https:\/\/www.diario5.com.ar\/wp-content\/uploads\/2024\/07\/ciudadano20240716.jpg 700w, https:\/\/www.diario5.com.ar\/wp-content\/uploads\/2024\/07\/ciudadano20240716-221x300.jpg 221w\" sizes=\"(max-width: 700px) 100vw, 700px\" \/><\/p>\n<p><img decoding=\"async\" src=\"https:\/\/img.kiosko.net\/2024\/07\/16\/ar\/ar_mirador_provincial.jpg\" \/><\/p>\n<p><img decoding=\"async\" src=\"https:\/\/img.kiosko.net\/2024\/07\/16\/ar\/ar_gaceta.jpg\" \/><\/p>\n<p><img decoding=\"async\" src=\"https:\/\/img.kiosko.net\/2024\/07\/16\/ar\/ar_cronica.jpg\" \/><\/p>\n<p><img decoding=\"async\" loading=\"lazy\" class=\"aligncenter size-full wp-image-687560\" src=\"https:\/\/www.diario5.com.ar\/wp-content\/uploads\/2024\/07\/ar_clarin20240716.jpg\" width=\"700\" height=\"973\" srcset=\"https:\/\/www.diario5.com.ar\/wp-content\/uploads\/2024\/07\/ar_clarin20240716.jpg 700w, https:\/\/www.diario5.com.ar\/wp-content\/uploads\/2024\/07\/ar_clarin20240716-216x300.jpg 216w\" sizes=\"(max-width: 700px) 100vw, 700px\" \/><\/p>\n<p><img decoding=\"async\" loading=\"lazy\" class=\"aligncenter size-full wp-image-687561\" src=\"https:\/\/www.diario5.com.ar\/wp-content\/uploads\/2024\/07\/nacion20240716.jpg\" width=\"699\" height=\"1065\" srcset=\"https:\/\/www.diario5.com.ar\/wp-content\/uploads\/2024\/07\/nacion20240716.jpg 699w, https:\/\/www.diario5.com.ar\/wp-content\/uploads\/2024\/07\/nacion20240716-197x300.jpg 197w, https:\/\/www.diario5.com.ar\/wp-content\/uploads\/2024\/07\/nacion20240716-672x1024.jpg 672w\" sizes=\"(max-width: 699px) 100vw, 699px\" \/><\/p>\n<p><img decoding=\"async\" src=\"https:\/\/img.kiosko.net\/2024\/07\/16\/ar\/ar_eco.jpg\" \/><\/p>\n<p><img decoding=\"async\" src=\"https:\/\/img.kiosko.net\/2024\/07\/16\/ar\/nuevo_diario.jpg\" \/><\/p>\n<p><img decoding=\"async\" src=\"https:\/\/img.kiosko.net\/2024\/07\/16\/ar\/sureno.jpg\" \/><\/p>\n<p><img decoding=\"async\" src=\"https:\/\/img.kiosko.net\/2024\/07\/16\/ar\/ar_duplicado.jpg\" \/><\/p>\n<p><img decoding=\"async\" src=\"https:\/\/img.kiosko.net\/2024\/07\/16\/ar\/tiempo_sur.jpg\" \/><\/p>\n<p><img decoding=\"async\" src=\"https:\/\/img.kiosko.net\/2024\/07\/16\/ar\/tiempo_argentino.jpg\" \/><\/p>\n<p><img decoding=\"async\" src=\"https:\/\/img.kiosko.net\/2024\/07\/16\/ar\/ar_epoca.jpg\" \/><\/p>\n<p><img decoding=\"async\" src=\"https:\/\/img.kiosko.net\/2024\/07\/16\/ar\/ar_elsol.jpg\" \/><\/p>\n<p><img decoding=\"async\" loading=\"lazy\" class=\"aligncenter size-full wp-image-687562\" src=\"https:\/\/www.diario5.com.ar\/wp-content\/uploads\/2024\/07\/ar_ancasti20240716.jpg\" width=\"700\" height=\"935\" srcset=\"https:\/\/www.diario5.com.ar\/wp-content\/uploads\/2024\/07\/ar_ancasti20240716.jpg 700w, https:\/\/www.diario5.com.ar\/wp-content\/uploads\/2024\/07\/ar_ancasti20240716-225x300.jpg 225w\" sizes=\"(max-width: 700px) 100vw, 700px\" \/><\/p>\n<p><img decoding=\"async\" src=\"\/\/img.kiosko.net\/2024\/07\/16\/ar\/ar_rio_negro.jpg\" \/><\/p>\n<p><img decoding=\"async\" src=\"https:\/\/img.kiosko.net\/2024\/07\/16\/ar\/ar_03.jpg\" \/><\/p>\n<p><img decoding=\"async\" src=\"https:\/\/img.kiosko.net\/2024\/07\/16\/ar\/ar_04.jpg\" \/><\/p>\n<p><img decoding=\"async\" src=\"https:\/\/img.kiosko.net\/2024\/07\/16\/ar\/ar_05.jpg\" \/><\/p>\n<p>&nbsp;<\/p>","protected":false},"excerpt":{"rendered":"<p>Este jueves 18 reabren Pasteur-AMIA La estaci\u00f3n Pasteur-AMIA de la l\u00ednea B del subte de Buenos Aires reabrir\u00e1 sus puertas este jueves, tras la finalizaci\u00f3n de un exhaustivo proceso de renovaci\u00f3n integral y la recuperaci\u00f3n del espacio de memoria dedicado a las v\u00edctimas del atentado terrorista que destruy\u00f3 la sede de la mutual israelita hace [&hellip;]<\/p>","protected":false},"author":12,"featured_media":687553,"comment_status":"open","ping_status":"open","sticky":false,"template":"","format":"standard","meta":[],"categories":[1],"tags":[1245,1247,1177,1244,474,1094,1093,982,1332,1355,1246,1362,925,817,928,786,929],"series":[],"_links":{"self":[{"href":"https:\/\/www.diario5.com.ar\/es\/wp-json\/wp\/v2\/posts\/677307"}],"collection":[{"href":"https:\/\/www.diario5.com.ar\/es\/wp-json\/wp\/v2\/posts"}],"about":[{"href":"https:\/\/www.diario5.com.ar\/es\/wp-json\/wp\/v2\/types\/post"}],"author":[{"embeddable":true,"href":"https:\/\/www.diario5.com.ar\/es\/wp-json\/wp\/v2\/users\/12"}],"replies":[{"embeddable":true,"href":"https:\/\/www.diario5.com.ar\/es\/wp-json\/wp\/v2\/comments?post=677307"}],"version-history":[{"count":3,"href":"https:\/\/www.diario5.com.ar\/es\/wp-json\/wp\/v2\/posts\/677307\/revisions"}],"predecessor-version":[{"id":688048,"href":"https:\/\/www.diario5.com.ar\/es\/wp-json\/wp\/v2\/posts\/677307\/revisions\/688048"}],"wp:featuredmedia":[{"embeddable":true,"href":"https:\/\/www.diario5.com.ar\/es\/wp-json\/wp\/v2\/media\/687553"}],"wp:attachment":[{"href":"https:\/\/www.diario5.com.ar\/es\/wp-json\/wp\/v2\/media?parent=677307"}],"wp:term":[{"taxonomy":"category","embeddable":true,"href":"https:\/\/www.diario5.com.ar\/es\/wp-json\/wp\/v2\/categories?post=677307"},{"taxonomy":"post_tag","embeddable":true,"href":"https:\/\/www.diario5.com.ar\/es\/wp-json\/wp\/v2\/tags?post=677307"},{"taxonomy":"series","embeddable":true,"href":"https:\/\/www.diario5.com.ar\/es\/wp-json\/wp\/v2\/series?post=677307"}],"curies":[{"name":"wp","href":"https:\/\/api.w.org\/{rel}","templated":true}]}}