{"id":677278,"date":"2024-06-17T06:11:00","date_gmt":"2024-06-17T09:11:00","guid":{"rendered":"http:\/\/diario5.com.ar\/?p=677278"},"modified":"2024-06-17T06:13:29","modified_gmt":"2024-06-17T09:13:29","slug":"677278","status":"publish","type":"post","link":"https:\/\/www.diario5.com.ar\/es\/677278\/","title":{"rendered":"Perfil de un imprescindible"},"content":{"rendered":"<h2 class=\"sub-title-primary\"><\/h2> <p><img decoding=\"async\" loading=\"lazy\" class=\"alignnone size-full wp-image-686944\" src=\"https:\/\/www.diario5.com.ar\/wp-content\/uploads\/2024\/06\/guemes.jpg\" alt=\"\" width=\"709\" height=\"461\" srcset=\"https:\/\/www.diario5.com.ar\/wp-content\/uploads\/2024\/06\/guemes.jpg 709w, https:\/\/www.diario5.com.ar\/wp-content\/uploads\/2024\/06\/guemes-300x195.jpg 300w\" sizes=\"(max-width: 709px) 100vw, 709px\" \/><\/p>\n<p>En la Argentina estamos comprendiendo, cada vez, que Mart\u00edn Miguel de G\u00fcemes fue mucho m\u00e1s que una figura notable en la historia del pais por su destacada participaci\u00f3n en las guerras de independencia y su liderazgo en la defensa del Norte. Veamos detalles de este hombre nacido el 8 de febrero de 1785, en el seno de una familia salte\u00f1a acomodada.<\/p>\n<p>Desde joven, G\u00fcemes mostr\u00f3 habilidades excepcionales como l\u00edder militar. Comenz\u00f3 su carrera en el ej\u00e9rcito virreinal y particip\u00f3 en la defensa de Buenos Aires durante las invasiones inglesas de 1806 y 1807.<\/p>\n<p>Las guerras de independencia fueron su verdadero momento de gloria.<\/p>\n<p>G\u00fcemes amalgam\u00f3 de manera extraordinaria su doble rol de gobernador de Salta con el de l\u00edder de los gauchos. Sus t\u00e1cticas guerrilleras, conocidas como \u00abla guerra gaucha\u00bb, fueron cruciales para mantener a raya a las fuerzas realistas en el norte argentino. Aprovechando el conocimiento del terreno y la movilidad de sus tropas gauchas, G\u00fcemes infligi\u00f3 repetidas derrotas a los invasores espa\u00f1oles, dificultando su avance hacia el sur.<\/p>\n<p>La \u00abguerra gaucha\u00bb no s\u00f3lo destac\u00f3 por su eficacia militar, sino tambi\u00e9n por su car\u00e1cter profundamente popular. G\u00fcemes logr\u00f3 movilizar y organizar a la poblaci\u00f3n rural, integrando a los gauchos en la lucha por la independencia. Su capacidad para inspirar lealtad y sacrificio entre sus seguidores fue una de sus principales fortalezas. A pesar de los escasos recursos y la constante amenaza de las fuerzas realistas, mantuvo una defensa efectiva del territorio.<\/p>\n<p>Como gobernador de Salta, cargo que ocup\u00f3 entre 1815 y 1821, G\u00fcemes implement\u00f3 pol\u00edticas para sostener la resistencia y mejorar la organizaci\u00f3n militar. Su gobierno enfrent\u00f3 numerosos desaf\u00edos, incluyendo tensiones con la \u00e9lite local y la necesidad de coordinar esfuerzos con otras provincias y l\u00edderes independentistas.<\/p>\n<p>En el \u00e1mbito personal, G\u00fcemes fue un hombre de fuertes convicciones y un l\u00edder carism\u00e1tico. Su dedicaci\u00f3n a la causa de la independencia y su compromiso con la defensa de su tierra natal lo convirtieron en leyenda. A pesar de sus logros, su vida estuvo marcada por la constante lucha y el sacrificio. Finalmente, fue herido en una emboscada y muri\u00f3 el 17 de junio de 1821, a los 36 a\u00f1os.<\/p>\n<p>El legado de Mart\u00edn Miguel de G\u00fcemes se incorpor\u00f3 a la historia argentina reci\u00e9n en el siglo XXI. Su liderazgo y su capacidad para movilizar a los gauchos en la lucha por la independencia son recordados como un ejemplo de valor y patriotismo. Desde 2016, el 17 de junio, conmemoramos el D\u00eda de G\u00fcemes -con la jerarqu\u00eda de los que son homenajeados con un feriado- en honor a su memoria y su contribuci\u00f3n a la libertad del pa\u00eds y de la regi\u00f3n.<\/p>\n<p><!--googleoff: index--><br \/>\n<!--googleon: index--><br \/>\n<img decoding=\"async\" loading=\"lazy\" class=\"aligncenter size-full wp-image-686992\" src=\"https:\/\/www.diario5.com.ar\/wp-content\/uploads\/2024\/06\/ar_capital_rosario20240617.jpg\" width=\"700\" height=\"939\" srcset=\"https:\/\/www.diario5.com.ar\/wp-content\/uploads\/2024\/06\/ar_capital_rosario20240617.jpg 700w, https:\/\/www.diario5.com.ar\/wp-content\/uploads\/2024\/06\/ar_capital_rosario20240617-224x300.jpg 224w\" sizes=\"(max-width: 700px) 100vw, 700px\" \/><\/p>\n<p><img decoding=\"async\" src=\"https:\/\/img.kiosko.net\/2024\/06\/17\/ar\/ar_nueva_provincia.jpg\" \/><\/p>\n<p><img decoding=\"async\" src=\"https:\/\/img.kiosko.net\/2024\/06\/17\/ar\/ar_duplicado.jpg\" \/><\/p>\n<p><img decoding=\"async\" loading=\"lazy\" class=\"aligncenter size-full wp-image-686993\" src=\"https:\/\/www.diario5.com.ar\/wp-content\/uploads\/2024\/06\/esquiu20240617.jpg\" width=\"700\" height=\"920\" srcset=\"https:\/\/www.diario5.com.ar\/wp-content\/uploads\/2024\/06\/esquiu20240617.jpg 700w, https:\/\/www.diario5.com.ar\/wp-content\/uploads\/2024\/06\/esquiu20240617-228x300.jpg 228w\" sizes=\"(max-width: 700px) 100vw, 700px\" \/><\/p>\n<p><img decoding=\"async\" src=\"https:\/\/img.kiosko.net\/2024\/06\/17\/ar\/ar_diario_norte.jpg\" \/><\/p>\n<p><img decoding=\"async\" loading=\"lazy\" class=\"aligncenter size-full wp-image-686994\" src=\"https:\/\/www.diario5.com.ar\/wp-content\/uploads\/2024\/06\/voz_chaco20240617.jpg\" width=\"700\" height=\"816\" srcset=\"https:\/\/www.diario5.com.ar\/wp-content\/uploads\/2024\/06\/voz_chaco20240617.jpg 700w, https:\/\/www.diario5.com.ar\/wp-content\/uploads\/2024\/06\/voz_chaco20240617-257x300.jpg 257w\" sizes=\"(max-width: 700px) 100vw, 700px\" \/><\/p>\n<p><img decoding=\"async\" src=\"https:\/\/img.kiosko.net\/2024\/06\/17\/ar\/ar_diario_madryn.jpg\" \/><\/p>\n<p><img decoding=\"async\" src=\"https:\/\/img.kiosko.net\/2024\/06\/17\/ar\/ar_laprensa.jpg\" \/><\/p>\n<p><img decoding=\"async\" src=\"https:\/\/img.kiosko.net\/2024\/06\/17\/ar\/ar_cronista.jpg\" \/><\/p>\n<p><img decoding=\"async\" src=\"https:\/\/img.kiosko.net\/2024\/06\/17\/ar\/buenosaires_economico.jpg\" \/><\/p>\n<p><img decoding=\"async\" src=\"https:\/\/img.kiosko.net\/2024\/06\/17\/ar\/ar_perfil.jpg\" \/><\/p>\n<p><img decoding=\"async\" loading=\"lazy\" class=\"aligncenter size-full wp-image-686995\" src=\"https:\/\/www.diario5.com.ar\/wp-content\/uploads\/2024\/06\/ar_eldia20240617.jpg\" width=\"700\" height=\"1045\" srcset=\"https:\/\/www.diario5.com.ar\/wp-content\/uploads\/2024\/06\/ar_eldia20240617.jpg 700w, https:\/\/www.diario5.com.ar\/wp-content\/uploads\/2024\/06\/ar_eldia20240617-201x300.jpg 201w, https:\/\/www.diario5.com.ar\/wp-content\/uploads\/2024\/06\/ar_eldia20240617-686x1024.jpg 686w\" sizes=\"(max-width: 700px) 100vw, 700px\" \/><\/p>\n<p><img decoding=\"async\" loading=\"lazy\" class=\"aligncenter size-full wp-image-686996\" src=\"https:\/\/www.diario5.com.ar\/wp-content\/uploads\/2024\/06\/ar_hoy20240617.jpg\" width=\"700\" height=\"923\" srcset=\"https:\/\/www.diario5.com.ar\/wp-content\/uploads\/2024\/06\/ar_hoy20240617.jpg 700w, https:\/\/www.diario5.com.ar\/wp-content\/uploads\/2024\/06\/ar_hoy20240617-228x300.jpg 228w\" sizes=\"(max-width: 700px) 100vw, 700px\" \/><\/p>\n<p><img decoding=\"async\" src=\"https:\/\/img.kiosko.net\/2024\/06\/17\/ar\/ar_democracia.jpg\" \/><\/p>\n<p><img decoding=\"async\" loading=\"lazy\" class=\"aligncenter size-full wp-image-686997\" src=\"https:\/\/www.diario5.com.ar\/wp-content\/uploads\/2024\/06\/ar_chubut20240617.jpg\" width=\"700\" height=\"909\" srcset=\"https:\/\/www.diario5.com.ar\/wp-content\/uploads\/2024\/06\/ar_chubut20240617.jpg 700w, https:\/\/www.diario5.com.ar\/wp-content\/uploads\/2024\/06\/ar_chubut20240617-231x300.jpg 231w\" sizes=\"(max-width: 700px) 100vw, 700px\" \/><\/p>\n<p><img decoding=\"async\" src=\"https:\/\/img.kiosko.net\/2024\/06\/17\/ar\/ar_epoca.jpg\" \/><\/p>\n<p><img decoding=\"async\" loading=\"lazy\" class=\"aligncenter size-full wp-image-686998\" src=\"https:\/\/www.diario5.com.ar\/wp-content\/uploads\/2024\/06\/ar_litoral20240617.jpg\" width=\"700\" height=\"929\" srcset=\"https:\/\/www.diario5.com.ar\/wp-content\/uploads\/2024\/06\/ar_litoral20240617.jpg 700w, https:\/\/www.diario5.com.ar\/wp-content\/uploads\/2024\/06\/ar_litoral20240617-226x300.jpg 226w\" sizes=\"(max-width: 700px) 100vw, 700px\" \/><\/p>\n<p><img decoding=\"async\" src=\"https:\/\/img.kiosko.net\/2024\/06\/17\/ar\/ar_heraldo.jpg\" \/><\/p>\n<p><img decoding=\"async\" src=\"https:\/\/img.kiosko.net\/2024\/06\/17\/ar\/ar_manana_formosa.jpg\" \/><\/p>\n<p><img decoding=\"async\" src=\"https:\/\/img.kiosko.net\/2024\/06\/17\/ar\/ar_diario_pampa.jpg\" \/><\/p>\n<p><img decoding=\"async\" src=\"https:\/\/img.kiosko.net\/2024\/06\/17\/ar\/ar_pagina12.jpg\" \/><\/p>\n<p><img decoding=\"async\" src=\"https:\/\/img.kiosko.net\/2024\/06\/17\/ar\/ar_arena.jpg\" \/><\/p>\n<p><img decoding=\"async\" src=\"https:\/\/img.kiosko.net\/2024\/06\/17\/ar\/independiente.jpg\" \/><\/p>\n<p><img decoding=\"async\" src=\"https:\/\/img.kiosko.net\/2024\/06\/17\/ar\/nueva_rioja.jpg\" \/><\/p>\n<p><img decoding=\"async\" src=\"https:\/\/img.kiosko.net\/2024\/06\/17\/ar\/ar_losandes.jpg\" \/><\/p>\n<p><img decoding=\"async\" src=\"https:\/\/img.kiosko.net\/2024\/06\/17\/ar\/ar_tribuno.jpg\" \/><\/p>\n<p><img decoding=\"async\" src=\"https:\/\/img.kiosko.net\/2024\/06\/17\/ar\/lea.jpg\" \/><\/p>\n<p><img decoding=\"async\" src=\"https:\/\/img.kiosko.net\/2024\/06\/17\/ar\/ar_nuevo_diario.jpg\" \/><\/p>\n<p><img decoding=\"async\" src=\"https:\/\/img.kiosko.net\/2024\/06\/17\/ar\/ar_diario_cuyo.jpg\" \/><\/p>\n<p><img decoding=\"async\" src=\"https:\/\/img.kiosko.net\/2024\/06\/17\/ar\/huarpe.jpg\" \/><\/p>\n<p><img decoding=\"async\" src=\"https:\/\/img.kiosko.net\/2024\/06\/17\/ar\/ar_diario_republica.jpg\" \/><\/p>\n<p><img decoding=\"async\" src=\"https:\/\/img.kiosko.net\/2024\/06\/17\/ar\/ar_litoral_sfe.jpg\" \/><\/p>\n<p><img decoding=\"async\" loading=\"lazy\" class=\"aligncenter size-full wp-image-686999\" src=\"https:\/\/www.diario5.com.ar\/wp-content\/uploads\/2024\/06\/ciudadano20240617.jpg\" width=\"700\" height=\"945\" srcset=\"https:\/\/www.diario5.com.ar\/wp-content\/uploads\/2024\/06\/ciudadano20240617.jpg 700w, https:\/\/www.diario5.com.ar\/wp-content\/uploads\/2024\/06\/ciudadano20240617-222x300.jpg 222w\" sizes=\"(max-width: 700px) 100vw, 700px\" \/><\/p>\n<p><img decoding=\"async\" src=\"https:\/\/img.kiosko.net\/2024\/06\/17\/ar\/ar_mirador_provincial.jpg\" \/><\/p>\n<p><img decoding=\"async\" src=\"https:\/\/img.kiosko.net\/2024\/06\/17\/ar\/ar_gaceta.jpg\" \/><\/p>\n<p><img decoding=\"async\" src=\"https:\/\/img.kiosko.net\/2024\/06\/17\/ar\/ar_cronica.jpg\" \/><\/p>\n<p><img decoding=\"async\" loading=\"lazy\" class=\"aligncenter size-full wp-image-687000\" src=\"https:\/\/www.diario5.com.ar\/wp-content\/uploads\/2024\/06\/ar_clarin20240617.jpg\" width=\"700\" height=\"975\" srcset=\"https:\/\/www.diario5.com.ar\/wp-content\/uploads\/2024\/06\/ar_clarin20240617.jpg 700w, https:\/\/www.diario5.com.ar\/wp-content\/uploads\/2024\/06\/ar_clarin20240617-215x300.jpg 215w\" sizes=\"(max-width: 700px) 100vw, 700px\" \/><\/p>\n<p><img decoding=\"async\" loading=\"lazy\" class=\"aligncenter size-full wp-image-687001\" src=\"https:\/\/www.diario5.com.ar\/wp-content\/uploads\/2024\/06\/nacion20240617.jpg\" width=\"699\" height=\"1052\" srcset=\"https:\/\/www.diario5.com.ar\/wp-content\/uploads\/2024\/06\/nacion20240617.jpg 699w, https:\/\/www.diario5.com.ar\/wp-content\/uploads\/2024\/06\/nacion20240617-199x300.jpg 199w, https:\/\/www.diario5.com.ar\/wp-content\/uploads\/2024\/06\/nacion20240617-680x1024.jpg 680w\" sizes=\"(max-width: 699px) 100vw, 699px\" \/><\/p>\n<p><img decoding=\"async\" src=\"https:\/\/img.kiosko.net\/2024\/06\/17\/ar\/ar_eco.jpg\" \/><\/p>\n<p><img decoding=\"async\" src=\"https:\/\/img.kiosko.net\/2024\/06\/17\/ar\/nuevo_diario.jpg\" \/><\/p>\n<p><img decoding=\"async\" src=\"https:\/\/img.kiosko.net\/2024\/06\/17\/ar\/sureno.jpg\" \/><\/p>\n<p><img decoding=\"async\" src=\"https:\/\/img.kiosko.net\/2024\/06\/17\/ar\/ar_duplicado.jpg\" \/><\/p>\n<p><img decoding=\"async\" src=\"https:\/\/img.kiosko.net\/2024\/06\/17\/ar\/tiempo_sur.jpg\" \/><\/p>\n<p><img decoding=\"async\" src=\"https:\/\/img.kiosko.net\/2024\/06\/17\/ar\/tiempo_argentino.jpg\" \/><\/p>\n<p><img decoding=\"async\" src=\"https:\/\/img.kiosko.net\/2024\/06\/17\/ar\/ar_epoca.jpg\" \/><\/p>\n<p><img decoding=\"async\" src=\"https:\/\/img.kiosko.net\/2024\/06\/17\/ar\/ar_elsol.jpg\" \/><\/p>\n<p><img decoding=\"async\" loading=\"lazy\" class=\"aligncenter size-full wp-image-687002\" src=\"https:\/\/www.diario5.com.ar\/wp-content\/uploads\/2024\/06\/ar_ancasti20240617.jpg\" width=\"700\" height=\"949\" srcset=\"https:\/\/www.diario5.com.ar\/wp-content\/uploads\/2024\/06\/ar_ancasti20240617.jpg 700w, https:\/\/www.diario5.com.ar\/wp-content\/uploads\/2024\/06\/ar_ancasti20240617-221x300.jpg 221w\" sizes=\"(max-width: 700px) 100vw, 700px\" \/><\/p>\n<p><img decoding=\"async\" src=\"\/\/img.kiosko.net\/2024\/06\/17\/ar\/ar_rio_negro.jpg\" \/><\/p>\n<p><img decoding=\"async\" src=\"https:\/\/img.kiosko.net\/2024\/06\/17\/ar\/ar_03.jpg\" \/><\/p>\n<p><img decoding=\"async\" src=\"https:\/\/img.kiosko.net\/2024\/06\/17\/ar\/ar_04.jpg\" \/><\/p>\n<p><img decoding=\"async\" src=\"https:\/\/img.kiosko.net\/2024\/06\/17\/ar\/ar_05.jpg\" \/><\/p>\n<p>&nbsp;<\/p>","protected":false},"excerpt":{"rendered":"<p>En la Argentina estamos comprendiendo, cada vez, que Mart\u00edn Miguel de G\u00fcemes fue mucho m\u00e1s que una figura notable en la historia del pais por su destacada participaci\u00f3n en las guerras de independencia y su liderazgo en la defensa del Norte. Veamos detalles de este hombre nacido el 8 de febrero de 1785, en el [&hellip;]<\/p>","protected":false},"author":27,"featured_media":686944,"comment_status":"open","ping_status":"open","sticky":false,"template":"","format":"standard","meta":[],"categories":[44,5,161,56],"tags":[1177,474,1575,1246,1686,1874,942,1683],"series":[],"_links":{"self":[{"href":"https:\/\/www.diario5.com.ar\/es\/wp-json\/wp\/v2\/posts\/677278"}],"collection":[{"href":"https:\/\/www.diario5.com.ar\/es\/wp-json\/wp\/v2\/posts"}],"about":[{"href":"https:\/\/www.diario5.com.ar\/es\/wp-json\/wp\/v2\/types\/post"}],"author":[{"embeddable":true,"href":"https:\/\/www.diario5.com.ar\/es\/wp-json\/wp\/v2\/users\/27"}],"replies":[{"embeddable":true,"href":"https:\/\/www.diario5.com.ar\/es\/wp-json\/wp\/v2\/comments?post=677278"}],"version-history":[{"count":2,"href":"https:\/\/www.diario5.com.ar\/es\/wp-json\/wp\/v2\/posts\/677278\/revisions"}],"predecessor-version":[{"id":686945,"href":"https:\/\/www.diario5.com.ar\/es\/wp-json\/wp\/v2\/posts\/677278\/revisions\/686945"}],"wp:featuredmedia":[{"embeddable":true,"href":"https:\/\/www.diario5.com.ar\/es\/wp-json\/wp\/v2\/media\/686944"}],"wp:attachment":[{"href":"https:\/\/www.diario5.com.ar\/es\/wp-json\/wp\/v2\/media?parent=677278"}],"wp:term":[{"taxonomy":"category","embeddable":true,"href":"https:\/\/www.diario5.com.ar\/es\/wp-json\/wp\/v2\/categories?post=677278"},{"taxonomy":"post_tag","embeddable":true,"href":"https:\/\/www.diario5.com.ar\/es\/wp-json\/wp\/v2\/tags?post=677278"},{"taxonomy":"series","embeddable":true,"href":"https:\/\/www.diario5.com.ar\/es\/wp-json\/wp\/v2\/series?post=677278"}],"curies":[{"name":"wp","href":"https:\/\/api.w.org\/{rel}","templated":true}]}}