{"id":677273,"date":"2024-06-12T06:11:00","date_gmt":"2024-06-12T09:11:00","guid":{"rendered":"http:\/\/diario5.com.ar\/?p=677273"},"modified":"2024-06-12T22:10:05","modified_gmt":"2024-06-13T01:10:05","slug":"677273","status":"publish","type":"post","link":"https:\/\/www.diario5.com.ar\/es\/677273\/","title":{"rendered":"No autopercibirse como ignorante"},"content":{"rendered":"<h2 class=\"sub-title-primary\"><\/h2> <p><img decoding=\"async\" loading=\"lazy\" class=\"alignnone wp-image-686890 size-full\" src=\"https:\/\/www.diario5.com.ar\/wp-content\/uploads\/2024\/06\/escenografia1b.jpg\" alt=\"Grandes escenograf\u00edas. \u00bfSe justifican?\" width=\"800\" height=\"448\" srcset=\"https:\/\/www.diario5.com.ar\/wp-content\/uploads\/2024\/06\/escenografia1b.jpg 800w, https:\/\/www.diario5.com.ar\/wp-content\/uploads\/2024\/06\/escenografia1b-300x168.jpg 300w, https:\/\/www.diario5.com.ar\/wp-content\/uploads\/2024\/06\/escenografia1b-768x430.jpg 768w\" sizes=\"(max-width: 800px) 100vw, 800px\" \/><\/p>\n<p>Demuestran un desconocimiento absoluto de casi todo lo que se le puede preguntar en su participaci\u00f3n en programas de preguntas y respuestas en la TV y no se les mueve un pelo. Es m\u00e1s. Presentan respuestas calamitosas con una amplia sonrisa. Incluso buscan demostrar alguna cosa que llame la atenci\u00f3n, como considerando que una cosa que para ellos es un valor podr\u00eda equilibrar su p\u00e9sima performance.<\/p>\n<p>Para ellos no parece ser un papel\u00f3n.<\/p>\n<p>No se autoperciben ignorantes.<\/p>\n<p>Muchos participantes de estos ciclos suelen quejarse graciosamente recrimin\u00e1ndole a las producciones que se les est\u00e1 exigiendo responder \u00abcosas de viejos\u00bb, porque la pregunta refiere a la Primer Junta de Gobierno Patrio o porque se les sugiera continuar con la letra de una canci\u00f3n de Charly Garc\u00eda o de Luis Alberto Spinetta, porque no los conocen.<\/p>\n<p>Un posible inmediato comentario ser\u00eda, entonces: <em>de tango ni hablar<\/em>. Pues, no s\u00f3lo  eso. En algunos programas de televisi\u00f3n, a las m\u00fasicas argentinas y sus respectivas danzas como el tango, la zamba, la chacarera, el chamam\u00e9, la cueca y el malambo se los caricaturiza. Incluso, en algunos casos, a culturas de profundo arraigo se las llega a tratar con indignantes niveles de burla.<\/p>\n<p>Y nadie dice ni mu.<\/p>\n<p>Nada nuevo marcamos acerca de la recurrente demostraci\u00f3n del poco conocimiento que ofrecen los responsables de los graphs o \u00abz\u00f3calos\u00bb que describen situaciones o noticias en noticieros o programas de actualidad. Tampoco, si referenciamos la lentitud de quienes tienen alrededor como para hacer desaparecer a tiempo el error en pantalla para luego corregirlo. Es muy com\u00fan que el televidente se pregunte: \u00ab\u00bfnadie le dice que Leonardo Favio no se escribe con b larga\u00bb? (Encima, se trataba de un \u00abhomenaje\u00bb al artista)<\/p>\n<p>Caemos en la evidencia de que cada vez hay m\u00e1s personas a las que les encanta exponerse per se, sin el sustento de un valor, un talento o -aunque sea- un carisma que les abra, justificadamente, el camino hacia la valoraci\u00f3n p\u00fablica. Pero est\u00e1 pasando a ser natural que tambi\u00e9n nos preguntemos qu\u00e9 es lo que el p\u00fablico valora en la actualidad para brindarle reconocimiento a una persona p\u00fablica.<\/p>\n<p>Todo indica que para una gran cantidad de argentinos (ya no importan las edades) no hay tiempo para ajustar conocimientos si \u00e9stos no les van devolver alg\u00fan efecto satisfactorio o cierta rentabilidad a corto plazo. No tener idea, garpa.<\/p>\n<p><img decoding=\"async\" loading=\"lazy\" class=\"aligncenter size-full wp-image-686902\" src=\"https:\/\/www.diario5.com.ar\/wp-content\/uploads\/2024\/06\/ar_rio_negro20240612.jpg\" width=\"700\" height=\"1072\" srcset=\"https:\/\/www.diario5.com.ar\/wp-content\/uploads\/2024\/06\/ar_rio_negro20240612.jpg 700w, https:\/\/www.diario5.com.ar\/wp-content\/uploads\/2024\/06\/ar_rio_negro20240612-196x300.jpg 196w, https:\/\/www.diario5.com.ar\/wp-content\/uploads\/2024\/06\/ar_rio_negro20240612-669x1024.jpg 669w\" sizes=\"(max-width: 700px) 100vw, 700px\" \/><\/p>\n<p><img decoding=\"async\" loading=\"lazy\" class=\"aligncenter size-full wp-image-686892\" src=\"https:\/\/www.diario5.com.ar\/wp-content\/uploads\/2024\/06\/ar_capital_rosario20240612.jpg\" width=\"700\" height=\"935\" srcset=\"https:\/\/www.diario5.com.ar\/wp-content\/uploads\/2024\/06\/ar_capital_rosario20240612.jpg 700w, https:\/\/www.diario5.com.ar\/wp-content\/uploads\/2024\/06\/ar_capital_rosario20240612-225x300.jpg 225w\" sizes=\"(max-width: 700px) 100vw, 700px\" \/><\/p>\n<p><img decoding=\"async\" loading=\"lazy\" class=\"aligncenter size-full wp-image-686893\" src=\"https:\/\/www.diario5.com.ar\/wp-content\/uploads\/2024\/06\/voz_chaco20240612.jpg\" width=\"700\" height=\"828\" srcset=\"https:\/\/www.diario5.com.ar\/wp-content\/uploads\/2024\/06\/voz_chaco20240612.jpg 700w, https:\/\/www.diario5.com.ar\/wp-content\/uploads\/2024\/06\/voz_chaco20240612-254x300.jpg 254w\" sizes=\"(max-width: 700px) 100vw, 700px\" \/><\/p>\n<p><img decoding=\"async\" loading=\"lazy\" class=\"aligncenter size-full wp-image-686894\" src=\"https:\/\/www.diario5.com.ar\/wp-content\/uploads\/2024\/06\/ar_cronista20240612.jpg\" width=\"700\" height=\"883\" srcset=\"https:\/\/www.diario5.com.ar\/wp-content\/uploads\/2024\/06\/ar_cronista20240612.jpg 700w, https:\/\/www.diario5.com.ar\/wp-content\/uploads\/2024\/06\/ar_cronista20240612-238x300.jpg 238w\" sizes=\"(max-width: 700px) 100vw, 700px\" \/><\/p>\n<p><img decoding=\"async\" loading=\"lazy\" class=\"aligncenter size-full wp-image-686895\" src=\"https:\/\/www.diario5.com.ar\/wp-content\/uploads\/2024\/06\/ar_eldia20240612.jpg\" width=\"700\" height=\"1042\" srcset=\"https:\/\/www.diario5.com.ar\/wp-content\/uploads\/2024\/06\/ar_eldia20240612.jpg 700w, https:\/\/www.diario5.com.ar\/wp-content\/uploads\/2024\/06\/ar_eldia20240612-202x300.jpg 202w, https:\/\/www.diario5.com.ar\/wp-content\/uploads\/2024\/06\/ar_eldia20240612-688x1024.jpg 688w\" sizes=\"(max-width: 700px) 100vw, 700px\" \/><\/p>\n<p><img decoding=\"async\" loading=\"lazy\" class=\"aligncenter size-full wp-image-686896\" src=\"https:\/\/www.diario5.com.ar\/wp-content\/uploads\/2024\/06\/ar_hoy20240612.jpg\" width=\"700\" height=\"922\" srcset=\"https:\/\/www.diario5.com.ar\/wp-content\/uploads\/2024\/06\/ar_hoy20240612.jpg 700w, https:\/\/www.diario5.com.ar\/wp-content\/uploads\/2024\/06\/ar_hoy20240612-228x300.jpg 228w\" sizes=\"(max-width: 700px) 100vw, 700px\" \/><\/p>\n<p><img decoding=\"async\" loading=\"lazy\" class=\"aligncenter size-full wp-image-686897\" src=\"https:\/\/www.diario5.com.ar\/wp-content\/uploads\/2024\/06\/ar_chubut20240612.jpg\" width=\"700\" height=\"896\" srcset=\"https:\/\/www.diario5.com.ar\/wp-content\/uploads\/2024\/06\/ar_chubut20240612.jpg 700w, https:\/\/www.diario5.com.ar\/wp-content\/uploads\/2024\/06\/ar_chubut20240612-234x300.jpg 234w\" sizes=\"(max-width: 700px) 100vw, 700px\" \/><\/p>\n<p><img decoding=\"async\" loading=\"lazy\" class=\"aligncenter size-full wp-image-686898\" src=\"https:\/\/www.diario5.com.ar\/wp-content\/uploads\/2024\/06\/ar_litoral20240612.jpg\" width=\"700\" height=\"908\" srcset=\"https:\/\/www.diario5.com.ar\/wp-content\/uploads\/2024\/06\/ar_litoral20240612.jpg 700w, https:\/\/www.diario5.com.ar\/wp-content\/uploads\/2024\/06\/ar_litoral20240612-231x300.jpg 231w\" sizes=\"(max-width: 700px) 100vw, 700px\" \/><\/p>\n<p><img decoding=\"async\" loading=\"lazy\" class=\"aligncenter size-full wp-image-686903\" src=\"https:\/\/www.diario5.com.ar\/wp-content\/uploads\/2024\/06\/ar_diario_republica20240612.jpg\" width=\"700\" height=\"979\" srcset=\"https:\/\/www.diario5.com.ar\/wp-content\/uploads\/2024\/06\/ar_diario_republica20240612.jpg 700w, https:\/\/www.diario5.com.ar\/wp-content\/uploads\/2024\/06\/ar_diario_republica20240612-215x300.jpg 215w\" sizes=\"(max-width: 700px) 100vw, 700px\" \/><\/p>\n<p><img decoding=\"async\" loading=\"lazy\" class=\"aligncenter size-full wp-image-686904\" src=\"https:\/\/www.diario5.com.ar\/wp-content\/uploads\/2024\/06\/ar_litoral_sfe20240612.jpg\" width=\"700\" height=\"944\" srcset=\"https:\/\/www.diario5.com.ar\/wp-content\/uploads\/2024\/06\/ar_litoral_sfe20240612.jpg 700w, https:\/\/www.diario5.com.ar\/wp-content\/uploads\/2024\/06\/ar_litoral_sfe20240612-222x300.jpg 222w\" sizes=\"(max-width: 700px) 100vw, 700px\" \/><\/p>\n<p><img decoding=\"async\" loading=\"lazy\" class=\"aligncenter size-full wp-image-686899\" src=\"https:\/\/www.diario5.com.ar\/wp-content\/uploads\/2024\/06\/ciudadano20240612.jpg\" width=\"700\" height=\"915\" srcset=\"https:\/\/www.diario5.com.ar\/wp-content\/uploads\/2024\/06\/ciudadano20240612.jpg 700w, https:\/\/www.diario5.com.ar\/wp-content\/uploads\/2024\/06\/ciudadano20240612-230x300.jpg 230w\" sizes=\"(max-width: 700px) 100vw, 700px\" \/><\/p>\n<p><img decoding=\"async\" loading=\"lazy\" class=\"aligncenter size-full wp-image-686905\" src=\"https:\/\/www.diario5.com.ar\/wp-content\/uploads\/2024\/06\/ar_mirador_provincial20240612.jpg\" width=\"700\" height=\"939\" srcset=\"https:\/\/www.diario5.com.ar\/wp-content\/uploads\/2024\/06\/ar_mirador_provincial20240612.jpg 700w, https:\/\/www.diario5.com.ar\/wp-content\/uploads\/2024\/06\/ar_mirador_provincial20240612-224x300.jpg 224w\" sizes=\"(max-width: 700px) 100vw, 700px\" \/><\/p>\n<p><img decoding=\"async\" loading=\"lazy\" class=\"aligncenter size-full wp-image-686900\" src=\"https:\/\/www.diario5.com.ar\/wp-content\/uploads\/2024\/06\/ar_clarin20240612.jpg\" width=\"700\" height=\"980\" srcset=\"https:\/\/www.diario5.com.ar\/wp-content\/uploads\/2024\/06\/ar_clarin20240612.jpg 700w, https:\/\/www.diario5.com.ar\/wp-content\/uploads\/2024\/06\/ar_clarin20240612-214x300.jpg 214w\" sizes=\"(max-width: 700px) 100vw, 700px\" \/><\/p>\n<p><img decoding=\"async\" loading=\"lazy\" class=\"aligncenter size-full wp-image-686901\" src=\"https:\/\/www.diario5.com.ar\/wp-content\/uploads\/2024\/06\/nacion20240612.jpg\" width=\"700\" height=\"1062\" srcset=\"https:\/\/www.diario5.com.ar\/wp-content\/uploads\/2024\/06\/nacion20240612.jpg 700w, https:\/\/www.diario5.com.ar\/wp-content\/uploads\/2024\/06\/nacion20240612-198x300.jpg 198w, https:\/\/www.diario5.com.ar\/wp-content\/uploads\/2024\/06\/nacion20240612-675x1024.jpg 675w\" sizes=\"(max-width: 700px) 100vw, 700px\" \/><\/p>\n<p>&nbsp;<\/p>","protected":false},"excerpt":{"rendered":"<p>Demuestran un desconocimiento absoluto de casi todo lo que se le puede preguntar en su participaci\u00f3n en programas de preguntas y respuestas en la TV y no se les mueve un pelo. Es m\u00e1s. Presentan respuestas calamitosas con una amplia sonrisa. Incluso buscan demostrar alguna cosa que llame la atenci\u00f3n, como considerando que una cosa [&hellip;]<\/p>","protected":false},"author":9,"featured_media":686890,"comment_status":"open","ping_status":"open","sticky":false,"template":"","format":"standard","meta":[],"categories":[5,487,56,2076],"tags":[181,1683],"series":[],"_links":{"self":[{"href":"https:\/\/www.diario5.com.ar\/es\/wp-json\/wp\/v2\/posts\/677273"}],"collection":[{"href":"https:\/\/www.diario5.com.ar\/es\/wp-json\/wp\/v2\/posts"}],"about":[{"href":"https:\/\/www.diario5.com.ar\/es\/wp-json\/wp\/v2\/types\/post"}],"author":[{"embeddable":true,"href":"https:\/\/www.diario5.com.ar\/es\/wp-json\/wp\/v2\/users\/9"}],"replies":[{"embeddable":true,"href":"https:\/\/www.diario5.com.ar\/es\/wp-json\/wp\/v2\/comments?post=677273"}],"version-history":[{"count":4,"href":"https:\/\/www.diario5.com.ar\/es\/wp-json\/wp\/v2\/posts\/677273\/revisions"}],"predecessor-version":[{"id":686906,"href":"https:\/\/www.diario5.com.ar\/es\/wp-json\/wp\/v2\/posts\/677273\/revisions\/686906"}],"wp:featuredmedia":[{"embeddable":true,"href":"https:\/\/www.diario5.com.ar\/es\/wp-json\/wp\/v2\/media\/686890"}],"wp:attachment":[{"href":"https:\/\/www.diario5.com.ar\/es\/wp-json\/wp\/v2\/media?parent=677273"}],"wp:term":[{"taxonomy":"category","embeddable":true,"href":"https:\/\/www.diario5.com.ar\/es\/wp-json\/wp\/v2\/categories?post=677273"},{"taxonomy":"post_tag","embeddable":true,"href":"https:\/\/www.diario5.com.ar\/es\/wp-json\/wp\/v2\/tags?post=677273"},{"taxonomy":"series","embeddable":true,"href":"https:\/\/www.diario5.com.ar\/es\/wp-json\/wp\/v2\/series?post=677273"}],"curies":[{"name":"wp","href":"https:\/\/api.w.org\/{rel}","templated":true}]}}