{"id":677271,"date":"2024-06-10T06:11:00","date_gmt":"2024-06-10T09:11:00","guid":{"rendered":"http:\/\/diario5.com.ar\/?p=677271"},"modified":"2024-06-10T06:13:41","modified_gmt":"2024-06-10T09:13:41","slug":"677271","status":"publish","type":"post","link":"https:\/\/www.diario5.com.ar\/es\/677271\/","title":{"rendered":"La Afirmaci\u00f3n"},"content":{"rendered":"<h2 class=\"sub-title-primary\"><\/h2> <p><img decoding=\"async\" loading=\"lazy\" class=\"alignnone size-full wp-image-686839\" src=\"https:\/\/www.diario5.com.ar\/wp-content\/uploads\/2024\/06\/malvinas_mapa1_d5.jpg\" alt=\"\" width=\"1205\" height=\"779\" srcset=\"https:\/\/www.diario5.com.ar\/wp-content\/uploads\/2024\/06\/malvinas_mapa1_d5.jpg 1205w, https:\/\/www.diario5.com.ar\/wp-content\/uploads\/2024\/06\/malvinas_mapa1_d5-300x194.jpg 300w, https:\/\/www.diario5.com.ar\/wp-content\/uploads\/2024\/06\/malvinas_mapa1_d5-1024x662.jpg 1024w, https:\/\/www.diario5.com.ar\/wp-content\/uploads\/2024\/06\/malvinas_mapa1_d5-768x496.jpg 768w\" sizes=\"(max-width: 1205px) 100vw, 1205px\" \/><\/p>\n<p>Independientemente de la decisi\u00f3n del gobierno dictatorial de la toma del 2 de abril de 1982 motivado por su propio estrangulamiento pol\u00edtico y los espantosos resultados de la Guerra de Malvinas para la Argentina, existe una aut\u00e9ntica bater\u00eda de motivos por los que nuestro pa\u00eds no debe ceder en sus reclamos por la soberan\u00eda del archipi\u00e9lago.<\/p>\n<p>Cada 10 de junio relanzamos nuestra Afirmaci\u00f3n del Derecho Soberanode la Argentina sobre las Islas Malvinas, Georgias del Sur y Sandwich del Sur.<\/p>\n<p>Los argumentos a favor de los derechos argentinos sobre las Islas Malvinas se basan -en primer lugar y aunque bien podr\u00eda estar en otro orden de prioridades- en el mism\u00edsimo precedente de sus reclamaciones hist\u00f3ricas: la Argentina las hered\u00f3 de Espa\u00f1a despu\u00e9s de su independencia. Las islas eran originalmente parte del territorio colonial espa\u00f1ol.<\/p>\n<p>Aunque la proximidad no siempre se acepta como un par\u00e1metro indiscutible, debido a que otras naciones cercanas podr\u00eda argumentar el mismo derecho, en este caso s\u00ed es imposible encontrar otro pa\u00eds que pueda argumentar derecho por proximidad ante la evidencia que favorece a la Argentina en ese aspecto. Las Islas Malvinas est\u00e1n geogr\u00e1ficamente cerca de Argentina y muy lejos del Reino Unido.<\/p>\n<p>M\u00e1s a nuestro favor: varias resoluciones de las Naciones Unidas piden negociaciones entre la Argentina y el Reino Unido para llegar a una soluci\u00f3n pac\u00edfica respecto de la disputa de soberan\u00eda.<\/p>\n<p>Para una mayor\u00eda de argentinos, las Islas Malvinas no s\u00f3lo  son consideradas como parte integral de nuestro territorio, sino que se suma un factor de identidad nacional que los brit\u00e1nicos no igualan.<\/p>\n<p>Por supuesto que el Reino Unido presenta argumentos en contra de los derechos argentinos y a favor de su soberan\u00eda sobre las Islas, especialmente haciendo hincapi\u00e9 en la controvertida Autodeterminaci\u00f3n. Seg\u00fan ellos, los actuales habitantes de las Islas Malvinas han expresado \u00abconstantemente\u00bb su deseo de seguir siendo un territorio brit\u00e1nico de ultramar, como se demostr\u00f3 en referendos.<\/p>\n<p>Pero la consulta popular por la autodeterminaci\u00f3n de los isle\u00f1os no es reconocida por nuestro pa\u00eds, que en 2013 denunci\u00f3 la poco transparente forma de presentar los resultados y ausencia de aprobaci\u00f3n por parte de las Naciones Unidas<\/p>\n<p>Otros motivos que los ingleses dan por v\u00e1lidos son lo que ellos llaman la \u00abPresencia hist\u00f3rica\u00bb y \u00abMarco Legal\u00bb, aduciendo que el RU ejerci\u00f3 una administraci\u00f3n continua de las islas desde 1833 (interrumpida entre abril y junio de 1982) y que su soberan\u00eda se basa en el derecho internacional que le adjudicar\u00eda su administraci\u00f3n, defensa y gobernanza \u00abde larga data\u00bb,\u00a0con apoyo de la poblaci\u00f3n local.<\/p>\n<p>Por otro lado, entre los argumentos hist\u00f3ricos, la <span>Argentina afirma su derecho a las Malvinas, bo s\u00f3lo porque hered\u00f3 las islas de la corona espa\u00f1ola. Hay que incluir en el devenir del control territorial del archipi\u00e9lago, que los brit\u00e1nicos abandonaron las Malvinas en 1774, que ellos mismos reconocen haber<\/span><span> \u00ab<\/span><em><span>permanecido en silencio durante m\u00e1s de 50 a\u00f1os<\/span><\/em><span> \u00bb pero que en la d\u00e9cada de 1820 objetaron la declaraci\u00f3n de soberan\u00eda de una Argentina reci\u00e9n independizada.<\/span><\/p>\n<p><span>Otro punto que se suma al argumento argentino por la proximidad de las islas al continente sudamericano es que est\u00e1 incluido en las disposiciones transitorias de su Constituci\u00f3n. La Argentina ha disputado durante mucho tiempo este reclamo de propiedad, habiendo tenido tambi\u00e9n el control de las islas durante un breve per\u00edodo antes de 1833. <\/span><\/p>\n<p><span>Despu\u00e9s de la guerra, los reclamos en competencia cambiaron de perfil con el descubrimiento de acceso a los dep\u00f3sitos de petr\u00f3leo ubicados en el fondo marino de las Malvinas. Desire Petroleum inici\u00f3 perforaciones al norte de la costa. La Argentina tuvo que denunciar que el Reino Unido viol\u00f3 una resoluci\u00f3n de las Naciones Unidas que proh\u00edbe el desarrollo unilateral en aguas en disputa. <\/span><\/p>\n<p>&nbsp;<\/p>\n<p>&nbsp;<\/p>\n<p>&nbsp;<\/p>\n<p>&nbsp;<\/p>\n<p><!--googleoff: index--><br \/>\n<!--googleon: index--><br \/>\n<img decoding=\"async\" loading=\"lazy\" class=\"aligncenter size-full wp-image-686852\" src=\"https:\/\/www.diario5.com.ar\/wp-content\/uploads\/2024\/06\/ar_capital_rosario20240610.jpg\" width=\"700\" height=\"911\" srcset=\"https:\/\/www.diario5.com.ar\/wp-content\/uploads\/2024\/06\/ar_capital_rosario20240610.jpg 700w, https:\/\/www.diario5.com.ar\/wp-content\/uploads\/2024\/06\/ar_capital_rosario20240610-231x300.jpg 231w\" sizes=\"(max-width: 700px) 100vw, 700px\" \/><\/p>\n<p><img decoding=\"async\" src=\"https:\/\/img.kiosko.net\/2024\/06\/10\/ar\/ar_nueva_provincia.jpg\" \/><\/p>\n<p><img decoding=\"async\" src=\"https:\/\/img.kiosko.net\/2024\/06\/10\/ar\/ar_duplicado.jpg\" \/><\/p>\n<p><img decoding=\"async\" loading=\"lazy\" class=\"aligncenter size-full wp-image-686853\" src=\"https:\/\/www.diario5.com.ar\/wp-content\/uploads\/2024\/06\/esquiu20240610.jpg\" width=\"700\" height=\"920\" srcset=\"https:\/\/www.diario5.com.ar\/wp-content\/uploads\/2024\/06\/esquiu20240610.jpg 700w, https:\/\/www.diario5.com.ar\/wp-content\/uploads\/2024\/06\/esquiu20240610-228x300.jpg 228w\" sizes=\"(max-width: 700px) 100vw, 700px\" \/><\/p>\n<p><img decoding=\"async\" src=\"https:\/\/img.kiosko.net\/2024\/06\/10\/ar\/ar_diario_norte.jpg\" \/><\/p>\n<p><img decoding=\"async\" loading=\"lazy\" class=\"aligncenter size-full wp-image-686854\" src=\"https:\/\/www.diario5.com.ar\/wp-content\/uploads\/2024\/06\/voz_chaco20240610.jpg\" width=\"700\" height=\"816\" srcset=\"https:\/\/www.diario5.com.ar\/wp-content\/uploads\/2024\/06\/voz_chaco20240610.jpg 700w, https:\/\/www.diario5.com.ar\/wp-content\/uploads\/2024\/06\/voz_chaco20240610-257x300.jpg 257w\" sizes=\"(max-width: 700px) 100vw, 700px\" \/><\/p>\n<p><img decoding=\"async\" src=\"https:\/\/img.kiosko.net\/2024\/06\/10\/ar\/ar_diario_madryn.jpg\" \/><\/p>\n<p><img decoding=\"async\" src=\"https:\/\/img.kiosko.net\/2024\/06\/10\/ar\/ar_laprensa.jpg\" \/><\/p>\n<p><img decoding=\"async\" loading=\"lazy\" class=\"aligncenter size-full wp-image-686855\" src=\"https:\/\/www.diario5.com.ar\/wp-content\/uploads\/2024\/06\/ar_cronista20240610.jpg\" width=\"700\" height=\"883\" srcset=\"https:\/\/www.diario5.com.ar\/wp-content\/uploads\/2024\/06\/ar_cronista20240610.jpg 700w, https:\/\/www.diario5.com.ar\/wp-content\/uploads\/2024\/06\/ar_cronista20240610-238x300.jpg 238w\" sizes=\"(max-width: 700px) 100vw, 700px\" \/><\/p>\n<p><img decoding=\"async\" src=\"https:\/\/img.kiosko.net\/2024\/06\/10\/ar\/buenosaires_economico.jpg\" \/><\/p>\n<p><img decoding=\"async\" src=\"https:\/\/img.kiosko.net\/2024\/06\/10\/ar\/ar_perfil.jpg\" \/><\/p>\n<p><img decoding=\"async\" loading=\"lazy\" class=\"aligncenter size-full wp-image-686856\" src=\"https:\/\/www.diario5.com.ar\/wp-content\/uploads\/2024\/06\/ar_eldia20240610.jpg\" width=\"699\" height=\"1041\" srcset=\"https:\/\/www.diario5.com.ar\/wp-content\/uploads\/2024\/06\/ar_eldia20240610.jpg 699w, https:\/\/www.diario5.com.ar\/wp-content\/uploads\/2024\/06\/ar_eldia20240610-201x300.jpg 201w, https:\/\/www.diario5.com.ar\/wp-content\/uploads\/2024\/06\/ar_eldia20240610-688x1024.jpg 688w\" sizes=\"(max-width: 699px) 100vw, 699px\" \/><\/p>\n<p><img decoding=\"async\" loading=\"lazy\" class=\"aligncenter size-full wp-image-686857\" src=\"https:\/\/www.diario5.com.ar\/wp-content\/uploads\/2024\/06\/ar_hoy20240610.jpg\" width=\"700\" height=\"926\" srcset=\"https:\/\/www.diario5.com.ar\/wp-content\/uploads\/2024\/06\/ar_hoy20240610.jpg 700w, https:\/\/www.diario5.com.ar\/wp-content\/uploads\/2024\/06\/ar_hoy20240610-227x300.jpg 227w\" sizes=\"(max-width: 700px) 100vw, 700px\" \/><\/p>\n<p><img decoding=\"async\" src=\"https:\/\/img.kiosko.net\/2024\/06\/10\/ar\/ar_democracia.jpg\" \/><\/p>\n<p><img decoding=\"async\" src=\"https:\/\/img.kiosko.net\/2024\/06\/10\/ar\/ar_chubut.jpg\" \/><\/p>\n<p><img decoding=\"async\" src=\"https:\/\/img.kiosko.net\/2024\/06\/10\/ar\/ar_epoca.jpg\" \/><\/p>\n<p><img decoding=\"async\" loading=\"lazy\" class=\"aligncenter size-full wp-image-686858\" src=\"https:\/\/www.diario5.com.ar\/wp-content\/uploads\/2024\/06\/ar_litoral20240610.jpg\" width=\"700\" height=\"908\" srcset=\"https:\/\/www.diario5.com.ar\/wp-content\/uploads\/2024\/06\/ar_litoral20240610.jpg 700w, https:\/\/www.diario5.com.ar\/wp-content\/uploads\/2024\/06\/ar_litoral20240610-231x300.jpg 231w\" sizes=\"(max-width: 700px) 100vw, 700px\" \/><\/p>\n<p><img decoding=\"async\" src=\"https:\/\/img.kiosko.net\/2024\/06\/10\/ar\/ar_heraldo.jpg\" \/><\/p>\n<p><img decoding=\"async\" src=\"https:\/\/img.kiosko.net\/2024\/06\/10\/ar\/ar_manana_formosa.jpg\" \/><\/p>\n<p><img decoding=\"async\" src=\"https:\/\/img.kiosko.net\/2024\/06\/10\/ar\/ar_diario_pampa.jpg\" \/><\/p>\n<p><img decoding=\"async\" src=\"https:\/\/img.kiosko.net\/2024\/06\/10\/ar\/ar_pagina12.jpg\" \/><\/p>\n<p><img decoding=\"async\" src=\"https:\/\/img.kiosko.net\/2024\/06\/10\/ar\/ar_arena.jpg\" \/><\/p>\n<p><img decoding=\"async\" src=\"https:\/\/img.kiosko.net\/2024\/06\/10\/ar\/independiente.jpg\" \/><\/p>\n<p><img decoding=\"async\" src=\"https:\/\/img.kiosko.net\/2024\/06\/10\/ar\/nueva_rioja.jpg\" \/><\/p>\n<p><img decoding=\"async\" src=\"https:\/\/img.kiosko.net\/2024\/06\/10\/ar\/ar_losandes.jpg\" \/><\/p>\n<p><img decoding=\"async\" src=\"https:\/\/img.kiosko.net\/2024\/06\/10\/ar\/ar_tribuno.jpg\" \/><\/p>\n<p><img decoding=\"async\" src=\"https:\/\/img.kiosko.net\/2024\/06\/10\/ar\/lea.jpg\" \/><\/p>\n<p><img decoding=\"async\" src=\"https:\/\/img.kiosko.net\/2024\/06\/10\/ar\/ar_nuevo_diario.jpg\" \/><\/p>\n<p><img decoding=\"async\" src=\"https:\/\/img.kiosko.net\/2024\/06\/10\/ar\/ar_diario_cuyo.jpg\" \/><\/p>\n<p><img decoding=\"async\" src=\"https:\/\/img.kiosko.net\/2024\/06\/10\/ar\/huarpe.jpg\" \/><\/p>\n<p><img decoding=\"async\" src=\"https:\/\/img.kiosko.net\/2024\/06\/10\/ar\/ar_diario_republica.jpg\" \/><\/p>\n<p><img decoding=\"async\" src=\"https:\/\/img.kiosko.net\/2024\/06\/10\/ar\/ar_litoral_sfe.jpg\" \/><\/p>\n<p><img decoding=\"async\" loading=\"lazy\" class=\"aligncenter size-full wp-image-686859\" src=\"https:\/\/www.diario5.com.ar\/wp-content\/uploads\/2024\/06\/ciudadano20240610.jpg\" width=\"700\" height=\"962\" srcset=\"https:\/\/www.diario5.com.ar\/wp-content\/uploads\/2024\/06\/ciudadano20240610.jpg 700w, https:\/\/www.diario5.com.ar\/wp-content\/uploads\/2024\/06\/ciudadano20240610-218x300.jpg 218w\" sizes=\"(max-width: 700px) 100vw, 700px\" \/><\/p>\n<p><img decoding=\"async\" src=\"https:\/\/img.kiosko.net\/2024\/06\/10\/ar\/ar_mirador_provincial.jpg\" \/><\/p>\n<p><img decoding=\"async\" src=\"https:\/\/img.kiosko.net\/2024\/06\/10\/ar\/ar_gaceta.jpg\" \/><\/p>\n<p><img decoding=\"async\" src=\"https:\/\/img.kiosko.net\/2024\/06\/10\/ar\/ar_cronica.jpg\" \/><\/p>\n<p><img decoding=\"async\" loading=\"lazy\" class=\"aligncenter size-full wp-image-686860\" src=\"https:\/\/www.diario5.com.ar\/wp-content\/uploads\/2024\/06\/ar_clarin20240610.jpg\" width=\"700\" height=\"979\" srcset=\"https:\/\/www.diario5.com.ar\/wp-content\/uploads\/2024\/06\/ar_clarin20240610.jpg 700w, https:\/\/www.diario5.com.ar\/wp-content\/uploads\/2024\/06\/ar_clarin20240610-215x300.jpg 215w\" sizes=\"(max-width: 700px) 100vw, 700px\" \/><\/p>\n<p><img decoding=\"async\" loading=\"lazy\" class=\"aligncenter size-full wp-image-686861\" src=\"https:\/\/www.diario5.com.ar\/wp-content\/uploads\/2024\/06\/nacion20240610.jpg\" width=\"699\" height=\"1065\" srcset=\"https:\/\/www.diario5.com.ar\/wp-content\/uploads\/2024\/06\/nacion20240610.jpg 699w, https:\/\/www.diario5.com.ar\/wp-content\/uploads\/2024\/06\/nacion20240610-197x300.jpg 197w, https:\/\/www.diario5.com.ar\/wp-content\/uploads\/2024\/06\/nacion20240610-672x1024.jpg 672w\" sizes=\"(max-width: 699px) 100vw, 699px\" \/><\/p>\n<p><img decoding=\"async\" src=\"https:\/\/img.kiosko.net\/2024\/06\/10\/ar\/ar_eco.jpg\" \/><\/p>\n<p><img decoding=\"async\" src=\"https:\/\/img.kiosko.net\/2024\/06\/10\/ar\/nuevo_diario.jpg\" \/><\/p>\n<p><img decoding=\"async\" src=\"https:\/\/img.kiosko.net\/2024\/06\/10\/ar\/sureno.jpg\" \/><\/p>\n<p><img decoding=\"async\" src=\"https:\/\/img.kiosko.net\/2024\/06\/10\/ar\/ar_duplicado.jpg\" \/><\/p>\n<p><img decoding=\"async\" src=\"https:\/\/img.kiosko.net\/2024\/06\/10\/ar\/tiempo_sur.jpg\" \/><\/p>\n<p><img decoding=\"async\" src=\"https:\/\/img.kiosko.net\/2024\/06\/10\/ar\/tiempo_argentino.jpg\" \/><\/p>\n<p><img decoding=\"async\" src=\"https:\/\/img.kiosko.net\/2024\/06\/10\/ar\/ar_epoca.jpg\" \/><\/p>\n<p><img decoding=\"async\" src=\"https:\/\/img.kiosko.net\/2024\/06\/10\/ar\/ar_elsol.jpg\" \/><\/p>\n<p><img decoding=\"async\" src=\"https:\/\/img.kiosko.net\/2024\/06\/10\/ar\/ar_ancasti.jpg\" \/><\/p>\n<p><img decoding=\"async\" src=\"\/\/img.kiosko.net\/2024\/06\/10\/ar\/ar_rio_negro.jpg\" \/><\/p>\n<p><img decoding=\"async\" src=\"https:\/\/img.kiosko.net\/2024\/06\/10\/ar\/ar_03.jpg\" \/><\/p>\n<p><img decoding=\"async\" src=\"https:\/\/img.kiosko.net\/2024\/06\/10\/ar\/ar_04.jpg\" \/><\/p>\n<p><img decoding=\"async\" src=\"https:\/\/img.kiosko.net\/2024\/06\/10\/ar\/ar_05.jpg\" \/><\/p>\n<p>&nbsp;<\/p>","protected":false},"excerpt":{"rendered":"<p>Independientemente de la decisi\u00f3n del gobierno dictatorial de la toma del 2 de abril de 1982 motivado por su propio estrangulamiento pol\u00edtico y los espantosos resultados de la Guerra de Malvinas para la Argentina, existe una aut\u00e9ntica bater\u00eda de motivos por los que nuestro pa\u00eds no debe ceder en sus reclamos por la soberan\u00eda del [&hellip;]<\/p>","protected":false},"author":9,"featured_media":686839,"comment_status":"open","ping_status":"open","sticky":false,"template":"","format":"standard","meta":[],"categories":[75,5,45,56],"tags":[1177,958,1679,1703,265,665,1183],"series":[],"_links":{"self":[{"href":"https:\/\/www.diario5.com.ar\/es\/wp-json\/wp\/v2\/posts\/677271"}],"collection":[{"href":"https:\/\/www.diario5.com.ar\/es\/wp-json\/wp\/v2\/posts"}],"about":[{"href":"https:\/\/www.diario5.com.ar\/es\/wp-json\/wp\/v2\/types\/post"}],"author":[{"embeddable":true,"href":"https:\/\/www.diario5.com.ar\/es\/wp-json\/wp\/v2\/users\/9"}],"replies":[{"embeddable":true,"href":"https:\/\/www.diario5.com.ar\/es\/wp-json\/wp\/v2\/comments?post=677271"}],"version-history":[{"count":2,"href":"https:\/\/www.diario5.com.ar\/es\/wp-json\/wp\/v2\/posts\/677271\/revisions"}],"predecessor-version":[{"id":686840,"href":"https:\/\/www.diario5.com.ar\/es\/wp-json\/wp\/v2\/posts\/677271\/revisions\/686840"}],"wp:featuredmedia":[{"embeddable":true,"href":"https:\/\/www.diario5.com.ar\/es\/wp-json\/wp\/v2\/media\/686839"}],"wp:attachment":[{"href":"https:\/\/www.diario5.com.ar\/es\/wp-json\/wp\/v2\/media?parent=677271"}],"wp:term":[{"taxonomy":"category","embeddable":true,"href":"https:\/\/www.diario5.com.ar\/es\/wp-json\/wp\/v2\/categories?post=677271"},{"taxonomy":"post_tag","embeddable":true,"href":"https:\/\/www.diario5.com.ar\/es\/wp-json\/wp\/v2\/tags?post=677271"},{"taxonomy":"series","embeddable":true,"href":"https:\/\/www.diario5.com.ar\/es\/wp-json\/wp\/v2\/series?post=677271"}],"curies":[{"name":"wp","href":"https:\/\/api.w.org\/{rel}","templated":true}]}}