{"id":677268,"date":"2024-06-07T06:11:00","date_gmt":"2024-06-07T09:11:00","guid":{"rendered":"http:\/\/diario5.com.ar\/?p=677268"},"modified":"2024-06-07T16:39:15","modified_gmt":"2024-06-07T19:39:15","slug":"677268","status":"publish","type":"post","link":"https:\/\/www.diario5.com.ar\/es\/677268\/","title":{"rendered":"La Democratizaci\u00f3n del acceso a la informaci\u00f3n"},"content":{"rendered":"<h2 class=\"sub-title-primary\">Cada a\u00f1o, al llegar los 7 de junio, el D\u00eda del Periodista se carga de m\u00e1s cuestiones a resolver, como parte del propio objetivo de la profesi\u00f3n: encontrar respuestas<\/h2> <p><img decoding=\"async\" loading=\"lazy\" class=\"aligncenter size-full wp-image-686802\" src=\"https:\/\/www.diario5.com.ar\/wp-content\/uploads\/2024\/06\/Journalist.jpeg20240607.jpg\" width=\"700\" height=\"393\" srcset=\"https:\/\/www.diario5.com.ar\/wp-content\/uploads\/2024\/06\/Journalist.jpeg20240607.jpg 700w, https:\/\/www.diario5.com.ar\/wp-content\/uploads\/2024\/06\/Journalist.jpeg20240607-300x168.jpg 300w\" sizes=\"(max-width: 700px) 100vw, 700px\" \/><\/p>\n<p>Nos encanta encarrilar nuestro pensamiento en que el periodismo, en su esencia m\u00e1s pura, es una b\u00fasqueda constante de la verdad y un compromiso inquebrantable con la transparencia y la justicia.<\/p>\n<p>Y no creemos estar equivocados.<\/p>\n<p>Pero a esta altura de tantas cosas, sentimos cierto temor por las afirmaciones absolutas.<\/p>\n<p>Tragamos saliva y seguimos.<\/p>\n<p>Los valores fundamentales del periodismo \u2014la objetividad, la precisi\u00f3n, la independencia y la responsabilidad\u2014 se convierten en pilares esenciales en tiempos convulsos y de transformaci\u00f3n acelerada.<\/p>\n<p>Pongamos la lupa en el hoy m\u00e1s ortodoxo: el sesgo que millones y millones vemos en el periodismo de la era digital: la informaci\u00f3n viaja a una velocidad sin precedentes. Donde las fronteras entre la realidad y la ficci\u00f3n a menudo se difuminan, el papel del periodismo se vuelve a\u00fan m\u00e1s cr\u00edtico.<\/p>\n<p>Nos ense\u00f1aron que la objetividad en el periodismo implica reportar los hechos de manera imparcial, sin dejarse llevar por prejuicios o intereses personales. Y cumplir con esa premisa es fascinante. Nos lo han contado algunos colegas. En una \u00e9poca donde las redes sociales permiten que cualquier persona sea una fuente potencial de informaci\u00f3n, la necesidad de periodistas profesionales que puedan verificar y contextualizar esos hechos se vuelve indispensable. La precisi\u00f3n no s\u00f3lo es un valor \u00e9tico sino tambi\u00e9n una necesidad pragm\u00e1tica. Por lo menos, en la Argentina. Y en un mundo donde una noticia falsa puede tener repercusiones globales en cuesti\u00f3n de minutos, tambi\u00e9n.<\/p>\n<p>La independencia es otro valor. Lo es, especialmente, en tiempos de guerra o conflicto pol\u00edtico serio. Hablamos de la admirable capacidad de un periodista para informar sin estar sujeto a presiones de gobiernos, corporaciones o grupos de inter\u00e9s. Quien mantenga la credibilidad ser\u00e1 premiado con la confianza del p\u00fablico.<\/p>\n<p>Nos fascina, nos emocionamos y lo decimos convencidos:<\/p>\n<p><em>La responsabilidad del periodismo no se limita a la entrega de noticias. Tambi\u00e9n implica un deber hacia la sociedad en su conjunto, para educar, informar y, en ocasiones, movilizar. En tiempos de crisis, ya sea una pandemia global, una cat\u00e1strofe natural o un conflicto b\u00e9lico, los periodistas se convierten en gu\u00edas para el p\u00fablico, ofreciendo no s\u00f3lo datos sino tambi\u00e9n contextos y an\u00e1lisis que permiten una comprensi\u00f3n m\u00e1s profunda de la situaci\u00f3n<\/em>.<\/p>\n<p>Y cuando hay guerras, \u00e9stas no s\u00f3lo  se libran en los campos de batalla. Hoy tambi\u00e9n se dirimen en el terreno de la informaci\u00f3n. Como la manipulaci\u00f3n de los datos de los hechos y la propaganda son armas de un poder dif\u00edcil de medir, el periodismo independiente act\u00faa como una barrera contra estas pr\u00e1cticas y proporciona una narrativa algo m\u00e1s equilibrada. Y veraz.<\/p>\n<p>Efectivamente, la vida digital transform\u00f3 la manera en que consumimos y difundimos informaci\u00f3n.<\/p>\n<p>\u00bfDemocratiz\u00f3 el acceso a la informaci\u00f3n?<\/p>\n<p>S\u00ed. Pero al mismo tiempo ha planteado problem\u00e1ticas como la proliferaci\u00f3n de noticias falsas y la polarizaci\u00f3n de la opini\u00f3n p\u00fablica. En este contexto, la comunicaci\u00f3n responsable y \u00e9tica se erige como una necesidad imperiosa. <em>Los periodistas deben navegar este nuevo paisaje con habilidad y cautela<\/em>, utilizando las disponibilidades digitales para ampliar su alcance pero <em>sin sacrificar los principios b\u00e1sicos de su profesi\u00f3n<\/em>.<\/p>\n<p>La importancia de la comunicaci\u00f3n en tiempos modernos no puede ser subestimada. En una era de sobrecarga informativa, donde el ruido puede ahogar las voces de la verdad, el periodismo de calidad tendr\u00e1 que ser reconocido como una luz en la oscuridad. Tener capacidad de comunicar de manera efectiva y \u00e9tica trasciende cualquier informaci\u00f3n: pasa a ser una herramienta para unir comunidades, dar voz a quienes sienten deso\u00eddos y fomentar di\u00e1logos constructivos.<\/p>\n<p>Los valores del periodismo son fundamentales en un mundo cada vez m\u00e1s interconectado y complejo. Si se mantienen fieles a sus principios y se adaptan a las nuevas tecnolog\u00edas sin perder su esencia, tosos llos periodistas independientes podr\u00e1n seguir desempe\u00f1ando un rol que la sociedad, demanda, exige y ama. Ser\u00e1 defendiendo la verdad, promoviendo la justicia y facilitando el entendimiento mutuo dondequiera que haya \u00abgrieta\u00bb.<\/p>\n<p><!--googleoff: index--><br \/>\n<!--googleon: index--><br \/>\n<img decoding=\"async\" loading=\"lazy\" class=\"aligncenter size-full wp-image-686803\" src=\"https:\/\/www.diario5.com.ar\/wp-content\/uploads\/2024\/06\/ar_capital_rosario20240607.jpg\" width=\"700\" height=\"925\" srcset=\"https:\/\/www.diario5.com.ar\/wp-content\/uploads\/2024\/06\/ar_capital_rosario20240607.jpg 700w, https:\/\/www.diario5.com.ar\/wp-content\/uploads\/2024\/06\/ar_capital_rosario20240607-227x300.jpg 227w\" sizes=\"(max-width: 700px) 100vw, 700px\" \/><\/p>\n<p><img decoding=\"async\" loading=\"lazy\" class=\"aligncenter size-full wp-image-686804\" src=\"https:\/\/www.diario5.com.ar\/wp-content\/uploads\/2024\/06\/esquiu20240607.jpg\" width=\"700\" height=\"920\" srcset=\"https:\/\/www.diario5.com.ar\/wp-content\/uploads\/2024\/06\/esquiu20240607.jpg 700w, https:\/\/www.diario5.com.ar\/wp-content\/uploads\/2024\/06\/esquiu20240607-228x300.jpg 228w\" sizes=\"(max-width: 700px) 100vw, 700px\" \/><\/p>\n<p><img decoding=\"async\" loading=\"lazy\" class=\"aligncenter size-full wp-image-686805\" src=\"https:\/\/www.diario5.com.ar\/wp-content\/uploads\/2024\/06\/voz_chaco20240607.jpg\" width=\"700\" height=\"853\" srcset=\"https:\/\/www.diario5.com.ar\/wp-content\/uploads\/2024\/06\/voz_chaco20240607.jpg 700w, https:\/\/www.diario5.com.ar\/wp-content\/uploads\/2024\/06\/voz_chaco20240607-246x300.jpg 246w\" sizes=\"(max-width: 700px) 100vw, 700px\" \/><\/p>\n<p><img decoding=\"async\" loading=\"lazy\" class=\"aligncenter size-full wp-image-686806\" src=\"https:\/\/www.diario5.com.ar\/wp-content\/uploads\/2024\/06\/ar_cronista20240607.jpg\" width=\"700\" height=\"886\" srcset=\"https:\/\/www.diario5.com.ar\/wp-content\/uploads\/2024\/06\/ar_cronista20240607.jpg 700w, https:\/\/www.diario5.com.ar\/wp-content\/uploads\/2024\/06\/ar_cronista20240607-237x300.jpg 237w\" sizes=\"(max-width: 700px) 100vw, 700px\" \/><\/p>\n<p><img decoding=\"async\" loading=\"lazy\" class=\"aligncenter size-full wp-image-686807\" src=\"https:\/\/www.diario5.com.ar\/wp-content\/uploads\/2024\/06\/ar_eldia20240607.jpg\" width=\"700\" height=\"1038\" srcset=\"https:\/\/www.diario5.com.ar\/wp-content\/uploads\/2024\/06\/ar_eldia20240607.jpg 700w, https:\/\/www.diario5.com.ar\/wp-content\/uploads\/2024\/06\/ar_eldia20240607-202x300.jpg 202w, https:\/\/www.diario5.com.ar\/wp-content\/uploads\/2024\/06\/ar_eldia20240607-691x1024.jpg 691w\" sizes=\"(max-width: 700px) 100vw, 700px\" \/><\/p>\n<p><img decoding=\"async\" loading=\"lazy\" class=\"aligncenter size-full wp-image-686808\" src=\"https:\/\/www.diario5.com.ar\/wp-content\/uploads\/2024\/06\/ar_hoy20240607.jpg\" width=\"700\" height=\"912\" srcset=\"https:\/\/www.diario5.com.ar\/wp-content\/uploads\/2024\/06\/ar_hoy20240607.jpg 700w, https:\/\/www.diario5.com.ar\/wp-content\/uploads\/2024\/06\/ar_hoy20240607-230x300.jpg 230w\" sizes=\"(max-width: 700px) 100vw, 700px\" \/><\/p>\n<p><img decoding=\"async\" loading=\"lazy\" class=\"aligncenter size-full wp-image-686809\" src=\"https:\/\/www.diario5.com.ar\/wp-content\/uploads\/2024\/06\/ar_chubut20240607.jpg\" width=\"700\" height=\"896\" srcset=\"https:\/\/www.diario5.com.ar\/wp-content\/uploads\/2024\/06\/ar_chubut20240607.jpg 700w, https:\/\/www.diario5.com.ar\/wp-content\/uploads\/2024\/06\/ar_chubut20240607-234x300.jpg 234w\" sizes=\"(max-width: 700px) 100vw, 700px\" \/><\/p>\n<p><img decoding=\"async\" loading=\"lazy\" class=\"aligncenter size-full wp-image-686810\" src=\"https:\/\/www.diario5.com.ar\/wp-content\/uploads\/2024\/06\/ar_litoral20240607.jpg\" width=\"699\" height=\"914\" srcset=\"https:\/\/www.diario5.com.ar\/wp-content\/uploads\/2024\/06\/ar_litoral20240607.jpg 699w, https:\/\/www.diario5.com.ar\/wp-content\/uploads\/2024\/06\/ar_litoral20240607-229x300.jpg 229w\" sizes=\"(max-width: 699px) 100vw, 699px\" \/><\/p>\n<p><img decoding=\"async\" loading=\"lazy\" class=\"aligncenter size-full wp-image-686815\" src=\"https:\/\/www.diario5.com.ar\/wp-content\/uploads\/2024\/06\/ar_diario_republica20240607.jpg\" width=\"700\" height=\"979\" srcset=\"https:\/\/www.diario5.com.ar\/wp-content\/uploads\/2024\/06\/ar_diario_republica20240607.jpg 700w, https:\/\/www.diario5.com.ar\/wp-content\/uploads\/2024\/06\/ar_diario_republica20240607-215x300.jpg 215w\" sizes=\"(max-width: 700px) 100vw, 700px\" \/><\/p>\n<p><img decoding=\"async\" loading=\"lazy\" class=\"aligncenter size-full wp-image-686816\" src=\"https:\/\/www.diario5.com.ar\/wp-content\/uploads\/2024\/06\/ar_litoral_sfe20240607.jpg\" width=\"700\" height=\"924\" srcset=\"https:\/\/www.diario5.com.ar\/wp-content\/uploads\/2024\/06\/ar_litoral_sfe20240607.jpg 700w, https:\/\/www.diario5.com.ar\/wp-content\/uploads\/2024\/06\/ar_litoral_sfe20240607-227x300.jpg 227w\" sizes=\"(max-width: 700px) 100vw, 700px\" \/><\/p>\n<p><img decoding=\"async\" loading=\"lazy\" class=\"aligncenter size-full wp-image-686811\" src=\"https:\/\/www.diario5.com.ar\/wp-content\/uploads\/2024\/06\/ciudadano20240607.jpg\" width=\"700\" height=\"944\" srcset=\"https:\/\/www.diario5.com.ar\/wp-content\/uploads\/2024\/06\/ciudadano20240607.jpg 700w, https:\/\/www.diario5.com.ar\/wp-content\/uploads\/2024\/06\/ciudadano20240607-222x300.jpg 222w\" sizes=\"(max-width: 700px) 100vw, 700px\" \/><\/p>\n<p><img decoding=\"async\" loading=\"lazy\" class=\"aligncenter size-full wp-image-686817\" src=\"https:\/\/www.diario5.com.ar\/wp-content\/uploads\/2024\/06\/ar_mirador_provincial20240607.jpg\" width=\"700\" height=\"939\" srcset=\"https:\/\/www.diario5.com.ar\/wp-content\/uploads\/2024\/06\/ar_mirador_provincial20240607.jpg 700w, https:\/\/www.diario5.com.ar\/wp-content\/uploads\/2024\/06\/ar_mirador_provincial20240607-224x300.jpg 224w\" sizes=\"(max-width: 700px) 100vw, 700px\" \/><\/p>\n<p><img decoding=\"async\" loading=\"lazy\" class=\"aligncenter size-full wp-image-686812\" src=\"https:\/\/www.diario5.com.ar\/wp-content\/uploads\/2024\/06\/ar_clarin20240607.jpg\" width=\"700\" height=\"979\" srcset=\"https:\/\/www.diario5.com.ar\/wp-content\/uploads\/2024\/06\/ar_clarin20240607.jpg 700w, https:\/\/www.diario5.com.ar\/wp-content\/uploads\/2024\/06\/ar_clarin20240607-215x300.jpg 215w\" sizes=\"(max-width: 700px) 100vw, 700px\" \/><\/p>\n<p><img decoding=\"async\" loading=\"lazy\" class=\"aligncenter size-full wp-image-686813\" src=\"https:\/\/www.diario5.com.ar\/wp-content\/uploads\/2024\/06\/nacion20240607.jpg\" width=\"700\" height=\"1062\" srcset=\"https:\/\/www.diario5.com.ar\/wp-content\/uploads\/2024\/06\/nacion20240607.jpg 700w, https:\/\/www.diario5.com.ar\/wp-content\/uploads\/2024\/06\/nacion20240607-198x300.jpg 198w, https:\/\/www.diario5.com.ar\/wp-content\/uploads\/2024\/06\/nacion20240607-675x1024.jpg 675w\" sizes=\"(max-width: 700px) 100vw, 700px\" \/><\/p>\n<p><img decoding=\"async\" loading=\"lazy\" class=\"aligncenter size-full wp-image-686814\" src=\"https:\/\/www.diario5.com.ar\/wp-content\/uploads\/2024\/06\/ar_ancasti20240607.jpg\" width=\"700\" height=\"942\" srcset=\"https:\/\/www.diario5.com.ar\/wp-content\/uploads\/2024\/06\/ar_ancasti20240607.jpg 700w, https:\/\/www.diario5.com.ar\/wp-content\/uploads\/2024\/06\/ar_ancasti20240607-223x300.jpg 223w\" sizes=\"(max-width: 700px) 100vw, 700px\" \/><\/p>\n<p><img decoding=\"async\" loading=\"lazy\" class=\"aligncenter size-full wp-image-686818\" src=\"https:\/\/www.diario5.com.ar\/wp-content\/uploads\/2024\/06\/ar_rio_negro20240607.jpg\" width=\"700\" height=\"1071\" srcset=\"https:\/\/www.diario5.com.ar\/wp-content\/uploads\/2024\/06\/ar_rio_negro20240607.jpg 700w, https:\/\/www.diario5.com.ar\/wp-content\/uploads\/2024\/06\/ar_rio_negro20240607-196x300.jpg 196w, https:\/\/www.diario5.com.ar\/wp-content\/uploads\/2024\/06\/ar_rio_negro20240607-669x1024.jpg 669w\" sizes=\"(max-width: 700px) 100vw, 700px\" \/><\/p>\n<p>&nbsp;<\/p>","protected":false},"excerpt":{"rendered":"<p>Cada a\u00f1o, al llegar los 7 de junio, el D\u00eda del Periodista se carga de m\u00e1s cuestiones a resolver, como parte del propio objetivo de la profesi\u00f3n: encontrar respuestas Nos encanta encarrilar nuestro pensamiento en que el periodismo, en su esencia m\u00e1s pura, es una b\u00fasqueda constante de la verdad y un compromiso inquebrantable con [&hellip;]<\/p>","protected":false},"author":27,"featured_media":686802,"comment_status":"open","ping_status":"open","sticky":false,"template":"","format":"standard","meta":[],"categories":[75,56],"tags":[1177,1682,1284,1863,567,1683],"series":[],"_links":{"self":[{"href":"https:\/\/www.diario5.com.ar\/es\/wp-json\/wp\/v2\/posts\/677268"}],"collection":[{"href":"https:\/\/www.diario5.com.ar\/es\/wp-json\/wp\/v2\/posts"}],"about":[{"href":"https:\/\/www.diario5.com.ar\/es\/wp-json\/wp\/v2\/types\/post"}],"author":[{"embeddable":true,"href":"https:\/\/www.diario5.com.ar\/es\/wp-json\/wp\/v2\/users\/27"}],"replies":[{"embeddable":true,"href":"https:\/\/www.diario5.com.ar\/es\/wp-json\/wp\/v2\/comments?post=677268"}],"version-history":[{"count":3,"href":"https:\/\/www.diario5.com.ar\/es\/wp-json\/wp\/v2\/posts\/677268\/revisions"}],"predecessor-version":[{"id":686819,"href":"https:\/\/www.diario5.com.ar\/es\/wp-json\/wp\/v2\/posts\/677268\/revisions\/686819"}],"wp:featuredmedia":[{"embeddable":true,"href":"https:\/\/www.diario5.com.ar\/es\/wp-json\/wp\/v2\/media\/686802"}],"wp:attachment":[{"href":"https:\/\/www.diario5.com.ar\/es\/wp-json\/wp\/v2\/media?parent=677268"}],"wp:term":[{"taxonomy":"category","embeddable":true,"href":"https:\/\/www.diario5.com.ar\/es\/wp-json\/wp\/v2\/categories?post=677268"},{"taxonomy":"post_tag","embeddable":true,"href":"https:\/\/www.diario5.com.ar\/es\/wp-json\/wp\/v2\/tags?post=677268"},{"taxonomy":"series","embeddable":true,"href":"https:\/\/www.diario5.com.ar\/es\/wp-json\/wp\/v2\/series?post=677268"}],"curies":[{"name":"wp","href":"https:\/\/api.w.org\/{rel}","templated":true}]}}